{"id":560809,"date":"2023-02-06T12:26:02","date_gmt":"2023-02-06T11:26:02","guid":{"rendered":"https:\/\/theplayoffs.news\/fr\/?p=560809"},"modified":"2023-02-06T12:26:02","modified_gmt":"2023-02-06T11:26:02","slug":"evan-fournier-se-remontre","status":"publish","type":"post","link":"https:\/\/theplayoffs.news\/fr\/actualite-nba\/evan-fournier-se-remontre\/","title":{"rendered":"Evan Fournier remontre le bout de son nez"},"content":{"rendered":"<h2>La nuit derni&egrave;re, Les Knicks de New York affrontaient les 76ers de Philadelphie au Madison Square Garden. Evan Fournier a jou&eacute; pratiquement 24 minutes en sortant du banc pour 17 points.<\/h2><p>Serait-ce le retour d&rsquo;<strong>Evan Fournier<\/strong> dans l&rsquo;effectif des <strong>Knicks<\/strong> ou une mise en avant en vue d&rsquo;un trade ? Peu importe dans les deux cas, &ccedil;a fait plaisir de revoir Evan jouer et montrer ses qualit&eacute;s. Depuis le d&eacute;but de la saison, Evan Fournier n&rsquo;entre pas vraiment dans les plans de <strong>Tom Thibodeau<\/strong> &agrave; <strong>New York<\/strong>, lui qui joue pourtant pour son &eacute;quipe de r&ecirc;ve puisqu&rsquo;il a toujours &eacute;t&eacute; fan des Knicks.<\/p><blockquote class=\"twitter-tweet\" data-width=\"500\" data-dnt=\"true\">\n<p lang=\"en\" dir=\"ltr\">IN HIS BAGUETTE. <a href=\"https:\/\/twitter.com\/EvanFourmizz?ref_src=twsrc%5Etfw\" class=\"trk-cta-link\" data-cta-trk='{\"ctaType\":\"Link\",\"ctaSubType\":\"main\"}'>@EvanFourmizz<\/a> finished the night with a season high 17 PTS &#128202; <a href=\"https:\/\/t.co\/OoGLQO2iNC\" class=\"trk-cta-link\" data-cta-trk='{\"ctaType\":\"Link\",\"ctaSubType\":\"main\"}'>pic.twitter.com\/OoGLQO2iNC<\/a><\/p>\n<p>&mdash; NEW YORK KNICKS (@nyknicks) <a href=\"https:\/\/twitter.com\/nyknicks\/status\/1622433650271715330?ref_src=twsrc%5Etfw\" class=\"trk-cta-link\" data-cta-trk='{\"ctaType\":\"Link\",\"ctaSubType\":\"main\"}'>February 6, 2023<\/a><\/p><\/blockquote><p><script async src=\"https:\/\/platform.twitter.com\/widgets.js\" charset=\"utf-8\"><\/script><\/p><p>Hier soir lors de la r&eacute;ception des <strong>76ers<\/strong>, les Knicks se sont impos&eacute;s <strong><a href=\"https:\/\/www.espn.co.uk\/nba\/boxscore\/_\/gameId\/401468959\" class=\"trk-cta-link\" data-cta-trk='{\"ctaType\":\"Link\",\"ctaSubType\":\"main\"}'>108 &ndash; 97<\/a><\/strong> gr&acirc;ce en partie aux 17 points en 24 minutes d&rsquo;Evan Fournier en sortant du banc, son record cette saison. Le fran&ccedil;ais a avou&eacute; avoir appris qu&rsquo;il allait jouer pendant l&rsquo;hymne, suite &agrave; l&rsquo;absence d&rsquo;un <strong>RJ Barrett<\/strong> malade. Le duo <strong>Julius Randle &ndash; Jalen Brunson<\/strong> a encore &eacute;t&eacute; d&eacute;cisif, avec respectivement 24 et 21 points.<\/p><blockquote><p><em>&laquo; &Ccedil;a fait 11 ans que je suis en NBA, si vous ne savez pas de quoi je suis capable, je ne sais pas quoi vous dire &raquo;.&nbsp;<\/em><\/p>\n<p><em><a href=\"https:\/\/theplayoffs.news\/fr\/joueur\/evan-fournier-nba-13176\/\" class=\"trk-cta-link\" data-cta-trk='{\"ctaType\":\"Link\",\"ctaSubType\":\"main\"}'><strong>Evan Fournier<\/strong><\/a> apr&egrave;s la rencontre.<\/em><\/p><\/blockquote><p><strong>Evan Fournier<\/strong> que l&rsquo;on entend pas mal dans les rumeurs pour un &eacute;ventuel d&eacute;part afin de renforcer un effectif NBA, tourne cette saison &agrave; plus de 7 points par match en moyenne, 2 rebonds et plus d&rsquo;une passe d&eacute;cisive, &agrave; plus de 35% de moyenne au tir. Le tout en 22 matchs jou&eacute;s et une moyenne de 18.7 minutes.<\/p>\n","protected":false},"excerpt":{"rendered":"","protected":false},"author":180310139,"featured_media":560816,"comment_status":"open","ping_status":"closed","sticky":false,"template":"","format":"standard","meta":{"inline_featured_image":false,"kia_subtitle":"","_mux_skip_reasons":[],"proofreadBy":0,"footnotes":""},"categories":[110,10],"tags":[1473,23,586,2266],"sport":[2783],"saison":[],"class_list":["post-560809","post","type-post","status-publish","format-standard","has-post-thumbnail","hentry","category-actualite-nba","category-nba","tag-evan-fournier","tag-nba-tag","tag-new-york-knicks","tag-philadelphie-76ers","sport-nba"],"acf":[],"yoast_head":"<!-- This site is optimized with the Yoast SEO plugin v24.2 - https:\/\/yoast.com\/wordpress\/plugins\/seo\/ -->\n<title>Evan Fournier remontre le bout de son nez - The Playoffs FR<\/title>\n<meta name=\"robots\" content=\"index, follow, max-snippet:-1, max-image-preview:large, max-video-preview:-1\" \/>\n<link rel=\"canonical\" href=\"https:\/\/theplayoffs.news\/fr\/actualite-nba\/evan-fournier-se-remontre\/\" \/>\n<meta property=\"og:locale\" content=\"fr_FR\" \/>\n<meta property=\"og:type\" content=\"article\" \/>\n<meta property=\"og:title\" content=\"Evan Fournier remontre le bout de son nez - The Playoffs FR\" \/>\n<meta property=\"og:url\" content=\"https:\/\/theplayoffs.news\/fr\/actualite-nba\/evan-fournier-se-remontre\/\" \/>\n<meta property=\"og:site_name\" content=\"The Playoffs FR\" \/>\n<meta property=\"article:publisher\" content=\"https:\/\/www.facebook.com\/TheFreeAgentFR\/\" \/>\n<meta property=\"article:modified_time\" content=\"2023-02-06T12:26:02+01:00\" \/>\n<meta property=\"og:image\" content=\"https:\/\/theplayoffs.news\/fr\/wp-content\/uploads\/2023\/02\/9D2B15CE-1D18-489A-AF42-288EAFCCCDC6.jpeg\" \/>\n\t<meta property=\"og:image:width\" content=\"1534\" \/>\n\t<meta property=\"og:image:height\" content=\"1920\" \/>\n\t<meta property=\"og:image:type\" content=\"image\/jpeg\" \/>\n<meta name=\"author\" content=\"Alban Conejero\" \/>\n<meta name=\"twitter:card\" content=\"summary_large_image\" \/>\n<meta name=\"twitter:creator\" content=\"@TheFreeAgentFR\" \/>\n<meta name=\"twitter:site\" content=\"@TheFreeAgentFR\" \/>\n<meta name=\"twitter:label1\" content=\"\u00c9crit par\" \/>\n\t<meta name=\"twitter:data1\" content=\"Alban Conejero\" \/>\n\t<meta name=\"twitter:label2\" content=\"Dur\u00e9e de lecture estim\u00e9e\" \/>\n\t<meta name=\"twitter:data2\" content=\"1 minute\" \/>\n<script type=\"application\/ld+json\" class=\"yoast-schema-graph\">{\"@context\":\"https:\/\/schema.org\",\"@graph\":[{\"@type\":\"WebPage\",\"@id\":\"https:\/\/theplayoffs.news\/fr\/actualite-nba\/evan-fournier-se-remontre\/\",\"url\":\"https:\/\/theplayoffs.news\/fr\/actualite-nba\/evan-fournier-se-remontre\/\",\"name\":\"Evan Fournier remontre le bout de son nez - The Playoffs FR\",\"isPartOf\":{\"@id\":\"https:\/\/theplayoffs.news\/fr\/#website\"},\"primaryImageOfPage\":{\"@id\":\"https:\/\/theplayoffs.news\/fr\/actualite-nba\/evan-fournier-se-remontre\/#primaryimage\"},\"image\":{\"@id\":\"https:\/\/theplayoffs.news\/fr\/actualite-nba\/evan-fournier-se-remontre\/#primaryimage\"},\"thumbnailUrl\":\"https:\/\/theplayoffs.news\/fr\/wp-content\/uploads\/2023\/02\/9D2B15CE-1D18-489A-AF42-288EAFCCCDC6.jpeg\",\"datePublished\":\"2023-02-06T11:26:02+00:00\",\"dateModified\":\"2023-02-06T11:26:02+00:00\",\"author\":{\"@id\":\"https:\/\/theplayoffs.news\/fr\/#\/schema\/person\/3dd6319a9057ecd181d2351cdb03ccd2\"},\"breadcrumb\":{\"@id\":\"https:\/\/theplayoffs.news\/fr\/actualite-nba\/evan-fournier-se-remontre\/#breadcrumb\"},\"inLanguage\":\"fr-FR\",\"potentialAction\":[{\"@type\":\"ReadAction\",\"target\":[\"https:\/\/theplayoffs.news\/fr\/actualite-nba\/evan-fournier-se-remontre\/\"]}]},{\"@type\":\"ImageObject\",\"inLanguage\":\"fr-FR\",\"@id\":\"https:\/\/theplayoffs.news\/fr\/actualite-nba\/evan-fournier-se-remontre\/#primaryimage\",\"url\":\"https:\/\/theplayoffs.news\/fr\/wp-content\/uploads\/2023\/02\/9D2B15CE-1D18-489A-AF42-288EAFCCCDC6.jpeg\",\"contentUrl\":\"https:\/\/theplayoffs.news\/fr\/wp-content\/uploads\/2023\/02\/9D2B15CE-1D18-489A-AF42-288EAFCCCDC6.jpeg\",\"width\":1534,\"height\":1920,\"caption\":\"Fournier\"},{\"@type\":\"BreadcrumbList\",\"@id\":\"https:\/\/theplayoffs.news\/fr\/actualite-nba\/evan-fournier-se-remontre\/#breadcrumb\",\"itemListElement\":[{\"@type\":\"ListItem\",\"position\":1,\"name\":\"Accueil\",\"item\":\"https:\/\/theplayoffs.news\/fr\/\"},{\"@type\":\"ListItem\",\"position\":2,\"name\":\"Evan Fournier remontre le bout de son nez\"}]},{\"@type\":\"WebSite\",\"@id\":\"https:\/\/theplayoffs.news\/fr\/#website\",\"url\":\"https:\/\/theplayoffs.news\/fr\/\",\"name\":\"The Playoffs FR\",\"description\":\"NBA-NFL-NHL-MLB\",\"potentialAction\":[{\"@type\":\"SearchAction\",\"target\":{\"@type\":\"EntryPoint\",\"urlTemplate\":\"https:\/\/theplayoffs.news\/fr\/?s={search_term_string}\"},\"query-input\":{\"@type\":\"PropertyValueSpecification\",\"valueRequired\":true,\"valueName\":\"search_term_string\"}}],\"inLanguage\":\"fr-FR\"},{\"@type\":\"Person\",\"@id\":\"https:\/\/theplayoffs.news\/fr\/#\/schema\/person\/3dd6319a9057ecd181d2351cdb03ccd2\",\"name\":\"Alban Conejero\",\"image\":{\"@type\":\"ImageObject\",\"inLanguage\":\"fr-FR\",\"@id\":\"https:\/\/theplayoffs.news\/fr\/#\/schema\/person\/image\/\",\"url\":\"https:\/\/secure.gravatar.com\/avatar\/ef2d5e8508f59dc7b4e42edb92917fc230c9f46d5eb7ec09de6d5b8e112de01f?s=96&d=mm&r=g\",\"contentUrl\":\"https:\/\/secure.gravatar.com\/avatar\/ef2d5e8508f59dc7b4e42edb92917fc230c9f46d5eb7ec09de6d5b8e112de01f?s=96&d=mm&r=g\",\"caption\":\"Alban Conejero\"},\"url\":\"https:\/\/theplayoffs.news\/fr\/author\/albanconejero26gmail-com\/\"}]}<\/script>\n<!-- \/ Yoast SEO plugin. -->","yoast_head_json":{"title":"Evan Fournier remontre le bout de son nez - The Playoffs FR","robots":{"index":"index","follow":"follow","max-snippet":"max-snippet:-1","max-image-preview":"max-image-preview:large","max-video-preview":"max-video-preview:-1"},"canonical":"https:\/\/theplayoffs.news\/fr\/actualite-nba\/evan-fournier-se-remontre\/","og_locale":"fr_FR","og_type":"article","og_title":"Evan Fournier remontre le bout de son nez - The Playoffs FR","og_url":"https:\/\/theplayoffs.news\/fr\/actualite-nba\/evan-fournier-se-remontre\/","og_site_name":"The Playoffs FR","article_publisher":"https:\/\/www.facebook.com\/TheFreeAgentFR\/","og_image":[{"width":1534,"height":1920,"url":"https:\/\/theplayoffs.news\/fr\/wp-content\/uploads\/2023\/02\/9D2B15CE-1D18-489A-AF42-288EAFCCCDC6.jpeg","type":"image\/jpeg"}],"author":"Alban Conejero","twitter_card":"summary_large_image","twitter_creator":"@TheFreeAgentFR","twitter_site":"@TheFreeAgentFR","twitter_misc":{"\u00c9crit par":"Alban Conejero","Dur\u00e9e de lecture estim\u00e9e":"1 minute"},"schema":{"@context":"https:\/\/schema.org","@graph":[{"@type":"WebPage","@id":"https:\/\/theplayoffs.news\/fr\/actualite-nba\/evan-fournier-se-remontre\/","url":"https:\/\/theplayoffs.news\/fr\/actualite-nba\/evan-fournier-se-remontre\/","name":"Evan Fournier remontre le bout de son nez - The Playoffs FR","isPartOf":{"@id":"https:\/\/theplayoffs.news\/fr\/#website"},"primaryImageOfPage":{"@id":"https:\/\/theplayoffs.news\/fr\/actualite-nba\/evan-fournier-se-remontre\/#primaryimage"},"image":{"@id":"https:\/\/theplayoffs.news\/fr\/actualite-nba\/evan-fournier-se-remontre\/#primaryimage"},"thumbnailUrl":"https:\/\/theplayoffs.news\/fr\/wp-content\/uploads\/2023\/02\/9D2B15CE-1D18-489A-AF42-288EAFCCCDC6.jpeg","datePublished":"2023-02-06T11:26:02+00:00","dateModified":"2023-02-06T11:26:02+00:00","author":{"@id":"https:\/\/theplayoffs.news\/fr\/#\/schema\/person\/3dd6319a9057ecd181d2351cdb03ccd2"},"breadcrumb":{"@id":"https:\/\/theplayoffs.news\/fr\/actualite-nba\/evan-fournier-se-remontre\/#breadcrumb"},"inLanguage":"fr-FR","potentialAction":[{"@type":"ReadAction","target":["https:\/\/theplayoffs.news\/fr\/actualite-nba\/evan-fournier-se-remontre\/"]}]},{"@type":"ImageObject","inLanguage":"fr-FR","@id":"https:\/\/theplayoffs.news\/fr\/actualite-nba\/evan-fournier-se-remontre\/#primaryimage","url":"https:\/\/theplayoffs.news\/fr\/wp-content\/uploads\/2023\/02\/9D2B15CE-1D18-489A-AF42-288EAFCCCDC6.jpeg","contentUrl":"https:\/\/theplayoffs.news\/fr\/wp-content\/uploads\/2023\/02\/9D2B15CE-1D18-489A-AF42-288EAFCCCDC6.jpeg","width":1534,"height":1920,"caption":"Fournier"},{"@type":"BreadcrumbList","@id":"https:\/\/theplayoffs.news\/fr\/actualite-nba\/evan-fournier-se-remontre\/#breadcrumb","itemListElement":[{"@type":"ListItem","position":1,"name":"Accueil","item":"https:\/\/theplayoffs.news\/fr\/"},{"@type":"ListItem","position":2,"name":"Evan Fournier remontre le bout de son nez"}]},{"@type":"WebSite","@id":"https:\/\/theplayoffs.news\/fr\/#website","url":"https:\/\/theplayoffs.news\/fr\/","name":"The Playoffs FR","description":"NBA-NFL-NHL-MLB","potentialAction":[{"@type":"SearchAction","target":{"@type":"EntryPoint","urlTemplate":"https:\/\/theplayoffs.news\/fr\/?s={search_term_string}"},"query-input":{"@type":"PropertyValueSpecification","valueRequired":true,"valueName":"search_term_string"}}],"inLanguage":"fr-FR"},{"@type":"Person","@id":"https:\/\/theplayoffs.news\/fr\/#\/schema\/person\/3dd6319a9057ecd181d2351cdb03ccd2","name":"Alban Conejero","image":{"@type":"ImageObject","inLanguage":"fr-FR","@id":"https:\/\/theplayoffs.news\/fr\/#\/schema\/person\/image\/","url":"https:\/\/secure.gravatar.com\/avatar\/ef2d5e8508f59dc7b4e42edb92917fc230c9f46d5eb7ec09de6d5b8e112de01f?s=96&d=mm&r=g","contentUrl":"https:\/\/secure.gravatar.com\/avatar\/ef2d5e8508f59dc7b4e42edb92917fc230c9f46d5eb7ec09de6d5b8e112de01f?s=96&d=mm&r=g","caption":"Alban Conejero"},"url":"https:\/\/theplayoffs.news\/fr\/author\/albanconejero26gmail-com\/"}]}},"_links":{"self":[{"href":"https:\/\/theplayoffs.news\/fr\/wp-json\/wp\/v2\/posts\/560809","targetHints":{"allow":["GET"]}}],"collection":[{"href":"https:\/\/theplayoffs.news\/fr\/wp-json\/wp\/v2\/posts"}],"about":[{"href":"https:\/\/theplayoffs.news\/fr\/wp-json\/wp\/v2\/types\/post"}],"author":[{"embeddable":true,"href":"https:\/\/theplayoffs.news\/fr\/wp-json\/wp\/v2\/users\/180310139"}],"replies":[{"embeddable":true,"href":"https:\/\/theplayoffs.news\/fr\/wp-json\/wp\/v2\/comments?post=560809"}],"version-history":[{"count":3,"href":"https:\/\/theplayoffs.news\/fr\/wp-json\/wp\/v2\/posts\/560809\/revisions"}],"predecessor-version":[{"id":560820,"href":"https:\/\/theplayoffs.news\/fr\/wp-json\/wp\/v2\/posts\/560809\/revisions\/560820"}],"wp:featuredmedia":[{"embeddable":true,"href":"https:\/\/theplayoffs.news\/fr\/wp-json\/wp\/v2\/media\/560816"}],"wp:attachment":[{"href":"https:\/\/theplayoffs.news\/fr\/wp-json\/wp\/v2\/media?parent=560809"}],"wp:term":[{"taxonomy":"category","embeddable":true,"href":"https:\/\/theplayoffs.news\/fr\/wp-json\/wp\/v2\/categories?post=560809"},{"taxonomy":"post_tag","embeddable":true,"href":"https:\/\/theplayoffs.news\/fr\/wp-json\/wp\/v2\/tags?post=560809"},{"taxonomy":"sport","embeddable":true,"href":"https:\/\/theplayoffs.news\/fr\/wp-json\/wp\/v2\/sport?post=560809"},{"taxonomy":"saison","embeddable":true,"href":"https:\/\/theplayoffs.news\/fr\/wp-json\/wp\/v2\/saison?post=560809"}],"curies":[{"name":"wp","href":"https:\/\/api.w.org\/{rel}","templated":true}]}}