{"id":560797,"date":"2023-02-06T10:39:58","date_gmt":"2023-02-06T09:39:58","guid":{"rendered":"https:\/\/theplayoffs.news\/fr\/?p=560797"},"modified":"2023-02-06T10:39:59","modified_gmt":"2023-02-06T09:39:59","slug":"les-wolves-ecrasent-la-reserve-de-denver","status":"publish","type":"post","link":"https:\/\/theplayoffs.news\/fr\/actualite-nba\/les-wolves-ecrasent-la-reserve-de-denver\/","title":{"rendered":"Les Wolves \u00e9crasent la r\u00e9serve de Denver"},"content":{"rendered":"<h2><b>&Agrave; Minneapolis, les Wolves de Minnesota ont remport&eacute; une victoire facile (128-98) sur les Nuggets, leaders de la Conf&eacute;rence Ouest et qui &eacute;taient priv&eacute;s de plusieurs titulaires, laiss&eacute;s au repos.<\/b><\/h2><p>&nbsp;<\/p><p>Les Wolves n&rsquo;ont laiss&eacute; aucune miette aux Nuggets cette nuit dans cette large victoire 128-98 o&ugrave; les hommes de Chris Finch n&rsquo;ont pas &eacute;t&eacute; men&eacute;s la moindre seconde. Les 14 points de <a href=\"https:\/\/theplayoffs.news\/fr\/joueur\/dangelo-russell-nba-6273552\/\" class=\"trk-cta-link\" data-cta-trk='{\"ctaType\":\"Link\",\"ctaSubType\":\"main\"}'>D&rsquo;Angelo Russell<\/a> (sur 18) dans le premier quart-temps ont confirm&eacute; la tr&egrave;s bonne entame de match des loups, qui faisaient face &agrave; une &eacute;quipe de Denver d&eacute;peupl&eacute;e de ses titulaires, mis au repos dans le deuxi&egrave;me soir d&rsquo;un back-to-back. En effet, <a href=\"https:\/\/theplayoffs.news\/fr\/joueur\/nikola-jokic-nba-6224670\/\" class=\"trk-cta-link\" data-cta-trk='{\"ctaType\":\"Link\",\"ctaSubType\":\"main\"}'>Nikola Jokic<\/a>, <a href=\"https:\/\/theplayoffs.news\/fr\/joueur\/jamal-murray-nba-7872598\/\" class=\"trk-cta-link\" data-cta-trk='{\"ctaType\":\"Link\",\"ctaSubType\":\"main\"}'>Jamal Murray<\/a>, <a href=\"https:\/\/theplayoffs.news\/fr\/joueur\/aaron-gordon-nba-6128580\/\" class=\"trk-cta-link\" data-cta-trk='{\"ctaType\":\"Link\",\"ctaSubType\":\"main\"}'>Aaron Gordon<\/a> et <a href=\"https:\/\/theplayoffs.news\/fr\/joueur\/kentavious-caldwell-pope-nba-5162036\/\" class=\"trk-cta-link\" data-cta-trk='{\"ctaType\":\"Link\",\"ctaSubType\":\"main\"}'>Kentavious Caldwell-Pope<\/a> manquaient &agrave; l&rsquo;appel.<\/p><p>En l&rsquo;absence de tous ces cadres, <a href=\"https:\/\/theplayoffs.news\/fr\/joueur\/michael-porter-jr-nba-8556208\/\" class=\"trk-cta-link\" data-cta-trk='{\"ctaType\":\"Link\",\"ctaSubType\":\"main\"}'>Michael Porter Jr<\/a> a tent&eacute; de porter les Nuggets avec ses 22 points, soutenu par les 19 pts de <a href=\"https:\/\/theplayoffs.news\/fr\/joueur\/christian-braun-nba-8863534\/\" class=\"trk-cta-link\" data-cta-trk='{\"ctaType\":\"Link\",\"ctaSubType\":\"main\"}'>Christian Braun<\/a>. Mais cela n&rsquo;a clairement pas suffi pour esp&eacute;rer quoique ce soit face aux Wolves port&eacute;s par les 20 points d&rsquo;<a href=\"https:\/\/theplayoffs.news\/fr\/joueur\/anthony-edwards-nba-9188536\/\" class=\"trk-cta-link\" data-cta-trk='{\"ctaType\":\"Link\",\"ctaSubType\":\"main\"}'>Anthony Edwards<\/a> ou les 16 points de <a href=\"https:\/\/theplayoffs.news\/fr\/joueur\/rudy-gobert-nba-6065952\/\" class=\"trk-cta-link\" data-cta-trk='{\"ctaType\":\"Link\",\"ctaSubType\":\"main\"}'>Rudy Gobert<\/a> en 18 minutes, qui a profit&eacute; de l&rsquo;absence du Joker c&ocirc;t&eacute; Nuggets <a href=\"https:\/\/twitter.com\/Timberwolves\/status\/1622419540205535232?ref_src=twsrc%5Etfw%7Ctwcamp%5Etweetembed%7Ctwterm%5E1622419540205535232%7Ctwgr%5Ecbc267a48d33b2a4cf1f425f156192637afdc7c2%7Ctwcon%5Es1_c10&amp;ref_url=https%3A%2F%2Fthefreeagent.fr%2Fwp-admin%2Fpost-new.php\" class=\"trk-cta-link\" data-cta-trk='{\"ctaType\":\"Link\",\"ctaSubType\":\"main\"}'>pour s&rsquo;imposer dans la raquette<\/a>.<\/p><blockquote class=\"twitter-tweet\" data-width=\"500\" data-dnt=\"true\">\n<p lang=\"en\" dir=\"ltr\">.<a href=\"https:\/\/twitter.com\/rudygobert27?ref_src=twsrc%5Etfw\" class=\"trk-cta-link\" data-cta-trk='{\"ctaType\":\"Link\",\"ctaSubType\":\"main\"}'>@rudygobert27<\/a> is dunking EVERYTHING rn. &#128548; <a href=\"https:\/\/t.co\/NYpeO8cIkc\" class=\"trk-cta-link\" data-cta-trk='{\"ctaType\":\"Link\",\"ctaSubType\":\"main\"}'>pic.twitter.com\/NYpeO8cIkc<\/a><\/p>\n<p>&mdash; Minnesota Timberwolves (@Timberwolves) <a href=\"https:\/\/twitter.com\/Timberwolves\/status\/1622419540205535232?ref_src=twsrc%5Etfw\" class=\"trk-cta-link\" data-cta-trk='{\"ctaType\":\"Link\",\"ctaSubType\":\"main\"}'>February 6, 2023<\/a><\/p><\/blockquote><p><script async src=\"https:\/\/platform.twitter.com\/widgets.js\" charset=\"utf-8\"><\/script><\/p><p>Avec cette solide et belle victoire, les Wolves sont septi&egrave;me &agrave; l&rsquo;Ouest avec un bilan de 29 victoires et 27 d&eacute;faites. Les Nuggets restent malgr&eacute; tout largement leader de la m&ecirc;me conf&eacute;rence pour un bilan de 37 victoires pour 17 d&eacute;faites. Les deux franchises se feront face une nouvelle fois dans la nuit de mardi &agrave; mercredi, cette fois sur le parquet de la Ball Arena de Denver.<\/p>\n","protected":false},"excerpt":{"rendered":"","protected":false},"author":180310144,"featured_media":560800,"comment_status":"open","ping_status":"closed","sticky":false,"template":"","format":"standard","meta":{"inline_featured_image":false,"kia_subtitle":"","_mux_skip_reasons":[],"proofreadBy":0,"footnotes":""},"categories":[110,10],"tags":[23,413,3389],"sport":[],"saison":[],"class_list":["post-560797","post","type-post","status-publish","format-standard","has-post-thumbnail","hentry","category-actualite-nba","category-nba","tag-nba-tag","tag-nuggets","tag-timberwolves"],"acf":[],"yoast_head":"<!-- This site is optimized with the Yoast SEO plugin v24.2 - https:\/\/yoast.com\/wordpress\/plugins\/seo\/ -->\n<title>Les Wolves &eacute;crasent la r&eacute;serve de Denver - The Playoffs FR<\/title>\n<meta name=\"robots\" content=\"index, follow, max-snippet:-1, max-image-preview:large, max-video-preview:-1\" \/>\n<link rel=\"canonical\" href=\"https:\/\/theplayoffs.news\/fr\/actualite-nba\/les-wolves-ecrasent-la-reserve-de-denver\/\" \/>\n<meta property=\"og:locale\" content=\"fr_FR\" \/>\n<meta property=\"og:type\" content=\"article\" \/>\n<meta property=\"og:title\" content=\"Les Wolves &eacute;crasent la r&eacute;serve de Denver - The Playoffs FR\" \/>\n<meta property=\"og:url\" content=\"https:\/\/theplayoffs.news\/fr\/actualite-nba\/les-wolves-ecrasent-la-reserve-de-denver\/\" \/>\n<meta property=\"og:site_name\" content=\"The Playoffs FR\" \/>\n<meta property=\"article:publisher\" content=\"https:\/\/www.facebook.com\/TheFreeAgentFR\/\" \/>\n<meta property=\"article:modified_time\" content=\"2023-02-06T10:39:59+01:00\" \/>\n<meta property=\"og:image\" content=\"https:\/\/theplayoffs.news\/fr\/wp-content\/uploads\/2023\/02\/timberwolves-nuggets.jpg\" \/>\n\t<meta property=\"og:image:width\" content=\"680\" \/>\n\t<meta property=\"og:image:height\" content=\"456\" \/>\n\t<meta property=\"og:image:type\" content=\"image\/jpeg\" \/>\n<meta name=\"author\" content=\"Evan Glomot\" \/>\n<meta name=\"twitter:card\" content=\"summary_large_image\" \/>\n<meta name=\"twitter:creator\" content=\"@TheFreeAgentFR\" \/>\n<meta name=\"twitter:site\" content=\"@TheFreeAgentFR\" \/>\n<meta name=\"twitter:label1\" content=\"\u00c9crit par\" \/>\n\t<meta name=\"twitter:data1\" content=\"Evan Glomot\" \/>\n\t<meta name=\"twitter:label2\" content=\"Dur\u00e9e de lecture estim\u00e9e\" \/>\n\t<meta name=\"twitter:data2\" content=\"1 minute\" \/>\n<script type=\"application\/ld+json\" class=\"yoast-schema-graph\">{\"@context\":\"https:\/\/schema.org\",\"@graph\":[{\"@type\":\"WebPage\",\"@id\":\"https:\/\/theplayoffs.news\/fr\/actualite-nba\/les-wolves-ecrasent-la-reserve-de-denver\/\",\"url\":\"https:\/\/theplayoffs.news\/fr\/actualite-nba\/les-wolves-ecrasent-la-reserve-de-denver\/\",\"name\":\"Les Wolves \u00e9crasent la r\u00e9serve de Denver - The Playoffs FR\",\"isPartOf\":{\"@id\":\"https:\/\/theplayoffs.news\/fr\/#website\"},\"primaryImageOfPage\":{\"@id\":\"https:\/\/theplayoffs.news\/fr\/actualite-nba\/les-wolves-ecrasent-la-reserve-de-denver\/#primaryimage\"},\"image\":{\"@id\":\"https:\/\/theplayoffs.news\/fr\/actualite-nba\/les-wolves-ecrasent-la-reserve-de-denver\/#primaryimage\"},\"thumbnailUrl\":\"https:\/\/theplayoffs.news\/fr\/wp-content\/uploads\/2023\/02\/timberwolves-nuggets.jpg\",\"datePublished\":\"2023-02-06T09:39:58+00:00\",\"dateModified\":\"2023-02-06T09:39:59+00:00\",\"author\":{\"@id\":\"https:\/\/theplayoffs.news\/fr\/#\/schema\/person\/efcb1404f7c790a161fdc0aa29e81646\"},\"breadcrumb\":{\"@id\":\"https:\/\/theplayoffs.news\/fr\/actualite-nba\/les-wolves-ecrasent-la-reserve-de-denver\/#breadcrumb\"},\"inLanguage\":\"fr-FR\",\"potentialAction\":[{\"@type\":\"ReadAction\",\"target\":[\"https:\/\/theplayoffs.news\/fr\/actualite-nba\/les-wolves-ecrasent-la-reserve-de-denver\/\"]}]},{\"@type\":\"ImageObject\",\"inLanguage\":\"fr-FR\",\"@id\":\"https:\/\/theplayoffs.news\/fr\/actualite-nba\/les-wolves-ecrasent-la-reserve-de-denver\/#primaryimage\",\"url\":\"https:\/\/theplayoffs.news\/fr\/wp-content\/uploads\/2023\/02\/timberwolves-nuggets.jpg\",\"contentUrl\":\"https:\/\/theplayoffs.news\/fr\/wp-content\/uploads\/2023\/02\/timberwolves-nuggets.jpg\",\"width\":680,\"height\":456,\"caption\":\"wolves\"},{\"@type\":\"BreadcrumbList\",\"@id\":\"https:\/\/theplayoffs.news\/fr\/actualite-nba\/les-wolves-ecrasent-la-reserve-de-denver\/#breadcrumb\",\"itemListElement\":[{\"@type\":\"ListItem\",\"position\":1,\"name\":\"Accueil\",\"item\":\"https:\/\/theplayoffs.news\/fr\/\"},{\"@type\":\"ListItem\",\"position\":2,\"name\":\"Les Wolves \u00e9crasent la r\u00e9serve de Denver\"}]},{\"@type\":\"WebSite\",\"@id\":\"https:\/\/theplayoffs.news\/fr\/#website\",\"url\":\"https:\/\/theplayoffs.news\/fr\/\",\"name\":\"The Playoffs FR\",\"description\":\"NBA-NFL-NHL-MLB\",\"potentialAction\":[{\"@type\":\"SearchAction\",\"target\":{\"@type\":\"EntryPoint\",\"urlTemplate\":\"https:\/\/theplayoffs.news\/fr\/?s={search_term_string}\"},\"query-input\":{\"@type\":\"PropertyValueSpecification\",\"valueRequired\":true,\"valueName\":\"search_term_string\"}}],\"inLanguage\":\"fr-FR\"},{\"@type\":\"Person\",\"@id\":\"https:\/\/theplayoffs.news\/fr\/#\/schema\/person\/efcb1404f7c790a161fdc0aa29e81646\",\"name\":\"Evan Glomot\",\"image\":{\"@type\":\"ImageObject\",\"inLanguage\":\"fr-FR\",\"@id\":\"https:\/\/theplayoffs.news\/fr\/#\/schema\/person\/image\/\",\"url\":\"https:\/\/secure.gravatar.com\/avatar\/93e18dce985a4dfed140ef5ef5ecc82be40a165cbb4838e421f46abb52b7c315?s=96&d=mm&r=g\",\"contentUrl\":\"https:\/\/secure.gravatar.com\/avatar\/93e18dce985a4dfed140ef5ef5ecc82be40a165cbb4838e421f46abb52b7c315?s=96&d=mm&r=g\",\"caption\":\"Evan Glomot\"},\"url\":\"https:\/\/theplayoffs.news\/fr\/author\/evanglomotgmail-com\/\"}]}<\/script>\n<!-- \/ Yoast SEO plugin. -->","yoast_head_json":{"title":"Les Wolves &eacute;crasent la r&eacute;serve de Denver - The Playoffs FR","robots":{"index":"index","follow":"follow","max-snippet":"max-snippet:-1","max-image-preview":"max-image-preview:large","max-video-preview":"max-video-preview:-1"},"canonical":"https:\/\/theplayoffs.news\/fr\/actualite-nba\/les-wolves-ecrasent-la-reserve-de-denver\/","og_locale":"fr_FR","og_type":"article","og_title":"Les Wolves &eacute;crasent la r&eacute;serve de Denver - The Playoffs FR","og_url":"https:\/\/theplayoffs.news\/fr\/actualite-nba\/les-wolves-ecrasent-la-reserve-de-denver\/","og_site_name":"The Playoffs FR","article_publisher":"https:\/\/www.facebook.com\/TheFreeAgentFR\/","article_modified_time":"2023-02-06T09:39:59+00:00","og_image":[{"width":680,"height":456,"url":"https:\/\/theplayoffs.news\/fr\/wp-content\/uploads\/2023\/02\/timberwolves-nuggets.jpg","type":"image\/jpeg"}],"author":"Evan Glomot","twitter_card":"summary_large_image","twitter_creator":"@TheFreeAgentFR","twitter_site":"@TheFreeAgentFR","twitter_misc":{"\u00c9crit par":"Evan Glomot","Dur\u00e9e de lecture estim\u00e9e":"1 minute"},"schema":{"@context":"https:\/\/schema.org","@graph":[{"@type":"WebPage","@id":"https:\/\/theplayoffs.news\/fr\/actualite-nba\/les-wolves-ecrasent-la-reserve-de-denver\/","url":"https:\/\/theplayoffs.news\/fr\/actualite-nba\/les-wolves-ecrasent-la-reserve-de-denver\/","name":"Les Wolves \u00e9crasent la r\u00e9serve de Denver - The Playoffs FR","isPartOf":{"@id":"https:\/\/theplayoffs.news\/fr\/#website"},"primaryImageOfPage":{"@id":"https:\/\/theplayoffs.news\/fr\/actualite-nba\/les-wolves-ecrasent-la-reserve-de-denver\/#primaryimage"},"image":{"@id":"https:\/\/theplayoffs.news\/fr\/actualite-nba\/les-wolves-ecrasent-la-reserve-de-denver\/#primaryimage"},"thumbnailUrl":"https:\/\/theplayoffs.news\/fr\/wp-content\/uploads\/2023\/02\/timberwolves-nuggets.jpg","datePublished":"2023-02-06T09:39:58+00:00","dateModified":"2023-02-06T09:39:59+00:00","author":{"@id":"https:\/\/theplayoffs.news\/fr\/#\/schema\/person\/efcb1404f7c790a161fdc0aa29e81646"},"breadcrumb":{"@id":"https:\/\/theplayoffs.news\/fr\/actualite-nba\/les-wolves-ecrasent-la-reserve-de-denver\/#breadcrumb"},"inLanguage":"fr-FR","potentialAction":[{"@type":"ReadAction","target":["https:\/\/theplayoffs.news\/fr\/actualite-nba\/les-wolves-ecrasent-la-reserve-de-denver\/"]}]},{"@type":"ImageObject","inLanguage":"fr-FR","@id":"https:\/\/theplayoffs.news\/fr\/actualite-nba\/les-wolves-ecrasent-la-reserve-de-denver\/#primaryimage","url":"https:\/\/theplayoffs.news\/fr\/wp-content\/uploads\/2023\/02\/timberwolves-nuggets.jpg","contentUrl":"https:\/\/theplayoffs.news\/fr\/wp-content\/uploads\/2023\/02\/timberwolves-nuggets.jpg","width":680,"height":456,"caption":"wolves"},{"@type":"BreadcrumbList","@id":"https:\/\/theplayoffs.news\/fr\/actualite-nba\/les-wolves-ecrasent-la-reserve-de-denver\/#breadcrumb","itemListElement":[{"@type":"ListItem","position":1,"name":"Accueil","item":"https:\/\/theplayoffs.news\/fr\/"},{"@type":"ListItem","position":2,"name":"Les Wolves \u00e9crasent la r\u00e9serve de Denver"}]},{"@type":"WebSite","@id":"https:\/\/theplayoffs.news\/fr\/#website","url":"https:\/\/theplayoffs.news\/fr\/","name":"The Playoffs FR","description":"NBA-NFL-NHL-MLB","potentialAction":[{"@type":"SearchAction","target":{"@type":"EntryPoint","urlTemplate":"https:\/\/theplayoffs.news\/fr\/?s={search_term_string}"},"query-input":{"@type":"PropertyValueSpecification","valueRequired":true,"valueName":"search_term_string"}}],"inLanguage":"fr-FR"},{"@type":"Person","@id":"https:\/\/theplayoffs.news\/fr\/#\/schema\/person\/efcb1404f7c790a161fdc0aa29e81646","name":"Evan Glomot","image":{"@type":"ImageObject","inLanguage":"fr-FR","@id":"https:\/\/theplayoffs.news\/fr\/#\/schema\/person\/image\/","url":"https:\/\/secure.gravatar.com\/avatar\/93e18dce985a4dfed140ef5ef5ecc82be40a165cbb4838e421f46abb52b7c315?s=96&d=mm&r=g","contentUrl":"https:\/\/secure.gravatar.com\/avatar\/93e18dce985a4dfed140ef5ef5ecc82be40a165cbb4838e421f46abb52b7c315?s=96&d=mm&r=g","caption":"Evan Glomot"},"url":"https:\/\/theplayoffs.news\/fr\/author\/evanglomotgmail-com\/"}]}},"_links":{"self":[{"href":"https:\/\/theplayoffs.news\/fr\/wp-json\/wp\/v2\/posts\/560797","targetHints":{"allow":["GET"]}}],"collection":[{"href":"https:\/\/theplayoffs.news\/fr\/wp-json\/wp\/v2\/posts"}],"about":[{"href":"https:\/\/theplayoffs.news\/fr\/wp-json\/wp\/v2\/types\/post"}],"author":[{"embeddable":true,"href":"https:\/\/theplayoffs.news\/fr\/wp-json\/wp\/v2\/users\/180310144"}],"replies":[{"embeddable":true,"href":"https:\/\/theplayoffs.news\/fr\/wp-json\/wp\/v2\/comments?post=560797"}],"version-history":[{"count":2,"href":"https:\/\/theplayoffs.news\/fr\/wp-json\/wp\/v2\/posts\/560797\/revisions"}],"predecessor-version":[{"id":560803,"href":"https:\/\/theplayoffs.news\/fr\/wp-json\/wp\/v2\/posts\/560797\/revisions\/560803"}],"wp:featuredmedia":[{"embeddable":true,"href":"https:\/\/theplayoffs.news\/fr\/wp-json\/wp\/v2\/media\/560800"}],"wp:attachment":[{"href":"https:\/\/theplayoffs.news\/fr\/wp-json\/wp\/v2\/media?parent=560797"}],"wp:term":[{"taxonomy":"category","embeddable":true,"href":"https:\/\/theplayoffs.news\/fr\/wp-json\/wp\/v2\/categories?post=560797"},{"taxonomy":"post_tag","embeddable":true,"href":"https:\/\/theplayoffs.news\/fr\/wp-json\/wp\/v2\/tags?post=560797"},{"taxonomy":"sport","embeddable":true,"href":"https:\/\/theplayoffs.news\/fr\/wp-json\/wp\/v2\/sport?post=560797"},{"taxonomy":"saison","embeddable":true,"href":"https:\/\/theplayoffs.news\/fr\/wp-json\/wp\/v2\/saison?post=560797"}],"curies":[{"name":"wp","href":"https:\/\/api.w.org\/{rel}","templated":true}]}}