{"id":560786,"date":"2023-02-06T10:04:46","date_gmt":"2023-02-06T09:04:46","guid":{"rendered":"https:\/\/theplayoffs.news\/fr\/?p=560786"},"modified":"2023-02-06T10:04:47","modified_gmt":"2023-02-06T09:04:47","slug":"avenir-des-raptors-fixe-prochains-jours","status":"publish","type":"post","link":"https:\/\/theplayoffs.news\/fr\/actualite-nba\/avenir-des-raptors-fixe-prochains-jours\/","title":{"rendered":"L\u2019avenir des Raptors fix\u00e9 dans les prochains jours ?"},"content":{"rendered":"<h2><strong>Apr&egrave;s un d&eacute;but de saison bien en dessous des attentes, les Toronto Raptors semblent remettre en question leurs objectifs initiaux.<\/strong><\/h2><p>12<sup>&egrave;mes<\/sup> de la conf&eacute;rence Est, le message entre Nick Nurse et les joueurs ne semble plus passer, au point que sa place serait menac&eacute;e.<\/p><p>Le mix entre anciens champions NBA et jeunes talents ne semble pas fonctionner au Canada et des questions strat&eacute;giques se posent quelques jours avant la trade deadline, notamment la possibilit&eacute; d&rsquo;une reconstruction.<\/p><p>Toronto a re&ccedil;u de nombreuses offres concernant <a href=\"https:\/\/theplayoffs.news\/fr\/joueur\/pascal-siakam-nba-6299346\/\" class=\"trk-cta-link\" data-cta-trk='{\"ctaType\":\"Link\",\"ctaSubType\":\"main\"}'><strong>Pascal Siakam<\/strong><\/a> et O.G. Anunoby ces derniers jours. Si peu d&rsquo;informations circulent concernant Spicy P, O.G a mis de l&rsquo;huile sur le feu en interview laissant entendre qu&rsquo;il ne s&rsquo;&eacute;panouissait plus chez les Dinos. Les Knicks, les Pacers, les Pelicans et les Grizzlies ont contact&eacute; le front office canadien, qui a fix&eacute; le prix autour de plusieurs First Round Picks et jeunes talents pour r&eacute;cup&eacute;rer le meilleur intercepteur de la ligue.<\/p><p>Autres pi&egrave;ces maitresses r&eacute;guli&egrave;rement annonc&eacute;e sur le d&eacute;part, Fred VanVleet et Gary Trent Jr. Tous deux b&eacute;n&eacute;ficient d&rsquo;une option joueur pour 2024, mais ils souhaiteraient conclure un contrat long-terme. Le meneur des Raptors chercherait un contrat avoisinant celui de <a href=\"https:\/\/theplayoffs.news\/fr\/joueur\/tyler-herro-nba-8791450\/\" class=\"trk-cta-link\" data-cta-trk='{\"ctaType\":\"Link\",\"ctaSubType\":\"main\"}'><strong>Tyler Herro<\/strong><\/a> (aux alentours de 120 millions sur 4 ans), ce qui pourrait &ecirc;tre trop &eacute;lev&eacute; pour les Raptors. Pour GTJ, son profil 3 and D attire beaucoup d&rsquo;&eacute;quipes. Le num&eacute;ro 33 des Raptors pourrait demander un contrat un peu plus &eacute;lev&eacute; que les 18 millions qu&rsquo;il touche actuellement. Le risque de les voir partir sans contreparties pourrait donc pousser Toronto &agrave; les &eacute;changer d&rsquo;ici jeudi, les deux profils pouvant int&eacute;resser beaucoup d&rsquo;&eacute;quipes contenders.<\/p><p>Seul Scottie Barnes est jug&eacute; intransf&eacute;rable. Si Toronto se lance dans un projet de reconstruction, il en sera la premi&egrave;re pierre sans aucun doute.<\/p><p>Fans des Raptors, les prochains jours promettent d&rsquo;&ecirc;tre mouvement&eacute;s mais l&rsquo;on devrait &ecirc;tre rapidement fix&eacute; quant &agrave; la strat&eacute;gie d&eacute;cid&eacute;e pour les ann&eacute;es &agrave; venir.<\/p>\n","protected":false},"excerpt":{"rendered":"","protected":false},"author":180310142,"featured_media":560787,"comment_status":"open","ping_status":"closed","sticky":false,"template":"","format":"standard","meta":{"inline_featured_image":false,"kia_subtitle":"","_mux_skip_reasons":[],"proofreadBy":0,"footnotes":""},"categories":[110,10],"tags":[854],"sport":[],"saison":[],"class_list":["post-560786","post","type-post","status-publish","format-standard","has-post-thumbnail","hentry","category-actualite-nba","category-nba","tag-toronto-raptors"],"acf":[],"yoast_head":"<!-- This site is optimized with the Yoast SEO plugin v24.2 - https:\/\/yoast.com\/wordpress\/plugins\/seo\/ -->\n<title>L&rsquo;avenir des Raptors fix&eacute; dans les prochains jours ? - The Playoffs FR<\/title>\n<meta name=\"robots\" content=\"index, follow, max-snippet:-1, max-image-preview:large, max-video-preview:-1\" \/>\n<link rel=\"canonical\" href=\"https:\/\/theplayoffs.news\/fr\/actualite-nba\/avenir-des-raptors-fixe-prochains-jours\/\" \/>\n<meta property=\"og:locale\" content=\"fr_FR\" \/>\n<meta property=\"og:type\" content=\"article\" \/>\n<meta property=\"og:title\" content=\"L&rsquo;avenir des Raptors fix&eacute; dans les prochains jours ? - The Playoffs FR\" \/>\n<meta property=\"og:url\" content=\"https:\/\/theplayoffs.news\/fr\/actualite-nba\/avenir-des-raptors-fixe-prochains-jours\/\" \/>\n<meta property=\"og:site_name\" content=\"The Playoffs FR\" \/>\n<meta property=\"article:publisher\" content=\"https:\/\/www.facebook.com\/TheFreeAgentFR\/\" \/>\n<meta property=\"article:modified_time\" content=\"2023-02-06T10:04:47+01:00\" \/>\n<meta property=\"og:image\" content=\"https:\/\/theplayoffs.news\/fr\/wp-content\/uploads\/2023\/02\/1246676893.0.jpg\" \/>\n\t<meta property=\"og:image:width\" content=\"1200\" \/>\n\t<meta property=\"og:image:height\" content=\"800\" \/>\n\t<meta property=\"og:image:type\" content=\"image\/jpeg\" \/>\n<meta name=\"author\" content=\"Arnaud Fady\" \/>\n<meta name=\"twitter:card\" content=\"summary_large_image\" \/>\n<meta name=\"twitter:creator\" content=\"@TheFreeAgentFR\" \/>\n<meta name=\"twitter:site\" content=\"@TheFreeAgentFR\" \/>\n<meta name=\"twitter:label1\" content=\"\u00c9crit par\" \/>\n\t<meta name=\"twitter:data1\" content=\"Arnaud Fady\" \/>\n\t<meta name=\"twitter:label2\" content=\"Dur\u00e9e de lecture estim\u00e9e\" \/>\n\t<meta name=\"twitter:data2\" content=\"2 minutes\" \/>\n<script type=\"application\/ld+json\" class=\"yoast-schema-graph\">{\"@context\":\"https:\/\/schema.org\",\"@graph\":[{\"@type\":\"WebPage\",\"@id\":\"https:\/\/theplayoffs.news\/fr\/actualite-nba\/avenir-des-raptors-fixe-prochains-jours\/\",\"url\":\"https:\/\/theplayoffs.news\/fr\/actualite-nba\/avenir-des-raptors-fixe-prochains-jours\/\",\"name\":\"L\u2019avenir des Raptors fix\u00e9 dans les prochains jours ? - The Playoffs FR\",\"isPartOf\":{\"@id\":\"https:\/\/theplayoffs.news\/fr\/#website\"},\"primaryImageOfPage\":{\"@id\":\"https:\/\/theplayoffs.news\/fr\/actualite-nba\/avenir-des-raptors-fixe-prochains-jours\/#primaryimage\"},\"image\":{\"@id\":\"https:\/\/theplayoffs.news\/fr\/actualite-nba\/avenir-des-raptors-fixe-prochains-jours\/#primaryimage\"},\"thumbnailUrl\":\"https:\/\/theplayoffs.news\/fr\/wp-content\/uploads\/2023\/02\/1246676893.0.jpg\",\"datePublished\":\"2023-02-06T09:04:46+00:00\",\"dateModified\":\"2023-02-06T09:04:47+00:00\",\"author\":{\"@id\":\"https:\/\/theplayoffs.news\/fr\/#\/schema\/person\/a21cdc575c17111d7f6899967fe61a18\"},\"breadcrumb\":{\"@id\":\"https:\/\/theplayoffs.news\/fr\/actualite-nba\/avenir-des-raptors-fixe-prochains-jours\/#breadcrumb\"},\"inLanguage\":\"fr-FR\",\"potentialAction\":[{\"@type\":\"ReadAction\",\"target\":[\"https:\/\/theplayoffs.news\/fr\/actualite-nba\/avenir-des-raptors-fixe-prochains-jours\/\"]}]},{\"@type\":\"ImageObject\",\"inLanguage\":\"fr-FR\",\"@id\":\"https:\/\/theplayoffs.news\/fr\/actualite-nba\/avenir-des-raptors-fixe-prochains-jours\/#primaryimage\",\"url\":\"https:\/\/theplayoffs.news\/fr\/wp-content\/uploads\/2023\/02\/1246676893.0.jpg\",\"contentUrl\":\"https:\/\/theplayoffs.news\/fr\/wp-content\/uploads\/2023\/02\/1246676893.0.jpg\",\"width\":1200,\"height\":800,\"caption\":\"raptors\"},{\"@type\":\"BreadcrumbList\",\"@id\":\"https:\/\/theplayoffs.news\/fr\/actualite-nba\/avenir-des-raptors-fixe-prochains-jours\/#breadcrumb\",\"itemListElement\":[{\"@type\":\"ListItem\",\"position\":1,\"name\":\"Accueil\",\"item\":\"https:\/\/theplayoffs.news\/fr\/\"},{\"@type\":\"ListItem\",\"position\":2,\"name\":\"L\u2019avenir des Raptors fix\u00e9 dans les prochains jours ?\"}]},{\"@type\":\"WebSite\",\"@id\":\"https:\/\/theplayoffs.news\/fr\/#website\",\"url\":\"https:\/\/theplayoffs.news\/fr\/\",\"name\":\"The Playoffs FR\",\"description\":\"NBA-NFL-NHL-MLB\",\"potentialAction\":[{\"@type\":\"SearchAction\",\"target\":{\"@type\":\"EntryPoint\",\"urlTemplate\":\"https:\/\/theplayoffs.news\/fr\/?s={search_term_string}\"},\"query-input\":{\"@type\":\"PropertyValueSpecification\",\"valueRequired\":true,\"valueName\":\"search_term_string\"}}],\"inLanguage\":\"fr-FR\"},{\"@type\":\"Person\",\"@id\":\"https:\/\/theplayoffs.news\/fr\/#\/schema\/person\/a21cdc575c17111d7f6899967fe61a18\",\"name\":\"Arnaud Fady\",\"image\":{\"@type\":\"ImageObject\",\"inLanguage\":\"fr-FR\",\"@id\":\"https:\/\/theplayoffs.news\/fr\/#\/schema\/person\/image\/\",\"url\":\"https:\/\/secure.gravatar.com\/avatar\/3b57ebcdabda285cfd0874ae32ea4b83ff0f2234ba690313ed4f9eec404cd4a4?s=96&d=mm&r=g\",\"contentUrl\":\"https:\/\/secure.gravatar.com\/avatar\/3b57ebcdabda285cfd0874ae32ea4b83ff0f2234ba690313ed4f9eec404cd4a4?s=96&d=mm&r=g\",\"caption\":\"Arnaud Fady\"},\"url\":\"https:\/\/theplayoffs.news\/fr\/author\/arnaud-fadyoutlook-com\/\"}]}<\/script>\n<!-- \/ Yoast SEO plugin. -->","yoast_head_json":{"title":"L&rsquo;avenir des Raptors fix&eacute; dans les prochains jours ? - The Playoffs FR","robots":{"index":"index","follow":"follow","max-snippet":"max-snippet:-1","max-image-preview":"max-image-preview:large","max-video-preview":"max-video-preview:-1"},"canonical":"https:\/\/theplayoffs.news\/fr\/actualite-nba\/avenir-des-raptors-fixe-prochains-jours\/","og_locale":"fr_FR","og_type":"article","og_title":"L&rsquo;avenir des Raptors fix&eacute; dans les prochains jours ? - The Playoffs FR","og_url":"https:\/\/theplayoffs.news\/fr\/actualite-nba\/avenir-des-raptors-fixe-prochains-jours\/","og_site_name":"The Playoffs FR","article_publisher":"https:\/\/www.facebook.com\/TheFreeAgentFR\/","article_modified_time":"2023-02-06T09:04:47+00:00","og_image":[{"width":1200,"height":800,"url":"https:\/\/theplayoffs.news\/fr\/wp-content\/uploads\/2023\/02\/1246676893.0.jpg","type":"image\/jpeg"}],"author":"Arnaud Fady","twitter_card":"summary_large_image","twitter_creator":"@TheFreeAgentFR","twitter_site":"@TheFreeAgentFR","twitter_misc":{"\u00c9crit par":"Arnaud Fady","Dur\u00e9e de lecture estim\u00e9e":"2 minutes"},"schema":{"@context":"https:\/\/schema.org","@graph":[{"@type":"WebPage","@id":"https:\/\/theplayoffs.news\/fr\/actualite-nba\/avenir-des-raptors-fixe-prochains-jours\/","url":"https:\/\/theplayoffs.news\/fr\/actualite-nba\/avenir-des-raptors-fixe-prochains-jours\/","name":"L\u2019avenir des Raptors fix\u00e9 dans les prochains jours ? - The Playoffs FR","isPartOf":{"@id":"https:\/\/theplayoffs.news\/fr\/#website"},"primaryImageOfPage":{"@id":"https:\/\/theplayoffs.news\/fr\/actualite-nba\/avenir-des-raptors-fixe-prochains-jours\/#primaryimage"},"image":{"@id":"https:\/\/theplayoffs.news\/fr\/actualite-nba\/avenir-des-raptors-fixe-prochains-jours\/#primaryimage"},"thumbnailUrl":"https:\/\/theplayoffs.news\/fr\/wp-content\/uploads\/2023\/02\/1246676893.0.jpg","datePublished":"2023-02-06T09:04:46+00:00","dateModified":"2023-02-06T09:04:47+00:00","author":{"@id":"https:\/\/theplayoffs.news\/fr\/#\/schema\/person\/a21cdc575c17111d7f6899967fe61a18"},"breadcrumb":{"@id":"https:\/\/theplayoffs.news\/fr\/actualite-nba\/avenir-des-raptors-fixe-prochains-jours\/#breadcrumb"},"inLanguage":"fr-FR","potentialAction":[{"@type":"ReadAction","target":["https:\/\/theplayoffs.news\/fr\/actualite-nba\/avenir-des-raptors-fixe-prochains-jours\/"]}]},{"@type":"ImageObject","inLanguage":"fr-FR","@id":"https:\/\/theplayoffs.news\/fr\/actualite-nba\/avenir-des-raptors-fixe-prochains-jours\/#primaryimage","url":"https:\/\/theplayoffs.news\/fr\/wp-content\/uploads\/2023\/02\/1246676893.0.jpg","contentUrl":"https:\/\/theplayoffs.news\/fr\/wp-content\/uploads\/2023\/02\/1246676893.0.jpg","width":1200,"height":800,"caption":"raptors"},{"@type":"BreadcrumbList","@id":"https:\/\/theplayoffs.news\/fr\/actualite-nba\/avenir-des-raptors-fixe-prochains-jours\/#breadcrumb","itemListElement":[{"@type":"ListItem","position":1,"name":"Accueil","item":"https:\/\/theplayoffs.news\/fr\/"},{"@type":"ListItem","position":2,"name":"L\u2019avenir des Raptors fix\u00e9 dans les prochains jours ?"}]},{"@type":"WebSite","@id":"https:\/\/theplayoffs.news\/fr\/#website","url":"https:\/\/theplayoffs.news\/fr\/","name":"The Playoffs FR","description":"NBA-NFL-NHL-MLB","potentialAction":[{"@type":"SearchAction","target":{"@type":"EntryPoint","urlTemplate":"https:\/\/theplayoffs.news\/fr\/?s={search_term_string}"},"query-input":{"@type":"PropertyValueSpecification","valueRequired":true,"valueName":"search_term_string"}}],"inLanguage":"fr-FR"},{"@type":"Person","@id":"https:\/\/theplayoffs.news\/fr\/#\/schema\/person\/a21cdc575c17111d7f6899967fe61a18","name":"Arnaud Fady","image":{"@type":"ImageObject","inLanguage":"fr-FR","@id":"https:\/\/theplayoffs.news\/fr\/#\/schema\/person\/image\/","url":"https:\/\/secure.gravatar.com\/avatar\/3b57ebcdabda285cfd0874ae32ea4b83ff0f2234ba690313ed4f9eec404cd4a4?s=96&d=mm&r=g","contentUrl":"https:\/\/secure.gravatar.com\/avatar\/3b57ebcdabda285cfd0874ae32ea4b83ff0f2234ba690313ed4f9eec404cd4a4?s=96&d=mm&r=g","caption":"Arnaud Fady"},"url":"https:\/\/theplayoffs.news\/fr\/author\/arnaud-fadyoutlook-com\/"}]}},"_links":{"self":[{"href":"https:\/\/theplayoffs.news\/fr\/wp-json\/wp\/v2\/posts\/560786","targetHints":{"allow":["GET"]}}],"collection":[{"href":"https:\/\/theplayoffs.news\/fr\/wp-json\/wp\/v2\/posts"}],"about":[{"href":"https:\/\/theplayoffs.news\/fr\/wp-json\/wp\/v2\/types\/post"}],"author":[{"embeddable":true,"href":"https:\/\/theplayoffs.news\/fr\/wp-json\/wp\/v2\/users\/180310142"}],"replies":[{"embeddable":true,"href":"https:\/\/theplayoffs.news\/fr\/wp-json\/wp\/v2\/comments?post=560786"}],"version-history":[{"count":3,"href":"https:\/\/theplayoffs.news\/fr\/wp-json\/wp\/v2\/posts\/560786\/revisions"}],"predecessor-version":[{"id":560790,"href":"https:\/\/theplayoffs.news\/fr\/wp-json\/wp\/v2\/posts\/560786\/revisions\/560790"}],"wp:featuredmedia":[{"embeddable":true,"href":"https:\/\/theplayoffs.news\/fr\/wp-json\/wp\/v2\/media\/560787"}],"wp:attachment":[{"href":"https:\/\/theplayoffs.news\/fr\/wp-json\/wp\/v2\/media?parent=560786"}],"wp:term":[{"taxonomy":"category","embeddable":true,"href":"https:\/\/theplayoffs.news\/fr\/wp-json\/wp\/v2\/categories?post=560786"},{"taxonomy":"post_tag","embeddable":true,"href":"https:\/\/theplayoffs.news\/fr\/wp-json\/wp\/v2\/tags?post=560786"},{"taxonomy":"sport","embeddable":true,"href":"https:\/\/theplayoffs.news\/fr\/wp-json\/wp\/v2\/sport?post=560786"},{"taxonomy":"saison","embeddable":true,"href":"https:\/\/theplayoffs.news\/fr\/wp-json\/wp\/v2\/saison?post=560786"}],"curies":[{"name":"wp","href":"https:\/\/api.w.org\/{rel}","templated":true}]}}