{"id":557850,"date":"2023-02-04T16:52:21","date_gmt":"2023-02-04T15:52:21","guid":{"rendered":"https:\/\/theplayoffs.news\/fr\/?p=557850"},"modified":"2023-02-04T16:52:22","modified_gmt":"2023-02-04T15:52:22","slug":"buss-donne-son-avis-sur-le-record-du-king","status":"publish","type":"post","link":"https:\/\/theplayoffs.news\/fr\/actualite-nba\/buss-donne-son-avis-sur-le-record-du-king\/","title":{"rendered":"Jeanie Buss donne son avis sur le futur record du King"},"content":{"rendered":"<h2>Il ne reste plus que 63 points &agrave; inscrire pour que LeBron James d&eacute;passe Kareem Abdul-Jabbar et devenir le meilleur marqueur de l&rsquo;histoire de la NBA. Mais ce record lui est propre comme l&rsquo;affirme la propri&eacute;taire des Lakers Jeanie Buss.<\/h2><p>Sauf si circonstances exceptionnelles, <a href=\"https:\/\/theplayoffs.news\/fr\/divers\/lebron-james-meilleur-marqueur-histoire-nba\/\" class=\"trk-cta-link\" data-cta-trk='{\"ctaType\":\"Link\",\"ctaSubType\":\"main\"}'>LeBron James<\/a> devrait devenir cette semaine le meilleur marqueur de l&rsquo;histoire de la NBA et d&eacute;passerait le record d&eacute;tenu par <strong>Kareem Abdul-Jabbar<\/strong> (<strong>38 387<\/strong>). Mais ce record n&rsquo;est en rien quelque chose qui appartient &agrave; la franchise des <strong>Lakers<\/strong>, comme nous le confie Jeanie Buss au <a href=\"https:\/\/www.espn.com\/nba\/story\/_\/id\/35583151\/lebron-james-greatness-cusp-nba-scoring-mark\" class=\"trk-cta-link\" data-cta-trk='{\"ctaType\":\"Link\",\"ctaSubType\":\"main\"}'>m&eacute;dia am&eacute;ricain<\/a> <em>ESPN<\/em>.<\/p><blockquote><p>&laquo;&nbsp;<em>Je pense que c&rsquo;est un record qui se distingue vraiment parmi tous les autres records de la NBA &raquo;, affirme la propri&eacute;taire des Lakers de Los Angeles<\/em>.&nbsp;<em>&laquo; C&rsquo;est le record de points de tous les temps. Mais il s&rsquo;agit vraiment d&rsquo;une carri&egrave;re que LeBron a construite gr&acirc;ce &agrave; son travail acharn&eacute;, sa d&eacute;termination et son talent. Et m&ecirc;me si nous allons prendre un moment pour f&ecirc;ter &ccedil;a, il s&rsquo;agit vraiment de LeBron et de r&eacute;fl&eacute;chir &agrave; tous les sacrifices qu&rsquo;il a faits pour en arriver l&agrave; et atteindre ce niveau de grandeur. C&rsquo;est son record&nbsp;&raquo;.<\/em><\/p><\/blockquote><blockquote class=\"twitter-tweet\" data-width=\"500\" data-dnt=\"true\">\n<p lang=\"fr\" dir=\"ltr\">Selon Reuters, si LeBron James bat le record de points &agrave; Los Angeles &agrave; la <a href=\"https:\/\/t.co\/ELjUa3urot\" class=\"trk-cta-link\" data-cta-trk='{\"ctaType\":\"Link\",\"ctaSubType\":\"main\"}'>https:\/\/t.co\/ELjUa3urot<\/a> Arena, Kareem Abdul-Jabbar sera pr&eacute;sent pour y assister.<\/p>\n<p>C'est ce que KAJ avait confi&eacute; &agrave; plusieurs reprises ces derni&egrave;res ann&eacute;es. En 2021 : <a href=\"https:\/\/t.co\/8vd79GAoCY\" class=\"trk-cta-link\" data-cta-trk='{\"ctaType\":\"Link\",\"ctaSubType\":\"main\"}'>pic.twitter.com\/8vd79GAoCY<\/a><\/p>\n<p>&mdash; Basket-Infos (@Basket_Infos) <a href=\"https:\/\/twitter.com\/Basket_Infos\/status\/1621838478693601280?ref_src=twsrc%5Etfw\" class=\"trk-cta-link\" data-cta-trk='{\"ctaType\":\"Link\",\"ctaSubType\":\"main\"}'>February 4, 2023<\/a><\/p><\/blockquote><p><script async src=\"https:\/\/platform.twitter.com\/widgets.js\" charset=\"utf-8\"><\/script><\/p><p><strong>LeBron James<\/strong> et Kareem Abdul-Jabbar ont en commun d&rsquo;avoir inscrit la plupart de leurs points sous d&rsquo;autres couleurs. Le &laquo;&nbsp;King&nbsp;&raquo; en a mis 23 119 avec les Cavaliers de Cleveland et 7 719 avec le Heat de Miami. On peut donc dire que <strong>Jeanie Buss<\/strong> n&rsquo;a pas tort au sujet de ce record.<\/p><p>Pour la propri&eacute;taire des Lakers, c&rsquo;est &agrave; la NBA de d&eacute;cider comment et de quelle mani&egrave;re sera c&eacute;l&eacute;br&eacute; ce futur nouveau record.<\/p><blockquote><p>&laquo;&nbsp;<em>C&rsquo;est entre les mains de la NBA &raquo;,<\/em>&nbsp;d&eacute;clare Jeanie Buss. &laquo;<em> C&rsquo;est un record NBA qui sera battu, pas un record des Lakers. Nous c&eacute;l&eacute;brerons LeBron de la mani&egrave;re dont il voudra &ecirc;tre c&eacute;l&eacute;br&eacute;&nbsp;&raquo;.<\/em><\/p><\/blockquote><p>Jeanie Buss laisse la ligue am&eacute;ricaine donc le champ libre &agrave; <strong>Adam Silver<\/strong> et son &eacute;quipe pour repr&eacute;senter du mieux possible cette performance qui entrera dans l&rsquo;histoire.<\/p><p>Pour l&rsquo;heure, Jeanie Buss verra son &eacute;quipe se d&eacute;placer une derni&egrave;re fois dans ce road trip de <strong>5<\/strong> matchs du c&ocirc;t&eacute; des <strong>Pelicans de la Nouvelle-Orl&eacute;ans<\/strong> dans la nuit de samedi &agrave; dimanche.<\/p>\n","protected":false},"excerpt":{"rendered":"","protected":false},"author":180310140,"featured_media":557852,"comment_status":"open","ping_status":"closed","sticky":false,"template":"","format":"standard","meta":{"inline_featured_image":false,"kia_subtitle":"","_mux_skip_reasons":[],"proofreadBy":0,"footnotes":""},"categories":[110,10],"tags":[5259,116,117],"sport":[],"saison":[],"class_list":["post-557850","post","type-post","status-publish","format-standard","has-post-thumbnail","hentry","category-actualite-nba","category-nba","tag-jeanie-buss","tag-lebron-james","tag-los-angeles-lakers"],"acf":[],"yoast_head":"<!-- This site is optimized with the Yoast SEO plugin v24.2 - https:\/\/yoast.com\/wordpress\/plugins\/seo\/ -->\n<title>Jeanie Buss donne son avis sur le futur record du King - The Playoffs FR<\/title>\n<meta name=\"robots\" content=\"index, follow, max-snippet:-1, max-image-preview:large, max-video-preview:-1\" \/>\n<link rel=\"canonical\" href=\"https:\/\/theplayoffs.news\/fr\/actualite-nba\/buss-donne-son-avis-sur-le-record-du-king\/\" \/>\n<meta property=\"og:locale\" content=\"fr_FR\" \/>\n<meta property=\"og:type\" content=\"article\" \/>\n<meta property=\"og:title\" content=\"Jeanie Buss donne son avis sur le futur record du King - The Playoffs FR\" \/>\n<meta property=\"og:url\" content=\"https:\/\/theplayoffs.news\/fr\/actualite-nba\/buss-donne-son-avis-sur-le-record-du-king\/\" \/>\n<meta property=\"og:site_name\" content=\"The Playoffs FR\" \/>\n<meta property=\"article:publisher\" content=\"https:\/\/www.facebook.com\/TheFreeAgentFR\/\" \/>\n<meta property=\"article:modified_time\" content=\"2023-02-04T16:52:22+01:00\" \/>\n<meta property=\"og:image\" content=\"https:\/\/theplayoffs.news\/fr\/wp-content\/uploads\/2023\/02\/LeBron-James.jpeg\" \/>\n\t<meta property=\"og:image:width\" content=\"1200\" \/>\n\t<meta property=\"og:image:height\" content=\"800\" \/>\n\t<meta property=\"og:image:type\" content=\"image\/jpeg\" \/>\n<meta name=\"author\" content=\"Theophile Batica-ferreira\" \/>\n<meta name=\"twitter:card\" content=\"summary_large_image\" \/>\n<meta name=\"twitter:creator\" content=\"@TheFreeAgentFR\" \/>\n<meta name=\"twitter:site\" content=\"@TheFreeAgentFR\" \/>\n<meta name=\"twitter:label1\" content=\"\u00c9crit par\" \/>\n\t<meta name=\"twitter:data1\" content=\"Theophile Batica-ferreira\" \/>\n\t<meta name=\"twitter:label2\" content=\"Dur\u00e9e de lecture estim\u00e9e\" \/>\n\t<meta name=\"twitter:data2\" content=\"2 minutes\" \/>\n<script type=\"application\/ld+json\" class=\"yoast-schema-graph\">{\"@context\":\"https:\/\/schema.org\",\"@graph\":[{\"@type\":\"WebPage\",\"@id\":\"https:\/\/theplayoffs.news\/fr\/actualite-nba\/buss-donne-son-avis-sur-le-record-du-king\/\",\"url\":\"https:\/\/theplayoffs.news\/fr\/actualite-nba\/buss-donne-son-avis-sur-le-record-du-king\/\",\"name\":\"Jeanie Buss donne son avis sur le futur record du King - The Playoffs FR\",\"isPartOf\":{\"@id\":\"https:\/\/theplayoffs.news\/fr\/#website\"},\"primaryImageOfPage\":{\"@id\":\"https:\/\/theplayoffs.news\/fr\/actualite-nba\/buss-donne-son-avis-sur-le-record-du-king\/#primaryimage\"},\"image\":{\"@id\":\"https:\/\/theplayoffs.news\/fr\/actualite-nba\/buss-donne-son-avis-sur-le-record-du-king\/#primaryimage\"},\"thumbnailUrl\":\"https:\/\/theplayoffs.news\/fr\/wp-content\/uploads\/2023\/02\/LeBron-James.jpeg\",\"datePublished\":\"2023-02-04T15:52:21+00:00\",\"dateModified\":\"2023-02-04T15:52:22+00:00\",\"author\":{\"@id\":\"https:\/\/theplayoffs.news\/fr\/#\/schema\/person\/28782e5d11e28ced1db43166cecdaae9\"},\"breadcrumb\":{\"@id\":\"https:\/\/theplayoffs.news\/fr\/actualite-nba\/buss-donne-son-avis-sur-le-record-du-king\/#breadcrumb\"},\"inLanguage\":\"fr-FR\",\"potentialAction\":[{\"@type\":\"ReadAction\",\"target\":[\"https:\/\/theplayoffs.news\/fr\/actualite-nba\/buss-donne-son-avis-sur-le-record-du-king\/\"]}]},{\"@type\":\"ImageObject\",\"inLanguage\":\"fr-FR\",\"@id\":\"https:\/\/theplayoffs.news\/fr\/actualite-nba\/buss-donne-son-avis-sur-le-record-du-king\/#primaryimage\",\"url\":\"https:\/\/theplayoffs.news\/fr\/wp-content\/uploads\/2023\/02\/LeBron-James.jpeg\",\"contentUrl\":\"https:\/\/theplayoffs.news\/fr\/wp-content\/uploads\/2023\/02\/LeBron-James.jpeg\",\"width\":1200,\"height\":800,\"caption\":\"LeBron James\"},{\"@type\":\"BreadcrumbList\",\"@id\":\"https:\/\/theplayoffs.news\/fr\/actualite-nba\/buss-donne-son-avis-sur-le-record-du-king\/#breadcrumb\",\"itemListElement\":[{\"@type\":\"ListItem\",\"position\":1,\"name\":\"Accueil\",\"item\":\"https:\/\/theplayoffs.news\/fr\/\"},{\"@type\":\"ListItem\",\"position\":2,\"name\":\"Jeanie Buss donne son avis sur le futur record du King\"}]},{\"@type\":\"WebSite\",\"@id\":\"https:\/\/theplayoffs.news\/fr\/#website\",\"url\":\"https:\/\/theplayoffs.news\/fr\/\",\"name\":\"The Playoffs FR\",\"description\":\"NBA-NFL-NHL-MLB\",\"potentialAction\":[{\"@type\":\"SearchAction\",\"target\":{\"@type\":\"EntryPoint\",\"urlTemplate\":\"https:\/\/theplayoffs.news\/fr\/?s={search_term_string}\"},\"query-input\":{\"@type\":\"PropertyValueSpecification\",\"valueRequired\":true,\"valueName\":\"search_term_string\"}}],\"inLanguage\":\"fr-FR\"},{\"@type\":\"Person\",\"@id\":\"https:\/\/theplayoffs.news\/fr\/#\/schema\/person\/28782e5d11e28ced1db43166cecdaae9\",\"name\":\"Theophile Batica-ferreira\",\"image\":{\"@type\":\"ImageObject\",\"inLanguage\":\"fr-FR\",\"@id\":\"https:\/\/theplayoffs.news\/fr\/#\/schema\/person\/image\/\",\"url\":\"https:\/\/secure.gravatar.com\/avatar\/2a8200ad0411f8ebd27c6b41622c1d7589cdf53cfc6c271372dbe6fbfd1e8159?s=96&d=mm&r=g\",\"contentUrl\":\"https:\/\/secure.gravatar.com\/avatar\/2a8200ad0411f8ebd27c6b41622c1d7589cdf53cfc6c271372dbe6fbfd1e8159?s=96&d=mm&r=g\",\"caption\":\"Theophile Batica-ferreira\"},\"url\":\"https:\/\/theplayoffs.news\/fr\/author\/theophile-batica-ferreiramediaschool-me\/\"}]}<\/script>\n<!-- \/ Yoast SEO plugin. -->","yoast_head_json":{"title":"Jeanie Buss donne son avis sur le futur record du King - The Playoffs FR","robots":{"index":"index","follow":"follow","max-snippet":"max-snippet:-1","max-image-preview":"max-image-preview:large","max-video-preview":"max-video-preview:-1"},"canonical":"https:\/\/theplayoffs.news\/fr\/actualite-nba\/buss-donne-son-avis-sur-le-record-du-king\/","og_locale":"fr_FR","og_type":"article","og_title":"Jeanie Buss donne son avis sur le futur record du King - The Playoffs FR","og_url":"https:\/\/theplayoffs.news\/fr\/actualite-nba\/buss-donne-son-avis-sur-le-record-du-king\/","og_site_name":"The Playoffs FR","article_publisher":"https:\/\/www.facebook.com\/TheFreeAgentFR\/","article_modified_time":"2023-02-04T15:52:22+00:00","og_image":[{"width":1200,"height":800,"url":"https:\/\/theplayoffs.news\/fr\/wp-content\/uploads\/2023\/02\/LeBron-James.jpeg","type":"image\/jpeg"}],"author":"Theophile Batica-ferreira","twitter_card":"summary_large_image","twitter_creator":"@TheFreeAgentFR","twitter_site":"@TheFreeAgentFR","twitter_misc":{"\u00c9crit par":"Theophile Batica-ferreira","Dur\u00e9e de lecture estim\u00e9e":"2 minutes"},"schema":{"@context":"https:\/\/schema.org","@graph":[{"@type":"WebPage","@id":"https:\/\/theplayoffs.news\/fr\/actualite-nba\/buss-donne-son-avis-sur-le-record-du-king\/","url":"https:\/\/theplayoffs.news\/fr\/actualite-nba\/buss-donne-son-avis-sur-le-record-du-king\/","name":"Jeanie Buss donne son avis sur le futur record du King - The Playoffs FR","isPartOf":{"@id":"https:\/\/theplayoffs.news\/fr\/#website"},"primaryImageOfPage":{"@id":"https:\/\/theplayoffs.news\/fr\/actualite-nba\/buss-donne-son-avis-sur-le-record-du-king\/#primaryimage"},"image":{"@id":"https:\/\/theplayoffs.news\/fr\/actualite-nba\/buss-donne-son-avis-sur-le-record-du-king\/#primaryimage"},"thumbnailUrl":"https:\/\/theplayoffs.news\/fr\/wp-content\/uploads\/2023\/02\/LeBron-James.jpeg","datePublished":"2023-02-04T15:52:21+00:00","dateModified":"2023-02-04T15:52:22+00:00","author":{"@id":"https:\/\/theplayoffs.news\/fr\/#\/schema\/person\/28782e5d11e28ced1db43166cecdaae9"},"breadcrumb":{"@id":"https:\/\/theplayoffs.news\/fr\/actualite-nba\/buss-donne-son-avis-sur-le-record-du-king\/#breadcrumb"},"inLanguage":"fr-FR","potentialAction":[{"@type":"ReadAction","target":["https:\/\/theplayoffs.news\/fr\/actualite-nba\/buss-donne-son-avis-sur-le-record-du-king\/"]}]},{"@type":"ImageObject","inLanguage":"fr-FR","@id":"https:\/\/theplayoffs.news\/fr\/actualite-nba\/buss-donne-son-avis-sur-le-record-du-king\/#primaryimage","url":"https:\/\/theplayoffs.news\/fr\/wp-content\/uploads\/2023\/02\/LeBron-James.jpeg","contentUrl":"https:\/\/theplayoffs.news\/fr\/wp-content\/uploads\/2023\/02\/LeBron-James.jpeg","width":1200,"height":800,"caption":"LeBron James"},{"@type":"BreadcrumbList","@id":"https:\/\/theplayoffs.news\/fr\/actualite-nba\/buss-donne-son-avis-sur-le-record-du-king\/#breadcrumb","itemListElement":[{"@type":"ListItem","position":1,"name":"Accueil","item":"https:\/\/theplayoffs.news\/fr\/"},{"@type":"ListItem","position":2,"name":"Jeanie Buss donne son avis sur le futur record du King"}]},{"@type":"WebSite","@id":"https:\/\/theplayoffs.news\/fr\/#website","url":"https:\/\/theplayoffs.news\/fr\/","name":"The Playoffs FR","description":"NBA-NFL-NHL-MLB","potentialAction":[{"@type":"SearchAction","target":{"@type":"EntryPoint","urlTemplate":"https:\/\/theplayoffs.news\/fr\/?s={search_term_string}"},"query-input":{"@type":"PropertyValueSpecification","valueRequired":true,"valueName":"search_term_string"}}],"inLanguage":"fr-FR"},{"@type":"Person","@id":"https:\/\/theplayoffs.news\/fr\/#\/schema\/person\/28782e5d11e28ced1db43166cecdaae9","name":"Theophile Batica-ferreira","image":{"@type":"ImageObject","inLanguage":"fr-FR","@id":"https:\/\/theplayoffs.news\/fr\/#\/schema\/person\/image\/","url":"https:\/\/secure.gravatar.com\/avatar\/2a8200ad0411f8ebd27c6b41622c1d7589cdf53cfc6c271372dbe6fbfd1e8159?s=96&d=mm&r=g","contentUrl":"https:\/\/secure.gravatar.com\/avatar\/2a8200ad0411f8ebd27c6b41622c1d7589cdf53cfc6c271372dbe6fbfd1e8159?s=96&d=mm&r=g","caption":"Theophile Batica-ferreira"},"url":"https:\/\/theplayoffs.news\/fr\/author\/theophile-batica-ferreiramediaschool-me\/"}]}},"_links":{"self":[{"href":"https:\/\/theplayoffs.news\/fr\/wp-json\/wp\/v2\/posts\/557850","targetHints":{"allow":["GET"]}}],"collection":[{"href":"https:\/\/theplayoffs.news\/fr\/wp-json\/wp\/v2\/posts"}],"about":[{"href":"https:\/\/theplayoffs.news\/fr\/wp-json\/wp\/v2\/types\/post"}],"author":[{"embeddable":true,"href":"https:\/\/theplayoffs.news\/fr\/wp-json\/wp\/v2\/users\/180310140"}],"replies":[{"embeddable":true,"href":"https:\/\/theplayoffs.news\/fr\/wp-json\/wp\/v2\/comments?post=557850"}],"version-history":[{"count":2,"href":"https:\/\/theplayoffs.news\/fr\/wp-json\/wp\/v2\/posts\/557850\/revisions"}],"predecessor-version":[{"id":557854,"href":"https:\/\/theplayoffs.news\/fr\/wp-json\/wp\/v2\/posts\/557850\/revisions\/557854"}],"wp:featuredmedia":[{"embeddable":true,"href":"https:\/\/theplayoffs.news\/fr\/wp-json\/wp\/v2\/media\/557852"}],"wp:attachment":[{"href":"https:\/\/theplayoffs.news\/fr\/wp-json\/wp\/v2\/media?parent=557850"}],"wp:term":[{"taxonomy":"category","embeddable":true,"href":"https:\/\/theplayoffs.news\/fr\/wp-json\/wp\/v2\/categories?post=557850"},{"taxonomy":"post_tag","embeddable":true,"href":"https:\/\/theplayoffs.news\/fr\/wp-json\/wp\/v2\/tags?post=557850"},{"taxonomy":"sport","embeddable":true,"href":"https:\/\/theplayoffs.news\/fr\/wp-json\/wp\/v2\/sport?post=557850"},{"taxonomy":"saison","embeddable":true,"href":"https:\/\/theplayoffs.news\/fr\/wp-json\/wp\/v2\/saison?post=557850"}],"curies":[{"name":"wp","href":"https:\/\/api.w.org\/{rel}","templated":true}]}}