{"id":556540,"date":"2023-02-03T14:41:25","date_gmt":"2023-02-03T13:41:25","guid":{"rendered":"https:\/\/theplayoffs.news\/fr\/?p=556540"},"modified":"2023-02-03T14:41:26","modified_gmt":"2023-02-03T13:41:26","slug":"troy-aikman-fier-mouvement-anti-pro-bowl","status":"publish","type":"post","link":"https:\/\/theplayoffs.news\/fr\/actualite-nfl\/troy-aikman-fier-mouvement-anti-pro-bowl\/","title":{"rendered":"Troy Aikman fier d&rsquo;avoir lanc\u00e9 le mouvement anti-Pro Bowl"},"content":{"rendered":"<h2><strong>En 1993, Troy Aikman a quitt&eacute; le Pro Bowl en avance pr&eacute;textant un avion &agrave; prendre pour quitter Hawa&iuml;.<\/strong><\/h2><p>Mais l&rsquo;histoire semble vouloir dire autre chose. En effet, le quarterback des Cowboys de l&rsquo;&eacute;poque, a fait cela en signe de protestation contre un &eacute;v&egrave;nement pour lequel &laquo;&nbsp;personne ne voulait participer&nbsp;&raquo;. 30 ans plus tard, le Pro Bowl continue de susciter aussi peu d&rsquo;int&eacute;r&ecirc;t.<\/p><p>Le changement de formule de la part de la NFL d&eacute;montre qu&rsquo;il fallait sans doute changer pour sauver l&rsquo;&eacute;v&egrave;nement. Troy Aikman s&rsquo;est dit heureux d&rsquo;avoir &eacute;t&eacute; &agrave; l&rsquo;initiative de cette tendance :<\/p><blockquote><p>&laquo;&nbsp;En 1993, au Pro Bowl, je suis parti t&ocirc;t, je suis parti au troisi&egrave;me quart&nbsp;&raquo;, <a href=\"https:\/\/www.dallasnews.com\/sports\/cowboys\/2023\/02\/02\/why-cowboys-troy-aikman-says-he-deserves-some-credit-for-nfls-new-pro-bowl-games-format\/\" class=\"trk-cta-link\" data-cta-trk='{\"ctaType\":\"Link\",\"ctaSubType\":\"main\"}'>a d&eacute;clar&eacute; Troy Aikman sur KTCK-AM, via le Dallas Morning News.<\/a> &laquo;&nbsp;Et j&rsquo;ai eu une photo de moi quittant le stade et &ccedil;a ne s&rsquo;est pas tr&egrave;s bien pass&eacute; sur Park Avenue &agrave; New York. Et j&rsquo;ai &eacute;t&eacute; convoqu&eacute; &agrave; New York pour parler avec M. Paul Tagliabue. Je lui disais, j&rsquo;ai dit Monsieur le Commissaire avec tout le respect que je lui dois, personne ne veut jouer &agrave; ce match de football. J&rsquo;ai dit qu&rsquo;ils voulaient aller &agrave; Hawa&iuml; pendant une semaine, mais personne ne veut jouer au Pro Bowl.<\/p>\n<p>&laquo;&nbsp;J&rsquo;ai dit voici ce que je sugg&egrave;re. . . J&rsquo;ai dit, Et si nous faisions comme Battle of the Network Stars, seulement nous faisons un type d&rsquo;&eacute;v&eacute;nement fait pour la t&eacute;l&eacute;vision et il n&rsquo;&eacute;tait pas content de cette suggestion non plus. Et il a fallu 30 ans ou peu importe le temps qu&rsquo;il a fallu pour en arriver l&agrave;, mais je m&rsquo;en attribue en quelque sorte le m&eacute;rite, tr&egrave;s honn&ecirc;tement.&nbsp;&raquo;<\/p>\n<p>&laquo; Maintenant, est-ce que &ccedil;a vaudra quelque chose ? Je ne sais pas, mais &ccedil;a doit &ecirc;tre mieux que ce qu&rsquo;&eacute;tait le match. Mais cela &eacute;tant dit, les audiences sur le Pro Bowl, je ne les regarde pas, mais apparemment, les audiences sur le Pro Bowl m&egrave;nent chaque ann&eacute;e &agrave; ce cr&eacute;neau horaire, ce qui est incroyable. Je veux dire, c&rsquo;est juste que c&rsquo;est vraiment incroyable &agrave; quel point m&ecirc;me un jeu du Pro Bowl qui n&rsquo;est m&ecirc;me pas l&eacute;gitime a attir&eacute; les notes qu&rsquo;il a au fil des ans.&nbsp;&raquo;<\/p><\/blockquote><p>La grosse diff&eacute;rence avec l&rsquo;&eacute;poque de Troy Aikman c&rsquo;est que les quarterback de sa trempe ne se pr&eacute;sente m&ecirc;me plus au Pro Bowl comme <a href=\"https:\/\/theplayoffs.news\/fr\/joueur\/josh-allen-nfl-7836596\/\" class=\"trk-cta-link\" data-cta-trk='{\"ctaType\":\"Link\",\"ctaSubType\":\"main\"}'><strong>Josh Allen<\/strong><\/a> cette ann&eacute;e ou Joe Burrow.<\/p>\n","protected":false},"excerpt":{"rendered":"","protected":false},"author":13,"featured_media":556541,"comment_status":"open","ping_status":"closed","sticky":false,"template":"","format":"standard","meta":{"inline_featured_image":false,"kia_subtitle":"","_mux_skip_reasons":[],"proofreadBy":0,"footnotes":""},"categories":[118,40],"tags":[1181,5422],"sport":[],"saison":[],"class_list":["post-556540","post","type-post","status-publish","format-standard","has-post-thumbnail","hentry","category-actualite-nfl","category-nfl","tag-pro-bowl","tag-troy-aikman"],"acf":[],"yoast_head":"<!-- This site is optimized with the Yoast SEO plugin v24.2 - https:\/\/yoast.com\/wordpress\/plugins\/seo\/ -->\n<title>Troy Aikman fier d&#039;avoir lanc&eacute; le mouvement anti-Pro Bowl - The Playoffs FR<\/title>\n<meta name=\"robots\" content=\"index, follow, max-snippet:-1, max-image-preview:large, max-video-preview:-1\" \/>\n<link rel=\"canonical\" href=\"https:\/\/theplayoffs.news\/fr\/actualite-nfl\/troy-aikman-fier-mouvement-anti-pro-bowl\/\" \/>\n<meta property=\"og:locale\" content=\"fr_FR\" \/>\n<meta property=\"og:type\" content=\"article\" \/>\n<meta property=\"og:title\" content=\"Troy Aikman fier d&#039;avoir lanc&eacute; le mouvement anti-Pro Bowl - The Playoffs FR\" \/>\n<meta property=\"og:url\" content=\"https:\/\/theplayoffs.news\/fr\/actualite-nfl\/troy-aikman-fier-mouvement-anti-pro-bowl\/\" \/>\n<meta property=\"og:site_name\" content=\"The Playoffs FR\" \/>\n<meta property=\"article:publisher\" content=\"https:\/\/www.facebook.com\/TheFreeAgentFR\/\" \/>\n<meta property=\"article:modified_time\" content=\"2023-02-03T14:41:26+01:00\" \/>\n<meta property=\"og:image\" content=\"https:\/\/theplayoffs.news\/fr\/wp-content\/uploads\/2023\/02\/DshtLJ6V4AIckIa.jpg\" \/>\n\t<meta property=\"og:image:width\" content=\"1024\" \/>\n\t<meta property=\"og:image:height\" content=\"759\" \/>\n\t<meta property=\"og:image:type\" content=\"image\/jpeg\" \/>\n<meta name=\"author\" content=\"Charles Taudin\" \/>\n<meta name=\"twitter:card\" content=\"summary_large_image\" \/>\n<meta name=\"twitter:creator\" content=\"@TheFreeAgentFR\" \/>\n<meta name=\"twitter:site\" content=\"@TheFreeAgentFR\" \/>\n<meta name=\"twitter:label1\" content=\"\u00c9crit par\" \/>\n\t<meta name=\"twitter:data1\" content=\"Charles Taudin\" \/>\n\t<meta name=\"twitter:label2\" content=\"Dur\u00e9e de lecture estim\u00e9e\" \/>\n\t<meta name=\"twitter:data2\" content=\"2 minutes\" \/>\n<script type=\"application\/ld+json\" class=\"yoast-schema-graph\">{\"@context\":\"https:\/\/schema.org\",\"@graph\":[{\"@type\":\"WebPage\",\"@id\":\"https:\/\/theplayoffs.news\/fr\/actualite-nfl\/troy-aikman-fier-mouvement-anti-pro-bowl\/\",\"url\":\"https:\/\/theplayoffs.news\/fr\/actualite-nfl\/troy-aikman-fier-mouvement-anti-pro-bowl\/\",\"name\":\"Troy Aikman fier d\\\\'avoir lanc\u00e9 le mouvement anti-Pro Bowl - The Playoffs FR\",\"isPartOf\":{\"@id\":\"https:\/\/theplayoffs.news\/fr\/#website\"},\"primaryImageOfPage\":{\"@id\":\"https:\/\/theplayoffs.news\/fr\/actualite-nfl\/troy-aikman-fier-mouvement-anti-pro-bowl\/#primaryimage\"},\"image\":{\"@id\":\"https:\/\/theplayoffs.news\/fr\/actualite-nfl\/troy-aikman-fier-mouvement-anti-pro-bowl\/#primaryimage\"},\"thumbnailUrl\":\"https:\/\/theplayoffs.news\/fr\/wp-content\/uploads\/2023\/02\/DshtLJ6V4AIckIa.jpg\",\"datePublished\":\"2023-02-03T13:41:25+00:00\",\"dateModified\":\"2023-02-03T13:41:26+00:00\",\"author\":{\"@id\":\"https:\/\/theplayoffs.news\/fr\/#\/schema\/person\/eee5b69ad5d3c51cabe881c839dbe133\"},\"breadcrumb\":{\"@id\":\"https:\/\/theplayoffs.news\/fr\/actualite-nfl\/troy-aikman-fier-mouvement-anti-pro-bowl\/#breadcrumb\"},\"inLanguage\":\"fr-FR\",\"potentialAction\":[{\"@type\":\"ReadAction\",\"target\":[\"https:\/\/theplayoffs.news\/fr\/actualite-nfl\/troy-aikman-fier-mouvement-anti-pro-bowl\/\"]}]},{\"@type\":\"ImageObject\",\"inLanguage\":\"fr-FR\",\"@id\":\"https:\/\/theplayoffs.news\/fr\/actualite-nfl\/troy-aikman-fier-mouvement-anti-pro-bowl\/#primaryimage\",\"url\":\"https:\/\/theplayoffs.news\/fr\/wp-content\/uploads\/2023\/02\/DshtLJ6V4AIckIa.jpg\",\"contentUrl\":\"https:\/\/theplayoffs.news\/fr\/wp-content\/uploads\/2023\/02\/DshtLJ6V4AIckIa.jpg\",\"width\":1024,\"height\":759,\"caption\":\"Troy aikman\"},{\"@type\":\"BreadcrumbList\",\"@id\":\"https:\/\/theplayoffs.news\/fr\/actualite-nfl\/troy-aikman-fier-mouvement-anti-pro-bowl\/#breadcrumb\",\"itemListElement\":[{\"@type\":\"ListItem\",\"position\":1,\"name\":\"Accueil\",\"item\":\"https:\/\/theplayoffs.news\/fr\/\"},{\"@type\":\"ListItem\",\"position\":2,\"name\":\"Troy Aikman fier d&rsquo;avoir lanc\u00e9 le mouvement anti-Pro Bowl\"}]},{\"@type\":\"WebSite\",\"@id\":\"https:\/\/theplayoffs.news\/fr\/#website\",\"url\":\"https:\/\/theplayoffs.news\/fr\/\",\"name\":\"The Playoffs FR\",\"description\":\"NBA-NFL-NHL-MLB\",\"potentialAction\":[{\"@type\":\"SearchAction\",\"target\":{\"@type\":\"EntryPoint\",\"urlTemplate\":\"https:\/\/theplayoffs.news\/fr\/?s={search_term_string}\"},\"query-input\":{\"@type\":\"PropertyValueSpecification\",\"valueRequired\":true,\"valueName\":\"search_term_string\"}}],\"inLanguage\":\"fr-FR\"},{\"@type\":\"Person\",\"@id\":\"https:\/\/theplayoffs.news\/fr\/#\/schema\/person\/eee5b69ad5d3c51cabe881c839dbe133\",\"name\":\"Charles Taudin\",\"image\":{\"@type\":\"ImageObject\",\"inLanguage\":\"fr-FR\",\"@id\":\"https:\/\/theplayoffs.news\/fr\/#\/schema\/person\/image\/\",\"url\":\"https:\/\/secure.gravatar.com\/avatar\/59a1e772205ce9fd255edfcafc93013736822e20261f294c5753b20c41ede9f2?s=96&d=mm&r=g\",\"contentUrl\":\"https:\/\/secure.gravatar.com\/avatar\/59a1e772205ce9fd255edfcafc93013736822e20261f294c5753b20c41ede9f2?s=96&d=mm&r=g\",\"caption\":\"Charles Taudin\"},\"description\":\"R\u00e9dacteur en chef global de The Playoffs, j\u2019ai cr\u00e9\u00e9 The Free Agent, devenu The Playoffs FR, en 2020 durant la pand\u00e9mie. Amoureux depuis des ann\u00e9es des 4 sports majeurs am\u00e9ricains, j\u2019organise maintenant la strat\u00e9gie \u00e9ditoriale et les r\u00e9seaux sociaux de l\u2019ensemble des versions de The Playoffs. Il m\u2019arrive encore d\u2019\u00e9crire sur certains sports que j\u2019affectionne particuli\u00e8rement comme la NFL ou la MLB. Si vous devez retenir qu\u2019une chose : Eli Manning est le vrai GOAT pour avoir battu deux fois Tom Brady.\",\"sameAs\":[\"https:\/\/www.instagram.com\/ctaudin_\/\"],\"url\":\"https:\/\/theplayoffs.news\/fr\/author\/charles-taudin\/\"}]}<\/script>\n<!-- \/ Yoast SEO plugin. -->","yoast_head_json":{"title":"Troy Aikman fier d&#039;avoir lanc&eacute; le mouvement anti-Pro Bowl - The Playoffs FR","robots":{"index":"index","follow":"follow","max-snippet":"max-snippet:-1","max-image-preview":"max-image-preview:large","max-video-preview":"max-video-preview:-1"},"canonical":"https:\/\/theplayoffs.news\/fr\/actualite-nfl\/troy-aikman-fier-mouvement-anti-pro-bowl\/","og_locale":"fr_FR","og_type":"article","og_title":"Troy Aikman fier d&#039;avoir lanc&eacute; le mouvement anti-Pro Bowl - The Playoffs FR","og_url":"https:\/\/theplayoffs.news\/fr\/actualite-nfl\/troy-aikman-fier-mouvement-anti-pro-bowl\/","og_site_name":"The Playoffs FR","article_publisher":"https:\/\/www.facebook.com\/TheFreeAgentFR\/","article_modified_time":"2023-02-03T13:41:26+00:00","og_image":[{"width":1024,"height":759,"url":"https:\/\/theplayoffs.news\/fr\/wp-content\/uploads\/2023\/02\/DshtLJ6V4AIckIa.jpg","type":"image\/jpeg"}],"author":"Charles Taudin","twitter_card":"summary_large_image","twitter_creator":"@TheFreeAgentFR","twitter_site":"@TheFreeAgentFR","twitter_misc":{"\u00c9crit par":"Charles Taudin","Dur\u00e9e de lecture estim\u00e9e":"2 minutes"},"schema":{"@context":"https:\/\/schema.org","@graph":[{"@type":"WebPage","@id":"https:\/\/theplayoffs.news\/fr\/actualite-nfl\/troy-aikman-fier-mouvement-anti-pro-bowl\/","url":"https:\/\/theplayoffs.news\/fr\/actualite-nfl\/troy-aikman-fier-mouvement-anti-pro-bowl\/","name":"Troy Aikman fier d\\'avoir lanc\u00e9 le mouvement anti-Pro Bowl - The Playoffs FR","isPartOf":{"@id":"https:\/\/theplayoffs.news\/fr\/#website"},"primaryImageOfPage":{"@id":"https:\/\/theplayoffs.news\/fr\/actualite-nfl\/troy-aikman-fier-mouvement-anti-pro-bowl\/#primaryimage"},"image":{"@id":"https:\/\/theplayoffs.news\/fr\/actualite-nfl\/troy-aikman-fier-mouvement-anti-pro-bowl\/#primaryimage"},"thumbnailUrl":"https:\/\/theplayoffs.news\/fr\/wp-content\/uploads\/2023\/02\/DshtLJ6V4AIckIa.jpg","datePublished":"2023-02-03T13:41:25+00:00","dateModified":"2023-02-03T13:41:26+00:00","author":{"@id":"https:\/\/theplayoffs.news\/fr\/#\/schema\/person\/eee5b69ad5d3c51cabe881c839dbe133"},"breadcrumb":{"@id":"https:\/\/theplayoffs.news\/fr\/actualite-nfl\/troy-aikman-fier-mouvement-anti-pro-bowl\/#breadcrumb"},"inLanguage":"fr-FR","potentialAction":[{"@type":"ReadAction","target":["https:\/\/theplayoffs.news\/fr\/actualite-nfl\/troy-aikman-fier-mouvement-anti-pro-bowl\/"]}]},{"@type":"ImageObject","inLanguage":"fr-FR","@id":"https:\/\/theplayoffs.news\/fr\/actualite-nfl\/troy-aikman-fier-mouvement-anti-pro-bowl\/#primaryimage","url":"https:\/\/theplayoffs.news\/fr\/wp-content\/uploads\/2023\/02\/DshtLJ6V4AIckIa.jpg","contentUrl":"https:\/\/theplayoffs.news\/fr\/wp-content\/uploads\/2023\/02\/DshtLJ6V4AIckIa.jpg","width":1024,"height":759,"caption":"Troy aikman"},{"@type":"BreadcrumbList","@id":"https:\/\/theplayoffs.news\/fr\/actualite-nfl\/troy-aikman-fier-mouvement-anti-pro-bowl\/#breadcrumb","itemListElement":[{"@type":"ListItem","position":1,"name":"Accueil","item":"https:\/\/theplayoffs.news\/fr\/"},{"@type":"ListItem","position":2,"name":"Troy Aikman fier d&rsquo;avoir lanc\u00e9 le mouvement anti-Pro Bowl"}]},{"@type":"WebSite","@id":"https:\/\/theplayoffs.news\/fr\/#website","url":"https:\/\/theplayoffs.news\/fr\/","name":"The Playoffs FR","description":"NBA-NFL-NHL-MLB","potentialAction":[{"@type":"SearchAction","target":{"@type":"EntryPoint","urlTemplate":"https:\/\/theplayoffs.news\/fr\/?s={search_term_string}"},"query-input":{"@type":"PropertyValueSpecification","valueRequired":true,"valueName":"search_term_string"}}],"inLanguage":"fr-FR"},{"@type":"Person","@id":"https:\/\/theplayoffs.news\/fr\/#\/schema\/person\/eee5b69ad5d3c51cabe881c839dbe133","name":"Charles Taudin","image":{"@type":"ImageObject","inLanguage":"fr-FR","@id":"https:\/\/theplayoffs.news\/fr\/#\/schema\/person\/image\/","url":"https:\/\/secure.gravatar.com\/avatar\/59a1e772205ce9fd255edfcafc93013736822e20261f294c5753b20c41ede9f2?s=96&d=mm&r=g","contentUrl":"https:\/\/secure.gravatar.com\/avatar\/59a1e772205ce9fd255edfcafc93013736822e20261f294c5753b20c41ede9f2?s=96&d=mm&r=g","caption":"Charles Taudin"},"description":"R\u00e9dacteur en chef global de The Playoffs, j\u2019ai cr\u00e9\u00e9 The Free Agent, devenu The Playoffs FR, en 2020 durant la pand\u00e9mie. Amoureux depuis des ann\u00e9es des 4 sports majeurs am\u00e9ricains, j\u2019organise maintenant la strat\u00e9gie \u00e9ditoriale et les r\u00e9seaux sociaux de l\u2019ensemble des versions de The Playoffs. Il m\u2019arrive encore d\u2019\u00e9crire sur certains sports que j\u2019affectionne particuli\u00e8rement comme la NFL ou la MLB. Si vous devez retenir qu\u2019une chose : Eli Manning est le vrai GOAT pour avoir battu deux fois Tom Brady.","sameAs":["https:\/\/www.instagram.com\/ctaudin_\/"],"url":"https:\/\/theplayoffs.news\/fr\/author\/charles-taudin\/"}]}},"_links":{"self":[{"href":"https:\/\/theplayoffs.news\/fr\/wp-json\/wp\/v2\/posts\/556540","targetHints":{"allow":["GET"]}}],"collection":[{"href":"https:\/\/theplayoffs.news\/fr\/wp-json\/wp\/v2\/posts"}],"about":[{"href":"https:\/\/theplayoffs.news\/fr\/wp-json\/wp\/v2\/types\/post"}],"author":[{"embeddable":true,"href":"https:\/\/theplayoffs.news\/fr\/wp-json\/wp\/v2\/users\/13"}],"replies":[{"embeddable":true,"href":"https:\/\/theplayoffs.news\/fr\/wp-json\/wp\/v2\/comments?post=556540"}],"version-history":[{"count":3,"href":"https:\/\/theplayoffs.news\/fr\/wp-json\/wp\/v2\/posts\/556540\/revisions"}],"predecessor-version":[{"id":556544,"href":"https:\/\/theplayoffs.news\/fr\/wp-json\/wp\/v2\/posts\/556540\/revisions\/556544"}],"wp:featuredmedia":[{"embeddable":true,"href":"https:\/\/theplayoffs.news\/fr\/wp-json\/wp\/v2\/media\/556541"}],"wp:attachment":[{"href":"https:\/\/theplayoffs.news\/fr\/wp-json\/wp\/v2\/media?parent=556540"}],"wp:term":[{"taxonomy":"category","embeddable":true,"href":"https:\/\/theplayoffs.news\/fr\/wp-json\/wp\/v2\/categories?post=556540"},{"taxonomy":"post_tag","embeddable":true,"href":"https:\/\/theplayoffs.news\/fr\/wp-json\/wp\/v2\/tags?post=556540"},{"taxonomy":"sport","embeddable":true,"href":"https:\/\/theplayoffs.news\/fr\/wp-json\/wp\/v2\/sport?post=556540"},{"taxonomy":"saison","embeddable":true,"href":"https:\/\/theplayoffs.news\/fr\/wp-json\/wp\/v2\/saison?post=556540"}],"curies":[{"name":"wp","href":"https:\/\/api.w.org\/{rel}","templated":true}]}}