{"id":553560,"date":"2023-02-01T19:06:06","date_gmt":"2023-02-01T18:06:06","guid":{"rendered":"https:\/\/theplayoffs.news\/fr\/?p=553560"},"modified":"2023-02-01T19:13:16","modified_gmt":"2023-02-01T18:13:16","slug":"stewart-senvole-pour-la-liberty","status":"publish","type":"post","link":"https:\/\/theplayoffs.news\/fr\/wnba\/stewart-senvole-pour-la-liberty\/","title":{"rendered":"Stewart s&rsquo;envole pour la Liberty"},"content":{"rendered":"<h2>C&rsquo;est le second gros mouvement de cette p&eacute;riode de trade en WNBA. Breanna Stewart quitte le Seattle Storm pour rejoindre le New York Liberty. La joueuse l&rsquo;a annonc&eacute;e sur les r&eacute;seaux sociaux.<\/h2><p>Une semaine apr&egrave;s cette ouverture de la p&eacute;riode des trades, on a le droit &agrave; un second gros coup. En effet, apr&egrave;s le d&eacute;part de<a href=\"https:\/\/twitter.com\/WNBA\/status\/1620846655531786240?cxt=HHwWgIDRpcLcs_4sAAAA\" class=\"trk-cta-link\" data-cta-trk='{\"ctaType\":\"Link\",\"ctaSubType\":\"main\"}'> Candace Parker<\/a> du c&ocirc;t&eacute; des <strong>Aces de Las Vegas<\/strong>, c&rsquo;est au tour de <a href=\"https:\/\/theplayoffs.news\/fr\/wnba\/record-daudience-pour-la-rencontre-storm-sky-en-wnba\/\" class=\"trk-cta-link\" data-cta-trk='{\"ctaType\":\"Link\",\"ctaSubType\":\"main\"}'>Breanna Stewart<\/a> de quitter le <strong>Seattle Storm<\/strong> pour rejoindre le <strong>New York Liberty<\/strong>, comme elle nous le montre dans cette vid&eacute;o post&eacute;e sur les r&eacute;seaux sociaux.<\/p><blockquote class=\"twitter-tweet\" data-width=\"500\" data-dnt=\"true\">\n<p lang=\"qme\" dir=\"ltr\">&#128509; <a href=\"https:\/\/t.co\/6Sg28YnCPz\" class=\"trk-cta-link\" data-cta-trk='{\"ctaType\":\"Link\",\"ctaSubType\":\"main\"}'>pic.twitter.com\/6Sg28YnCPz<\/a><\/p>\n<p>&mdash; Stewie (@breannastewart) <a href=\"https:\/\/twitter.com\/breannastewart\/status\/1620829634349928450?ref_src=twsrc%5Etfw\" class=\"trk-cta-link\" data-cta-trk='{\"ctaType\":\"Link\",\"ctaSubType\":\"main\"}'>February 1, 2023<\/a><\/p><\/blockquote><p><script async src=\"https:\/\/platform.twitter.com\/widgets.js\" charset=\"utf-8\"><\/script><\/p><p>Ce trade est consid&eacute;r&eacute; comme l&rsquo;un des plus gros mouvements de l&rsquo;histoire de la <strong>WNBA<\/strong>. <strong>Breanna Stewart<\/strong> quitte la franchise qui l&rsquo;a draft&eacute; en premier choix en 2016. La joueuse de 28 ans aura remport&eacute; 2 titres en 7 ans pass&eacute; du c&ocirc;t&eacute; de la franchise de l&rsquo;Oregon. Elle a &eacute;galement &eacute;t&eacute; &eacute;lue MVP ors de la saison 2018.<\/p><p>Plusieurs franchises ont essay&eacute; de l&rsquo;acqu&eacute;rir selon le <a href=\"https:\/\/www.espn.com\/wnba\/story\/_\/id\/35570833\/breanna-stewart-sign-new-york-liberty\" class=\"trk-cta-link\" data-cta-trk='{\"ctaType\":\"Link\",\"ctaSubType\":\"main\"}'>m&eacute;dia am&eacute;ricain<\/a> <em>ESPN. <\/em>Les <strong>Seattle Storm, les Lynx de Minnesota, les Mystics de Washington<\/strong> et le New York Liberty. Ces derniers ont obtenu le gros lot.<\/p><p>Breanna Stewart tourne &agrave;<strong> 20,3 points et 8,6 rebonds<\/strong> de moyenne en carri&egrave;re. En 2019, elle rate l&rsquo;int&eacute;gralit&eacute; de la saison 2019 avec une blessure au tendon d&rsquo;Achille.<\/p><p>La prochaine saison en WNBA risque d&rsquo;&ecirc;tre tr&egrave;s int&eacute;ressante.<\/p>\n","protected":false},"excerpt":{"rendered":"","protected":false},"author":180310140,"featured_media":553564,"comment_status":"open","ping_status":"closed","sticky":false,"template":"","format":"standard","meta":{"inline_featured_image":false,"kia_subtitle":"","_mux_skip_reasons":[],"proofreadBy":0,"footnotes":""},"categories":[143],"tags":[5415,2434,1094],"sport":[],"saison":[],"class_list":["post-553560","post","type-post","status-publish","format-standard","has-post-thumbnail","hentry","category-wnba","tag-breanna-stewart","tag-new-york-liberty","tag-seattle-storm"],"acf":[],"yoast_head":"<!-- This site is optimized with the Yoast SEO plugin v24.2 - https:\/\/yoast.com\/wordpress\/plugins\/seo\/ -->\n<title>Stewart s&#039;envole pour la Liberty - The Playoffs FR<\/title>\n<meta name=\"robots\" content=\"index, follow, max-snippet:-1, max-image-preview:large, max-video-preview:-1\" \/>\n<link rel=\"canonical\" href=\"https:\/\/theplayoffs.news\/fr\/wnba\/stewart-senvole-pour-la-liberty\/\" \/>\n<meta property=\"og:locale\" content=\"fr_FR\" \/>\n<meta property=\"og:type\" content=\"article\" \/>\n<meta property=\"og:title\" content=\"Stewart s&#039;envole pour la Liberty - The Playoffs FR\" \/>\n<meta property=\"og:url\" content=\"https:\/\/theplayoffs.news\/fr\/wnba\/stewart-senvole-pour-la-liberty\/\" \/>\n<meta property=\"og:site_name\" content=\"The Playoffs FR\" \/>\n<meta property=\"article:publisher\" content=\"https:\/\/www.facebook.com\/TheFreeAgentFR\/\" \/>\n<meta property=\"article:modified_time\" content=\"2023-02-01T19:13:16+01:00\" \/>\n<meta property=\"og:image\" content=\"https:\/\/theplayoffs.news\/fr\/wp-content\/uploads\/2023\/02\/Breanna-Stewart.webp\" \/>\n\t<meta property=\"og:image:width\" content=\"1200\" \/>\n\t<meta property=\"og:image:height\" content=\"675\" \/>\n\t<meta property=\"og:image:type\" content=\"image\/webp\" \/>\n<meta name=\"author\" content=\"Theophile Batica-ferreira\" \/>\n<meta name=\"twitter:card\" content=\"summary_large_image\" \/>\n<meta name=\"twitter:creator\" content=\"@TheFreeAgentFR\" \/>\n<meta name=\"twitter:site\" content=\"@TheFreeAgentFR\" \/>\n<meta name=\"twitter:label1\" content=\"\u00c9crit par\" \/>\n\t<meta name=\"twitter:data1\" content=\"Theophile Batica-ferreira\" \/>\n\t<meta name=\"twitter:label2\" content=\"Dur\u00e9e de lecture estim\u00e9e\" \/>\n\t<meta name=\"twitter:data2\" content=\"1 minute\" \/>\n<script type=\"application\/ld+json\" class=\"yoast-schema-graph\">{\"@context\":\"https:\/\/schema.org\",\"@graph\":[{\"@type\":\"WebPage\",\"@id\":\"https:\/\/theplayoffs.news\/fr\/wnba\/stewart-senvole-pour-la-liberty\/\",\"url\":\"https:\/\/theplayoffs.news\/fr\/wnba\/stewart-senvole-pour-la-liberty\/\",\"name\":\"Stewart s\\\\'envole pour la Liberty - The Playoffs FR\",\"isPartOf\":{\"@id\":\"https:\/\/theplayoffs.news\/fr\/#website\"},\"primaryImageOfPage\":{\"@id\":\"https:\/\/theplayoffs.news\/fr\/wnba\/stewart-senvole-pour-la-liberty\/#primaryimage\"},\"image\":{\"@id\":\"https:\/\/theplayoffs.news\/fr\/wnba\/stewart-senvole-pour-la-liberty\/#primaryimage\"},\"thumbnailUrl\":\"https:\/\/theplayoffs.news\/fr\/wp-content\/uploads\/2023\/02\/Breanna-Stewart.webp\",\"datePublished\":\"2023-02-01T18:06:06+00:00\",\"dateModified\":\"2023-02-01T18:13:16+00:00\",\"author\":{\"@id\":\"https:\/\/theplayoffs.news\/fr\/#\/schema\/person\/28782e5d11e28ced1db43166cecdaae9\"},\"breadcrumb\":{\"@id\":\"https:\/\/theplayoffs.news\/fr\/wnba\/stewart-senvole-pour-la-liberty\/#breadcrumb\"},\"inLanguage\":\"fr-FR\",\"potentialAction\":[{\"@type\":\"ReadAction\",\"target\":[\"https:\/\/theplayoffs.news\/fr\/wnba\/stewart-senvole-pour-la-liberty\/\"]}]},{\"@type\":\"ImageObject\",\"inLanguage\":\"fr-FR\",\"@id\":\"https:\/\/theplayoffs.news\/fr\/wnba\/stewart-senvole-pour-la-liberty\/#primaryimage\",\"url\":\"https:\/\/theplayoffs.news\/fr\/wp-content\/uploads\/2023\/02\/Breanna-Stewart.webp\",\"contentUrl\":\"https:\/\/theplayoffs.news\/fr\/wp-content\/uploads\/2023\/02\/Breanna-Stewart.webp\",\"width\":1200,\"height\":675,\"caption\":\"Breanna Stewart\"},{\"@type\":\"BreadcrumbList\",\"@id\":\"https:\/\/theplayoffs.news\/fr\/wnba\/stewart-senvole-pour-la-liberty\/#breadcrumb\",\"itemListElement\":[{\"@type\":\"ListItem\",\"position\":1,\"name\":\"Accueil\",\"item\":\"https:\/\/theplayoffs.news\/fr\/\"},{\"@type\":\"ListItem\",\"position\":2,\"name\":\"Stewart s&rsquo;envole pour la Liberty\"}]},{\"@type\":\"WebSite\",\"@id\":\"https:\/\/theplayoffs.news\/fr\/#website\",\"url\":\"https:\/\/theplayoffs.news\/fr\/\",\"name\":\"The Playoffs FR\",\"description\":\"NBA-NFL-NHL-MLB\",\"potentialAction\":[{\"@type\":\"SearchAction\",\"target\":{\"@type\":\"EntryPoint\",\"urlTemplate\":\"https:\/\/theplayoffs.news\/fr\/?s={search_term_string}\"},\"query-input\":{\"@type\":\"PropertyValueSpecification\",\"valueRequired\":true,\"valueName\":\"search_term_string\"}}],\"inLanguage\":\"fr-FR\"},{\"@type\":\"Person\",\"@id\":\"https:\/\/theplayoffs.news\/fr\/#\/schema\/person\/28782e5d11e28ced1db43166cecdaae9\",\"name\":\"Theophile Batica-ferreira\",\"image\":{\"@type\":\"ImageObject\",\"inLanguage\":\"fr-FR\",\"@id\":\"https:\/\/theplayoffs.news\/fr\/#\/schema\/person\/image\/\",\"url\":\"https:\/\/secure.gravatar.com\/avatar\/2a8200ad0411f8ebd27c6b41622c1d7589cdf53cfc6c271372dbe6fbfd1e8159?s=96&d=mm&r=g\",\"contentUrl\":\"https:\/\/secure.gravatar.com\/avatar\/2a8200ad0411f8ebd27c6b41622c1d7589cdf53cfc6c271372dbe6fbfd1e8159?s=96&d=mm&r=g\",\"caption\":\"Theophile Batica-ferreira\"},\"url\":\"https:\/\/theplayoffs.news\/fr\/author\/theophile-batica-ferreiramediaschool-me\/\"}]}<\/script>\n<!-- \/ Yoast SEO plugin. -->","yoast_head_json":{"title":"Stewart s&#039;envole pour la Liberty - The Playoffs FR","robots":{"index":"index","follow":"follow","max-snippet":"max-snippet:-1","max-image-preview":"max-image-preview:large","max-video-preview":"max-video-preview:-1"},"canonical":"https:\/\/theplayoffs.news\/fr\/wnba\/stewart-senvole-pour-la-liberty\/","og_locale":"fr_FR","og_type":"article","og_title":"Stewart s&#039;envole pour la Liberty - The Playoffs FR","og_url":"https:\/\/theplayoffs.news\/fr\/wnba\/stewart-senvole-pour-la-liberty\/","og_site_name":"The Playoffs FR","article_publisher":"https:\/\/www.facebook.com\/TheFreeAgentFR\/","article_modified_time":"2023-02-01T18:13:16+00:00","og_image":[{"width":1200,"height":675,"url":"https:\/\/theplayoffs.news\/fr\/wp-content\/uploads\/2023\/02\/Breanna-Stewart.webp","type":"image\/webp"}],"author":"Theophile Batica-ferreira","twitter_card":"summary_large_image","twitter_creator":"@TheFreeAgentFR","twitter_site":"@TheFreeAgentFR","twitter_misc":{"\u00c9crit par":"Theophile Batica-ferreira","Dur\u00e9e de lecture estim\u00e9e":"1 minute"},"schema":{"@context":"https:\/\/schema.org","@graph":[{"@type":"WebPage","@id":"https:\/\/theplayoffs.news\/fr\/wnba\/stewart-senvole-pour-la-liberty\/","url":"https:\/\/theplayoffs.news\/fr\/wnba\/stewart-senvole-pour-la-liberty\/","name":"Stewart s\\'envole pour la Liberty - The Playoffs FR","isPartOf":{"@id":"https:\/\/theplayoffs.news\/fr\/#website"},"primaryImageOfPage":{"@id":"https:\/\/theplayoffs.news\/fr\/wnba\/stewart-senvole-pour-la-liberty\/#primaryimage"},"image":{"@id":"https:\/\/theplayoffs.news\/fr\/wnba\/stewart-senvole-pour-la-liberty\/#primaryimage"},"thumbnailUrl":"https:\/\/theplayoffs.news\/fr\/wp-content\/uploads\/2023\/02\/Breanna-Stewart.webp","datePublished":"2023-02-01T18:06:06+00:00","dateModified":"2023-02-01T18:13:16+00:00","author":{"@id":"https:\/\/theplayoffs.news\/fr\/#\/schema\/person\/28782e5d11e28ced1db43166cecdaae9"},"breadcrumb":{"@id":"https:\/\/theplayoffs.news\/fr\/wnba\/stewart-senvole-pour-la-liberty\/#breadcrumb"},"inLanguage":"fr-FR","potentialAction":[{"@type":"ReadAction","target":["https:\/\/theplayoffs.news\/fr\/wnba\/stewart-senvole-pour-la-liberty\/"]}]},{"@type":"ImageObject","inLanguage":"fr-FR","@id":"https:\/\/theplayoffs.news\/fr\/wnba\/stewart-senvole-pour-la-liberty\/#primaryimage","url":"https:\/\/theplayoffs.news\/fr\/wp-content\/uploads\/2023\/02\/Breanna-Stewart.webp","contentUrl":"https:\/\/theplayoffs.news\/fr\/wp-content\/uploads\/2023\/02\/Breanna-Stewart.webp","width":1200,"height":675,"caption":"Breanna Stewart"},{"@type":"BreadcrumbList","@id":"https:\/\/theplayoffs.news\/fr\/wnba\/stewart-senvole-pour-la-liberty\/#breadcrumb","itemListElement":[{"@type":"ListItem","position":1,"name":"Accueil","item":"https:\/\/theplayoffs.news\/fr\/"},{"@type":"ListItem","position":2,"name":"Stewart s&rsquo;envole pour la Liberty"}]},{"@type":"WebSite","@id":"https:\/\/theplayoffs.news\/fr\/#website","url":"https:\/\/theplayoffs.news\/fr\/","name":"The Playoffs FR","description":"NBA-NFL-NHL-MLB","potentialAction":[{"@type":"SearchAction","target":{"@type":"EntryPoint","urlTemplate":"https:\/\/theplayoffs.news\/fr\/?s={search_term_string}"},"query-input":{"@type":"PropertyValueSpecification","valueRequired":true,"valueName":"search_term_string"}}],"inLanguage":"fr-FR"},{"@type":"Person","@id":"https:\/\/theplayoffs.news\/fr\/#\/schema\/person\/28782e5d11e28ced1db43166cecdaae9","name":"Theophile Batica-ferreira","image":{"@type":"ImageObject","inLanguage":"fr-FR","@id":"https:\/\/theplayoffs.news\/fr\/#\/schema\/person\/image\/","url":"https:\/\/secure.gravatar.com\/avatar\/2a8200ad0411f8ebd27c6b41622c1d7589cdf53cfc6c271372dbe6fbfd1e8159?s=96&d=mm&r=g","contentUrl":"https:\/\/secure.gravatar.com\/avatar\/2a8200ad0411f8ebd27c6b41622c1d7589cdf53cfc6c271372dbe6fbfd1e8159?s=96&d=mm&r=g","caption":"Theophile Batica-ferreira"},"url":"https:\/\/theplayoffs.news\/fr\/author\/theophile-batica-ferreiramediaschool-me\/"}]}},"_links":{"self":[{"href":"https:\/\/theplayoffs.news\/fr\/wp-json\/wp\/v2\/posts\/553560","targetHints":{"allow":["GET"]}}],"collection":[{"href":"https:\/\/theplayoffs.news\/fr\/wp-json\/wp\/v2\/posts"}],"about":[{"href":"https:\/\/theplayoffs.news\/fr\/wp-json\/wp\/v2\/types\/post"}],"author":[{"embeddable":true,"href":"https:\/\/theplayoffs.news\/fr\/wp-json\/wp\/v2\/users\/180310140"}],"replies":[{"embeddable":true,"href":"https:\/\/theplayoffs.news\/fr\/wp-json\/wp\/v2\/comments?post=553560"}],"version-history":[{"count":3,"href":"https:\/\/theplayoffs.news\/fr\/wp-json\/wp\/v2\/posts\/553560\/revisions"}],"predecessor-version":[{"id":553566,"href":"https:\/\/theplayoffs.news\/fr\/wp-json\/wp\/v2\/posts\/553560\/revisions\/553566"}],"wp:featuredmedia":[{"embeddable":true,"href":"https:\/\/theplayoffs.news\/fr\/wp-json\/wp\/v2\/media\/553564"}],"wp:attachment":[{"href":"https:\/\/theplayoffs.news\/fr\/wp-json\/wp\/v2\/media?parent=553560"}],"wp:term":[{"taxonomy":"category","embeddable":true,"href":"https:\/\/theplayoffs.news\/fr\/wp-json\/wp\/v2\/categories?post=553560"},{"taxonomy":"post_tag","embeddable":true,"href":"https:\/\/theplayoffs.news\/fr\/wp-json\/wp\/v2\/tags?post=553560"},{"taxonomy":"sport","embeddable":true,"href":"https:\/\/theplayoffs.news\/fr\/wp-json\/wp\/v2\/sport?post=553560"},{"taxonomy":"saison","embeddable":true,"href":"https:\/\/theplayoffs.news\/fr\/wp-json\/wp\/v2\/saison?post=553560"}],"curies":[{"name":"wp","href":"https:\/\/api.w.org\/{rel}","templated":true}]}}