{"id":552014,"date":"2023-01-31T18:55:43","date_gmt":"2023-01-31T17:55:43","guid":{"rendered":"https:\/\/theplayoffs.news\/fr\/?p=552014"},"modified":"2023-01-31T18:55:43","modified_gmt":"2023-01-31T17:55:43","slug":"bo-horvat-membre-des-islanders","status":"publish","type":"post","link":"https:\/\/theplayoffs.news\/fr\/actualite-nhl\/bo-horvat-membre-des-islanders\/","title":{"rendered":"Bo Horvat membre des Islanders"},"content":{"rendered":"<h2>Bo Horvat &eacute;chang&eacute; &agrave; New York<\/h2><blockquote class=\"twitter-tweet\" data-width=\"500\" data-dnt=\"true\">\n<p lang=\"en\" dir=\"ltr\"><a href=\"https:\/\/twitter.com\/hashtag\/Isles?src=hash&amp;ref_src=twsrc%5Etfw\" class=\"trk-cta-link\" data-cta-trk='{\"ctaType\":\"Link\",\"ctaSubType\":\"main\"}'>#Isles<\/a> News: The New York Islanders have acquired Bo Horvat from the Vancouver Canucks, in exchange for Anthony Beauvillier, Aatu Raty and a conditional first round selection in the 2023 NHL Draft.<\/p>\n<p>&mdash; New York Islanders (@NYIslanders) <a href=\"https:\/\/twitter.com\/NYIslanders\/status\/1620190985266380805?ref_src=twsrc%5Etfw\" class=\"trk-cta-link\" data-cta-trk='{\"ctaType\":\"Link\",\"ctaSubType\":\"main\"}'>January 30, 2023<\/a><\/p><\/blockquote><p><script async src=\"https:\/\/platform.twitter.com\/widgets.js\" charset=\"utf-8\"><\/script><\/p><p>Le capitaine des <strong>Canucks de Vancouver, <a href=\"https:\/\/theplayoffs.news\/fr\/joueur\/bo-horvat-nhl-6084004\/\" class=\"trk-cta-link\" data-cta-trk='{\"ctaType\":\"Link\",\"ctaSubType\":\"main\"}'>Bo Horvat<\/a><\/strong>, a &eacute;t&eacute; &eacute;chang&eacute; dans la nuit du 30 au 31 janvier 2023 en direction des <strong>Islanders de New York<\/strong>. <a href=\"https:\/\/theplayoffs.news\/fr\/joueur\/anthony-beauvillier-nhl-7808214\/\" class=\"trk-cta-link\" data-cta-trk='{\"ctaType\":\"Link\",\"ctaSubType\":\"main\"}'><strong>Anthony Beauvillier<\/strong><\/a>, <a href=\"https:\/\/theplayoffs.news\/fr\/joueur\/aatu-raty-nhl-9749824\/\" class=\"trk-cta-link\" data-cta-trk='{\"ctaType\":\"Link\",\"ctaSubType\":\"main\"}'><strong>Aatu Raty<\/strong><\/a> ainsi qu&rsquo;un choix de 1er tour prot&eacute;g&eacute; du top 12 du rep&ecirc;chage 2023 font le chemin inverse.<\/p><p>&nbsp;<\/p><h3>Les Canucks perdants ?<\/h3><p>Les <strong>Islanders<\/strong> ont frapp&eacute; fort cette nuit avec l&rsquo;acquisition du centre de 27 ans, <strong>Bo Horvat<\/strong>, qui est en train d&rsquo;effectuer une saison record pour lui puisqu&rsquo;il enregistre un total de 54 points, dont 31 buts et 23 passes d&eacute;cisives en seulement 49 matchs. Il est donc &agrave; seulement 7 points d&rsquo;&eacute;galiser son record en saison r&eacute;guli&egrave;re (61 points). En proc&eacute;dant &agrave; cet &eacute;change, les <strong>New York Islanders<\/strong> tentent de se relancer puisqu&rsquo;ils sont actuellement &agrave; la 6e place de la division m&eacute;tropolitaine avec 55 points en 52 parties, ce qui les placent &agrave; 3 points de la wild-card occup&eacute;e par <strong>Pittsburgh<\/strong>, synonyme de qualification en play-offs. <a href=\"https:\/\/theplayoffs.news\/fr\/joueur\/bo-horvat-nhl-6084004\/\" class=\"trk-cta-link\" data-cta-trk='{\"ctaType\":\"Link\",\"ctaSubType\":\"main\"}'><strong>Bo Horvat<\/strong><\/a> a &eacute;galement affirm&eacute; &ecirc;tre tr&egrave;s enthousiaste &agrave; l&rsquo;id&eacute;e de rejoindre sa nouvelle &eacute;quipe en conf&eacute;rence de presse.<\/p><blockquote class=\"twitter-tweet\" data-width=\"500\" data-dnt=\"true\">\n<p lang=\"en\" dir=\"ltr\">Bo Horvat is excited to be an Islander. <a href=\"https:\/\/t.co\/EquFNPjTGB\" class=\"trk-cta-link\" data-cta-trk='{\"ctaType\":\"Link\",\"ctaSubType\":\"main\"}'>pic.twitter.com\/EquFNPjTGB<\/a><\/p>\n<p>&mdash; New York Islanders (@NYIslanders) <a href=\"https:\/\/twitter.com\/NYIslanders\/status\/1620214166371049472?ref_src=twsrc%5Etfw\" class=\"trk-cta-link\" data-cta-trk='{\"ctaType\":\"Link\",\"ctaSubType\":\"main\"}'>January 31, 2023<\/a><\/p><\/blockquote><p><script async src=\"https:\/\/platform.twitter.com\/widgets.js\" charset=\"utf-8\"><\/script><\/p><p>&nbsp;<\/p><p>Suite &agrave; la perte de leur capitaine <strong>Bo Horvat<\/strong>, <strong>Vancouver<\/strong> navigue en plein brouillard en recevant <strong>Anthony Beauvillier<\/strong>, ailier gauche de 25 ans, <strong>Aatu Raty<\/strong>, jeune centre de 20 ans ainsi qu&rsquo;un choix de 1er tour prot&eacute;g&eacute; du top 12 du rep&ecirc;chage 2023. Cet &eacute;change semble mener nulle part cette &eacute;quipe des <strong>Canucks<\/strong> en pleine perdition puisqu&rsquo;en l&rsquo;espace de 2 semaines, ils ont limog&eacute; leur ancien entraineur chef <strong>Bruce Boudreau<\/strong> avant d&rsquo;&eacute;changer <strong>Bo Horvat<\/strong>, qui semblait &ecirc;tre leur meilleur joueur cette saison, &agrave; d&eacute;faut d&rsquo;avoir trouv&eacute; un terrain d&rsquo;entente pour sa prolongation de contrat. Cette d&eacute;cision a donc marqu&eacute; le nouveau membre des <strong>Islanders<\/strong> quand il a d&eacute;clar&eacute; ceci d&rsquo;apr&egrave;s le journaliste tr&egrave;s r&eacute;put&eacute; <strong>Elliotte Friedman<\/strong> :<\/p><blockquote><p>&laquo;&nbsp;Je pensais que j&rsquo;allais &ecirc;tre un Canuck pour la vie. Les choses ne se sont pas pass&eacute;es comme &ccedil;a. &Ccedil;a n&rsquo;a pas &eacute;t&eacute; une ann&eacute;e facile.&nbsp;&raquo;<\/p>\n<p><em>Bo Horvat (Sportsnet)<\/em><\/p><\/blockquote><p>&nbsp;<\/p><blockquote class=\"twitter-tweet\" data-width=\"500\" data-dnt=\"true\">\n<p lang=\"en\" dir=\"ltr\">Horvat: &ldquo;I thought I was going to be a Canuck for life. Things didn&rsquo;t work out that way.&rdquo; Adds, &ldquo;It hasn&rsquo;t been an easy year.&rdquo; Definitely looking forward to joining the Islanders, says no contract discussions yet.<\/p>\n<p>&mdash; Elliotte Friedman (@FriedgeHNIC) <a href=\"https:\/\/twitter.com\/FriedgeHNIC\/status\/1620213612584538113?ref_src=twsrc%5Etfw\" class=\"trk-cta-link\" data-cta-trk='{\"ctaType\":\"Link\",\"ctaSubType\":\"main\"}'>January 31, 2023<\/a><\/p><\/blockquote><p><script async src=\"https:\/\/platform.twitter.com\/widgets.js\" charset=\"utf-8\"><\/script><\/p><p>Seul le choix de 1er tour prot&eacute;g&eacute; du top 12 du rep&ecirc;chage 2023 des <strong>Islanders<\/strong> pourrait leur rapporter gros dans ce trade tant le vivier d&rsquo;espoirs &eacute;ligible &agrave; ce draft sont talentueux. De plus, la franchise semble d&eacute;j&agrave; tourn&eacute;e vers l&rsquo;avenir puisque le <strong>directeur g&eacute;n&eacute;ral des Canucks Patrik Allvin<\/strong> aurait affirm&eacute; &agrave; <strong>Iain MacIntyre<\/strong>, journaliste pour Sportsnet et sp&eacute;cialiste de Vancouver, qu&rsquo;<a href=\"https:\/\/theplayoffs.news\/fr\/joueur\/elias-pettersson-vancouver-canucks-nhl\/\" class=\"trk-cta-link\" data-cta-trk='{\"ctaType\":\"Link\",\"ctaSubType\":\"main\"}'><strong>Elias Pettersson<\/strong><\/a> et <a href=\"https:\/\/theplayoffs.news\/fr\/joueur\/quinn-hughes-vancouver-canucks-nhl\/\" class=\"trk-cta-link\" data-cta-trk='{\"ctaType\":\"Link\",\"ctaSubType\":\"main\"}'><strong>Quinn Hughes<\/strong><\/a> seraient pr&ecirc;t &agrave; prendre les choses en mains &agrave; <strong>Vancouver<\/strong>. Il reste maintenant &agrave; savoir si les deux joueurs feront autant preuve de leadership que <strong>Bo Horvat<\/strong> en dehors de la glace.<\/p><p>&nbsp;<\/p><blockquote class=\"twitter-tweet\" data-width=\"500\" data-dnt=\"true\">\n<p lang=\"en\" dir=\"ltr\">After trading away his team's captain, Canucks GM Patrik Allvin suggested that Elias Pettersson and Quinn Hughes are ready to take &ldquo;over this team.&rdquo;<\/p>\n<p>On the ice, they may be. But off the ice, Horvat's leadership won't be easily replaced. (<a href=\"https:\/\/twitter.com\/imacSportsnet?ref_src=twsrc%5Etfw\" class=\"trk-cta-link\" data-cta-trk='{\"ctaType\":\"Link\",\"ctaSubType\":\"main\"}'>@imacSportsnet<\/a>) <a href=\"https:\/\/t.co\/Qk39hdYSMj\" class=\"trk-cta-link\" data-cta-trk='{\"ctaType\":\"Link\",\"ctaSubType\":\"main\"}'>https:\/\/t.co\/Qk39hdYSMj<\/a><\/p>\n<p>&mdash; Sportsnet (@Sportsnet) <a href=\"https:\/\/twitter.com\/Sportsnet\/status\/1620312052052156416?ref_src=twsrc%5Etfw\" class=\"trk-cta-link\" data-cta-trk='{\"ctaType\":\"Link\",\"ctaSubType\":\"main\"}'>January 31, 2023<\/a><\/p><\/blockquote><p><script async src=\"https:\/\/platform.twitter.com\/widgets.js\" charset=\"utf-8\"><\/script><\/p>\n","protected":false},"excerpt":{"rendered":"","protected":false},"author":180310148,"featured_media":552029,"comment_status":"open","ping_status":"closed","sticky":false,"template":"","format":"standard","meta":{"inline_featured_image":false,"kia_subtitle":"","_mux_skip_reasons":[],"proofreadBy":0,"footnotes":""},"categories":[187,26],"tags":[1908,5406],"sport":[],"saison":[],"class_list":["post-552014","post","type-post","status-publish","format-standard","has-post-thumbnail","hentry","category-actualite-nhl","category-nhl","tag-bo-horvat","tag-canucks-de-vancouver"],"acf":[],"yoast_head":"<!-- This site is optimized with the Yoast SEO plugin v24.2 - https:\/\/yoast.com\/wordpress\/plugins\/seo\/ -->\n<title>Bo Horvat membre des Islanders - The Playoffs FR<\/title>\n<meta name=\"robots\" content=\"index, follow, max-snippet:-1, max-image-preview:large, max-video-preview:-1\" \/>\n<link rel=\"canonical\" href=\"https:\/\/theplayoffs.news\/fr\/actualite-nhl\/bo-horvat-membre-des-islanders\/\" \/>\n<meta property=\"og:locale\" content=\"fr_FR\" \/>\n<meta property=\"og:type\" content=\"article\" \/>\n<meta property=\"og:title\" content=\"Bo Horvat membre des Islanders - The Playoffs FR\" \/>\n<meta property=\"og:url\" content=\"https:\/\/theplayoffs.news\/fr\/actualite-nhl\/bo-horvat-membre-des-islanders\/\" \/>\n<meta property=\"og:site_name\" content=\"The Playoffs FR\" \/>\n<meta property=\"article:publisher\" content=\"https:\/\/www.facebook.com\/TheFreeAgentFR\/\" \/>\n<meta property=\"article:modified_time\" content=\"2023-01-31T18:55:43+01:00\" \/>\n<meta property=\"og:image\" content=\"https:\/\/theplayoffs.news\/fr\/wp-content\/uploads\/2023\/01\/horvat.jpg\" \/>\n\t<meta property=\"og:image:width\" content=\"317\" \/>\n\t<meta property=\"og:image:height\" content=\"184\" \/>\n\t<meta property=\"og:image:type\" content=\"image\/jpeg\" \/>\n<meta name=\"author\" content=\"Rapha\u00ebl Dangueuger\" \/>\n<meta name=\"twitter:card\" content=\"summary_large_image\" \/>\n<meta name=\"twitter:creator\" content=\"@TheFreeAgentFR\" \/>\n<meta name=\"twitter:site\" content=\"@TheFreeAgentFR\" \/>\n<meta name=\"twitter:label1\" content=\"\u00c9crit par\" \/>\n\t<meta name=\"twitter:data1\" content=\"Rapha\u00ebl Dangueuger\" \/>\n\t<meta name=\"twitter:label2\" content=\"Dur\u00e9e de lecture estim\u00e9e\" \/>\n\t<meta name=\"twitter:data2\" content=\"2 minutes\" \/>\n<script type=\"application\/ld+json\" class=\"yoast-schema-graph\">{\"@context\":\"https:\/\/schema.org\",\"@graph\":[{\"@type\":\"WebPage\",\"@id\":\"https:\/\/theplayoffs.news\/fr\/actualite-nhl\/bo-horvat-membre-des-islanders\/\",\"url\":\"https:\/\/theplayoffs.news\/fr\/actualite-nhl\/bo-horvat-membre-des-islanders\/\",\"name\":\"Bo Horvat membre des Islanders - The Playoffs FR\",\"isPartOf\":{\"@id\":\"https:\/\/theplayoffs.news\/fr\/#website\"},\"primaryImageOfPage\":{\"@id\":\"https:\/\/theplayoffs.news\/fr\/actualite-nhl\/bo-horvat-membre-des-islanders\/#primaryimage\"},\"image\":{\"@id\":\"https:\/\/theplayoffs.news\/fr\/actualite-nhl\/bo-horvat-membre-des-islanders\/#primaryimage\"},\"thumbnailUrl\":\"https:\/\/theplayoffs.news\/fr\/wp-content\/uploads\/2023\/01\/horvat.jpg\",\"datePublished\":\"2023-01-31T17:55:43+00:00\",\"dateModified\":\"2023-01-31T17:55:43+00:00\",\"author\":{\"@id\":\"https:\/\/theplayoffs.news\/fr\/#\/schema\/person\/4b02b53432403b95b5e8ccbd4da65f97\"},\"breadcrumb\":{\"@id\":\"https:\/\/theplayoffs.news\/fr\/actualite-nhl\/bo-horvat-membre-des-islanders\/#breadcrumb\"},\"inLanguage\":\"fr-FR\",\"potentialAction\":[{\"@type\":\"ReadAction\",\"target\":[\"https:\/\/theplayoffs.news\/fr\/actualite-nhl\/bo-horvat-membre-des-islanders\/\"]}]},{\"@type\":\"ImageObject\",\"inLanguage\":\"fr-FR\",\"@id\":\"https:\/\/theplayoffs.news\/fr\/actualite-nhl\/bo-horvat-membre-des-islanders\/#primaryimage\",\"url\":\"https:\/\/theplayoffs.news\/fr\/wp-content\/uploads\/2023\/01\/horvat.jpg\",\"contentUrl\":\"https:\/\/theplayoffs.news\/fr\/wp-content\/uploads\/2023\/01\/horvat.jpg\",\"width\":317,\"height\":184,\"caption\":\"Bo Horvat\"},{\"@type\":\"BreadcrumbList\",\"@id\":\"https:\/\/theplayoffs.news\/fr\/actualite-nhl\/bo-horvat-membre-des-islanders\/#breadcrumb\",\"itemListElement\":[{\"@type\":\"ListItem\",\"position\":1,\"name\":\"Accueil\",\"item\":\"https:\/\/theplayoffs.news\/fr\/\"},{\"@type\":\"ListItem\",\"position\":2,\"name\":\"Bo Horvat membre des Islanders\"}]},{\"@type\":\"WebSite\",\"@id\":\"https:\/\/theplayoffs.news\/fr\/#website\",\"url\":\"https:\/\/theplayoffs.news\/fr\/\",\"name\":\"The Playoffs FR\",\"description\":\"NBA-NFL-NHL-MLB\",\"potentialAction\":[{\"@type\":\"SearchAction\",\"target\":{\"@type\":\"EntryPoint\",\"urlTemplate\":\"https:\/\/theplayoffs.news\/fr\/?s={search_term_string}\"},\"query-input\":{\"@type\":\"PropertyValueSpecification\",\"valueRequired\":true,\"valueName\":\"search_term_string\"}}],\"inLanguage\":\"fr-FR\"},{\"@type\":\"Person\",\"@id\":\"https:\/\/theplayoffs.news\/fr\/#\/schema\/person\/4b02b53432403b95b5e8ccbd4da65f97\",\"name\":\"Rapha\u00ebl Dangueuger\",\"image\":{\"@type\":\"ImageObject\",\"inLanguage\":\"fr-FR\",\"@id\":\"https:\/\/theplayoffs.news\/fr\/#\/schema\/person\/image\/\",\"url\":\"https:\/\/secure.gravatar.com\/avatar\/18c9032760c2b9c175c3f0c3b7c2cb563384755cdbc1a585e4cc6d57b742cfed?s=96&d=mm&r=g\",\"contentUrl\":\"https:\/\/secure.gravatar.com\/avatar\/18c9032760c2b9c175c3f0c3b7c2cb563384755cdbc1a585e4cc6d57b742cfed?s=96&d=mm&r=g\",\"caption\":\"Rapha\u00ebl Dangueuger\"},\"url\":\"https:\/\/theplayoffs.news\/fr\/author\/rdangueugeroutlook-fr\/\"}]}<\/script>\n<!-- \/ Yoast SEO plugin. -->","yoast_head_json":{"title":"Bo Horvat membre des Islanders - The Playoffs FR","robots":{"index":"index","follow":"follow","max-snippet":"max-snippet:-1","max-image-preview":"max-image-preview:large","max-video-preview":"max-video-preview:-1"},"canonical":"https:\/\/theplayoffs.news\/fr\/actualite-nhl\/bo-horvat-membre-des-islanders\/","og_locale":"fr_FR","og_type":"article","og_title":"Bo Horvat membre des Islanders - The Playoffs FR","og_url":"https:\/\/theplayoffs.news\/fr\/actualite-nhl\/bo-horvat-membre-des-islanders\/","og_site_name":"The Playoffs FR","article_publisher":"https:\/\/www.facebook.com\/TheFreeAgentFR\/","og_image":[{"width":317,"height":184,"url":"https:\/\/theplayoffs.news\/fr\/wp-content\/uploads\/2023\/01\/horvat.jpg","type":"image\/jpeg"}],"author":"Rapha\u00ebl Dangueuger","twitter_card":"summary_large_image","twitter_creator":"@TheFreeAgentFR","twitter_site":"@TheFreeAgentFR","twitter_misc":{"\u00c9crit par":"Rapha\u00ebl Dangueuger","Dur\u00e9e de lecture estim\u00e9e":"2 minutes"},"schema":{"@context":"https:\/\/schema.org","@graph":[{"@type":"WebPage","@id":"https:\/\/theplayoffs.news\/fr\/actualite-nhl\/bo-horvat-membre-des-islanders\/","url":"https:\/\/theplayoffs.news\/fr\/actualite-nhl\/bo-horvat-membre-des-islanders\/","name":"Bo Horvat membre des Islanders - The Playoffs FR","isPartOf":{"@id":"https:\/\/theplayoffs.news\/fr\/#website"},"primaryImageOfPage":{"@id":"https:\/\/theplayoffs.news\/fr\/actualite-nhl\/bo-horvat-membre-des-islanders\/#primaryimage"},"image":{"@id":"https:\/\/theplayoffs.news\/fr\/actualite-nhl\/bo-horvat-membre-des-islanders\/#primaryimage"},"thumbnailUrl":"https:\/\/theplayoffs.news\/fr\/wp-content\/uploads\/2023\/01\/horvat.jpg","datePublished":"2023-01-31T17:55:43+00:00","dateModified":"2023-01-31T17:55:43+00:00","author":{"@id":"https:\/\/theplayoffs.news\/fr\/#\/schema\/person\/4b02b53432403b95b5e8ccbd4da65f97"},"breadcrumb":{"@id":"https:\/\/theplayoffs.news\/fr\/actualite-nhl\/bo-horvat-membre-des-islanders\/#breadcrumb"},"inLanguage":"fr-FR","potentialAction":[{"@type":"ReadAction","target":["https:\/\/theplayoffs.news\/fr\/actualite-nhl\/bo-horvat-membre-des-islanders\/"]}]},{"@type":"ImageObject","inLanguage":"fr-FR","@id":"https:\/\/theplayoffs.news\/fr\/actualite-nhl\/bo-horvat-membre-des-islanders\/#primaryimage","url":"https:\/\/theplayoffs.news\/fr\/wp-content\/uploads\/2023\/01\/horvat.jpg","contentUrl":"https:\/\/theplayoffs.news\/fr\/wp-content\/uploads\/2023\/01\/horvat.jpg","width":317,"height":184,"caption":"Bo Horvat"},{"@type":"BreadcrumbList","@id":"https:\/\/theplayoffs.news\/fr\/actualite-nhl\/bo-horvat-membre-des-islanders\/#breadcrumb","itemListElement":[{"@type":"ListItem","position":1,"name":"Accueil","item":"https:\/\/theplayoffs.news\/fr\/"},{"@type":"ListItem","position":2,"name":"Bo Horvat membre des Islanders"}]},{"@type":"WebSite","@id":"https:\/\/theplayoffs.news\/fr\/#website","url":"https:\/\/theplayoffs.news\/fr\/","name":"The Playoffs FR","description":"NBA-NFL-NHL-MLB","potentialAction":[{"@type":"SearchAction","target":{"@type":"EntryPoint","urlTemplate":"https:\/\/theplayoffs.news\/fr\/?s={search_term_string}"},"query-input":{"@type":"PropertyValueSpecification","valueRequired":true,"valueName":"search_term_string"}}],"inLanguage":"fr-FR"},{"@type":"Person","@id":"https:\/\/theplayoffs.news\/fr\/#\/schema\/person\/4b02b53432403b95b5e8ccbd4da65f97","name":"Rapha\u00ebl Dangueuger","image":{"@type":"ImageObject","inLanguage":"fr-FR","@id":"https:\/\/theplayoffs.news\/fr\/#\/schema\/person\/image\/","url":"https:\/\/secure.gravatar.com\/avatar\/18c9032760c2b9c175c3f0c3b7c2cb563384755cdbc1a585e4cc6d57b742cfed?s=96&d=mm&r=g","contentUrl":"https:\/\/secure.gravatar.com\/avatar\/18c9032760c2b9c175c3f0c3b7c2cb563384755cdbc1a585e4cc6d57b742cfed?s=96&d=mm&r=g","caption":"Rapha\u00ebl Dangueuger"},"url":"https:\/\/theplayoffs.news\/fr\/author\/rdangueugeroutlook-fr\/"}]}},"_links":{"self":[{"href":"https:\/\/theplayoffs.news\/fr\/wp-json\/wp\/v2\/posts\/552014","targetHints":{"allow":["GET"]}}],"collection":[{"href":"https:\/\/theplayoffs.news\/fr\/wp-json\/wp\/v2\/posts"}],"about":[{"href":"https:\/\/theplayoffs.news\/fr\/wp-json\/wp\/v2\/types\/post"}],"author":[{"embeddable":true,"href":"https:\/\/theplayoffs.news\/fr\/wp-json\/wp\/v2\/users\/180310148"}],"replies":[{"embeddable":true,"href":"https:\/\/theplayoffs.news\/fr\/wp-json\/wp\/v2\/comments?post=552014"}],"version-history":[{"count":2,"href":"https:\/\/theplayoffs.news\/fr\/wp-json\/wp\/v2\/posts\/552014\/revisions"}],"predecessor-version":[{"id":552036,"href":"https:\/\/theplayoffs.news\/fr\/wp-json\/wp\/v2\/posts\/552014\/revisions\/552036"}],"wp:featuredmedia":[{"embeddable":true,"href":"https:\/\/theplayoffs.news\/fr\/wp-json\/wp\/v2\/media\/552029"}],"wp:attachment":[{"href":"https:\/\/theplayoffs.news\/fr\/wp-json\/wp\/v2\/media?parent=552014"}],"wp:term":[{"taxonomy":"category","embeddable":true,"href":"https:\/\/theplayoffs.news\/fr\/wp-json\/wp\/v2\/categories?post=552014"},{"taxonomy":"post_tag","embeddable":true,"href":"https:\/\/theplayoffs.news\/fr\/wp-json\/wp\/v2\/tags?post=552014"},{"taxonomy":"sport","embeddable":true,"href":"https:\/\/theplayoffs.news\/fr\/wp-json\/wp\/v2\/sport?post=552014"},{"taxonomy":"saison","embeddable":true,"href":"https:\/\/theplayoffs.news\/fr\/wp-json\/wp\/v2\/saison?post=552014"}],"curies":[{"name":"wp","href":"https:\/\/api.w.org\/{rel}","templated":true}]}}