{"id":551941,"date":"2023-01-31T11:56:12","date_gmt":"2023-01-31T10:56:12","guid":{"rendered":"https:\/\/theplayoffs.news\/fr\/?p=551941"},"modified":"2023-01-31T14:42:49","modified_gmt":"2023-01-31T13:42:49","slug":"bradley-chubb-remplace-khalil-mack-au-pro-bowl","status":"publish","type":"post","link":"https:\/\/theplayoffs.news\/fr\/actualite-nfl\/bradley-chubb-remplace-khalil-mack-au-pro-bowl\/","title":{"rendered":"Bradley Chubb remplace Khalil Mack au Pro Bowl !"},"content":{"rendered":"<h2>Le Pro Bowl 2023 a lieu le 5 f&eacute;vrier dans la banlieue de Las Vegas, &agrave; Paradise. Bradley Chubb remplace Khalil Mack des Chargers, bless&eacute; !<\/h2><p>&nbsp;<\/p><p><a href=\"https:\/\/theplayoffs.news\/fr\/joueur\/khalil-mack-nfl-33420\/\" class=\"trk-cta-link\" data-cta-trk='{\"ctaType\":\"Link\",\"ctaSubType\":\"main\"}'>Mack<\/a>, la star d&eacute;fensive des <a href=\"https:\/\/theplayoffs.news\/fr\/equipe\/los-angeles-chargers-nfl\/\" class=\"trk-cta-link\" data-cta-trk='{\"ctaType\":\"Link\",\"ctaSubType\":\"main\"}'>Chargers<\/a>, auteur de 8 sacks et de 42 Plaquages dont 25 en solo, a d&eacute;clar&eacute; forfait pour le all star game de la NFL.<\/p><p>Il a donc &eacute;t&eacute; remplac&eacute; par le Linebacker des <a href=\"https:\/\/theplayoffs.news\/fr\/equipe\/miami-dolphins-nfl\/\" class=\"trk-cta-link\" data-cta-trk='{\"ctaType\":\"Link\",\"ctaSubType\":\"main\"}'>Dolphins<\/a>, <a href=\"https:\/\/theplayoffs.news\/fr\/joueur\/bradley-chubb-nfl-6233466\/\" class=\"trk-cta-link\" data-cta-trk='{\"ctaType\":\"Link\",\"ctaSubType\":\"main\"}'>Bradley Chubb<\/a>. C&rsquo;est la seconde apparition de Chubb&nbsp; au Pro Bowl, apr&egrave;s celle de 2020.<\/p><p>Bradley Chubb, trad&eacute; en cours de saison par les <a href=\"https:\/\/theplayoffs.news\/fr\/equipe\/denver-broncos-nfl\/\" class=\"trk-cta-link\" data-cta-trk='{\"ctaType\":\"Link\",\"ctaSubType\":\"main\"}'>Broncos<\/a>, a &eacute;t&eacute; l&rsquo;auteur de 5.5 sacks et 24 plaquages en 8 matchs &agrave; Denver&nbsp; et de 2.5 sacks et 11 plaquages &agrave; Miami pour les 8 autres, pour un total de 8 sacks et de 35 plaquages. Nous pouvons rajouter &agrave; cela 1 passe d&eacute;fendue et un record de carri&egrave;re de 3 fumbles forc&eacute;s.<\/p><p>3 de ses 8 sacks ont &eacute;t&eacute; ce qu&rsquo;on appelle des &laquo;&nbsp;Strip-sacks&nbsp;&raquo;, c&rsquo;est &agrave; dire des sacks ayant entrain&eacute; des fumbles des Quarterbacks.<\/p><p>Chubb devient &agrave; cette occasion le 4&egrave;me joueur des Dolphins a &ecirc;tre s&eacute;lectionn&eacute; dans la cuv&eacute;e 2023 pour repr&eacute;senter l&rsquo;AFC. Il rejoint le Tackle <a href=\"https:\/\/theplayoffs.news\/fr\/joueur\/terron-armstead-nfl-31642\/\" class=\"trk-cta-link\" data-cta-trk='{\"ctaType\":\"Link\",\"ctaSubType\":\"main\"}'>Terron Armstead<\/a>, le cornerback <a href=\"https:\/\/theplayoffs.news\/fr\/joueur\/xavien-howard-nfl-5957870\/\" class=\"trk-cta-link\" data-cta-trk='{\"ctaType\":\"Link\",\"ctaSubType\":\"main\"}'>Xavien &laquo;&nbsp;X-Man&nbsp;&raquo; Howard<\/a> et le receveur d&rsquo;exception, <a href=\"https:\/\/theplayoffs.news\/fr\/joueur\/tyreek-hill-miami-dolphins-nfl\/\" class=\"trk-cta-link\" data-cta-trk='{\"ctaType\":\"Link\",\"ctaSubType\":\"main\"}'>Tyreek Hill.<\/a><\/p><p>C&rsquo;est la premi&egrave;re fois depuis 2016 que les Dolphins envoient autant de joueurs au Pro Bowl. Ce fut l&rsquo;ann&eacute;e des derniers playoffs de l&rsquo;&eacute;quipe de Miami (avant cette ann&eacute;e) en 2016 lorsque Jay Ajayi (Rb), <a href=\"https:\/\/theplayoffs.news\/fr\/joueur\/jarvis-landry-new-orleans-saints-nfl\/\" class=\"trk-cta-link\" data-cta-trk='{\"ctaType\":\"Link\",\"ctaSubType\":\"main\"}'>Jarvis Landry<\/a> (Wr), <a href=\"https:\/\/theplayoffs.news\/fr\/joueur\/ndamukong-suh-nfl-26468\/\" class=\"trk-cta-link\" data-cta-trk='{\"ctaType\":\"Link\",\"ctaSubType\":\"main\"}'>Ndamukong Suh<\/a> (DT) et Cameron Wake (DE) avaient &eacute;t&eacute; invit&eacute;s &agrave; la kermesse du foot pro, qui avait lieu encore &agrave; Hawaii &agrave; ce moment l&agrave;.<\/p><p><a href=\"https:\/\/theplayoffs.news\/fr\/nfl\/les-eagles-majoritaires-au-pro-bowl\/\" class=\"trk-cta-link\" data-cta-trk='{\"ctaType\":\"Link\",\"ctaSubType\":\"main\"}'>Voici le roster 2023<\/a>.<\/p><p>&nbsp;<\/p><p>&nbsp;<\/p>\n","protected":false},"excerpt":{"rendered":"","protected":false},"author":180309965,"featured_media":551959,"comment_status":"open","ping_status":"closed","sticky":false,"template":"","format":"standard","meta":{"inline_featured_image":false,"kia_subtitle":"","_mux_skip_reasons":[],"proofreadBy":0,"footnotes":""},"categories":[118,40],"tags":[2551,888,864],"sport":[],"saison":[3453],"class_list":["post-551941","post","type-post","status-publish","format-standard","has-post-thumbnail","hentry","category-actualite-nfl","category-nfl","tag-bradley-chubb","tag-khalil-mack","tag-miami-dolphins","saison-3453"],"acf":[],"yoast_head":"<!-- This site is optimized with the Yoast SEO plugin v24.2 - https:\/\/yoast.com\/wordpress\/plugins\/seo\/ -->\n<title>Bradley Chubb remplace Khalil Mack au Pro Bowl ! - The Playoffs FR<\/title>\n<meta name=\"robots\" content=\"index, follow, max-snippet:-1, max-image-preview:large, max-video-preview:-1\" \/>\n<link rel=\"canonical\" href=\"https:\/\/theplayoffs.news\/fr\/actualite-nfl\/bradley-chubb-remplace-khalil-mack-au-pro-bowl\/\" \/>\n<meta property=\"og:locale\" content=\"fr_FR\" \/>\n<meta property=\"og:type\" content=\"article\" \/>\n<meta property=\"og:title\" content=\"Bradley Chubb remplace Khalil Mack au Pro Bowl ! - The Playoffs FR\" \/>\n<meta property=\"og:url\" content=\"https:\/\/theplayoffs.news\/fr\/actualite-nfl\/bradley-chubb-remplace-khalil-mack-au-pro-bowl\/\" \/>\n<meta property=\"og:site_name\" content=\"The Playoffs FR\" \/>\n<meta property=\"article:publisher\" content=\"https:\/\/www.facebook.com\/TheFreeAgentFR\/\" \/>\n<meta property=\"article:modified_time\" content=\"2023-01-31T14:42:49+01:00\" \/>\n<meta property=\"og:image\" content=\"https:\/\/theplayoffs.news\/fr\/wp-content\/uploads\/2023\/01\/telechargement.jpg\" \/>\n\t<meta property=\"og:image:width\" content=\"1200\" \/>\n\t<meta property=\"og:image:height\" content=\"800\" \/>\n\t<meta property=\"og:image:type\" content=\"image\/jpeg\" \/>\n<meta name=\"author\" content=\"Yohan Inza\" \/>\n<meta name=\"twitter:card\" content=\"summary_large_image\" \/>\n<meta name=\"twitter:creator\" content=\"@TheFreeAgentFR\" \/>\n<meta name=\"twitter:site\" content=\"@TheFreeAgentFR\" \/>\n<meta name=\"twitter:label1\" content=\"\u00c9crit par\" \/>\n\t<meta name=\"twitter:data1\" content=\"Yohan Inza\" \/>\n\t<meta name=\"twitter:label2\" content=\"Dur\u00e9e de lecture estim\u00e9e\" \/>\n\t<meta name=\"twitter:data2\" content=\"1 minute\" \/>\n<script type=\"application\/ld+json\" class=\"yoast-schema-graph\">{\"@context\":\"https:\/\/schema.org\",\"@graph\":[{\"@type\":\"WebPage\",\"@id\":\"https:\/\/theplayoffs.news\/fr\/actualite-nfl\/bradley-chubb-remplace-khalil-mack-au-pro-bowl\/\",\"url\":\"https:\/\/theplayoffs.news\/fr\/actualite-nfl\/bradley-chubb-remplace-khalil-mack-au-pro-bowl\/\",\"name\":\"Bradley Chubb remplace Khalil Mack au Pro Bowl ! - The Playoffs FR\",\"isPartOf\":{\"@id\":\"https:\/\/theplayoffs.news\/fr\/#website\"},\"primaryImageOfPage\":{\"@id\":\"https:\/\/theplayoffs.news\/fr\/actualite-nfl\/bradley-chubb-remplace-khalil-mack-au-pro-bowl\/#primaryimage\"},\"image\":{\"@id\":\"https:\/\/theplayoffs.news\/fr\/actualite-nfl\/bradley-chubb-remplace-khalil-mack-au-pro-bowl\/#primaryimage\"},\"thumbnailUrl\":\"https:\/\/theplayoffs.news\/fr\/wp-content\/uploads\/2023\/01\/telechargement.jpg\",\"datePublished\":\"2023-01-31T10:56:12+00:00\",\"dateModified\":\"2023-01-31T13:42:49+00:00\",\"author\":{\"@id\":\"https:\/\/theplayoffs.news\/fr\/#\/schema\/person\/ab2899fc4043f215d868aee5f2423853\"},\"breadcrumb\":{\"@id\":\"https:\/\/theplayoffs.news\/fr\/actualite-nfl\/bradley-chubb-remplace-khalil-mack-au-pro-bowl\/#breadcrumb\"},\"inLanguage\":\"fr-FR\",\"potentialAction\":[{\"@type\":\"ReadAction\",\"target\":[\"https:\/\/theplayoffs.news\/fr\/actualite-nfl\/bradley-chubb-remplace-khalil-mack-au-pro-bowl\/\"]}]},{\"@type\":\"ImageObject\",\"inLanguage\":\"fr-FR\",\"@id\":\"https:\/\/theplayoffs.news\/fr\/actualite-nfl\/bradley-chubb-remplace-khalil-mack-au-pro-bowl\/#primaryimage\",\"url\":\"https:\/\/theplayoffs.news\/fr\/wp-content\/uploads\/2023\/01\/telechargement.jpg\",\"contentUrl\":\"https:\/\/theplayoffs.news\/fr\/wp-content\/uploads\/2023\/01\/telechargement.jpg\",\"width\":1200,\"height\":800,\"caption\":\"Bradley Chubb\"},{\"@type\":\"BreadcrumbList\",\"@id\":\"https:\/\/theplayoffs.news\/fr\/actualite-nfl\/bradley-chubb-remplace-khalil-mack-au-pro-bowl\/#breadcrumb\",\"itemListElement\":[{\"@type\":\"ListItem\",\"position\":1,\"name\":\"Accueil\",\"item\":\"https:\/\/theplayoffs.news\/fr\/\"},{\"@type\":\"ListItem\",\"position\":2,\"name\":\"Bradley Chubb remplace Khalil Mack au Pro Bowl !\"}]},{\"@type\":\"WebSite\",\"@id\":\"https:\/\/theplayoffs.news\/fr\/#website\",\"url\":\"https:\/\/theplayoffs.news\/fr\/\",\"name\":\"The Playoffs FR\",\"description\":\"NBA-NFL-NHL-MLB\",\"potentialAction\":[{\"@type\":\"SearchAction\",\"target\":{\"@type\":\"EntryPoint\",\"urlTemplate\":\"https:\/\/theplayoffs.news\/fr\/?s={search_term_string}\"},\"query-input\":{\"@type\":\"PropertyValueSpecification\",\"valueRequired\":true,\"valueName\":\"search_term_string\"}}],\"inLanguage\":\"fr-FR\"},{\"@type\":\"Person\",\"@id\":\"https:\/\/theplayoffs.news\/fr\/#\/schema\/person\/ab2899fc4043f215d868aee5f2423853\",\"name\":\"Yohan Inza\",\"image\":{\"@type\":\"ImageObject\",\"inLanguage\":\"fr-FR\",\"@id\":\"https:\/\/theplayoffs.news\/fr\/#\/schema\/person\/image\/\",\"url\":\"https:\/\/secure.gravatar.com\/avatar\/8ae39e8e2de17a55bc63b748a73876e052fde0a0988b070bbf446d0994718095?s=96&d=mm&r=g\",\"contentUrl\":\"https:\/\/secure.gravatar.com\/avatar\/8ae39e8e2de17a55bc63b748a73876e052fde0a0988b070bbf446d0994718095?s=96&d=mm&r=g\",\"caption\":\"Yohan Inza\"},\"url\":\"https:\/\/theplayoffs.news\/fr\/author\/yohaninza\/\"}]}<\/script>\n<!-- \/ Yoast SEO plugin. -->","yoast_head_json":{"title":"Bradley Chubb remplace Khalil Mack au Pro Bowl ! - The Playoffs FR","robots":{"index":"index","follow":"follow","max-snippet":"max-snippet:-1","max-image-preview":"max-image-preview:large","max-video-preview":"max-video-preview:-1"},"canonical":"https:\/\/theplayoffs.news\/fr\/actualite-nfl\/bradley-chubb-remplace-khalil-mack-au-pro-bowl\/","og_locale":"fr_FR","og_type":"article","og_title":"Bradley Chubb remplace Khalil Mack au Pro Bowl ! - The Playoffs FR","og_url":"https:\/\/theplayoffs.news\/fr\/actualite-nfl\/bradley-chubb-remplace-khalil-mack-au-pro-bowl\/","og_site_name":"The Playoffs FR","article_publisher":"https:\/\/www.facebook.com\/TheFreeAgentFR\/","article_modified_time":"2023-01-31T13:42:49+00:00","og_image":[{"width":1200,"height":800,"url":"https:\/\/theplayoffs.news\/fr\/wp-content\/uploads\/2023\/01\/telechargement.jpg","type":"image\/jpeg"}],"author":"Yohan Inza","twitter_card":"summary_large_image","twitter_creator":"@TheFreeAgentFR","twitter_site":"@TheFreeAgentFR","twitter_misc":{"\u00c9crit par":"Yohan Inza","Dur\u00e9e de lecture estim\u00e9e":"1 minute"},"schema":{"@context":"https:\/\/schema.org","@graph":[{"@type":"WebPage","@id":"https:\/\/theplayoffs.news\/fr\/actualite-nfl\/bradley-chubb-remplace-khalil-mack-au-pro-bowl\/","url":"https:\/\/theplayoffs.news\/fr\/actualite-nfl\/bradley-chubb-remplace-khalil-mack-au-pro-bowl\/","name":"Bradley Chubb remplace Khalil Mack au Pro Bowl ! - The Playoffs FR","isPartOf":{"@id":"https:\/\/theplayoffs.news\/fr\/#website"},"primaryImageOfPage":{"@id":"https:\/\/theplayoffs.news\/fr\/actualite-nfl\/bradley-chubb-remplace-khalil-mack-au-pro-bowl\/#primaryimage"},"image":{"@id":"https:\/\/theplayoffs.news\/fr\/actualite-nfl\/bradley-chubb-remplace-khalil-mack-au-pro-bowl\/#primaryimage"},"thumbnailUrl":"https:\/\/theplayoffs.news\/fr\/wp-content\/uploads\/2023\/01\/telechargement.jpg","datePublished":"2023-01-31T10:56:12+00:00","dateModified":"2023-01-31T13:42:49+00:00","author":{"@id":"https:\/\/theplayoffs.news\/fr\/#\/schema\/person\/ab2899fc4043f215d868aee5f2423853"},"breadcrumb":{"@id":"https:\/\/theplayoffs.news\/fr\/actualite-nfl\/bradley-chubb-remplace-khalil-mack-au-pro-bowl\/#breadcrumb"},"inLanguage":"fr-FR","potentialAction":[{"@type":"ReadAction","target":["https:\/\/theplayoffs.news\/fr\/actualite-nfl\/bradley-chubb-remplace-khalil-mack-au-pro-bowl\/"]}]},{"@type":"ImageObject","inLanguage":"fr-FR","@id":"https:\/\/theplayoffs.news\/fr\/actualite-nfl\/bradley-chubb-remplace-khalil-mack-au-pro-bowl\/#primaryimage","url":"https:\/\/theplayoffs.news\/fr\/wp-content\/uploads\/2023\/01\/telechargement.jpg","contentUrl":"https:\/\/theplayoffs.news\/fr\/wp-content\/uploads\/2023\/01\/telechargement.jpg","width":1200,"height":800,"caption":"Bradley Chubb"},{"@type":"BreadcrumbList","@id":"https:\/\/theplayoffs.news\/fr\/actualite-nfl\/bradley-chubb-remplace-khalil-mack-au-pro-bowl\/#breadcrumb","itemListElement":[{"@type":"ListItem","position":1,"name":"Accueil","item":"https:\/\/theplayoffs.news\/fr\/"},{"@type":"ListItem","position":2,"name":"Bradley Chubb remplace Khalil Mack au Pro Bowl !"}]},{"@type":"WebSite","@id":"https:\/\/theplayoffs.news\/fr\/#website","url":"https:\/\/theplayoffs.news\/fr\/","name":"The Playoffs FR","description":"NBA-NFL-NHL-MLB","potentialAction":[{"@type":"SearchAction","target":{"@type":"EntryPoint","urlTemplate":"https:\/\/theplayoffs.news\/fr\/?s={search_term_string}"},"query-input":{"@type":"PropertyValueSpecification","valueRequired":true,"valueName":"search_term_string"}}],"inLanguage":"fr-FR"},{"@type":"Person","@id":"https:\/\/theplayoffs.news\/fr\/#\/schema\/person\/ab2899fc4043f215d868aee5f2423853","name":"Yohan Inza","image":{"@type":"ImageObject","inLanguage":"fr-FR","@id":"https:\/\/theplayoffs.news\/fr\/#\/schema\/person\/image\/","url":"https:\/\/secure.gravatar.com\/avatar\/8ae39e8e2de17a55bc63b748a73876e052fde0a0988b070bbf446d0994718095?s=96&d=mm&r=g","contentUrl":"https:\/\/secure.gravatar.com\/avatar\/8ae39e8e2de17a55bc63b748a73876e052fde0a0988b070bbf446d0994718095?s=96&d=mm&r=g","caption":"Yohan Inza"},"url":"https:\/\/theplayoffs.news\/fr\/author\/yohaninza\/"}]}},"_links":{"self":[{"href":"https:\/\/theplayoffs.news\/fr\/wp-json\/wp\/v2\/posts\/551941","targetHints":{"allow":["GET"]}}],"collection":[{"href":"https:\/\/theplayoffs.news\/fr\/wp-json\/wp\/v2\/posts"}],"about":[{"href":"https:\/\/theplayoffs.news\/fr\/wp-json\/wp\/v2\/types\/post"}],"author":[{"embeddable":true,"href":"https:\/\/theplayoffs.news\/fr\/wp-json\/wp\/v2\/users\/180309965"}],"replies":[{"embeddable":true,"href":"https:\/\/theplayoffs.news\/fr\/wp-json\/wp\/v2\/comments?post=551941"}],"version-history":[{"count":5,"href":"https:\/\/theplayoffs.news\/fr\/wp-json\/wp\/v2\/posts\/551941\/revisions"}],"predecessor-version":[{"id":551987,"href":"https:\/\/theplayoffs.news\/fr\/wp-json\/wp\/v2\/posts\/551941\/revisions\/551987"}],"wp:featuredmedia":[{"embeddable":true,"href":"https:\/\/theplayoffs.news\/fr\/wp-json\/wp\/v2\/media\/551959"}],"wp:attachment":[{"href":"https:\/\/theplayoffs.news\/fr\/wp-json\/wp\/v2\/media?parent=551941"}],"wp:term":[{"taxonomy":"category","embeddable":true,"href":"https:\/\/theplayoffs.news\/fr\/wp-json\/wp\/v2\/categories?post=551941"},{"taxonomy":"post_tag","embeddable":true,"href":"https:\/\/theplayoffs.news\/fr\/wp-json\/wp\/v2\/tags?post=551941"},{"taxonomy":"sport","embeddable":true,"href":"https:\/\/theplayoffs.news\/fr\/wp-json\/wp\/v2\/sport?post=551941"},{"taxonomy":"saison","embeddable":true,"href":"https:\/\/theplayoffs.news\/fr\/wp-json\/wp\/v2\/saison?post=551941"}],"curies":[{"name":"wp","href":"https:\/\/api.w.org\/{rel}","templated":true}]}}