{"id":550815,"date":"2023-01-30T20:36:17","date_gmt":"2023-01-30T19:36:17","guid":{"rendered":"https:\/\/theplayoffs.news\/fr\/?p=550815"},"modified":"2023-01-30T20:38:23","modified_gmt":"2023-01-30T19:38:23","slug":"toronto-mouvements-eventuels","status":"publish","type":"post","link":"https:\/\/theplayoffs.news\/fr\/actualite-nba\/toronto-mouvements-eventuels\/","title":{"rendered":"Toronto Raptors : les mouvements \u00e9ventuels"},"content":{"rendered":"<h2><span id=\"p107\">Toronto pourrait compl&egrave;tement faire basculer le cours de la fin de saison en NBA.<\/span><span id=\"p108\">&nbsp;On vous pr&eacute;sente les mouvements possibles pour les Raptors.<\/span><br>\n<span id=\"p109\"><\/span><\/h2><p><span id=\"p109\">Que faire &agrave; <strong>Toronto<\/strong> avant la fin de la date limite des transferts ?<\/span><span id=\"p110\"><strong> <span id=\"119\" class=\"s-rg\">Masai<\/span> <span id=\"120\" class=\"s-rg\">Ujiri<\/span><\/strong> le g&eacute;n&eacute;ral manager l&rsquo;a dit, Toronto va bouger.<\/span><span id=\"p112\">&nbsp;&Eacute;videmment, les deux stars des <strong>Raptors<\/strong> int&eacute;ressent beaucoup de monde, &agrave; savoir <strong>Pascal <span id=\"124\" class=\"s-rg\">Siakam<\/span><\/strong> et <strong>Fred <span id=\"125\" class=\"s-rg\">VanVleet<\/span><\/strong>. Sauf que t<\/span><span id=\"p127\">out le monde pourrait faire ses valises du c&ocirc;t&eacute; de Toronto, <a href=\"https:\/\/theathletic.com\/4135392\/2023\/01\/30\/raptors-trade-deadline\/?source=user_shared_article\" class=\"trk-cta-link\" data-cta-trk='{\"ctaType\":\"Link\",\"ctaSubType\":\"main\"}'>preuve du gros changement en pr&eacute;vision.<\/a><\/span><span id=\"p114\">&nbsp;<\/span><\/p><p><a href=\"https:\/\/theplayoffs.news\/fr\/equipe\/toronto-raptors-nba\/\" class=\"trk-cta-link\" data-cta-trk='{\"ctaType\":\"Link\",\"ctaSubType\":\"main\"}'><strong>Pascal Siakam<\/strong><\/a>&nbsp;int&eacute;resse lui de nombreuses &eacute;quipes comme <strong>les Suns<\/strong> qui pourraient d&eacute;cider de faire partir <strong>DeAndre Ayton<\/strong> pour accueillir l&rsquo;ailier fort des Raptors. Ou encore une rumeur r&eacute;cente aux Etats-Unis qui l&rsquo;enverrait chez <strong>les Pelicans<\/strong>. On imagine que <strong>Jonas Valanciunas<\/strong> et\/ou <strong>Brandon Ingram<\/strong> pourraient faire partie du deal, m&ecirc;me si les Pelicans joueraient gros en perdant ce type de joueurs.<\/p><blockquote class=\"twitter-tweet\" data-width=\"500\" data-dnt=\"true\">\n<p lang=\"en\" dir=\"ltr\">As of now, there are four possible paths the Raptors could take:<\/p>\n<p>&#9725; Do nothing<br>&#9725; Trade an expiring contract<br>&#9725; Shake it up<br>&#9725; Blow it up<a href=\"https:\/\/twitter.com\/ekoreen?ref_src=twsrc%5Etfw\" class=\"trk-cta-link\" data-cta-trk='{\"ctaType\":\"Link\",\"ctaSubType\":\"main\"}'>@ekoreen<\/a> on what each could look like &#10549;&#65039; <a href=\"https:\/\/t.co\/eg0U9WhksV\" class=\"trk-cta-link\" data-cta-trk='{\"ctaType\":\"Link\",\"ctaSubType\":\"main\"}'>https:\/\/t.co\/eg0U9WhksV<\/a><\/p>\n<p>&mdash; The Athletic NBA (@TheAthleticNBA) <a href=\"https:\/\/twitter.com\/TheAthleticNBA\/status\/1620089831731634177?ref_src=twsrc%5Etfw\" class=\"trk-cta-link\" data-cta-trk='{\"ctaType\":\"Link\",\"ctaSubType\":\"main\"}'>January 30, 2023<\/a><\/p><\/blockquote><p><script async src=\"https:\/\/platform.twitter.com\/widgets.js\" charset=\"utf-8\"><\/script><\/p><p>L&rsquo;autre gros dossier, c&rsquo;est celui de <strong>Fred VanVleet<\/strong> qui a la c&ocirc;te &agrave; <strong>Los Angeles<\/strong>. Autant chez <strong>les Lakers<\/strong> que chez <strong>les Clippers<\/strong>. VanVleet a d&eacute;j&agrave; prouv&eacute; son importance dans le finish d&rsquo;une saison lors du titre de 2019 chez <strong>les Raptors<\/strong>, ce qui devrait int&eacute;resser du monde. Pour les Lakers, <strong>Patrick Beverley<\/strong>, <strong>Lonnie Walker<\/strong> ou encore <strong>Max Christie<\/strong> pourraient faire le chemin inverse, m&ecirc;me chose pour <strong>Reggie Jackson<\/strong> ou <strong>Robert Covington<\/strong>&nbsp;des Clippers.<\/p><p>Chez les arri&egrave;res, <strong>Gary Trent<\/strong> aussi pourrait atterrir dans les rangs d&rsquo;une &eacute;quipe &agrave; la recherche d&rsquo;un shooter &agrave; 3 points fiable, comme <strong>les Knicks<\/strong> ou <strong>les Grizzlies<\/strong> par exemple, o&ugrave; son nom circule. Les Knicks eux aimeraient y int&eacute;grer <strong>Cam Reddish<\/strong> qui est en partance.<\/p><p><strong>Memphis<\/strong> justement, est &eacute;galement int&eacute;ress&eacute; par un autre joueur de <strong>Toronto<\/strong>, c&rsquo;est <strong>OG Anunoby<\/strong>. Mais l&agrave; aussi, <strong>les Knicks<\/strong> peuvent se joindre &agrave; la f&ecirc;te pour y envoyer <strong>Evan Fournier<\/strong> en &eacute;change tout comme <strong>Atlanta<\/strong> en cas de d&eacute;part (tr&egrave;s probable) de <strong>John Collins<\/strong>.<\/p><p>Pour faire un point sur la situation des Raptors &agrave; l&rsquo;aube de la trade deadline, <strong><a href=\"https:\/\/theplayoffs.news\/fr\/nba-basketball\/les-raptors-au-coeur-de-la-trade-deadline\/\" class=\"trk-cta-link\" data-cta-trk='{\"ctaType\":\"Link\",\"ctaSubType\":\"main\"}'>cliquez ici.<\/a><\/strong><\/p><p>&nbsp;<\/p>\n","protected":false},"excerpt":{"rendered":"","protected":false},"author":180310139,"featured_media":550822,"comment_status":"open","ping_status":"closed","sticky":false,"template":"","format":"standard","meta":{"inline_featured_image":false,"kia_subtitle":"","_mux_skip_reasons":[],"proofreadBy":0,"footnotes":""},"categories":[110,10],"tags":[1388,5179,23,5398,2189,854,901],"sport":[2783],"saison":[],"class_list":["post-550815","post","type-post","status-publish","format-standard","has-post-thumbnail","hentry","category-actualite-nba","category-nba","tag-fred-vanvleet","tag-gary-trent-jr","tag-nba-tag","tag-og-anunoby","tag-pascal-siakam","tag-toronto-raptors","tag-transferts","sport-nba"],"acf":[],"yoast_head":"<!-- This site is optimized with the Yoast SEO plugin v24.2 - https:\/\/yoast.com\/wordpress\/plugins\/seo\/ -->\n<title>Toronto Raptors : les mouvements &eacute;ventuels - The Playoffs FR<\/title>\n<meta name=\"robots\" content=\"index, follow, max-snippet:-1, max-image-preview:large, max-video-preview:-1\" \/>\n<link rel=\"canonical\" href=\"https:\/\/theplayoffs.news\/fr\/actualite-nba\/toronto-mouvements-eventuels\/\" \/>\n<meta property=\"og:locale\" content=\"fr_FR\" \/>\n<meta property=\"og:type\" content=\"article\" \/>\n<meta property=\"og:title\" content=\"Toronto Raptors : les mouvements &eacute;ventuels - The Playoffs FR\" \/>\n<meta property=\"og:url\" content=\"https:\/\/theplayoffs.news\/fr\/actualite-nba\/toronto-mouvements-eventuels\/\" \/>\n<meta property=\"og:site_name\" content=\"The Playoffs FR\" \/>\n<meta property=\"article:publisher\" content=\"https:\/\/www.facebook.com\/TheFreeAgentFR\/\" \/>\n<meta property=\"article:modified_time\" content=\"2023-01-30T20:38:23+01:00\" \/>\n<meta property=\"og:image\" content=\"https:\/\/theplayoffs.news\/fr\/wp-content\/uploads\/2023\/01\/70FF79A5-ED6F-44B8-84BF-C78A5E9307CB.jpeg\" \/>\n\t<meta property=\"og:image:width\" content=\"675\" \/>\n\t<meta property=\"og:image:height\" content=\"450\" \/>\n\t<meta property=\"og:image:type\" content=\"image\/jpeg\" \/>\n<meta name=\"author\" content=\"Alban Conejero\" \/>\n<meta name=\"twitter:card\" content=\"summary_large_image\" \/>\n<meta name=\"twitter:creator\" content=\"@TheFreeAgentFR\" \/>\n<meta name=\"twitter:site\" content=\"@TheFreeAgentFR\" \/>\n<meta name=\"twitter:label1\" content=\"\u00c9crit par\" \/>\n\t<meta name=\"twitter:data1\" content=\"Alban Conejero\" \/>\n\t<meta name=\"twitter:label2\" content=\"Dur\u00e9e de lecture estim\u00e9e\" \/>\n\t<meta name=\"twitter:data2\" content=\"2 minutes\" \/>\n<script type=\"application\/ld+json\" class=\"yoast-schema-graph\">{\"@context\":\"https:\/\/schema.org\",\"@graph\":[{\"@type\":\"WebPage\",\"@id\":\"https:\/\/theplayoffs.news\/fr\/actualite-nba\/toronto-mouvements-eventuels\/\",\"url\":\"https:\/\/theplayoffs.news\/fr\/actualite-nba\/toronto-mouvements-eventuels\/\",\"name\":\"Toronto Raptors : les mouvements \u00e9ventuels - The Playoffs FR\",\"isPartOf\":{\"@id\":\"https:\/\/theplayoffs.news\/fr\/#website\"},\"primaryImageOfPage\":{\"@id\":\"https:\/\/theplayoffs.news\/fr\/actualite-nba\/toronto-mouvements-eventuels\/#primaryimage\"},\"image\":{\"@id\":\"https:\/\/theplayoffs.news\/fr\/actualite-nba\/toronto-mouvements-eventuels\/#primaryimage\"},\"thumbnailUrl\":\"https:\/\/theplayoffs.news\/fr\/wp-content\/uploads\/2023\/01\/70FF79A5-ED6F-44B8-84BF-C78A5E9307CB.jpeg\",\"datePublished\":\"2023-01-30T19:36:17+00:00\",\"dateModified\":\"2023-01-30T19:38:23+00:00\",\"author\":{\"@id\":\"https:\/\/theplayoffs.news\/fr\/#\/schema\/person\/3dd6319a9057ecd181d2351cdb03ccd2\"},\"breadcrumb\":{\"@id\":\"https:\/\/theplayoffs.news\/fr\/actualite-nba\/toronto-mouvements-eventuels\/#breadcrumb\"},\"inLanguage\":\"fr-FR\",\"potentialAction\":[{\"@type\":\"ReadAction\",\"target\":[\"https:\/\/theplayoffs.news\/fr\/actualite-nba\/toronto-mouvements-eventuels\/\"]}]},{\"@type\":\"ImageObject\",\"inLanguage\":\"fr-FR\",\"@id\":\"https:\/\/theplayoffs.news\/fr\/actualite-nba\/toronto-mouvements-eventuels\/#primaryimage\",\"url\":\"https:\/\/theplayoffs.news\/fr\/wp-content\/uploads\/2023\/01\/70FF79A5-ED6F-44B8-84BF-C78A5E9307CB.jpeg\",\"contentUrl\":\"https:\/\/theplayoffs.news\/fr\/wp-content\/uploads\/2023\/01\/70FF79A5-ED6F-44B8-84BF-C78A5E9307CB.jpeg\",\"width\":675,\"height\":450,\"caption\":\"Toronto\"},{\"@type\":\"BreadcrumbList\",\"@id\":\"https:\/\/theplayoffs.news\/fr\/actualite-nba\/toronto-mouvements-eventuels\/#breadcrumb\",\"itemListElement\":[{\"@type\":\"ListItem\",\"position\":1,\"name\":\"Accueil\",\"item\":\"https:\/\/theplayoffs.news\/fr\/\"},{\"@type\":\"ListItem\",\"position\":2,\"name\":\"Toronto Raptors : les mouvements \u00e9ventuels\"}]},{\"@type\":\"WebSite\",\"@id\":\"https:\/\/theplayoffs.news\/fr\/#website\",\"url\":\"https:\/\/theplayoffs.news\/fr\/\",\"name\":\"The Playoffs FR\",\"description\":\"NBA-NFL-NHL-MLB\",\"potentialAction\":[{\"@type\":\"SearchAction\",\"target\":{\"@type\":\"EntryPoint\",\"urlTemplate\":\"https:\/\/theplayoffs.news\/fr\/?s={search_term_string}\"},\"query-input\":{\"@type\":\"PropertyValueSpecification\",\"valueRequired\":true,\"valueName\":\"search_term_string\"}}],\"inLanguage\":\"fr-FR\"},{\"@type\":\"Person\",\"@id\":\"https:\/\/theplayoffs.news\/fr\/#\/schema\/person\/3dd6319a9057ecd181d2351cdb03ccd2\",\"name\":\"Alban Conejero\",\"image\":{\"@type\":\"ImageObject\",\"inLanguage\":\"fr-FR\",\"@id\":\"https:\/\/theplayoffs.news\/fr\/#\/schema\/person\/image\/\",\"url\":\"https:\/\/secure.gravatar.com\/avatar\/ef2d5e8508f59dc7b4e42edb92917fc230c9f46d5eb7ec09de6d5b8e112de01f?s=96&d=mm&r=g\",\"contentUrl\":\"https:\/\/secure.gravatar.com\/avatar\/ef2d5e8508f59dc7b4e42edb92917fc230c9f46d5eb7ec09de6d5b8e112de01f?s=96&d=mm&r=g\",\"caption\":\"Alban Conejero\"},\"url\":\"https:\/\/theplayoffs.news\/fr\/author\/albanconejero26gmail-com\/\"}]}<\/script>\n<!-- \/ Yoast SEO plugin. -->","yoast_head_json":{"title":"Toronto Raptors : les mouvements &eacute;ventuels - The Playoffs FR","robots":{"index":"index","follow":"follow","max-snippet":"max-snippet:-1","max-image-preview":"max-image-preview:large","max-video-preview":"max-video-preview:-1"},"canonical":"https:\/\/theplayoffs.news\/fr\/actualite-nba\/toronto-mouvements-eventuels\/","og_locale":"fr_FR","og_type":"article","og_title":"Toronto Raptors : les mouvements &eacute;ventuels - The Playoffs FR","og_url":"https:\/\/theplayoffs.news\/fr\/actualite-nba\/toronto-mouvements-eventuels\/","og_site_name":"The Playoffs FR","article_publisher":"https:\/\/www.facebook.com\/TheFreeAgentFR\/","article_modified_time":"2023-01-30T19:38:23+00:00","og_image":[{"width":675,"height":450,"url":"https:\/\/theplayoffs.news\/fr\/wp-content\/uploads\/2023\/01\/70FF79A5-ED6F-44B8-84BF-C78A5E9307CB.jpeg","type":"image\/jpeg"}],"author":"Alban Conejero","twitter_card":"summary_large_image","twitter_creator":"@TheFreeAgentFR","twitter_site":"@TheFreeAgentFR","twitter_misc":{"\u00c9crit par":"Alban Conejero","Dur\u00e9e de lecture estim\u00e9e":"2 minutes"},"schema":{"@context":"https:\/\/schema.org","@graph":[{"@type":"WebPage","@id":"https:\/\/theplayoffs.news\/fr\/actualite-nba\/toronto-mouvements-eventuels\/","url":"https:\/\/theplayoffs.news\/fr\/actualite-nba\/toronto-mouvements-eventuels\/","name":"Toronto Raptors : les mouvements \u00e9ventuels - The Playoffs FR","isPartOf":{"@id":"https:\/\/theplayoffs.news\/fr\/#website"},"primaryImageOfPage":{"@id":"https:\/\/theplayoffs.news\/fr\/actualite-nba\/toronto-mouvements-eventuels\/#primaryimage"},"image":{"@id":"https:\/\/theplayoffs.news\/fr\/actualite-nba\/toronto-mouvements-eventuels\/#primaryimage"},"thumbnailUrl":"https:\/\/theplayoffs.news\/fr\/wp-content\/uploads\/2023\/01\/70FF79A5-ED6F-44B8-84BF-C78A5E9307CB.jpeg","datePublished":"2023-01-30T19:36:17+00:00","dateModified":"2023-01-30T19:38:23+00:00","author":{"@id":"https:\/\/theplayoffs.news\/fr\/#\/schema\/person\/3dd6319a9057ecd181d2351cdb03ccd2"},"breadcrumb":{"@id":"https:\/\/theplayoffs.news\/fr\/actualite-nba\/toronto-mouvements-eventuels\/#breadcrumb"},"inLanguage":"fr-FR","potentialAction":[{"@type":"ReadAction","target":["https:\/\/theplayoffs.news\/fr\/actualite-nba\/toronto-mouvements-eventuels\/"]}]},{"@type":"ImageObject","inLanguage":"fr-FR","@id":"https:\/\/theplayoffs.news\/fr\/actualite-nba\/toronto-mouvements-eventuels\/#primaryimage","url":"https:\/\/theplayoffs.news\/fr\/wp-content\/uploads\/2023\/01\/70FF79A5-ED6F-44B8-84BF-C78A5E9307CB.jpeg","contentUrl":"https:\/\/theplayoffs.news\/fr\/wp-content\/uploads\/2023\/01\/70FF79A5-ED6F-44B8-84BF-C78A5E9307CB.jpeg","width":675,"height":450,"caption":"Toronto"},{"@type":"BreadcrumbList","@id":"https:\/\/theplayoffs.news\/fr\/actualite-nba\/toronto-mouvements-eventuels\/#breadcrumb","itemListElement":[{"@type":"ListItem","position":1,"name":"Accueil","item":"https:\/\/theplayoffs.news\/fr\/"},{"@type":"ListItem","position":2,"name":"Toronto Raptors : les mouvements \u00e9ventuels"}]},{"@type":"WebSite","@id":"https:\/\/theplayoffs.news\/fr\/#website","url":"https:\/\/theplayoffs.news\/fr\/","name":"The Playoffs FR","description":"NBA-NFL-NHL-MLB","potentialAction":[{"@type":"SearchAction","target":{"@type":"EntryPoint","urlTemplate":"https:\/\/theplayoffs.news\/fr\/?s={search_term_string}"},"query-input":{"@type":"PropertyValueSpecification","valueRequired":true,"valueName":"search_term_string"}}],"inLanguage":"fr-FR"},{"@type":"Person","@id":"https:\/\/theplayoffs.news\/fr\/#\/schema\/person\/3dd6319a9057ecd181d2351cdb03ccd2","name":"Alban Conejero","image":{"@type":"ImageObject","inLanguage":"fr-FR","@id":"https:\/\/theplayoffs.news\/fr\/#\/schema\/person\/image\/","url":"https:\/\/secure.gravatar.com\/avatar\/ef2d5e8508f59dc7b4e42edb92917fc230c9f46d5eb7ec09de6d5b8e112de01f?s=96&d=mm&r=g","contentUrl":"https:\/\/secure.gravatar.com\/avatar\/ef2d5e8508f59dc7b4e42edb92917fc230c9f46d5eb7ec09de6d5b8e112de01f?s=96&d=mm&r=g","caption":"Alban Conejero"},"url":"https:\/\/theplayoffs.news\/fr\/author\/albanconejero26gmail-com\/"}]}},"_links":{"self":[{"href":"https:\/\/theplayoffs.news\/fr\/wp-json\/wp\/v2\/posts\/550815","targetHints":{"allow":["GET"]}}],"collection":[{"href":"https:\/\/theplayoffs.news\/fr\/wp-json\/wp\/v2\/posts"}],"about":[{"href":"https:\/\/theplayoffs.news\/fr\/wp-json\/wp\/v2\/types\/post"}],"author":[{"embeddable":true,"href":"https:\/\/theplayoffs.news\/fr\/wp-json\/wp\/v2\/users\/180310139"}],"replies":[{"embeddable":true,"href":"https:\/\/theplayoffs.news\/fr\/wp-json\/wp\/v2\/comments?post=550815"}],"version-history":[{"count":4,"href":"https:\/\/theplayoffs.news\/fr\/wp-json\/wp\/v2\/posts\/550815\/revisions"}],"predecessor-version":[{"id":550827,"href":"https:\/\/theplayoffs.news\/fr\/wp-json\/wp\/v2\/posts\/550815\/revisions\/550827"}],"wp:featuredmedia":[{"embeddable":true,"href":"https:\/\/theplayoffs.news\/fr\/wp-json\/wp\/v2\/media\/550822"}],"wp:attachment":[{"href":"https:\/\/theplayoffs.news\/fr\/wp-json\/wp\/v2\/media?parent=550815"}],"wp:term":[{"taxonomy":"category","embeddable":true,"href":"https:\/\/theplayoffs.news\/fr\/wp-json\/wp\/v2\/categories?post=550815"},{"taxonomy":"post_tag","embeddable":true,"href":"https:\/\/theplayoffs.news\/fr\/wp-json\/wp\/v2\/tags?post=550815"},{"taxonomy":"sport","embeddable":true,"href":"https:\/\/theplayoffs.news\/fr\/wp-json\/wp\/v2\/sport?post=550815"},{"taxonomy":"saison","embeddable":true,"href":"https:\/\/theplayoffs.news\/fr\/wp-json\/wp\/v2\/saison?post=550815"}],"curies":[{"name":"wp","href":"https:\/\/api.w.org\/{rel}","templated":true}]}}