{"id":550780,"date":"2023-01-30T17:08:57","date_gmt":"2023-01-30T16:08:57","guid":{"rendered":"https:\/\/theplayoffs.news\/fr\/?p=550780"},"modified":"2023-01-30T17:08:58","modified_gmt":"2023-01-30T16:08:58","slug":"demeco-ryans-entraineur-des-texans","status":"publish","type":"post","link":"https:\/\/theplayoffs.news\/fr\/actualite-nfl\/demeco-ryans-entraineur-des-texans\/","title":{"rendered":"DeMeco Ryans sera le nouvel entra\u00eeneur des Texans"},"content":{"rendered":"<h2><span id=\"p69\">Les Texans de Houston ont certainement trouv&eacute; leur prochain entra&icirc;neur en chef, en la personne de <span id=\"75\" class=\"s-rg\">DeMeco<\/span> <span id=\"76\" class=\"s-rg\">Ryans<\/span> le coordinateur d&eacute;fensif des San Francisco <span id=\"77\" class=\"s-rg\">49ers<\/span>.<\/span><br>\n<span id=\"p70\"><\/span><\/h2><p><span id=\"p70\">&Agrave; peine &eacute;limin&eacute; aux portes du <strong>Super <span id=\"79\" class=\"s-rg\">Bowl<\/span><\/strong> avec les <strong><span id=\"80\" class=\"s-rg\">49ers<\/span><\/strong> de <strong>San Francisco<\/strong>, le coordinateur d&eacute;fensif <a href=\"https:\/\/theplayoffs.news\/fr\/nfl\/demeco-ryans-favori-poste-entraineur-texans\/\" class=\"trk-cta-link\" data-cta-trk='{\"ctaType\":\"Link\",\"ctaSubType\":\"main\"}'><strong><span id=\"81\" class=\"s-rg\">DeMeco<\/span> <span id=\"82\" class=\"s-rg\">Ryans<\/span><\/strong><\/a> va tr&egrave;s certainement s&rsquo;engager avec les <strong>Houston Texans<\/strong> pour prendre <span id=\"83\" class=\"s-rg\">le r&ecirc;nes<\/span> de l&rsquo;&eacute;quipe.<\/span><span id=\"p71\"> V&eacute;ritable strat&egrave;ge d&eacute;fensif, <span id=\"84\" class=\"s-rg\">Ryans<\/span> s&rsquo;est <span id=\"85\" class=\"s-ve\">r&eacute;v&eacute;l&eacute;<\/span> cette ann&eacute;e en dirigeant la meilleure d&eacute;fense du pays, au sein du staff de <strong>Kyle <span id=\"86\" class=\"s-rg\">Shanahan<\/span><\/strong>, lors de sa deuxi&egrave;me saison &agrave; ce poste, apr&egrave;s avoir remplac&eacute; <strong>Robert <span id=\"87\" class=\"s-rg\">Saleh<\/span><\/strong>, parti lui entra&icirc;ner les Jets l&rsquo;an dernier.<\/span><span id=\"p72\"> <\/span><\/p><p><span id=\"p73\"><strong>DeMeco Ryans<\/strong> a rendez-vous avec Houston <span id=\"89\" class=\"s-rg\">cet<\/span> apr&egrave;s-midi, apr&egrave;s avoir termin&eacute; ses obligations de fin de saison avec San Francisco.<\/span><span id=\"p74\"> Selon l&rsquo;<span id=\"90\" class=\"s-rg\">insider<\/span> <em><strong><a href=\"https:\/\/twitter.com\/rapsheet?s=21&amp;t=myjapvOAsA1gbAr3SRiIcw\" class=\"trk-cta-link\" data-cta-trk='{\"ctaType\":\"Link\",\"ctaSubType\":\"main\"}'>Ian <span id=\"91\" class=\"s-rg\">Rapoport<\/span><\/a><\/strong><\/em>, le deal devrait se conclure mardi ou mercredi.<\/span><\/p><blockquote class=\"twitter-tweet\" data-width=\"500\" data-dnt=\"true\">\n<p lang=\"en\" dir=\"ltr\">The <a href=\"https:\/\/twitter.com\/hashtag\/Texans?src=hash&amp;ref_src=twsrc%5Etfw\" class=\"trk-cta-link\" data-cta-trk='{\"ctaType\":\"Link\",\"ctaSubType\":\"main\"}'>#Texans<\/a> and <a href=\"https:\/\/twitter.com\/hashtag\/49ers?src=hash&amp;ref_src=twsrc%5Etfw\" class=\"trk-cta-link\" data-cta-trk='{\"ctaType\":\"Link\",\"ctaSubType\":\"main\"}'>#49ers<\/a> DC DeMeco Ryans could meet as soon as this afternoon after he handles his SF responsibilities. If all goes well, a hire could be finalized Tuesday or Wednesday, sources say. Their top candidate all along, it appears a homecoming is on its way to happening.<\/p>\n<p>&mdash; Ian Rapoport (@RapSheet) <a href=\"https:\/\/twitter.com\/RapSheet\/status\/1620079164182376449?ref_src=twsrc%5Etfw\" class=\"trk-cta-link\" data-cta-trk='{\"ctaType\":\"Link\",\"ctaSubType\":\"main\"}'>January 30, 2023<\/a><\/p><\/blockquote><p><script async src=\"https:\/\/platform.twitter.com\/widgets.js\" charset=\"utf-8\"><\/script><\/p><p>DeMeco Ryans a jou&eacute; &agrave; Houston durant sa carri&egrave;re de joueur en tant que linebacker, ce qui annonce donc un retour aux sources pour son premier poste d&rsquo;entra&icirc;neur en chef d&rsquo;une &eacute;quipe NFL.<\/p><p>Comme souvent, les coordinateurs d&eacute;fensifs des 49ers trouvent rapidement un poste d&rsquo;entra&icirc;neur ailleurs et les Texans r&eacute;alisent un beau coup, eux qui ont vir&eacute; <strong>Lovie Smith<\/strong> &agrave; l&rsquo;issue de la saison. Houston aura le 2e choix de la prochaine draft puisque le bilan s&rsquo;est termin&eacute; &agrave; 3 victoires, 13 d&eacute;faites et 1 match nul, avec une derni&egrave;re place de l&rsquo;<strong>AFC Sud<\/strong>. Sur les 3 derni&egrave;res saison, les Texans ont accumul&eacute;s 11 victoires, 38 d&eacute;faites pour 1 match nul au total.<\/p><p>&nbsp;<\/p>\n","protected":false},"excerpt":{"rendered":"","protected":false},"author":180310139,"featured_media":550794,"comment_status":"open","ping_status":"closed","sticky":false,"template":"","format":"standard","meta":{"inline_featured_image":false,"kia_subtitle":"","_mux_skip_reasons":[],"proofreadBy":0,"footnotes":""},"categories":[118,40],"tags":[5389,5394,93,79],"sport":[2785],"saison":[],"class_list":["post-550780","post","type-post","status-publish","format-standard","has-post-thumbnail","hentry","category-actualite-nfl","category-nfl","tag-demeco-ryans","tag-entraineur","tag-houston-texans","tag-nfl","sport-nfl"],"acf":[],"yoast_head":"<!-- This site is optimized with the Yoast SEO plugin v24.2 - https:\/\/yoast.com\/wordpress\/plugins\/seo\/ -->\n<title>DeMeco Ryans sera le nouvel entra&icirc;neur des Texans - The Playoffs FR<\/title>\n<meta name=\"robots\" content=\"index, follow, max-snippet:-1, max-image-preview:large, max-video-preview:-1\" \/>\n<link rel=\"canonical\" href=\"https:\/\/theplayoffs.news\/fr\/actualite-nfl\/demeco-ryans-entraineur-des-texans\/\" \/>\n<meta property=\"og:locale\" content=\"fr_FR\" \/>\n<meta property=\"og:type\" content=\"article\" \/>\n<meta property=\"og:title\" content=\"DeMeco Ryans sera le nouvel entra&icirc;neur des Texans - The Playoffs FR\" \/>\n<meta property=\"og:url\" content=\"https:\/\/theplayoffs.news\/fr\/actualite-nfl\/demeco-ryans-entraineur-des-texans\/\" \/>\n<meta property=\"og:site_name\" content=\"The Playoffs FR\" \/>\n<meta property=\"article:publisher\" content=\"https:\/\/www.facebook.com\/TheFreeAgentFR\/\" \/>\n<meta property=\"article:modified_time\" content=\"2023-01-30T17:08:58+01:00\" \/>\n<meta property=\"og:image\" content=\"https:\/\/theplayoffs.news\/fr\/wp-content\/uploads\/2023\/01\/BB58E1B9-DD5F-4446-9132-687282305C4F.jpeg\" \/>\n\t<meta property=\"og:image:width\" content=\"1628\" \/>\n\t<meta property=\"og:image:height\" content=\"1393\" \/>\n\t<meta property=\"og:image:type\" content=\"image\/jpeg\" \/>\n<meta name=\"author\" content=\"Alban Conejero\" \/>\n<meta name=\"twitter:card\" content=\"summary_large_image\" \/>\n<meta name=\"twitter:creator\" content=\"@TheFreeAgentFR\" \/>\n<meta name=\"twitter:site\" content=\"@TheFreeAgentFR\" \/>\n<meta name=\"twitter:label1\" content=\"\u00c9crit par\" \/>\n\t<meta name=\"twitter:data1\" content=\"Alban Conejero\" \/>\n\t<meta name=\"twitter:label2\" content=\"Dur\u00e9e de lecture estim\u00e9e\" \/>\n\t<meta name=\"twitter:data2\" content=\"1 minute\" \/>\n<script type=\"application\/ld+json\" class=\"yoast-schema-graph\">{\"@context\":\"https:\/\/schema.org\",\"@graph\":[{\"@type\":\"WebPage\",\"@id\":\"https:\/\/theplayoffs.news\/fr\/actualite-nfl\/demeco-ryans-entraineur-des-texans\/\",\"url\":\"https:\/\/theplayoffs.news\/fr\/actualite-nfl\/demeco-ryans-entraineur-des-texans\/\",\"name\":\"DeMeco Ryans sera le nouvel entra\u00eeneur des Texans - The Playoffs FR\",\"isPartOf\":{\"@id\":\"https:\/\/theplayoffs.news\/fr\/#website\"},\"primaryImageOfPage\":{\"@id\":\"https:\/\/theplayoffs.news\/fr\/actualite-nfl\/demeco-ryans-entraineur-des-texans\/#primaryimage\"},\"image\":{\"@id\":\"https:\/\/theplayoffs.news\/fr\/actualite-nfl\/demeco-ryans-entraineur-des-texans\/#primaryimage\"},\"thumbnailUrl\":\"https:\/\/theplayoffs.news\/fr\/wp-content\/uploads\/2023\/01\/BB58E1B9-DD5F-4446-9132-687282305C4F.jpeg\",\"datePublished\":\"2023-01-30T16:08:57+00:00\",\"dateModified\":\"2023-01-30T16:08:58+00:00\",\"author\":{\"@id\":\"https:\/\/theplayoffs.news\/fr\/#\/schema\/person\/3dd6319a9057ecd181d2351cdb03ccd2\"},\"breadcrumb\":{\"@id\":\"https:\/\/theplayoffs.news\/fr\/actualite-nfl\/demeco-ryans-entraineur-des-texans\/#breadcrumb\"},\"inLanguage\":\"fr-FR\",\"potentialAction\":[{\"@type\":\"ReadAction\",\"target\":[\"https:\/\/theplayoffs.news\/fr\/actualite-nfl\/demeco-ryans-entraineur-des-texans\/\"]}]},{\"@type\":\"ImageObject\",\"inLanguage\":\"fr-FR\",\"@id\":\"https:\/\/theplayoffs.news\/fr\/actualite-nfl\/demeco-ryans-entraineur-des-texans\/#primaryimage\",\"url\":\"https:\/\/theplayoffs.news\/fr\/wp-content\/uploads\/2023\/01\/BB58E1B9-DD5F-4446-9132-687282305C4F.jpeg\",\"contentUrl\":\"https:\/\/theplayoffs.news\/fr\/wp-content\/uploads\/2023\/01\/BB58E1B9-DD5F-4446-9132-687282305C4F.jpeg\",\"width\":1628,\"height\":1393,\"caption\":\"Ryans\"},{\"@type\":\"BreadcrumbList\",\"@id\":\"https:\/\/theplayoffs.news\/fr\/actualite-nfl\/demeco-ryans-entraineur-des-texans\/#breadcrumb\",\"itemListElement\":[{\"@type\":\"ListItem\",\"position\":1,\"name\":\"Accueil\",\"item\":\"https:\/\/theplayoffs.news\/fr\/\"},{\"@type\":\"ListItem\",\"position\":2,\"name\":\"DeMeco Ryans sera le nouvel entra\u00eeneur des Texans\"}]},{\"@type\":\"WebSite\",\"@id\":\"https:\/\/theplayoffs.news\/fr\/#website\",\"url\":\"https:\/\/theplayoffs.news\/fr\/\",\"name\":\"The Playoffs FR\",\"description\":\"NBA-NFL-NHL-MLB\",\"potentialAction\":[{\"@type\":\"SearchAction\",\"target\":{\"@type\":\"EntryPoint\",\"urlTemplate\":\"https:\/\/theplayoffs.news\/fr\/?s={search_term_string}\"},\"query-input\":{\"@type\":\"PropertyValueSpecification\",\"valueRequired\":true,\"valueName\":\"search_term_string\"}}],\"inLanguage\":\"fr-FR\"},{\"@type\":\"Person\",\"@id\":\"https:\/\/theplayoffs.news\/fr\/#\/schema\/person\/3dd6319a9057ecd181d2351cdb03ccd2\",\"name\":\"Alban Conejero\",\"image\":{\"@type\":\"ImageObject\",\"inLanguage\":\"fr-FR\",\"@id\":\"https:\/\/theplayoffs.news\/fr\/#\/schema\/person\/image\/\",\"url\":\"https:\/\/secure.gravatar.com\/avatar\/ef2d5e8508f59dc7b4e42edb92917fc230c9f46d5eb7ec09de6d5b8e112de01f?s=96&d=mm&r=g\",\"contentUrl\":\"https:\/\/secure.gravatar.com\/avatar\/ef2d5e8508f59dc7b4e42edb92917fc230c9f46d5eb7ec09de6d5b8e112de01f?s=96&d=mm&r=g\",\"caption\":\"Alban Conejero\"},\"url\":\"https:\/\/theplayoffs.news\/fr\/author\/albanconejero26gmail-com\/\"}]}<\/script>\n<!-- \/ Yoast SEO plugin. -->","yoast_head_json":{"title":"DeMeco Ryans sera le nouvel entra&icirc;neur des Texans - The Playoffs FR","robots":{"index":"index","follow":"follow","max-snippet":"max-snippet:-1","max-image-preview":"max-image-preview:large","max-video-preview":"max-video-preview:-1"},"canonical":"https:\/\/theplayoffs.news\/fr\/actualite-nfl\/demeco-ryans-entraineur-des-texans\/","og_locale":"fr_FR","og_type":"article","og_title":"DeMeco Ryans sera le nouvel entra&icirc;neur des Texans - The Playoffs FR","og_url":"https:\/\/theplayoffs.news\/fr\/actualite-nfl\/demeco-ryans-entraineur-des-texans\/","og_site_name":"The Playoffs FR","article_publisher":"https:\/\/www.facebook.com\/TheFreeAgentFR\/","article_modified_time":"2023-01-30T16:08:58+00:00","og_image":[{"width":1628,"height":1393,"url":"https:\/\/theplayoffs.news\/fr\/wp-content\/uploads\/2023\/01\/BB58E1B9-DD5F-4446-9132-687282305C4F.jpeg","type":"image\/jpeg"}],"author":"Alban Conejero","twitter_card":"summary_large_image","twitter_creator":"@TheFreeAgentFR","twitter_site":"@TheFreeAgentFR","twitter_misc":{"\u00c9crit par":"Alban Conejero","Dur\u00e9e de lecture estim\u00e9e":"1 minute"},"schema":{"@context":"https:\/\/schema.org","@graph":[{"@type":"WebPage","@id":"https:\/\/theplayoffs.news\/fr\/actualite-nfl\/demeco-ryans-entraineur-des-texans\/","url":"https:\/\/theplayoffs.news\/fr\/actualite-nfl\/demeco-ryans-entraineur-des-texans\/","name":"DeMeco Ryans sera le nouvel entra\u00eeneur des Texans - The Playoffs FR","isPartOf":{"@id":"https:\/\/theplayoffs.news\/fr\/#website"},"primaryImageOfPage":{"@id":"https:\/\/theplayoffs.news\/fr\/actualite-nfl\/demeco-ryans-entraineur-des-texans\/#primaryimage"},"image":{"@id":"https:\/\/theplayoffs.news\/fr\/actualite-nfl\/demeco-ryans-entraineur-des-texans\/#primaryimage"},"thumbnailUrl":"https:\/\/theplayoffs.news\/fr\/wp-content\/uploads\/2023\/01\/BB58E1B9-DD5F-4446-9132-687282305C4F.jpeg","datePublished":"2023-01-30T16:08:57+00:00","dateModified":"2023-01-30T16:08:58+00:00","author":{"@id":"https:\/\/theplayoffs.news\/fr\/#\/schema\/person\/3dd6319a9057ecd181d2351cdb03ccd2"},"breadcrumb":{"@id":"https:\/\/theplayoffs.news\/fr\/actualite-nfl\/demeco-ryans-entraineur-des-texans\/#breadcrumb"},"inLanguage":"fr-FR","potentialAction":[{"@type":"ReadAction","target":["https:\/\/theplayoffs.news\/fr\/actualite-nfl\/demeco-ryans-entraineur-des-texans\/"]}]},{"@type":"ImageObject","inLanguage":"fr-FR","@id":"https:\/\/theplayoffs.news\/fr\/actualite-nfl\/demeco-ryans-entraineur-des-texans\/#primaryimage","url":"https:\/\/theplayoffs.news\/fr\/wp-content\/uploads\/2023\/01\/BB58E1B9-DD5F-4446-9132-687282305C4F.jpeg","contentUrl":"https:\/\/theplayoffs.news\/fr\/wp-content\/uploads\/2023\/01\/BB58E1B9-DD5F-4446-9132-687282305C4F.jpeg","width":1628,"height":1393,"caption":"Ryans"},{"@type":"BreadcrumbList","@id":"https:\/\/theplayoffs.news\/fr\/actualite-nfl\/demeco-ryans-entraineur-des-texans\/#breadcrumb","itemListElement":[{"@type":"ListItem","position":1,"name":"Accueil","item":"https:\/\/theplayoffs.news\/fr\/"},{"@type":"ListItem","position":2,"name":"DeMeco Ryans sera le nouvel entra\u00eeneur des Texans"}]},{"@type":"WebSite","@id":"https:\/\/theplayoffs.news\/fr\/#website","url":"https:\/\/theplayoffs.news\/fr\/","name":"The Playoffs FR","description":"NBA-NFL-NHL-MLB","potentialAction":[{"@type":"SearchAction","target":{"@type":"EntryPoint","urlTemplate":"https:\/\/theplayoffs.news\/fr\/?s={search_term_string}"},"query-input":{"@type":"PropertyValueSpecification","valueRequired":true,"valueName":"search_term_string"}}],"inLanguage":"fr-FR"},{"@type":"Person","@id":"https:\/\/theplayoffs.news\/fr\/#\/schema\/person\/3dd6319a9057ecd181d2351cdb03ccd2","name":"Alban Conejero","image":{"@type":"ImageObject","inLanguage":"fr-FR","@id":"https:\/\/theplayoffs.news\/fr\/#\/schema\/person\/image\/","url":"https:\/\/secure.gravatar.com\/avatar\/ef2d5e8508f59dc7b4e42edb92917fc230c9f46d5eb7ec09de6d5b8e112de01f?s=96&d=mm&r=g","contentUrl":"https:\/\/secure.gravatar.com\/avatar\/ef2d5e8508f59dc7b4e42edb92917fc230c9f46d5eb7ec09de6d5b8e112de01f?s=96&d=mm&r=g","caption":"Alban Conejero"},"url":"https:\/\/theplayoffs.news\/fr\/author\/albanconejero26gmail-com\/"}]}},"_links":{"self":[{"href":"https:\/\/theplayoffs.news\/fr\/wp-json\/wp\/v2\/posts\/550780","targetHints":{"allow":["GET"]}}],"collection":[{"href":"https:\/\/theplayoffs.news\/fr\/wp-json\/wp\/v2\/posts"}],"about":[{"href":"https:\/\/theplayoffs.news\/fr\/wp-json\/wp\/v2\/types\/post"}],"author":[{"embeddable":true,"href":"https:\/\/theplayoffs.news\/fr\/wp-json\/wp\/v2\/users\/180310139"}],"replies":[{"embeddable":true,"href":"https:\/\/theplayoffs.news\/fr\/wp-json\/wp\/v2\/comments?post=550780"}],"version-history":[{"count":2,"href":"https:\/\/theplayoffs.news\/fr\/wp-json\/wp\/v2\/posts\/550780\/revisions"}],"predecessor-version":[{"id":550798,"href":"https:\/\/theplayoffs.news\/fr\/wp-json\/wp\/v2\/posts\/550780\/revisions\/550798"}],"wp:featuredmedia":[{"embeddable":true,"href":"https:\/\/theplayoffs.news\/fr\/wp-json\/wp\/v2\/media\/550794"}],"wp:attachment":[{"href":"https:\/\/theplayoffs.news\/fr\/wp-json\/wp\/v2\/media?parent=550780"}],"wp:term":[{"taxonomy":"category","embeddable":true,"href":"https:\/\/theplayoffs.news\/fr\/wp-json\/wp\/v2\/categories?post=550780"},{"taxonomy":"post_tag","embeddable":true,"href":"https:\/\/theplayoffs.news\/fr\/wp-json\/wp\/v2\/tags?post=550780"},{"taxonomy":"sport","embeddable":true,"href":"https:\/\/theplayoffs.news\/fr\/wp-json\/wp\/v2\/sport?post=550780"},{"taxonomy":"saison","embeddable":true,"href":"https:\/\/theplayoffs.news\/fr\/wp-json\/wp\/v2\/saison?post=550780"}],"curies":[{"name":"wp","href":"https:\/\/api.w.org\/{rel}","templated":true}]}}