{"id":550728,"date":"2023-01-30T13:40:04","date_gmt":"2023-01-30T12:40:04","guid":{"rendered":"https:\/\/theplayoffs.news\/fr\/?p=550728"},"modified":"2023-01-30T13:40:10","modified_gmt":"2023-01-30T12:40:10","slug":"les-cowboys-se-separent-de-kellen-moore","status":"publish","type":"post","link":"https:\/\/theplayoffs.news\/fr\/actualite-nfl\/les-cowboys-se-separent-de-kellen-moore\/","title":{"rendered":"Les Cowboys se s\u00e9parent de Kellen Moore"},"content":{"rendered":"<h2>Les Dallas Cowboys ont d&eacute;cid&eacute; de se s&eacute;parer de Kellen Moore le coordinateur offensif. Ce sera donc le coach Mike McCarthy qui appellera les jeux offensifs de Dallas.<\/h2><p><span id=\"p0\"><strong>Kellen Moore<\/strong> et les <a href=\"https:\/\/theplayoffs.news\/fr\/equipe\/dallas-cowboys-nfl\/\" class=\"trk-cta-link\" data-cta-trk='{\"ctaType\":\"Link\",\"ctaSubType\":\"main\"}'><strong>Dallas <span id=\"8\" class=\"s-rg\">Cowboys<\/span><\/strong><\/a> <a href=\"https:\/\/theathletic.com\/4136354\/2023\/01\/29\/kellen-moore-cowboys-offensive-coordinator\/?source=user_shared_article\" class=\"trk-cta-link\" data-cta-trk='{\"ctaType\":\"Link\",\"ctaSubType\":\"main\"}'>ont mis un terme &agrave; leur collaboration<\/a> apr&egrave;s 4&nbsp;<span id=\"9\" class=\"s-rg\">saisons<\/span> de Moore en tant que coordinateur offensif.<\/span><span id=\"p1\"> Durant ces 4<span id=\"10\" class=\"s-rg\">&nbsp;saisons<\/span>, les <span id=\"11\" class=\"s-rg\">Cowboys<\/span> ont termin&eacute; trois fois dans le top 6 des meilleures attaques de la <strong>NFL<\/strong>, au niveau des&nbsp;points marqu&eacute;s.<\/span><span id=\"p2\"> Malheureusement pour Kellen Moore, il fallait du mouvement &agrave; Dallas apr&egrave;s une nouvelle d&eacute;faite en <span id=\"14\" class=\"s-rg\">playoffs<\/span>, au d<span id=\"15\" class=\"s-rg\">ivisional<\/span> round la semaine derni&egrave;re contre <strong>les <span id=\"16\" class=\"s-rg\">49ers<\/span><\/strong>.<\/span><span id=\"p22\"><strong> Jerry Jones<\/strong>, le propri&eacute;taire, a annonc&eacute; renouveler sa confiance en <strong>Mike McCarthy<\/strong>, pour qui des rumeurs de d&eacute;part circulaient aussi.<\/span><span id=\"p4\"><\/span><\/p><p><span id=\"p5\">Mike McCarthy devrait donc rester le coach de Dallas, et ce sera m&ecirc;me lui qui s&rsquo;occupera d&rsquo;appeler les jeux en attaque.<\/span><span id=\"p6\"> Depuis la d&eacute;faite &agrave; <strong>San Francisco<\/strong> le week-end dernier, les <span id=\"19\" class=\"s-rg\">Cowboys<\/span> avaient d&eacute;cid&eacute; de se s&eacute;parer de 6 assistants coachs.<\/span><span id=\"p23\"> C&rsquo;est McCarthy lui-m&ecirc;me qui a annonc&eacute; le d&eacute;part de Kellen Moore via un communiqu&eacute;.<\/span><\/p><blockquote><p><em>&laquo; Apr&egrave;s notre fin de saison et une revue d&rsquo;effectif qui a men&eacute; &agrave; de longues discussions, nous avons d&eacute;cid&eacute; suite &agrave; un accord mutuel, de mettre un terme &agrave; notre collaboration avec Kellen Moore. Je veux remercier Kellen pour son travail acharn&eacute; et son engagement qui fut le ma&icirc;tre mot de sa p&eacute;riode au sein de l&rsquo;organisation des Cowboys. La production de notre attaque et le r&ocirc;le de mentor qu&rsquo;il a eu pour Dak (Prescott) prouvent l&rsquo;impact qu&rsquo;a eu Kellen et on est tr&egrave;s reconnaissant envers lui pour sa fonction et son leadership. &raquo;<\/em><\/p>\n<p><em><strong>Mike McCarthy<\/strong>, lors de son communiqu&eacute; au sujet de <strong>Kellen Moore.&nbsp;<\/strong><\/em><\/p><\/blockquote><p>Le bon travail de Kellen Moore devrait lui permettre de retrouver du service ailleurs. Et si l&rsquo;on en croit les derni&egrave;res informations de <strong>Ian Rapoport<\/strong>, <strong>les Chargers<\/strong> de <strong>Los Angeles<\/strong> ont pr&eacute;vu de l&rsquo;interviewer pour le poste de coordinateur offensif, apr&egrave;s le d&eacute;part de <strong>Joe Lombardi<\/strong> il y a plusieurs jours maintenant.<\/p><blockquote class=\"twitter-tweet\" data-width=\"500\" data-dnt=\"true\">\n<p lang=\"en\" dir=\"ltr\">From <a href=\"https:\/\/twitter.com\/gmfb?ref_src=twsrc%5Etfw\" class=\"trk-cta-link\" data-cta-trk='{\"ctaType\":\"Link\",\"ctaSubType\":\"main\"}'>@GMFB<\/a>: With the <a href=\"https:\/\/twitter.com\/hashtag\/49ers?src=hash&amp;ref_src=twsrc%5Etfw\" class=\"trk-cta-link\" data-cta-trk='{\"ctaType\":\"Link\",\"ctaSubType\":\"main\"}'>#49ers<\/a> loss, the path is now clear for the <a href=\"https:\/\/twitter.com\/hashtag\/Texans?src=hash&amp;ref_src=twsrc%5Etfw\" class=\"trk-cta-link\" data-cta-trk='{\"ctaType\":\"Link\",\"ctaSubType\":\"main\"}'>#Texans<\/a> to hire DeMeco Ryans as their new HC; Plus, the <a href=\"https:\/\/twitter.com\/hashtag\/Chargers?src=hash&amp;ref_src=twsrc%5Etfw\" class=\"trk-cta-link\" data-cta-trk='{\"ctaType\":\"Link\",\"ctaSubType\":\"main\"}'>#Chargers<\/a> received permission to speak with Kellen Moore to be their new OC. <a href=\"https:\/\/t.co\/ZvD7ZEXIxE\" class=\"trk-cta-link\" data-cta-trk='{\"ctaType\":\"Link\",\"ctaSubType\":\"main\"}'>pic.twitter.com\/ZvD7ZEXIxE<\/a><\/p>\n<p>&mdash; Ian Rapoport (@RapSheet) <a href=\"https:\/\/twitter.com\/RapSheet\/status\/1620034882461106177?ref_src=twsrc%5Etfw\" class=\"trk-cta-link\" data-cta-trk='{\"ctaType\":\"Link\",\"ctaSubType\":\"main\"}'>January 30, 2023<\/a><\/p><\/blockquote><p><script async src=\"https:\/\/platform.twitter.com\/widgets.js\" charset=\"utf-8\"><\/script><\/p><p>&nbsp;<\/p>\n","protected":false},"excerpt":{"rendered":"","protected":false},"author":180310139,"featured_media":550731,"comment_status":"open","ping_status":"closed","sticky":false,"template":"","format":"standard","meta":{"inline_featured_image":false,"kia_subtitle":"","_mux_skip_reasons":[],"proofreadBy":0,"footnotes":""},"categories":[118,40],"tags":[5348,619,5392,1416,79],"sport":[2785],"saison":[],"class_list":["post-550728","post","type-post","status-publish","format-standard","has-post-thumbnail","hentry","category-actualite-nfl","category-nfl","tag-coordinateur-offensif","tag-dallas-cowboys","tag-kellen-moore","tag-mike-mccarthy","tag-nfl","sport-nfl"],"acf":[],"yoast_head":"<!-- This site is optimized with the Yoast SEO plugin v24.2 - https:\/\/yoast.com\/wordpress\/plugins\/seo\/ -->\n<title>Les Cowboys se s&eacute;parent de Kellen Moore - The Playoffs FR<\/title>\n<meta name=\"robots\" content=\"index, follow, max-snippet:-1, max-image-preview:large, max-video-preview:-1\" \/>\n<link rel=\"canonical\" href=\"https:\/\/theplayoffs.news\/fr\/actualite-nfl\/les-cowboys-se-separent-de-kellen-moore\/\" \/>\n<meta property=\"og:locale\" content=\"fr_FR\" \/>\n<meta property=\"og:type\" content=\"article\" \/>\n<meta property=\"og:title\" content=\"Les Cowboys se s&eacute;parent de Kellen Moore - The Playoffs FR\" \/>\n<meta property=\"og:url\" content=\"https:\/\/theplayoffs.news\/fr\/actualite-nfl\/les-cowboys-se-separent-de-kellen-moore\/\" \/>\n<meta property=\"og:site_name\" content=\"The Playoffs FR\" \/>\n<meta property=\"article:publisher\" content=\"https:\/\/www.facebook.com\/TheFreeAgentFR\/\" \/>\n<meta property=\"article:modified_time\" content=\"2023-01-30T13:40:10+01:00\" \/>\n<meta property=\"og:image\" content=\"https:\/\/theplayoffs.news\/fr\/wp-content\/uploads\/2023\/01\/3A0EBD1B-FFF4-43D9-B936-2E01DEC571B8.jpeg\" \/>\n\t<meta property=\"og:image:width\" content=\"1920\" \/>\n\t<meta property=\"og:image:height\" content=\"1280\" \/>\n\t<meta property=\"og:image:type\" content=\"image\/jpeg\" \/>\n<meta name=\"author\" content=\"Alban Conejero\" \/>\n<meta name=\"twitter:card\" content=\"summary_large_image\" \/>\n<meta name=\"twitter:creator\" content=\"@TheFreeAgentFR\" \/>\n<meta name=\"twitter:site\" content=\"@TheFreeAgentFR\" \/>\n<meta name=\"twitter:label1\" content=\"\u00c9crit par\" \/>\n\t<meta name=\"twitter:data1\" content=\"Alban Conejero\" \/>\n\t<meta name=\"twitter:label2\" content=\"Dur\u00e9e de lecture estim\u00e9e\" \/>\n\t<meta name=\"twitter:data2\" content=\"2 minutes\" \/>\n<script type=\"application\/ld+json\" class=\"yoast-schema-graph\">{\"@context\":\"https:\/\/schema.org\",\"@graph\":[{\"@type\":\"WebPage\",\"@id\":\"https:\/\/theplayoffs.news\/fr\/actualite-nfl\/les-cowboys-se-separent-de-kellen-moore\/\",\"url\":\"https:\/\/theplayoffs.news\/fr\/actualite-nfl\/les-cowboys-se-separent-de-kellen-moore\/\",\"name\":\"Les Cowboys se s\u00e9parent de Kellen Moore - The Playoffs FR\",\"isPartOf\":{\"@id\":\"https:\/\/theplayoffs.news\/fr\/#website\"},\"primaryImageOfPage\":{\"@id\":\"https:\/\/theplayoffs.news\/fr\/actualite-nfl\/les-cowboys-se-separent-de-kellen-moore\/#primaryimage\"},\"image\":{\"@id\":\"https:\/\/theplayoffs.news\/fr\/actualite-nfl\/les-cowboys-se-separent-de-kellen-moore\/#primaryimage\"},\"thumbnailUrl\":\"https:\/\/theplayoffs.news\/fr\/wp-content\/uploads\/2023\/01\/3A0EBD1B-FFF4-43D9-B936-2E01DEC571B8.jpeg\",\"datePublished\":\"2023-01-30T12:40:04+00:00\",\"dateModified\":\"2023-01-30T12:40:10+00:00\",\"author\":{\"@id\":\"https:\/\/theplayoffs.news\/fr\/#\/schema\/person\/3dd6319a9057ecd181d2351cdb03ccd2\"},\"breadcrumb\":{\"@id\":\"https:\/\/theplayoffs.news\/fr\/actualite-nfl\/les-cowboys-se-separent-de-kellen-moore\/#breadcrumb\"},\"inLanguage\":\"fr-FR\",\"potentialAction\":[{\"@type\":\"ReadAction\",\"target\":[\"https:\/\/theplayoffs.news\/fr\/actualite-nfl\/les-cowboys-se-separent-de-kellen-moore\/\"]}]},{\"@type\":\"ImageObject\",\"inLanguage\":\"fr-FR\",\"@id\":\"https:\/\/theplayoffs.news\/fr\/actualite-nfl\/les-cowboys-se-separent-de-kellen-moore\/#primaryimage\",\"url\":\"https:\/\/theplayoffs.news\/fr\/wp-content\/uploads\/2023\/01\/3A0EBD1B-FFF4-43D9-B936-2E01DEC571B8.jpeg\",\"contentUrl\":\"https:\/\/theplayoffs.news\/fr\/wp-content\/uploads\/2023\/01\/3A0EBD1B-FFF4-43D9-B936-2E01DEC571B8.jpeg\",\"width\":1920,\"height\":1280,\"caption\":\"Cowboys\"},{\"@type\":\"BreadcrumbList\",\"@id\":\"https:\/\/theplayoffs.news\/fr\/actualite-nfl\/les-cowboys-se-separent-de-kellen-moore\/#breadcrumb\",\"itemListElement\":[{\"@type\":\"ListItem\",\"position\":1,\"name\":\"Accueil\",\"item\":\"https:\/\/theplayoffs.news\/fr\/\"},{\"@type\":\"ListItem\",\"position\":2,\"name\":\"Les Cowboys se s\u00e9parent de Kellen Moore\"}]},{\"@type\":\"WebSite\",\"@id\":\"https:\/\/theplayoffs.news\/fr\/#website\",\"url\":\"https:\/\/theplayoffs.news\/fr\/\",\"name\":\"The Playoffs FR\",\"description\":\"NBA-NFL-NHL-MLB\",\"potentialAction\":[{\"@type\":\"SearchAction\",\"target\":{\"@type\":\"EntryPoint\",\"urlTemplate\":\"https:\/\/theplayoffs.news\/fr\/?s={search_term_string}\"},\"query-input\":{\"@type\":\"PropertyValueSpecification\",\"valueRequired\":true,\"valueName\":\"search_term_string\"}}],\"inLanguage\":\"fr-FR\"},{\"@type\":\"Person\",\"@id\":\"https:\/\/theplayoffs.news\/fr\/#\/schema\/person\/3dd6319a9057ecd181d2351cdb03ccd2\",\"name\":\"Alban Conejero\",\"image\":{\"@type\":\"ImageObject\",\"inLanguage\":\"fr-FR\",\"@id\":\"https:\/\/theplayoffs.news\/fr\/#\/schema\/person\/image\/\",\"url\":\"https:\/\/secure.gravatar.com\/avatar\/ef2d5e8508f59dc7b4e42edb92917fc230c9f46d5eb7ec09de6d5b8e112de01f?s=96&d=mm&r=g\",\"contentUrl\":\"https:\/\/secure.gravatar.com\/avatar\/ef2d5e8508f59dc7b4e42edb92917fc230c9f46d5eb7ec09de6d5b8e112de01f?s=96&d=mm&r=g\",\"caption\":\"Alban Conejero\"},\"url\":\"https:\/\/theplayoffs.news\/fr\/author\/albanconejero26gmail-com\/\"}]}<\/script>\n<!-- \/ Yoast SEO plugin. -->","yoast_head_json":{"title":"Les Cowboys se s&eacute;parent de Kellen Moore - The Playoffs FR","robots":{"index":"index","follow":"follow","max-snippet":"max-snippet:-1","max-image-preview":"max-image-preview:large","max-video-preview":"max-video-preview:-1"},"canonical":"https:\/\/theplayoffs.news\/fr\/actualite-nfl\/les-cowboys-se-separent-de-kellen-moore\/","og_locale":"fr_FR","og_type":"article","og_title":"Les Cowboys se s&eacute;parent de Kellen Moore - The Playoffs FR","og_url":"https:\/\/theplayoffs.news\/fr\/actualite-nfl\/les-cowboys-se-separent-de-kellen-moore\/","og_site_name":"The Playoffs FR","article_publisher":"https:\/\/www.facebook.com\/TheFreeAgentFR\/","article_modified_time":"2023-01-30T12:40:10+00:00","og_image":[{"width":1920,"height":1280,"url":"https:\/\/theplayoffs.news\/fr\/wp-content\/uploads\/2023\/01\/3A0EBD1B-FFF4-43D9-B936-2E01DEC571B8.jpeg","type":"image\/jpeg"}],"author":"Alban Conejero","twitter_card":"summary_large_image","twitter_creator":"@TheFreeAgentFR","twitter_site":"@TheFreeAgentFR","twitter_misc":{"\u00c9crit par":"Alban Conejero","Dur\u00e9e de lecture estim\u00e9e":"2 minutes"},"schema":{"@context":"https:\/\/schema.org","@graph":[{"@type":"WebPage","@id":"https:\/\/theplayoffs.news\/fr\/actualite-nfl\/les-cowboys-se-separent-de-kellen-moore\/","url":"https:\/\/theplayoffs.news\/fr\/actualite-nfl\/les-cowboys-se-separent-de-kellen-moore\/","name":"Les Cowboys se s\u00e9parent de Kellen Moore - The Playoffs FR","isPartOf":{"@id":"https:\/\/theplayoffs.news\/fr\/#website"},"primaryImageOfPage":{"@id":"https:\/\/theplayoffs.news\/fr\/actualite-nfl\/les-cowboys-se-separent-de-kellen-moore\/#primaryimage"},"image":{"@id":"https:\/\/theplayoffs.news\/fr\/actualite-nfl\/les-cowboys-se-separent-de-kellen-moore\/#primaryimage"},"thumbnailUrl":"https:\/\/theplayoffs.news\/fr\/wp-content\/uploads\/2023\/01\/3A0EBD1B-FFF4-43D9-B936-2E01DEC571B8.jpeg","datePublished":"2023-01-30T12:40:04+00:00","dateModified":"2023-01-30T12:40:10+00:00","author":{"@id":"https:\/\/theplayoffs.news\/fr\/#\/schema\/person\/3dd6319a9057ecd181d2351cdb03ccd2"},"breadcrumb":{"@id":"https:\/\/theplayoffs.news\/fr\/actualite-nfl\/les-cowboys-se-separent-de-kellen-moore\/#breadcrumb"},"inLanguage":"fr-FR","potentialAction":[{"@type":"ReadAction","target":["https:\/\/theplayoffs.news\/fr\/actualite-nfl\/les-cowboys-se-separent-de-kellen-moore\/"]}]},{"@type":"ImageObject","inLanguage":"fr-FR","@id":"https:\/\/theplayoffs.news\/fr\/actualite-nfl\/les-cowboys-se-separent-de-kellen-moore\/#primaryimage","url":"https:\/\/theplayoffs.news\/fr\/wp-content\/uploads\/2023\/01\/3A0EBD1B-FFF4-43D9-B936-2E01DEC571B8.jpeg","contentUrl":"https:\/\/theplayoffs.news\/fr\/wp-content\/uploads\/2023\/01\/3A0EBD1B-FFF4-43D9-B936-2E01DEC571B8.jpeg","width":1920,"height":1280,"caption":"Cowboys"},{"@type":"BreadcrumbList","@id":"https:\/\/theplayoffs.news\/fr\/actualite-nfl\/les-cowboys-se-separent-de-kellen-moore\/#breadcrumb","itemListElement":[{"@type":"ListItem","position":1,"name":"Accueil","item":"https:\/\/theplayoffs.news\/fr\/"},{"@type":"ListItem","position":2,"name":"Les Cowboys se s\u00e9parent de Kellen Moore"}]},{"@type":"WebSite","@id":"https:\/\/theplayoffs.news\/fr\/#website","url":"https:\/\/theplayoffs.news\/fr\/","name":"The Playoffs FR","description":"NBA-NFL-NHL-MLB","potentialAction":[{"@type":"SearchAction","target":{"@type":"EntryPoint","urlTemplate":"https:\/\/theplayoffs.news\/fr\/?s={search_term_string}"},"query-input":{"@type":"PropertyValueSpecification","valueRequired":true,"valueName":"search_term_string"}}],"inLanguage":"fr-FR"},{"@type":"Person","@id":"https:\/\/theplayoffs.news\/fr\/#\/schema\/person\/3dd6319a9057ecd181d2351cdb03ccd2","name":"Alban Conejero","image":{"@type":"ImageObject","inLanguage":"fr-FR","@id":"https:\/\/theplayoffs.news\/fr\/#\/schema\/person\/image\/","url":"https:\/\/secure.gravatar.com\/avatar\/ef2d5e8508f59dc7b4e42edb92917fc230c9f46d5eb7ec09de6d5b8e112de01f?s=96&d=mm&r=g","contentUrl":"https:\/\/secure.gravatar.com\/avatar\/ef2d5e8508f59dc7b4e42edb92917fc230c9f46d5eb7ec09de6d5b8e112de01f?s=96&d=mm&r=g","caption":"Alban Conejero"},"url":"https:\/\/theplayoffs.news\/fr\/author\/albanconejero26gmail-com\/"}]}},"_links":{"self":[{"href":"https:\/\/theplayoffs.news\/fr\/wp-json\/wp\/v2\/posts\/550728","targetHints":{"allow":["GET"]}}],"collection":[{"href":"https:\/\/theplayoffs.news\/fr\/wp-json\/wp\/v2\/posts"}],"about":[{"href":"https:\/\/theplayoffs.news\/fr\/wp-json\/wp\/v2\/types\/post"}],"author":[{"embeddable":true,"href":"https:\/\/theplayoffs.news\/fr\/wp-json\/wp\/v2\/users\/180310139"}],"replies":[{"embeddable":true,"href":"https:\/\/theplayoffs.news\/fr\/wp-json\/wp\/v2\/comments?post=550728"}],"version-history":[{"count":2,"href":"https:\/\/theplayoffs.news\/fr\/wp-json\/wp\/v2\/posts\/550728\/revisions"}],"predecessor-version":[{"id":550737,"href":"https:\/\/theplayoffs.news\/fr\/wp-json\/wp\/v2\/posts\/550728\/revisions\/550737"}],"wp:featuredmedia":[{"embeddable":true,"href":"https:\/\/theplayoffs.news\/fr\/wp-json\/wp\/v2\/media\/550731"}],"wp:attachment":[{"href":"https:\/\/theplayoffs.news\/fr\/wp-json\/wp\/v2\/media?parent=550728"}],"wp:term":[{"taxonomy":"category","embeddable":true,"href":"https:\/\/theplayoffs.news\/fr\/wp-json\/wp\/v2\/categories?post=550728"},{"taxonomy":"post_tag","embeddable":true,"href":"https:\/\/theplayoffs.news\/fr\/wp-json\/wp\/v2\/tags?post=550728"},{"taxonomy":"sport","embeddable":true,"href":"https:\/\/theplayoffs.news\/fr\/wp-json\/wp\/v2\/sport?post=550728"},{"taxonomy":"saison","embeddable":true,"href":"https:\/\/theplayoffs.news\/fr\/wp-json\/wp\/v2\/saison?post=550728"}],"curies":[{"name":"wp","href":"https:\/\/api.w.org\/{rel}","templated":true}]}}