{"id":549357,"date":"2023-01-29T13:18:21","date_gmt":"2023-01-29T12:18:21","guid":{"rendered":"https:\/\/theplayoffs.news\/fr\/?p=549357"},"modified":"2023-01-29T13:18:22","modified_gmt":"2023-01-29T12:18:22","slug":"proprietaire-rockies-peste-contre-padres","status":"publish","type":"post","link":"https:\/\/theplayoffs.news\/fr\/actualite-mlb\/proprietaire-rockies-peste-contre-padres\/","title":{"rendered":"Le propri\u00e9taire des Rockies peste contre la strat\u00e9gie des Padres"},"content":{"rendered":"<h2 class=\"p1\"><b>Dick Monfort le propri&eacute;taire des Rockies n&rsquo;est pas convaincu par la strat&eacute;gie mise en place par les Padres pour renforcer leur effectif. <\/b><\/h2><blockquote>\n<p class=\"p1\">&ldquo;Ils ont d&eacute;pens&eacute; beaucoup d&rsquo;argent et ils vont devoir en d&eacute;penser encore plus s&rsquo;ils veulent conserver Juan Soto, cela ajoute beaucoup de pression.&rdquo; Dick Monfort au sujet des Padres.<\/p>\n<\/blockquote><p class=\"p1\">Pour rappel, apr&egrave;s avoir r&eacute;alis&eacute; le plus gros transfert de la saison en r&eacute;cup&eacute;rant l&rsquo;un des meilleur frappeur de la ligue en Juan Soto, les Padres ont &eacute;galement recrut&eacute; cet hiver l&rsquo;un des meilleurs arri&egrave;re court disponible sur le march&eacute;, Xander Bogaerts en lui offrant un contrat de 280 millions de dollars sur 11 ans.<\/p><p class=\"p1\">Ce contrat s&rsquo;ajoute aux m&eacute;ga contrats des superstars <a href=\"https:\/\/theplayoffs.news\/fr\/joueur\/manny-machado-san-diego-padres-mlb\/\" class=\"trk-cta-link\" data-cta-trk='{\"ctaType\":\"Link\",\"ctaSubType\":\"main\"}'><strong>Manny Machado<\/strong><\/a> et Fernando Tatis Jr, qui ont tous les deux sign&eacute;s pour plus de 300 millions avec la franchise de San Diego.<\/p><p class=\"p1\">Une compilation de joueurs talentueux et confirm&eacute;s qui ferait r&ecirc;ver n&rsquo;importe quelle &eacute;quipe ? Pas vraiment, si on &eacute;coute le propri&eacute;taire des Rockies :<\/p><blockquote>\n<p class=\"p1\">&laquo;&nbsp;Quand je regarde les Padres, ils ont un effectif tr&egrave;s talentueux, mais ils leurs manquent des choses. Ils ont trois, peut-&ecirc;tre quatre lanceurs titulaires et apr&egrave;s ils sont un peu comme nous. Ils ont Joe Musgrove, Blake Snell et Yu Darvish, donc je ne sais pas&nbsp;&raquo;<\/p>\n<\/blockquote><p class=\"p1\">Le propri&eacute;taire de la franchise du Colorado sous-entend ici que la rotation de lanceurs des Padres n&rsquo;est pas assez profonde pour leur permettre de surpasser les autres cadors de la ligue nationale.<\/p><p class=\"p1\">De leur c&ocirc;t&eacute;, les Rockies n&rsquo;ont pas &eacute;t&eacute; tr&egrave;s actif durant l&rsquo;intersaison et n&rsquo;ont sign&eacute; que le lanceur Pierce Johnson pour un contrat d&rsquo;un an de 5 millions de dollars.<\/p><p class=\"p1\">Suffisant pour &ecirc;tre comp&eacute;titif cette ann&eacute;e et jouer les premiers r&ocirc;les avec les Padres?<\/p>\n","protected":false},"excerpt":{"rendered":"","protected":false},"author":180310147,"featured_media":549358,"comment_status":"open","ping_status":"closed","sticky":false,"template":"","format":"standard","meta":{"inline_featured_image":false,"kia_subtitle":"","_mux_skip_reasons":[],"proofreadBy":0,"footnotes":""},"categories":[188,9],"tags":[463,465],"sport":[],"saison":[],"class_list":["post-549357","post","type-post","status-publish","format-standard","has-post-thumbnail","hentry","category-actualite-mlb","category-mlb","tag-colorado-rockies","tag-san-diego-padres"],"acf":[],"yoast_head":"<!-- This site is optimized with the Yoast SEO plugin v24.2 - https:\/\/yoast.com\/wordpress\/plugins\/seo\/ -->\n<title>Le propri&eacute;taire des Rockies peste contre la strat&eacute;gie des Padres - The Playoffs FR<\/title>\n<meta name=\"robots\" content=\"index, follow, max-snippet:-1, max-image-preview:large, max-video-preview:-1\" \/>\n<link rel=\"canonical\" href=\"https:\/\/theplayoffs.news\/fr\/actualite-mlb\/proprietaire-rockies-peste-contre-padres\/\" \/>\n<meta property=\"og:locale\" content=\"fr_FR\" \/>\n<meta property=\"og:type\" content=\"article\" \/>\n<meta property=\"og:title\" content=\"Le propri&eacute;taire des Rockies peste contre la strat&eacute;gie des Padres - The Playoffs FR\" \/>\n<meta property=\"og:url\" content=\"https:\/\/theplayoffs.news\/fr\/actualite-mlb\/proprietaire-rockies-peste-contre-padres\/\" \/>\n<meta property=\"og:site_name\" content=\"The Playoffs FR\" \/>\n<meta property=\"article:publisher\" content=\"https:\/\/www.facebook.com\/TheFreeAgentFR\/\" \/>\n<meta property=\"article:modified_time\" content=\"2023-01-29T13:18:22+01:00\" \/>\n<meta property=\"og:image\" content=\"https:\/\/theplayoffs.news\/fr\/wp-content\/uploads\/2023\/01\/tinywow_TDP-L-ROCKIES-DODGERS-OPENER_JAC6734x_12617008.jpg\" \/>\n\t<meta property=\"og:image:width\" content=\"1024\" \/>\n\t<meta property=\"og:image:height\" content=\"682\" \/>\n\t<meta property=\"og:image:type\" content=\"image\/jpeg\" \/>\n<meta name=\"author\" content=\"C\u00e9dric Philippe\" \/>\n<meta name=\"twitter:card\" content=\"summary_large_image\" \/>\n<meta name=\"twitter:creator\" content=\"@TheFreeAgentFR\" \/>\n<meta name=\"twitter:site\" content=\"@TheFreeAgentFR\" \/>\n<meta name=\"twitter:label1\" content=\"\u00c9crit par\" \/>\n\t<meta name=\"twitter:data1\" content=\"C\u00e9dric Philippe\" \/>\n\t<meta name=\"twitter:label2\" content=\"Dur\u00e9e de lecture estim\u00e9e\" \/>\n\t<meta name=\"twitter:data2\" content=\"2 minutes\" \/>\n<script type=\"application\/ld+json\" class=\"yoast-schema-graph\">{\"@context\":\"https:\/\/schema.org\",\"@graph\":[{\"@type\":\"WebPage\",\"@id\":\"https:\/\/theplayoffs.news\/fr\/actualite-mlb\/proprietaire-rockies-peste-contre-padres\/\",\"url\":\"https:\/\/theplayoffs.news\/fr\/actualite-mlb\/proprietaire-rockies-peste-contre-padres\/\",\"name\":\"Le propri\u00e9taire des Rockies peste contre la strat\u00e9gie des Padres - The Playoffs FR\",\"isPartOf\":{\"@id\":\"https:\/\/theplayoffs.news\/fr\/#website\"},\"primaryImageOfPage\":{\"@id\":\"https:\/\/theplayoffs.news\/fr\/actualite-mlb\/proprietaire-rockies-peste-contre-padres\/#primaryimage\"},\"image\":{\"@id\":\"https:\/\/theplayoffs.news\/fr\/actualite-mlb\/proprietaire-rockies-peste-contre-padres\/#primaryimage\"},\"thumbnailUrl\":\"https:\/\/theplayoffs.news\/fr\/wp-content\/uploads\/2023\/01\/tinywow_TDP-L-ROCKIES-DODGERS-OPENER_JAC6734x_12617008.jpg\",\"datePublished\":\"2023-01-29T12:18:21+00:00\",\"dateModified\":\"2023-01-29T12:18:22+00:00\",\"author\":{\"@id\":\"https:\/\/theplayoffs.news\/fr\/#\/schema\/person\/56b5804ce14e7430240ba59aaad166c6\"},\"breadcrumb\":{\"@id\":\"https:\/\/theplayoffs.news\/fr\/actualite-mlb\/proprietaire-rockies-peste-contre-padres\/#breadcrumb\"},\"inLanguage\":\"fr-FR\",\"potentialAction\":[{\"@type\":\"ReadAction\",\"target\":[\"https:\/\/theplayoffs.news\/fr\/actualite-mlb\/proprietaire-rockies-peste-contre-padres\/\"]}]},{\"@type\":\"ImageObject\",\"inLanguage\":\"fr-FR\",\"@id\":\"https:\/\/theplayoffs.news\/fr\/actualite-mlb\/proprietaire-rockies-peste-contre-padres\/#primaryimage\",\"url\":\"https:\/\/theplayoffs.news\/fr\/wp-content\/uploads\/2023\/01\/tinywow_TDP-L-ROCKIES-DODGERS-OPENER_JAC6734x_12617008.jpg\",\"contentUrl\":\"https:\/\/theplayoffs.news\/fr\/wp-content\/uploads\/2023\/01\/tinywow_TDP-L-ROCKIES-DODGERS-OPENER_JAC6734x_12617008.jpg\",\"width\":1024,\"height\":682,\"caption\":\"Dick Monfort Rockies\"},{\"@type\":\"BreadcrumbList\",\"@id\":\"https:\/\/theplayoffs.news\/fr\/actualite-mlb\/proprietaire-rockies-peste-contre-padres\/#breadcrumb\",\"itemListElement\":[{\"@type\":\"ListItem\",\"position\":1,\"name\":\"Accueil\",\"item\":\"https:\/\/theplayoffs.news\/fr\/\"},{\"@type\":\"ListItem\",\"position\":2,\"name\":\"Le propri\u00e9taire des Rockies peste contre la strat\u00e9gie des Padres\"}]},{\"@type\":\"WebSite\",\"@id\":\"https:\/\/theplayoffs.news\/fr\/#website\",\"url\":\"https:\/\/theplayoffs.news\/fr\/\",\"name\":\"The Playoffs FR\",\"description\":\"NBA-NFL-NHL-MLB\",\"potentialAction\":[{\"@type\":\"SearchAction\",\"target\":{\"@type\":\"EntryPoint\",\"urlTemplate\":\"https:\/\/theplayoffs.news\/fr\/?s={search_term_string}\"},\"query-input\":{\"@type\":\"PropertyValueSpecification\",\"valueRequired\":true,\"valueName\":\"search_term_string\"}}],\"inLanguage\":\"fr-FR\"},{\"@type\":\"Person\",\"@id\":\"https:\/\/theplayoffs.news\/fr\/#\/schema\/person\/56b5804ce14e7430240ba59aaad166c6\",\"name\":\"C\u00e9dric Philippe\",\"image\":{\"@type\":\"ImageObject\",\"inLanguage\":\"fr-FR\",\"@id\":\"https:\/\/theplayoffs.news\/fr\/#\/schema\/person\/image\/\",\"url\":\"https:\/\/secure.gravatar.com\/avatar\/63b48b6160b1ff79c0dd4dab351079df16111f1b0adeaf106e7df77915e5664a?s=96&d=mm&r=g\",\"contentUrl\":\"https:\/\/secure.gravatar.com\/avatar\/63b48b6160b1ff79c0dd4dab351079df16111f1b0adeaf106e7df77915e5664a?s=96&d=mm&r=g\",\"caption\":\"C\u00e9dric Philippe\"},\"url\":\"https:\/\/theplayoffs.news\/fr\/author\/cedricphilippe23gmail-com\/\"}]}<\/script>\n<!-- \/ Yoast SEO plugin. -->","yoast_head_json":{"title":"Le propri&eacute;taire des Rockies peste contre la strat&eacute;gie des Padres - The Playoffs FR","robots":{"index":"index","follow":"follow","max-snippet":"max-snippet:-1","max-image-preview":"max-image-preview:large","max-video-preview":"max-video-preview:-1"},"canonical":"https:\/\/theplayoffs.news\/fr\/actualite-mlb\/proprietaire-rockies-peste-contre-padres\/","og_locale":"fr_FR","og_type":"article","og_title":"Le propri&eacute;taire des Rockies peste contre la strat&eacute;gie des Padres - The Playoffs FR","og_url":"https:\/\/theplayoffs.news\/fr\/actualite-mlb\/proprietaire-rockies-peste-contre-padres\/","og_site_name":"The Playoffs FR","article_publisher":"https:\/\/www.facebook.com\/TheFreeAgentFR\/","article_modified_time":"2023-01-29T12:18:22+00:00","og_image":[{"width":1024,"height":682,"url":"https:\/\/theplayoffs.news\/fr\/wp-content\/uploads\/2023\/01\/tinywow_TDP-L-ROCKIES-DODGERS-OPENER_JAC6734x_12617008.jpg","type":"image\/jpeg"}],"author":"C\u00e9dric Philippe","twitter_card":"summary_large_image","twitter_creator":"@TheFreeAgentFR","twitter_site":"@TheFreeAgentFR","twitter_misc":{"\u00c9crit par":"C\u00e9dric Philippe","Dur\u00e9e de lecture estim\u00e9e":"2 minutes"},"schema":{"@context":"https:\/\/schema.org","@graph":[{"@type":"WebPage","@id":"https:\/\/theplayoffs.news\/fr\/actualite-mlb\/proprietaire-rockies-peste-contre-padres\/","url":"https:\/\/theplayoffs.news\/fr\/actualite-mlb\/proprietaire-rockies-peste-contre-padres\/","name":"Le propri\u00e9taire des Rockies peste contre la strat\u00e9gie des Padres - The Playoffs FR","isPartOf":{"@id":"https:\/\/theplayoffs.news\/fr\/#website"},"primaryImageOfPage":{"@id":"https:\/\/theplayoffs.news\/fr\/actualite-mlb\/proprietaire-rockies-peste-contre-padres\/#primaryimage"},"image":{"@id":"https:\/\/theplayoffs.news\/fr\/actualite-mlb\/proprietaire-rockies-peste-contre-padres\/#primaryimage"},"thumbnailUrl":"https:\/\/theplayoffs.news\/fr\/wp-content\/uploads\/2023\/01\/tinywow_TDP-L-ROCKIES-DODGERS-OPENER_JAC6734x_12617008.jpg","datePublished":"2023-01-29T12:18:21+00:00","dateModified":"2023-01-29T12:18:22+00:00","author":{"@id":"https:\/\/theplayoffs.news\/fr\/#\/schema\/person\/56b5804ce14e7430240ba59aaad166c6"},"breadcrumb":{"@id":"https:\/\/theplayoffs.news\/fr\/actualite-mlb\/proprietaire-rockies-peste-contre-padres\/#breadcrumb"},"inLanguage":"fr-FR","potentialAction":[{"@type":"ReadAction","target":["https:\/\/theplayoffs.news\/fr\/actualite-mlb\/proprietaire-rockies-peste-contre-padres\/"]}]},{"@type":"ImageObject","inLanguage":"fr-FR","@id":"https:\/\/theplayoffs.news\/fr\/actualite-mlb\/proprietaire-rockies-peste-contre-padres\/#primaryimage","url":"https:\/\/theplayoffs.news\/fr\/wp-content\/uploads\/2023\/01\/tinywow_TDP-L-ROCKIES-DODGERS-OPENER_JAC6734x_12617008.jpg","contentUrl":"https:\/\/theplayoffs.news\/fr\/wp-content\/uploads\/2023\/01\/tinywow_TDP-L-ROCKIES-DODGERS-OPENER_JAC6734x_12617008.jpg","width":1024,"height":682,"caption":"Dick Monfort Rockies"},{"@type":"BreadcrumbList","@id":"https:\/\/theplayoffs.news\/fr\/actualite-mlb\/proprietaire-rockies-peste-contre-padres\/#breadcrumb","itemListElement":[{"@type":"ListItem","position":1,"name":"Accueil","item":"https:\/\/theplayoffs.news\/fr\/"},{"@type":"ListItem","position":2,"name":"Le propri\u00e9taire des Rockies peste contre la strat\u00e9gie des Padres"}]},{"@type":"WebSite","@id":"https:\/\/theplayoffs.news\/fr\/#website","url":"https:\/\/theplayoffs.news\/fr\/","name":"The Playoffs FR","description":"NBA-NFL-NHL-MLB","potentialAction":[{"@type":"SearchAction","target":{"@type":"EntryPoint","urlTemplate":"https:\/\/theplayoffs.news\/fr\/?s={search_term_string}"},"query-input":{"@type":"PropertyValueSpecification","valueRequired":true,"valueName":"search_term_string"}}],"inLanguage":"fr-FR"},{"@type":"Person","@id":"https:\/\/theplayoffs.news\/fr\/#\/schema\/person\/56b5804ce14e7430240ba59aaad166c6","name":"C\u00e9dric Philippe","image":{"@type":"ImageObject","inLanguage":"fr-FR","@id":"https:\/\/theplayoffs.news\/fr\/#\/schema\/person\/image\/","url":"https:\/\/secure.gravatar.com\/avatar\/63b48b6160b1ff79c0dd4dab351079df16111f1b0adeaf106e7df77915e5664a?s=96&d=mm&r=g","contentUrl":"https:\/\/secure.gravatar.com\/avatar\/63b48b6160b1ff79c0dd4dab351079df16111f1b0adeaf106e7df77915e5664a?s=96&d=mm&r=g","caption":"C\u00e9dric Philippe"},"url":"https:\/\/theplayoffs.news\/fr\/author\/cedricphilippe23gmail-com\/"}]}},"_links":{"self":[{"href":"https:\/\/theplayoffs.news\/fr\/wp-json\/wp\/v2\/posts\/549357","targetHints":{"allow":["GET"]}}],"collection":[{"href":"https:\/\/theplayoffs.news\/fr\/wp-json\/wp\/v2\/posts"}],"about":[{"href":"https:\/\/theplayoffs.news\/fr\/wp-json\/wp\/v2\/types\/post"}],"author":[{"embeddable":true,"href":"https:\/\/theplayoffs.news\/fr\/wp-json\/wp\/v2\/users\/180310147"}],"replies":[{"embeddable":true,"href":"https:\/\/theplayoffs.news\/fr\/wp-json\/wp\/v2\/comments?post=549357"}],"version-history":[{"count":3,"href":"https:\/\/theplayoffs.news\/fr\/wp-json\/wp\/v2\/posts\/549357\/revisions"}],"predecessor-version":[{"id":549361,"href":"https:\/\/theplayoffs.news\/fr\/wp-json\/wp\/v2\/posts\/549357\/revisions\/549361"}],"wp:featuredmedia":[{"embeddable":true,"href":"https:\/\/theplayoffs.news\/fr\/wp-json\/wp\/v2\/media\/549358"}],"wp:attachment":[{"href":"https:\/\/theplayoffs.news\/fr\/wp-json\/wp\/v2\/media?parent=549357"}],"wp:term":[{"taxonomy":"category","embeddable":true,"href":"https:\/\/theplayoffs.news\/fr\/wp-json\/wp\/v2\/categories?post=549357"},{"taxonomy":"post_tag","embeddable":true,"href":"https:\/\/theplayoffs.news\/fr\/wp-json\/wp\/v2\/tags?post=549357"},{"taxonomy":"sport","embeddable":true,"href":"https:\/\/theplayoffs.news\/fr\/wp-json\/wp\/v2\/sport?post=549357"},{"taxonomy":"saison","embeddable":true,"href":"https:\/\/theplayoffs.news\/fr\/wp-json\/wp\/v2\/saison?post=549357"}],"curies":[{"name":"wp","href":"https:\/\/api.w.org\/{rel}","templated":true}]}}