{"id":545009,"date":"2023-01-26T11:46:51","date_gmt":"2023-01-26T10:46:51","guid":{"rendered":"https:\/\/theplayoffs.news\/fr\/?p=545009"},"modified":"2023-01-26T11:46:52","modified_gmt":"2023-01-26T10:46:52","slug":"jacque-vaughn-se-defend-sur-le-cas-simmons","status":"publish","type":"post","link":"https:\/\/theplayoffs.news\/fr\/actualite-nba\/jacque-vaughn-se-defend-sur-le-cas-simmons\/","title":{"rendered":"Jacque Vaughn se d\u00e9fend sur le cas Simmons"},"content":{"rendered":"<h2>Hier soir, les Nets se sont inclin&eacute;s sur le parquet des Sixers (133-137). Mais ce qui a fait le plus parler apr&egrave;s le match c&rsquo;est la mise sur le banc de Ben Simmons par son coach Jacque Vaughn dans le dernier quart temps.<\/h2><p>Plus les matchs passent et moins on s&rsquo;y retrouve sur le cas <a href=\"https:\/\/theplayoffs.news\/fr\/joueur\/ben-simmons-nba-7814774\/\" class=\"trk-cta-link\" data-cta-trk='{\"ctaType\":\"Link\",\"ctaSubType\":\"main\"}'>Ben Simmons<\/a> dans cette &eacute;quipe des <strong>Nets<\/strong>. Le meneur australien a inscrit <strong>12 points, pris 5 rebonds et d&eacute;livr&eacute; 5 passes d&eacute;cisives<\/strong> hier soir face &agrave; son ancienne &eacute;quipe (d&eacute;faite de <strong>Brooklyn<\/strong> 133-137). N&eacute;anmoins <strong>10 de ses 12 points<\/strong> ont &eacute;t&eacute; marqu&eacute; lors du 3&egrave; quart temps. On a retrouv&eacute; un <strong>Ben Simmons<\/strong> qui n&rsquo;allait pas, voire ne regardait pas du tout le cercle lors des offensives de la franchise new yorkaise.<\/p><blockquote class=\"twitter-tweet\" data-width=\"500\" data-dnt=\"true\">\n<p lang=\"zxx\" dir=\"ltr\"><a href=\"https:\/\/t.co\/fwWOGNpDXf\" class=\"trk-cta-link\" data-cta-trk='{\"ctaType\":\"Link\",\"ctaSubType\":\"main\"}'>https:\/\/t.co\/fwWOGNpDXf<\/a> <a href=\"https:\/\/t.co\/XELCOwhwYP\" class=\"trk-cta-link\" data-cta-trk='{\"ctaType\":\"Link\",\"ctaSubType\":\"main\"}'>pic.twitter.com\/XELCOwhwYP<\/a><\/p>\n<p>&mdash; NBA on ESPN (@ESPNNBA) <a href=\"https:\/\/twitter.com\/ESPNNBA\/status\/1618438936602476545?ref_src=twsrc%5Etfw\" class=\"trk-cta-link\" data-cta-trk='{\"ctaType\":\"Link\",\"ctaSubType\":\"main\"}'>January 26, 2023<\/a><\/p><\/blockquote><p><script async src=\"https:\/\/platform.twitter.com\/widgets.js\" charset=\"utf-8\"><\/script><\/p><p><strong>Jacque Vaughn<\/strong> l&rsquo;a sorti dans les<strong> 9<\/strong> derni&egrave;res minutes du <strong>4&egrave; quart temps<\/strong> alors que <strong>Simmons<\/strong> devenait de plus en plus agressif. Un coaching qui a &eacute;t&eacute; remis en question d&egrave;s la fin du match. Les journalistes posent la question &agrave; <strong>Jacque Vaughn<\/strong> sur son choix de laisser <strong>Ben Simmons<\/strong> sur le banc.<\/p><blockquote><p>&laquo;&nbsp;Donc, si vous pensez &agrave; &ecirc;tre agressif, vous serez agressif&nbsp;&raquo;, d&eacute;clare le coach des Nets en conf&eacute;rence de presse d&rsquo;apr&egrave;s match. &laquo;&nbsp;Si vous pensez &agrave; &ecirc;tre un bon co&eacute;quipier, vous serez un bon co&eacute;quipier. Si vous pensez &agrave; la comp&eacute;tition et &agrave; jouer dur, vous faites ces choses. Vous devenez ce &agrave; quoi vous pensez&nbsp;&raquo;.<\/p><\/blockquote><p>Cette d&eacute;claration ne passe pas pour certains fans car <strong>Ben Simmons<\/strong> a, en seconde p&eacute;riode, fait tout ce que son coach vient de dire en conf&eacute;rence de presse. Peut-&ecirc;tre qu&rsquo;il avait peur de revoir le <strong>Ben Simmons<\/strong> de la premi&egrave;re mi-temps, ou qu&rsquo;il craignait de voir un Simmons se liqu&eacute;fier fasse aux sifflets de son ancien public. Cependant, avec un <strong>5\/7 aux tirs<\/strong>, cela constituait depuis le 28 d&eacute;cembre dernier (victoire &agrave; Atlanta 108-107), le match o&ugrave; il a tent&eacute; le plus de shoot. <strong>Ben Simmons<\/strong> n&rsquo;a pas tard&eacute; de <a href=\"https:\/\/twitter.com\/NYPost_Lewis\/status\/1618455982069411840?cxt=HHwWgMDT_YDJ9PUsAAAA\" class=\"trk-cta-link\" data-cta-trk='{\"ctaType\":\"Link\",\"ctaSubType\":\"main\"}'>r&eacute;agir sur la d&eacute;cision de son coach<\/a>.<\/p><blockquote><p>&laquo;&nbsp;Je n&rsquo;avais vraiment aucun message de lui&nbsp;&raquo;, affirme Simmons. &laquo;&nbsp;Je pense que c&rsquo;est plus ce dont l&rsquo;&eacute;quipe a besoin. Quand nous gagnons, je n&rsquo;ai aucun probl&egrave;me avec &ccedil;a, si nous perdons, j&rsquo;ai un probl&egrave;me&nbsp;&raquo;.<\/p><\/blockquote><p>Autant dire que ce choix a d&ucirc; mal &agrave; passer et qu&rsquo;il va falloir prendre des d&eacute;cisions plus rationnelles lors des prochains matchs pour <strong>Jacque Vaughn<\/strong> afin de ne pas perdre mentalement son meneur.<\/p><p>&nbsp;<\/p>\n","protected":false},"excerpt":{"rendered":"","protected":false},"author":180310140,"featured_media":545031,"comment_status":"open","ping_status":"closed","sticky":false,"template":"","format":"standard","meta":{"inline_featured_image":false,"kia_subtitle":"","_mux_skip_reasons":[],"proofreadBy":0,"footnotes":""},"categories":[110,10],"tags":[518,499,5013],"sport":[2783],"saison":[],"class_list":["post-545009","post","type-post","status-publish","format-standard","has-post-thumbnail","hentry","category-actualite-nba","category-nba","tag-ben-simmons","tag-brooklyn-nets","tag-jacque-vaughn","sport-nba"],"acf":[],"yoast_head":"<!-- This site is optimized with the Yoast SEO plugin v24.2 - https:\/\/yoast.com\/wordpress\/plugins\/seo\/ -->\n<title>Jacque Vaughn se d&eacute;fend sur le cas Simmons - The Playoffs FR<\/title>\n<meta name=\"robots\" content=\"index, follow, max-snippet:-1, max-image-preview:large, max-video-preview:-1\" \/>\n<link rel=\"canonical\" href=\"https:\/\/theplayoffs.news\/fr\/actualite-nba\/jacque-vaughn-se-defend-sur-le-cas-simmons\/\" \/>\n<meta property=\"og:locale\" content=\"fr_FR\" \/>\n<meta property=\"og:type\" content=\"article\" \/>\n<meta property=\"og:title\" content=\"Jacque Vaughn se d&eacute;fend sur le cas Simmons - The Playoffs FR\" \/>\n<meta property=\"og:url\" content=\"https:\/\/theplayoffs.news\/fr\/actualite-nba\/jacque-vaughn-se-defend-sur-le-cas-simmons\/\" \/>\n<meta property=\"og:site_name\" content=\"The Playoffs FR\" \/>\n<meta property=\"article:publisher\" content=\"https:\/\/www.facebook.com\/TheFreeAgentFR\/\" \/>\n<meta property=\"article:modified_time\" content=\"2023-01-26T11:46:52+01:00\" \/>\n<meta property=\"og:image\" content=\"https:\/\/theplayoffs.news\/fr\/wp-content\/uploads\/2023\/01\/Ben-Simmons-1.jpg\" \/>\n\t<meta property=\"og:image:width\" content=\"1200\" \/>\n\t<meta property=\"og:image:height\" content=\"800\" \/>\n\t<meta property=\"og:image:type\" content=\"image\/jpeg\" \/>\n<meta name=\"author\" content=\"Theophile Batica-ferreira\" \/>\n<meta name=\"twitter:card\" content=\"summary_large_image\" \/>\n<meta name=\"twitter:creator\" content=\"@TheFreeAgentFR\" \/>\n<meta name=\"twitter:site\" content=\"@TheFreeAgentFR\" \/>\n<meta name=\"twitter:label1\" content=\"\u00c9crit par\" \/>\n\t<meta name=\"twitter:data1\" content=\"Theophile Batica-ferreira\" \/>\n\t<meta name=\"twitter:label2\" content=\"Dur\u00e9e de lecture estim\u00e9e\" \/>\n\t<meta name=\"twitter:data2\" content=\"2 minutes\" \/>\n<script type=\"application\/ld+json\" class=\"yoast-schema-graph\">{\"@context\":\"https:\/\/schema.org\",\"@graph\":[{\"@type\":\"WebPage\",\"@id\":\"https:\/\/theplayoffs.news\/fr\/actualite-nba\/jacque-vaughn-se-defend-sur-le-cas-simmons\/\",\"url\":\"https:\/\/theplayoffs.news\/fr\/actualite-nba\/jacque-vaughn-se-defend-sur-le-cas-simmons\/\",\"name\":\"Jacque Vaughn se d\u00e9fend sur le cas Simmons - The Playoffs FR\",\"isPartOf\":{\"@id\":\"https:\/\/theplayoffs.news\/fr\/#website\"},\"primaryImageOfPage\":{\"@id\":\"https:\/\/theplayoffs.news\/fr\/actualite-nba\/jacque-vaughn-se-defend-sur-le-cas-simmons\/#primaryimage\"},\"image\":{\"@id\":\"https:\/\/theplayoffs.news\/fr\/actualite-nba\/jacque-vaughn-se-defend-sur-le-cas-simmons\/#primaryimage\"},\"thumbnailUrl\":\"https:\/\/theplayoffs.news\/fr\/wp-content\/uploads\/2023\/01\/Ben-Simmons-1.jpg\",\"datePublished\":\"2023-01-26T10:46:51+00:00\",\"dateModified\":\"2023-01-26T10:46:52+00:00\",\"author\":{\"@id\":\"https:\/\/theplayoffs.news\/fr\/#\/schema\/person\/28782e5d11e28ced1db43166cecdaae9\"},\"breadcrumb\":{\"@id\":\"https:\/\/theplayoffs.news\/fr\/actualite-nba\/jacque-vaughn-se-defend-sur-le-cas-simmons\/#breadcrumb\"},\"inLanguage\":\"fr-FR\",\"potentialAction\":[{\"@type\":\"ReadAction\",\"target\":[\"https:\/\/theplayoffs.news\/fr\/actualite-nba\/jacque-vaughn-se-defend-sur-le-cas-simmons\/\"]}]},{\"@type\":\"ImageObject\",\"inLanguage\":\"fr-FR\",\"@id\":\"https:\/\/theplayoffs.news\/fr\/actualite-nba\/jacque-vaughn-se-defend-sur-le-cas-simmons\/#primaryimage\",\"url\":\"https:\/\/theplayoffs.news\/fr\/wp-content\/uploads\/2023\/01\/Ben-Simmons-1.jpg\",\"contentUrl\":\"https:\/\/theplayoffs.news\/fr\/wp-content\/uploads\/2023\/01\/Ben-Simmons-1.jpg\",\"width\":1200,\"height\":800,\"caption\":\"Ben Simmons\"},{\"@type\":\"BreadcrumbList\",\"@id\":\"https:\/\/theplayoffs.news\/fr\/actualite-nba\/jacque-vaughn-se-defend-sur-le-cas-simmons\/#breadcrumb\",\"itemListElement\":[{\"@type\":\"ListItem\",\"position\":1,\"name\":\"Accueil\",\"item\":\"https:\/\/theplayoffs.news\/fr\/\"},{\"@type\":\"ListItem\",\"position\":2,\"name\":\"Jacque Vaughn se d\u00e9fend sur le cas Simmons\"}]},{\"@type\":\"WebSite\",\"@id\":\"https:\/\/theplayoffs.news\/fr\/#website\",\"url\":\"https:\/\/theplayoffs.news\/fr\/\",\"name\":\"The Playoffs FR\",\"description\":\"NBA-NFL-NHL-MLB\",\"potentialAction\":[{\"@type\":\"SearchAction\",\"target\":{\"@type\":\"EntryPoint\",\"urlTemplate\":\"https:\/\/theplayoffs.news\/fr\/?s={search_term_string}\"},\"query-input\":{\"@type\":\"PropertyValueSpecification\",\"valueRequired\":true,\"valueName\":\"search_term_string\"}}],\"inLanguage\":\"fr-FR\"},{\"@type\":\"Person\",\"@id\":\"https:\/\/theplayoffs.news\/fr\/#\/schema\/person\/28782e5d11e28ced1db43166cecdaae9\",\"name\":\"Theophile Batica-ferreira\",\"image\":{\"@type\":\"ImageObject\",\"inLanguage\":\"fr-FR\",\"@id\":\"https:\/\/theplayoffs.news\/fr\/#\/schema\/person\/image\/\",\"url\":\"https:\/\/secure.gravatar.com\/avatar\/2a8200ad0411f8ebd27c6b41622c1d7589cdf53cfc6c271372dbe6fbfd1e8159?s=96&d=mm&r=g\",\"contentUrl\":\"https:\/\/secure.gravatar.com\/avatar\/2a8200ad0411f8ebd27c6b41622c1d7589cdf53cfc6c271372dbe6fbfd1e8159?s=96&d=mm&r=g\",\"caption\":\"Theophile Batica-ferreira\"},\"url\":\"https:\/\/theplayoffs.news\/fr\/author\/theophile-batica-ferreiramediaschool-me\/\"}]}<\/script>\n<!-- \/ Yoast SEO plugin. -->","yoast_head_json":{"title":"Jacque Vaughn se d&eacute;fend sur le cas Simmons - The Playoffs FR","robots":{"index":"index","follow":"follow","max-snippet":"max-snippet:-1","max-image-preview":"max-image-preview:large","max-video-preview":"max-video-preview:-1"},"canonical":"https:\/\/theplayoffs.news\/fr\/actualite-nba\/jacque-vaughn-se-defend-sur-le-cas-simmons\/","og_locale":"fr_FR","og_type":"article","og_title":"Jacque Vaughn se d&eacute;fend sur le cas Simmons - The Playoffs FR","og_url":"https:\/\/theplayoffs.news\/fr\/actualite-nba\/jacque-vaughn-se-defend-sur-le-cas-simmons\/","og_site_name":"The Playoffs FR","article_publisher":"https:\/\/www.facebook.com\/TheFreeAgentFR\/","article_modified_time":"2023-01-26T10:46:52+00:00","og_image":[{"width":1200,"height":800,"url":"https:\/\/theplayoffs.news\/fr\/wp-content\/uploads\/2023\/01\/Ben-Simmons-1.jpg","type":"image\/jpeg"}],"author":"Theophile Batica-ferreira","twitter_card":"summary_large_image","twitter_creator":"@TheFreeAgentFR","twitter_site":"@TheFreeAgentFR","twitter_misc":{"\u00c9crit par":"Theophile Batica-ferreira","Dur\u00e9e de lecture estim\u00e9e":"2 minutes"},"schema":{"@context":"https:\/\/schema.org","@graph":[{"@type":"WebPage","@id":"https:\/\/theplayoffs.news\/fr\/actualite-nba\/jacque-vaughn-se-defend-sur-le-cas-simmons\/","url":"https:\/\/theplayoffs.news\/fr\/actualite-nba\/jacque-vaughn-se-defend-sur-le-cas-simmons\/","name":"Jacque Vaughn se d\u00e9fend sur le cas Simmons - The Playoffs FR","isPartOf":{"@id":"https:\/\/theplayoffs.news\/fr\/#website"},"primaryImageOfPage":{"@id":"https:\/\/theplayoffs.news\/fr\/actualite-nba\/jacque-vaughn-se-defend-sur-le-cas-simmons\/#primaryimage"},"image":{"@id":"https:\/\/theplayoffs.news\/fr\/actualite-nba\/jacque-vaughn-se-defend-sur-le-cas-simmons\/#primaryimage"},"thumbnailUrl":"https:\/\/theplayoffs.news\/fr\/wp-content\/uploads\/2023\/01\/Ben-Simmons-1.jpg","datePublished":"2023-01-26T10:46:51+00:00","dateModified":"2023-01-26T10:46:52+00:00","author":{"@id":"https:\/\/theplayoffs.news\/fr\/#\/schema\/person\/28782e5d11e28ced1db43166cecdaae9"},"breadcrumb":{"@id":"https:\/\/theplayoffs.news\/fr\/actualite-nba\/jacque-vaughn-se-defend-sur-le-cas-simmons\/#breadcrumb"},"inLanguage":"fr-FR","potentialAction":[{"@type":"ReadAction","target":["https:\/\/theplayoffs.news\/fr\/actualite-nba\/jacque-vaughn-se-defend-sur-le-cas-simmons\/"]}]},{"@type":"ImageObject","inLanguage":"fr-FR","@id":"https:\/\/theplayoffs.news\/fr\/actualite-nba\/jacque-vaughn-se-defend-sur-le-cas-simmons\/#primaryimage","url":"https:\/\/theplayoffs.news\/fr\/wp-content\/uploads\/2023\/01\/Ben-Simmons-1.jpg","contentUrl":"https:\/\/theplayoffs.news\/fr\/wp-content\/uploads\/2023\/01\/Ben-Simmons-1.jpg","width":1200,"height":800,"caption":"Ben Simmons"},{"@type":"BreadcrumbList","@id":"https:\/\/theplayoffs.news\/fr\/actualite-nba\/jacque-vaughn-se-defend-sur-le-cas-simmons\/#breadcrumb","itemListElement":[{"@type":"ListItem","position":1,"name":"Accueil","item":"https:\/\/theplayoffs.news\/fr\/"},{"@type":"ListItem","position":2,"name":"Jacque Vaughn se d\u00e9fend sur le cas Simmons"}]},{"@type":"WebSite","@id":"https:\/\/theplayoffs.news\/fr\/#website","url":"https:\/\/theplayoffs.news\/fr\/","name":"The Playoffs FR","description":"NBA-NFL-NHL-MLB","potentialAction":[{"@type":"SearchAction","target":{"@type":"EntryPoint","urlTemplate":"https:\/\/theplayoffs.news\/fr\/?s={search_term_string}"},"query-input":{"@type":"PropertyValueSpecification","valueRequired":true,"valueName":"search_term_string"}}],"inLanguage":"fr-FR"},{"@type":"Person","@id":"https:\/\/theplayoffs.news\/fr\/#\/schema\/person\/28782e5d11e28ced1db43166cecdaae9","name":"Theophile Batica-ferreira","image":{"@type":"ImageObject","inLanguage":"fr-FR","@id":"https:\/\/theplayoffs.news\/fr\/#\/schema\/person\/image\/","url":"https:\/\/secure.gravatar.com\/avatar\/2a8200ad0411f8ebd27c6b41622c1d7589cdf53cfc6c271372dbe6fbfd1e8159?s=96&d=mm&r=g","contentUrl":"https:\/\/secure.gravatar.com\/avatar\/2a8200ad0411f8ebd27c6b41622c1d7589cdf53cfc6c271372dbe6fbfd1e8159?s=96&d=mm&r=g","caption":"Theophile Batica-ferreira"},"url":"https:\/\/theplayoffs.news\/fr\/author\/theophile-batica-ferreiramediaschool-me\/"}]}},"_links":{"self":[{"href":"https:\/\/theplayoffs.news\/fr\/wp-json\/wp\/v2\/posts\/545009","targetHints":{"allow":["GET"]}}],"collection":[{"href":"https:\/\/theplayoffs.news\/fr\/wp-json\/wp\/v2\/posts"}],"about":[{"href":"https:\/\/theplayoffs.news\/fr\/wp-json\/wp\/v2\/types\/post"}],"author":[{"embeddable":true,"href":"https:\/\/theplayoffs.news\/fr\/wp-json\/wp\/v2\/users\/180310140"}],"replies":[{"embeddable":true,"href":"https:\/\/theplayoffs.news\/fr\/wp-json\/wp\/v2\/comments?post=545009"}],"version-history":[{"count":2,"href":"https:\/\/theplayoffs.news\/fr\/wp-json\/wp\/v2\/posts\/545009\/revisions"}],"predecessor-version":[{"id":545034,"href":"https:\/\/theplayoffs.news\/fr\/wp-json\/wp\/v2\/posts\/545009\/revisions\/545034"}],"wp:featuredmedia":[{"embeddable":true,"href":"https:\/\/theplayoffs.news\/fr\/wp-json\/wp\/v2\/media\/545031"}],"wp:attachment":[{"href":"https:\/\/theplayoffs.news\/fr\/wp-json\/wp\/v2\/media?parent=545009"}],"wp:term":[{"taxonomy":"category","embeddable":true,"href":"https:\/\/theplayoffs.news\/fr\/wp-json\/wp\/v2\/categories?post=545009"},{"taxonomy":"post_tag","embeddable":true,"href":"https:\/\/theplayoffs.news\/fr\/wp-json\/wp\/v2\/tags?post=545009"},{"taxonomy":"sport","embeddable":true,"href":"https:\/\/theplayoffs.news\/fr\/wp-json\/wp\/v2\/sport?post=545009"},{"taxonomy":"saison","embeddable":true,"href":"https:\/\/theplayoffs.news\/fr\/wp-json\/wp\/v2\/saison?post=545009"}],"curies":[{"name":"wp","href":"https:\/\/api.w.org\/{rel}","templated":true}]}}