{"id":542082,"date":"2023-01-24T12:02:10","date_gmt":"2023-01-24T11:02:10","guid":{"rendered":"https:\/\/theplayoffs.news\/fr\/?p=542082"},"modified":"2023-01-24T12:02:11","modified_gmt":"2023-01-24T11:02:11","slug":"ezekiel-elliott-veut-rester-a-dallas","status":"publish","type":"post","link":"https:\/\/theplayoffs.news\/fr\/actualite-nfl\/ezekiel-elliott-veut-rester-a-dallas\/","title":{"rendered":"Ezekiel Elliott veut rester \u00e0 Dallas"},"content":{"rendered":"<h2><strong>L&rsquo;avenir du running back des Cowboys, Ezekiel Elliott sera l&rsquo;une des questions que devra r&eacute;soudre Jerry Jones cette inter-saison.<\/strong><\/h2><p>Align&eacute; au centre pour la derni&egrave;re action de la rencontre face aux 49ers, <a href=\"https:\/\/theplayoffs.news\/fr\/joueur\/ezekiel-elliott-nfl-6102784\/\" class=\"trk-cta-link\" data-cta-trk='{\"ctaType\":\"Link\",\"ctaSubType\":\"main\"}'><strong>Ezekiel Elliott<\/strong><\/a> esp&egrave;re que ce ne soit pas son dernier coup avec la franchise.<\/p><blockquote><p>&laquo;&nbsp;J&rsquo;y ai certainement pens&eacute;&nbsp;&raquo;, a d&eacute;clar&eacute; Elliott apr&egrave;s le match, via <a href=\"https:\/\/www.msn.com\/en-us\/sports\/nfl\/end-of-an-era-playoff-loss-looks-like-ezekiel-elliott-s-final-game-as-a-dallas-cowboy\/ar-AA16DCWz\" class=\"trk-cta-link\" data-cta-trk='{\"ctaType\":\"Link\",\"ctaSubType\":\"main\"}'>Mac Engel du Fort Worth Star-Telegram<\/a>. &laquo;&nbsp;Je veux &ecirc;tre ici. Je n&rsquo;ai pas de boule de cristal. Je ne peux pas vous dire l&rsquo;avenir, mais je veux vraiment &ecirc;tre ici.&nbsp;&raquo;<\/p><\/blockquote><p>La saison 2022-23 d&rsquo;Elliott ne ressemble pas &agrave; celle qu&rsquo;il a connu par le pass&eacute;, ni m&ecirc;me &agrave; celle d&rsquo;un running back num&eacute;ro 1 d&rsquo;une franchise appel&eacute;e &agrave; jouer le titre en fin de saison.<\/p><p>Elliott a eu un total faible de 231 tentatives au sol, pour seulement 876 yards au sol, soit 3,8 yards par course, 17 r&eacute;ceptions pour 92 yards sur r&eacute;ception dans sa carri&egrave;re. Il a &eacute;galement &eacute;t&eacute; tr&egrave;s discret lors des deux matchs de playoffs cette ann&eacute;e avec 23 courses pour 53 yards, trois r&eacute;ceptions pour 16 yards et aucun touchdown.<\/p><p>Ezekiel Elliott, qui aura 28 ans cet &eacute;t&eacute;, devrait gagner un salaire de base de 10,9 millions de dollars en 2023 avec un plafond de 16,72 millions de dollars. Son contrat n&rsquo;a plus d&rsquo;argent garanti.<\/p>\n","protected":false},"excerpt":{"rendered":"","protected":false},"author":13,"featured_media":316335,"comment_status":"open","ping_status":"closed","sticky":false,"template":"","format":"standard","meta":{"inline_featured_image":false,"kia_subtitle":"","_mux_skip_reasons":[],"proofreadBy":0,"footnotes":""},"categories":[118,40],"tags":[619,2822],"sport":[],"saison":[],"class_list":["post-542082","post","type-post","status-publish","format-standard","has-post-thumbnail","hentry","category-actualite-nfl","category-nfl","tag-dallas-cowboys","tag-ezekiel-elliott"],"acf":[],"yoast_head":"<!-- This site is optimized with the Yoast SEO plugin v24.2 - https:\/\/yoast.com\/wordpress\/plugins\/seo\/ -->\n<title>Ezekiel Elliott veut rester &agrave; Dallas - The Playoffs FR<\/title>\n<meta name=\"robots\" content=\"index, follow, max-snippet:-1, max-image-preview:large, max-video-preview:-1\" \/>\n<link rel=\"canonical\" href=\"https:\/\/theplayoffs.news\/fr\/actualite-nfl\/ezekiel-elliott-veut-rester-a-dallas\/\" \/>\n<meta property=\"og:locale\" content=\"fr_FR\" \/>\n<meta property=\"og:type\" content=\"article\" \/>\n<meta property=\"og:title\" content=\"Ezekiel Elliott veut rester &agrave; Dallas - The Playoffs FR\" \/>\n<meta property=\"og:url\" content=\"https:\/\/theplayoffs.news\/fr\/actualite-nfl\/ezekiel-elliott-veut-rester-a-dallas\/\" \/>\n<meta property=\"og:site_name\" content=\"The Playoffs FR\" \/>\n<meta property=\"article:publisher\" content=\"https:\/\/www.facebook.com\/TheFreeAgentFR\/\" \/>\n<meta property=\"article:modified_time\" content=\"2023-01-24T12:02:11+01:00\" \/>\n<meta property=\"og:image\" content=\"https:\/\/theplayoffs.news\/fr\/wp-content\/uploads\/2021\/09\/ezekiel-elliott.jpg\" \/>\n\t<meta property=\"og:image:width\" content=\"1024\" \/>\n\t<meta property=\"og:image:height\" content=\"683\" \/>\n\t<meta property=\"og:image:type\" content=\"image\/jpeg\" \/>\n<meta name=\"author\" content=\"Charles Taudin\" \/>\n<meta name=\"twitter:card\" content=\"summary_large_image\" \/>\n<meta name=\"twitter:creator\" content=\"@TheFreeAgentFR\" \/>\n<meta name=\"twitter:site\" content=\"@TheFreeAgentFR\" \/>\n<meta name=\"twitter:label1\" content=\"\u00c9crit par\" \/>\n\t<meta name=\"twitter:data1\" content=\"Charles Taudin\" \/>\n\t<meta name=\"twitter:label2\" content=\"Dur\u00e9e de lecture estim\u00e9e\" \/>\n\t<meta name=\"twitter:data2\" content=\"1 minute\" \/>\n<script type=\"application\/ld+json\" class=\"yoast-schema-graph\">{\"@context\":\"https:\/\/schema.org\",\"@graph\":[{\"@type\":\"WebPage\",\"@id\":\"https:\/\/theplayoffs.news\/fr\/actualite-nfl\/ezekiel-elliott-veut-rester-a-dallas\/\",\"url\":\"https:\/\/theplayoffs.news\/fr\/actualite-nfl\/ezekiel-elliott-veut-rester-a-dallas\/\",\"name\":\"Ezekiel Elliott veut rester \u00e0 Dallas - The Playoffs FR\",\"isPartOf\":{\"@id\":\"https:\/\/theplayoffs.news\/fr\/#website\"},\"primaryImageOfPage\":{\"@id\":\"https:\/\/theplayoffs.news\/fr\/actualite-nfl\/ezekiel-elliott-veut-rester-a-dallas\/#primaryimage\"},\"image\":{\"@id\":\"https:\/\/theplayoffs.news\/fr\/actualite-nfl\/ezekiel-elliott-veut-rester-a-dallas\/#primaryimage\"},\"thumbnailUrl\":\"https:\/\/theplayoffs.news\/fr\/wp-content\/uploads\/2021\/09\/ezekiel-elliott.jpg\",\"datePublished\":\"2023-01-24T11:02:10+00:00\",\"dateModified\":\"2023-01-24T11:02:11+00:00\",\"author\":{\"@id\":\"https:\/\/theplayoffs.news\/fr\/#\/schema\/person\/eee5b69ad5d3c51cabe881c839dbe133\"},\"breadcrumb\":{\"@id\":\"https:\/\/theplayoffs.news\/fr\/actualite-nfl\/ezekiel-elliott-veut-rester-a-dallas\/#breadcrumb\"},\"inLanguage\":\"fr-FR\",\"potentialAction\":[{\"@type\":\"ReadAction\",\"target\":[\"https:\/\/theplayoffs.news\/fr\/actualite-nfl\/ezekiel-elliott-veut-rester-a-dallas\/\"]}]},{\"@type\":\"ImageObject\",\"inLanguage\":\"fr-FR\",\"@id\":\"https:\/\/theplayoffs.news\/fr\/actualite-nfl\/ezekiel-elliott-veut-rester-a-dallas\/#primaryimage\",\"url\":\"https:\/\/theplayoffs.news\/fr\/wp-content\/uploads\/2021\/09\/ezekiel-elliott.jpg\",\"contentUrl\":\"https:\/\/theplayoffs.news\/fr\/wp-content\/uploads\/2021\/09\/ezekiel-elliott.jpg\",\"width\":1024,\"height\":683,\"caption\":\"ARLINGTON, TX - OCTOBER 14: Ezekiel Elliott #21 of the Dallas Cowboys warms up before a game against the Jacksonville Jaguars at AT&amp;T Stadium on October 14, 2018 in Arlington, Texas. The Cowboys defeated the Jaguars 40-7. (Photo by Wesley Hitt\/Getty Images)\"},{\"@type\":\"BreadcrumbList\",\"@id\":\"https:\/\/theplayoffs.news\/fr\/actualite-nfl\/ezekiel-elliott-veut-rester-a-dallas\/#breadcrumb\",\"itemListElement\":[{\"@type\":\"ListItem\",\"position\":1,\"name\":\"Accueil\",\"item\":\"https:\/\/theplayoffs.news\/fr\/\"},{\"@type\":\"ListItem\",\"position\":2,\"name\":\"Ezekiel Elliott veut rester \u00e0 Dallas\"}]},{\"@type\":\"WebSite\",\"@id\":\"https:\/\/theplayoffs.news\/fr\/#website\",\"url\":\"https:\/\/theplayoffs.news\/fr\/\",\"name\":\"The Playoffs FR\",\"description\":\"NBA-NFL-NHL-MLB\",\"potentialAction\":[{\"@type\":\"SearchAction\",\"target\":{\"@type\":\"EntryPoint\",\"urlTemplate\":\"https:\/\/theplayoffs.news\/fr\/?s={search_term_string}\"},\"query-input\":{\"@type\":\"PropertyValueSpecification\",\"valueRequired\":true,\"valueName\":\"search_term_string\"}}],\"inLanguage\":\"fr-FR\"},{\"@type\":\"Person\",\"@id\":\"https:\/\/theplayoffs.news\/fr\/#\/schema\/person\/eee5b69ad5d3c51cabe881c839dbe133\",\"name\":\"Charles Taudin\",\"image\":{\"@type\":\"ImageObject\",\"inLanguage\":\"fr-FR\",\"@id\":\"https:\/\/theplayoffs.news\/fr\/#\/schema\/person\/image\/\",\"url\":\"https:\/\/secure.gravatar.com\/avatar\/59a1e772205ce9fd255edfcafc93013736822e20261f294c5753b20c41ede9f2?s=96&d=mm&r=g\",\"contentUrl\":\"https:\/\/secure.gravatar.com\/avatar\/59a1e772205ce9fd255edfcafc93013736822e20261f294c5753b20c41ede9f2?s=96&d=mm&r=g\",\"caption\":\"Charles Taudin\"},\"description\":\"R\u00e9dacteur en chef global de The Playoffs, j\u2019ai cr\u00e9\u00e9 The Free Agent, devenu The Playoffs FR, en 2020 durant la pand\u00e9mie. Amoureux depuis des ann\u00e9es des 4 sports majeurs am\u00e9ricains, j\u2019organise maintenant la strat\u00e9gie \u00e9ditoriale et les r\u00e9seaux sociaux de l\u2019ensemble des versions de The Playoffs. Il m\u2019arrive encore d\u2019\u00e9crire sur certains sports que j\u2019affectionne particuli\u00e8rement comme la NFL ou la MLB. Si vous devez retenir qu\u2019une chose : Eli Manning est le vrai GOAT pour avoir battu deux fois Tom Brady.\",\"sameAs\":[\"https:\/\/www.instagram.com\/ctaudin_\/\"],\"url\":\"https:\/\/theplayoffs.news\/fr\/author\/charles-taudin\/\"}]}<\/script>\n<!-- \/ Yoast SEO plugin. -->","yoast_head_json":{"title":"Ezekiel Elliott veut rester &agrave; Dallas - The Playoffs FR","robots":{"index":"index","follow":"follow","max-snippet":"max-snippet:-1","max-image-preview":"max-image-preview:large","max-video-preview":"max-video-preview:-1"},"canonical":"https:\/\/theplayoffs.news\/fr\/actualite-nfl\/ezekiel-elliott-veut-rester-a-dallas\/","og_locale":"fr_FR","og_type":"article","og_title":"Ezekiel Elliott veut rester &agrave; Dallas - The Playoffs FR","og_url":"https:\/\/theplayoffs.news\/fr\/actualite-nfl\/ezekiel-elliott-veut-rester-a-dallas\/","og_site_name":"The Playoffs FR","article_publisher":"https:\/\/www.facebook.com\/TheFreeAgentFR\/","article_modified_time":"2023-01-24T11:02:11+00:00","og_image":[{"width":1024,"height":683,"url":"https:\/\/theplayoffs.news\/fr\/wp-content\/uploads\/2021\/09\/ezekiel-elliott.jpg","type":"image\/jpeg"}],"author":"Charles Taudin","twitter_card":"summary_large_image","twitter_creator":"@TheFreeAgentFR","twitter_site":"@TheFreeAgentFR","twitter_misc":{"\u00c9crit par":"Charles Taudin","Dur\u00e9e de lecture estim\u00e9e":"1 minute"},"schema":{"@context":"https:\/\/schema.org","@graph":[{"@type":"WebPage","@id":"https:\/\/theplayoffs.news\/fr\/actualite-nfl\/ezekiel-elliott-veut-rester-a-dallas\/","url":"https:\/\/theplayoffs.news\/fr\/actualite-nfl\/ezekiel-elliott-veut-rester-a-dallas\/","name":"Ezekiel Elliott veut rester \u00e0 Dallas - The Playoffs FR","isPartOf":{"@id":"https:\/\/theplayoffs.news\/fr\/#website"},"primaryImageOfPage":{"@id":"https:\/\/theplayoffs.news\/fr\/actualite-nfl\/ezekiel-elliott-veut-rester-a-dallas\/#primaryimage"},"image":{"@id":"https:\/\/theplayoffs.news\/fr\/actualite-nfl\/ezekiel-elliott-veut-rester-a-dallas\/#primaryimage"},"thumbnailUrl":"https:\/\/theplayoffs.news\/fr\/wp-content\/uploads\/2021\/09\/ezekiel-elliott.jpg","datePublished":"2023-01-24T11:02:10+00:00","dateModified":"2023-01-24T11:02:11+00:00","author":{"@id":"https:\/\/theplayoffs.news\/fr\/#\/schema\/person\/eee5b69ad5d3c51cabe881c839dbe133"},"breadcrumb":{"@id":"https:\/\/theplayoffs.news\/fr\/actualite-nfl\/ezekiel-elliott-veut-rester-a-dallas\/#breadcrumb"},"inLanguage":"fr-FR","potentialAction":[{"@type":"ReadAction","target":["https:\/\/theplayoffs.news\/fr\/actualite-nfl\/ezekiel-elliott-veut-rester-a-dallas\/"]}]},{"@type":"ImageObject","inLanguage":"fr-FR","@id":"https:\/\/theplayoffs.news\/fr\/actualite-nfl\/ezekiel-elliott-veut-rester-a-dallas\/#primaryimage","url":"https:\/\/theplayoffs.news\/fr\/wp-content\/uploads\/2021\/09\/ezekiel-elliott.jpg","contentUrl":"https:\/\/theplayoffs.news\/fr\/wp-content\/uploads\/2021\/09\/ezekiel-elliott.jpg","width":1024,"height":683,"caption":"ARLINGTON, TX - OCTOBER 14: Ezekiel Elliott #21 of the Dallas Cowboys warms up before a game against the Jacksonville Jaguars at AT&amp;T Stadium on October 14, 2018 in Arlington, Texas. The Cowboys defeated the Jaguars 40-7. (Photo by Wesley Hitt\/Getty Images)"},{"@type":"BreadcrumbList","@id":"https:\/\/theplayoffs.news\/fr\/actualite-nfl\/ezekiel-elliott-veut-rester-a-dallas\/#breadcrumb","itemListElement":[{"@type":"ListItem","position":1,"name":"Accueil","item":"https:\/\/theplayoffs.news\/fr\/"},{"@type":"ListItem","position":2,"name":"Ezekiel Elliott veut rester \u00e0 Dallas"}]},{"@type":"WebSite","@id":"https:\/\/theplayoffs.news\/fr\/#website","url":"https:\/\/theplayoffs.news\/fr\/","name":"The Playoffs FR","description":"NBA-NFL-NHL-MLB","potentialAction":[{"@type":"SearchAction","target":{"@type":"EntryPoint","urlTemplate":"https:\/\/theplayoffs.news\/fr\/?s={search_term_string}"},"query-input":{"@type":"PropertyValueSpecification","valueRequired":true,"valueName":"search_term_string"}}],"inLanguage":"fr-FR"},{"@type":"Person","@id":"https:\/\/theplayoffs.news\/fr\/#\/schema\/person\/eee5b69ad5d3c51cabe881c839dbe133","name":"Charles Taudin","image":{"@type":"ImageObject","inLanguage":"fr-FR","@id":"https:\/\/theplayoffs.news\/fr\/#\/schema\/person\/image\/","url":"https:\/\/secure.gravatar.com\/avatar\/59a1e772205ce9fd255edfcafc93013736822e20261f294c5753b20c41ede9f2?s=96&d=mm&r=g","contentUrl":"https:\/\/secure.gravatar.com\/avatar\/59a1e772205ce9fd255edfcafc93013736822e20261f294c5753b20c41ede9f2?s=96&d=mm&r=g","caption":"Charles Taudin"},"description":"R\u00e9dacteur en chef global de The Playoffs, j\u2019ai cr\u00e9\u00e9 The Free Agent, devenu The Playoffs FR, en 2020 durant la pand\u00e9mie. Amoureux depuis des ann\u00e9es des 4 sports majeurs am\u00e9ricains, j\u2019organise maintenant la strat\u00e9gie \u00e9ditoriale et les r\u00e9seaux sociaux de l\u2019ensemble des versions de The Playoffs. Il m\u2019arrive encore d\u2019\u00e9crire sur certains sports que j\u2019affectionne particuli\u00e8rement comme la NFL ou la MLB. Si vous devez retenir qu\u2019une chose : Eli Manning est le vrai GOAT pour avoir battu deux fois Tom Brady.","sameAs":["https:\/\/www.instagram.com\/ctaudin_\/"],"url":"https:\/\/theplayoffs.news\/fr\/author\/charles-taudin\/"}]}},"_links":{"self":[{"href":"https:\/\/theplayoffs.news\/fr\/wp-json\/wp\/v2\/posts\/542082","targetHints":{"allow":["GET"]}}],"collection":[{"href":"https:\/\/theplayoffs.news\/fr\/wp-json\/wp\/v2\/posts"}],"about":[{"href":"https:\/\/theplayoffs.news\/fr\/wp-json\/wp\/v2\/types\/post"}],"author":[{"embeddable":true,"href":"https:\/\/theplayoffs.news\/fr\/wp-json\/wp\/v2\/users\/13"}],"replies":[{"embeddable":true,"href":"https:\/\/theplayoffs.news\/fr\/wp-json\/wp\/v2\/comments?post=542082"}],"version-history":[{"count":3,"href":"https:\/\/theplayoffs.news\/fr\/wp-json\/wp\/v2\/posts\/542082\/revisions"}],"predecessor-version":[{"id":542089,"href":"https:\/\/theplayoffs.news\/fr\/wp-json\/wp\/v2\/posts\/542082\/revisions\/542089"}],"wp:featuredmedia":[{"embeddable":true,"href":"https:\/\/theplayoffs.news\/fr\/wp-json\/wp\/v2\/media\/316335"}],"wp:attachment":[{"href":"https:\/\/theplayoffs.news\/fr\/wp-json\/wp\/v2\/media?parent=542082"}],"wp:term":[{"taxonomy":"category","embeddable":true,"href":"https:\/\/theplayoffs.news\/fr\/wp-json\/wp\/v2\/categories?post=542082"},{"taxonomy":"post_tag","embeddable":true,"href":"https:\/\/theplayoffs.news\/fr\/wp-json\/wp\/v2\/tags?post=542082"},{"taxonomy":"sport","embeddable":true,"href":"https:\/\/theplayoffs.news\/fr\/wp-json\/wp\/v2\/sport?post=542082"},{"taxonomy":"saison","embeddable":true,"href":"https:\/\/theplayoffs.news\/fr\/wp-json\/wp\/v2\/saison?post=542082"}],"curies":[{"name":"wp","href":"https:\/\/api.w.org\/{rel}","templated":true}]}}