{"id":542006,"date":"2023-01-24T09:01:48","date_gmt":"2023-01-24T08:01:48","guid":{"rendered":"https:\/\/theplayoffs.news\/fr\/?p=542006"},"modified":"2023-01-24T09:01:49","modified_gmt":"2023-01-24T08:01:49","slug":"les-angels-ne-sont-plus-a-vendre","status":"publish","type":"post","link":"https:\/\/theplayoffs.news\/fr\/actualite-mlb\/les-angels-ne-sont-plus-a-vendre\/","title":{"rendered":"Les Angels ne sont plus \u00e0 vendre"},"content":{"rendered":"<h2 class=\"p1\"><b>Arte Moreno propri&eacute;taire des Angels de Los Angeles annonce via un communiqu&eacute; sur <a href=\"https:\/\/twitter.com\/Angels\/status\/1617656148148224001?s=20&amp;t=DcgNEzpFYXtNfkmZKv1tuw\" class=\"trk-cta-link\" data-cta-trk='{\"ctaType\":\"Link\",\"ctaSubType\":\"main\"}'>twitter<\/a> mettre fin au processus de vente de la franchise californienne. <\/b><\/h2><p class=\"p3\">Quelques mois apr&egrave;s avoir d&eacute;marr&eacute; le processus de vente des Angels, la famille Moreno a annonc&eacute; cette nuit vouloir finalement conserver la deuxi&egrave;me franchise de Los Angeles pour les saisons &agrave; venir.<\/p><blockquote>\n<p class=\"p3\">&ldquo;<i>Au cours de ce processus, il est devenu clair pour nous que nous n&rsquo;avions pas fini notre mission et nous pensons pouvoir avoir un impact positif sur l&rsquo;avenir de l&rsquo;&eacute;quipe, et l&rsquo;exp&eacute;rience des fans&hellip;<\/i>&rdquo; d&eacute;clare <a href=\"https:\/\/twitter.com\/Angels\/status\/1617656148148224001?s=20&amp;t=DcgNEzpFYXtNfkmZKv1tuw\" class=\"trk-cta-link\" data-cta-trk='{\"ctaType\":\"Link\",\"ctaSubType\":\"main\"}'>Arte Moreno dans son communiqu&eacute;.<\/a><\/p>\n<\/blockquote><p class=\"p3\">Malgr&eacute; la pr&eacute;sence de stars tels que <a href=\"https:\/\/theplayoffs.news\/fr\/joueur\/mike-trout-mlb-61672\/\" class=\"trk-cta-link\" data-cta-trk='{\"ctaType\":\"Link\",\"ctaSubType\":\"main\"}'><strong>Mike Trout<\/strong><\/a> et Shohei Ohtani dans son effectif, l&rsquo;&eacute;quipe est &agrave; la peine depuis plusieurs ann&eacute;es d&rsquo;un point de vue sportif et ne s&rsquo;est plus qualifi&eacute;e pour les playoffs depuis la saison 2014.<\/p><p class=\"p3\">La mise en vente de la franchise avait &eacute;galement laiss&eacute; planer le doute sur le futur du lanceur et frappeur d&eacute;sign&eacute; Japonais en fin de contrat la saison prochaine.<\/p><p class=\"p3\">Avec ce retournement de situation et des ambitions retrouv&eacute;es, la franchise de Anaheim devrait maintenant tout faire pour prolonger son dernier MVP et retrouver les playoffs.<\/p>\n","protected":false},"excerpt":{"rendered":"","protected":false},"author":180310147,"featured_media":300230,"comment_status":"open","ping_status":"closed","sticky":false,"template":"","format":"standard","meta":{"inline_featured_image":false,"kia_subtitle":"","_mux_skip_reasons":[],"proofreadBy":0,"footnotes":""},"categories":[188,9],"tags":[459],"sport":[],"saison":[],"class_list":["post-542006","post","type-post","status-publish","format-standard","has-post-thumbnail","hentry","category-actualite-mlb","category-mlb","tag-los-angeles-angels"],"acf":[],"yoast_head":"<!-- This site is optimized with the Yoast SEO plugin v24.2 - https:\/\/yoast.com\/wordpress\/plugins\/seo\/ -->\n<title>Les Angels ne sont plus &agrave; vendre - The Playoffs FR<\/title>\n<meta name=\"robots\" content=\"index, follow, max-snippet:-1, max-image-preview:large, max-video-preview:-1\" \/>\n<link rel=\"canonical\" href=\"https:\/\/theplayoffs.news\/fr\/actualite-mlb\/les-angels-ne-sont-plus-a-vendre\/\" \/>\n<meta property=\"og:locale\" content=\"fr_FR\" \/>\n<meta property=\"og:type\" content=\"article\" \/>\n<meta property=\"og:title\" content=\"Les Angels ne sont plus &agrave; vendre - The Playoffs FR\" \/>\n<meta property=\"og:url\" content=\"https:\/\/theplayoffs.news\/fr\/actualite-mlb\/les-angels-ne-sont-plus-a-vendre\/\" \/>\n<meta property=\"og:site_name\" content=\"The Playoffs FR\" \/>\n<meta property=\"article:publisher\" content=\"https:\/\/www.facebook.com\/TheFreeAgentFR\/\" \/>\n<meta property=\"article:modified_time\" content=\"2023-01-24T09:01:49+01:00\" \/>\n<meta property=\"og:image\" content=\"https:\/\/theplayoffs.news\/fr\/wp-content\/uploads\/2021\/04\/Angelstadiummarch2019-scaled.jpg\" \/>\n\t<meta property=\"og:image:width\" content=\"2822\" \/>\n\t<meta property=\"og:image:height\" content=\"2117\" \/>\n\t<meta property=\"og:image:type\" content=\"image\/jpeg\" \/>\n<meta name=\"author\" content=\"C\u00e9dric Philippe\" \/>\n<meta name=\"twitter:card\" content=\"summary_large_image\" \/>\n<meta name=\"twitter:creator\" content=\"@TheFreeAgentFR\" \/>\n<meta name=\"twitter:site\" content=\"@TheFreeAgentFR\" \/>\n<meta name=\"twitter:label1\" content=\"\u00c9crit par\" \/>\n\t<meta name=\"twitter:data1\" content=\"C\u00e9dric Philippe\" \/>\n\t<meta name=\"twitter:label2\" content=\"Dur\u00e9e de lecture estim\u00e9e\" \/>\n\t<meta name=\"twitter:data2\" content=\"1 minute\" \/>\n<script type=\"application\/ld+json\" class=\"yoast-schema-graph\">{\"@context\":\"https:\/\/schema.org\",\"@graph\":[{\"@type\":\"WebPage\",\"@id\":\"https:\/\/theplayoffs.news\/fr\/actualite-mlb\/les-angels-ne-sont-plus-a-vendre\/\",\"url\":\"https:\/\/theplayoffs.news\/fr\/actualite-mlb\/les-angels-ne-sont-plus-a-vendre\/\",\"name\":\"Les Angels ne sont plus \u00e0 vendre - The Playoffs FR\",\"isPartOf\":{\"@id\":\"https:\/\/theplayoffs.news\/fr\/#website\"},\"primaryImageOfPage\":{\"@id\":\"https:\/\/theplayoffs.news\/fr\/actualite-mlb\/les-angels-ne-sont-plus-a-vendre\/#primaryimage\"},\"image\":{\"@id\":\"https:\/\/theplayoffs.news\/fr\/actualite-mlb\/les-angels-ne-sont-plus-a-vendre\/#primaryimage\"},\"thumbnailUrl\":\"https:\/\/theplayoffs.news\/fr\/wp-content\/uploads\/2021\/04\/Angelstadiummarch2019-scaled.jpg\",\"datePublished\":\"2023-01-24T08:01:48+00:00\",\"dateModified\":\"2023-01-24T08:01:49+00:00\",\"author\":{\"@id\":\"https:\/\/theplayoffs.news\/fr\/#\/schema\/person\/56b5804ce14e7430240ba59aaad166c6\"},\"breadcrumb\":{\"@id\":\"https:\/\/theplayoffs.news\/fr\/actualite-mlb\/les-angels-ne-sont-plus-a-vendre\/#breadcrumb\"},\"inLanguage\":\"fr-FR\",\"potentialAction\":[{\"@type\":\"ReadAction\",\"target\":[\"https:\/\/theplayoffs.news\/fr\/actualite-mlb\/les-angels-ne-sont-plus-a-vendre\/\"]}]},{\"@type\":\"ImageObject\",\"inLanguage\":\"fr-FR\",\"@id\":\"https:\/\/theplayoffs.news\/fr\/actualite-mlb\/les-angels-ne-sont-plus-a-vendre\/#primaryimage\",\"url\":\"https:\/\/theplayoffs.news\/fr\/wp-content\/uploads\/2021\/04\/Angelstadiummarch2019-scaled.jpg\",\"contentUrl\":\"https:\/\/theplayoffs.news\/fr\/wp-content\/uploads\/2021\/04\/Angelstadiummarch2019-scaled.jpg\",\"width\":2822,\"height\":2117,\"caption\":\"angels\"},{\"@type\":\"BreadcrumbList\",\"@id\":\"https:\/\/theplayoffs.news\/fr\/actualite-mlb\/les-angels-ne-sont-plus-a-vendre\/#breadcrumb\",\"itemListElement\":[{\"@type\":\"ListItem\",\"position\":1,\"name\":\"Accueil\",\"item\":\"https:\/\/theplayoffs.news\/fr\/\"},{\"@type\":\"ListItem\",\"position\":2,\"name\":\"Les Angels ne sont plus \u00e0 vendre\"}]},{\"@type\":\"WebSite\",\"@id\":\"https:\/\/theplayoffs.news\/fr\/#website\",\"url\":\"https:\/\/theplayoffs.news\/fr\/\",\"name\":\"The Playoffs FR\",\"description\":\"NBA-NFL-NHL-MLB\",\"potentialAction\":[{\"@type\":\"SearchAction\",\"target\":{\"@type\":\"EntryPoint\",\"urlTemplate\":\"https:\/\/theplayoffs.news\/fr\/?s={search_term_string}\"},\"query-input\":{\"@type\":\"PropertyValueSpecification\",\"valueRequired\":true,\"valueName\":\"search_term_string\"}}],\"inLanguage\":\"fr-FR\"},{\"@type\":\"Person\",\"@id\":\"https:\/\/theplayoffs.news\/fr\/#\/schema\/person\/56b5804ce14e7430240ba59aaad166c6\",\"name\":\"C\u00e9dric Philippe\",\"image\":{\"@type\":\"ImageObject\",\"inLanguage\":\"fr-FR\",\"@id\":\"https:\/\/theplayoffs.news\/fr\/#\/schema\/person\/image\/\",\"url\":\"https:\/\/secure.gravatar.com\/avatar\/63b48b6160b1ff79c0dd4dab351079df16111f1b0adeaf106e7df77915e5664a?s=96&d=mm&r=g\",\"contentUrl\":\"https:\/\/secure.gravatar.com\/avatar\/63b48b6160b1ff79c0dd4dab351079df16111f1b0adeaf106e7df77915e5664a?s=96&d=mm&r=g\",\"caption\":\"C\u00e9dric Philippe\"},\"url\":\"https:\/\/theplayoffs.news\/fr\/author\/cedricphilippe23gmail-com\/\"}]}<\/script>\n<!-- \/ Yoast SEO plugin. -->","yoast_head_json":{"title":"Les Angels ne sont plus &agrave; vendre - The Playoffs FR","robots":{"index":"index","follow":"follow","max-snippet":"max-snippet:-1","max-image-preview":"max-image-preview:large","max-video-preview":"max-video-preview:-1"},"canonical":"https:\/\/theplayoffs.news\/fr\/actualite-mlb\/les-angels-ne-sont-plus-a-vendre\/","og_locale":"fr_FR","og_type":"article","og_title":"Les Angels ne sont plus &agrave; vendre - The Playoffs FR","og_url":"https:\/\/theplayoffs.news\/fr\/actualite-mlb\/les-angels-ne-sont-plus-a-vendre\/","og_site_name":"The Playoffs FR","article_publisher":"https:\/\/www.facebook.com\/TheFreeAgentFR\/","article_modified_time":"2023-01-24T08:01:49+00:00","og_image":[{"width":2822,"height":2117,"url":"https:\/\/theplayoffs.news\/fr\/wp-content\/uploads\/2021\/04\/Angelstadiummarch2019-scaled.jpg","type":"image\/jpeg"}],"author":"C\u00e9dric Philippe","twitter_card":"summary_large_image","twitter_creator":"@TheFreeAgentFR","twitter_site":"@TheFreeAgentFR","twitter_misc":{"\u00c9crit par":"C\u00e9dric Philippe","Dur\u00e9e de lecture estim\u00e9e":"1 minute"},"schema":{"@context":"https:\/\/schema.org","@graph":[{"@type":"WebPage","@id":"https:\/\/theplayoffs.news\/fr\/actualite-mlb\/les-angels-ne-sont-plus-a-vendre\/","url":"https:\/\/theplayoffs.news\/fr\/actualite-mlb\/les-angels-ne-sont-plus-a-vendre\/","name":"Les Angels ne sont plus \u00e0 vendre - The Playoffs FR","isPartOf":{"@id":"https:\/\/theplayoffs.news\/fr\/#website"},"primaryImageOfPage":{"@id":"https:\/\/theplayoffs.news\/fr\/actualite-mlb\/les-angels-ne-sont-plus-a-vendre\/#primaryimage"},"image":{"@id":"https:\/\/theplayoffs.news\/fr\/actualite-mlb\/les-angels-ne-sont-plus-a-vendre\/#primaryimage"},"thumbnailUrl":"https:\/\/theplayoffs.news\/fr\/wp-content\/uploads\/2021\/04\/Angelstadiummarch2019-scaled.jpg","datePublished":"2023-01-24T08:01:48+00:00","dateModified":"2023-01-24T08:01:49+00:00","author":{"@id":"https:\/\/theplayoffs.news\/fr\/#\/schema\/person\/56b5804ce14e7430240ba59aaad166c6"},"breadcrumb":{"@id":"https:\/\/theplayoffs.news\/fr\/actualite-mlb\/les-angels-ne-sont-plus-a-vendre\/#breadcrumb"},"inLanguage":"fr-FR","potentialAction":[{"@type":"ReadAction","target":["https:\/\/theplayoffs.news\/fr\/actualite-mlb\/les-angels-ne-sont-plus-a-vendre\/"]}]},{"@type":"ImageObject","inLanguage":"fr-FR","@id":"https:\/\/theplayoffs.news\/fr\/actualite-mlb\/les-angels-ne-sont-plus-a-vendre\/#primaryimage","url":"https:\/\/theplayoffs.news\/fr\/wp-content\/uploads\/2021\/04\/Angelstadiummarch2019-scaled.jpg","contentUrl":"https:\/\/theplayoffs.news\/fr\/wp-content\/uploads\/2021\/04\/Angelstadiummarch2019-scaled.jpg","width":2822,"height":2117,"caption":"angels"},{"@type":"BreadcrumbList","@id":"https:\/\/theplayoffs.news\/fr\/actualite-mlb\/les-angels-ne-sont-plus-a-vendre\/#breadcrumb","itemListElement":[{"@type":"ListItem","position":1,"name":"Accueil","item":"https:\/\/theplayoffs.news\/fr\/"},{"@type":"ListItem","position":2,"name":"Les Angels ne sont plus \u00e0 vendre"}]},{"@type":"WebSite","@id":"https:\/\/theplayoffs.news\/fr\/#website","url":"https:\/\/theplayoffs.news\/fr\/","name":"The Playoffs FR","description":"NBA-NFL-NHL-MLB","potentialAction":[{"@type":"SearchAction","target":{"@type":"EntryPoint","urlTemplate":"https:\/\/theplayoffs.news\/fr\/?s={search_term_string}"},"query-input":{"@type":"PropertyValueSpecification","valueRequired":true,"valueName":"search_term_string"}}],"inLanguage":"fr-FR"},{"@type":"Person","@id":"https:\/\/theplayoffs.news\/fr\/#\/schema\/person\/56b5804ce14e7430240ba59aaad166c6","name":"C\u00e9dric Philippe","image":{"@type":"ImageObject","inLanguage":"fr-FR","@id":"https:\/\/theplayoffs.news\/fr\/#\/schema\/person\/image\/","url":"https:\/\/secure.gravatar.com\/avatar\/63b48b6160b1ff79c0dd4dab351079df16111f1b0adeaf106e7df77915e5664a?s=96&d=mm&r=g","contentUrl":"https:\/\/secure.gravatar.com\/avatar\/63b48b6160b1ff79c0dd4dab351079df16111f1b0adeaf106e7df77915e5664a?s=96&d=mm&r=g","caption":"C\u00e9dric Philippe"},"url":"https:\/\/theplayoffs.news\/fr\/author\/cedricphilippe23gmail-com\/"}]}},"_links":{"self":[{"href":"https:\/\/theplayoffs.news\/fr\/wp-json\/wp\/v2\/posts\/542006","targetHints":{"allow":["GET"]}}],"collection":[{"href":"https:\/\/theplayoffs.news\/fr\/wp-json\/wp\/v2\/posts"}],"about":[{"href":"https:\/\/theplayoffs.news\/fr\/wp-json\/wp\/v2\/types\/post"}],"author":[{"embeddable":true,"href":"https:\/\/theplayoffs.news\/fr\/wp-json\/wp\/v2\/users\/180310147"}],"replies":[{"embeddable":true,"href":"https:\/\/theplayoffs.news\/fr\/wp-json\/wp\/v2\/comments?post=542006"}],"version-history":[{"count":2,"href":"https:\/\/theplayoffs.news\/fr\/wp-json\/wp\/v2\/posts\/542006\/revisions"}],"predecessor-version":[{"id":542017,"href":"https:\/\/theplayoffs.news\/fr\/wp-json\/wp\/v2\/posts\/542006\/revisions\/542017"}],"wp:featuredmedia":[{"embeddable":true,"href":"https:\/\/theplayoffs.news\/fr\/wp-json\/wp\/v2\/media\/300230"}],"wp:attachment":[{"href":"https:\/\/theplayoffs.news\/fr\/wp-json\/wp\/v2\/media?parent=542006"}],"wp:term":[{"taxonomy":"category","embeddable":true,"href":"https:\/\/theplayoffs.news\/fr\/wp-json\/wp\/v2\/categories?post=542006"},{"taxonomy":"post_tag","embeddable":true,"href":"https:\/\/theplayoffs.news\/fr\/wp-json\/wp\/v2\/tags?post=542006"},{"taxonomy":"sport","embeddable":true,"href":"https:\/\/theplayoffs.news\/fr\/wp-json\/wp\/v2\/sport?post=542006"},{"taxonomy":"saison","embeddable":true,"href":"https:\/\/theplayoffs.news\/fr\/wp-json\/wp\/v2\/saison?post=542006"}],"curies":[{"name":"wp","href":"https:\/\/api.w.org\/{rel}","templated":true}]}}