{"id":541473,"date":"2023-01-24T07:01:15","date_gmt":"2023-01-24T06:01:15","guid":{"rendered":"https:\/\/theplayoffs.news\/fr\/?p=541473"},"modified":"2023-01-24T07:01:16","modified_gmt":"2023-01-24T06:01:16","slug":"fin-de-saison-pour-josh-norris","status":"publish","type":"post","link":"https:\/\/theplayoffs.news\/fr\/actualite-nhl\/fin-de-saison-pour-josh-norris\/","title":{"rendered":"Coup dur chez les S\u00e9nateurs : fin de saison pour Josh Norris"},"content":{"rendered":"<h2 class=\"p1\"><strong>Revenu au jeu mercredi dernier face &agrave; Pittsburgh apr&egrave;s avoir &eacute;t&eacute; absent durant 38 rencontres, Josh Norris ratera le reste de la saison suite &agrave; cette m&ecirc;me blessure.<\/strong><\/h2><p class=\"p1\">De quoi assener un v&eacute;ritable coup de massue aux S&eacute;nateurs d&rsquo;Ottawa.<\/p><p class=\"p1\">Suite &agrave; une g&ecirc;ne &agrave; l&rsquo;&eacute;paule, l&rsquo;attaquant d&rsquo;Ottawa a quitt&eacute; le match opposant son &eacute;quipe aux Jets de Winnipeg ce dimanche. Suite &agrave; cet &eacute;v&eacute;nement, le directeur g&eacute;n&eacute;ral de la franchise d&rsquo;Ottawa, Pierre Dorion, a annonc&eacute; ce lundi 23 janvier que Josh Norris allait donc devoir subir une op&eacute;ration de l&rsquo;&eacute;paule, ce qui met d&eacute;finitivement fin &agrave; sa saison.<\/p><h3 class=\"p1\"><span class=\"s1\">Une grosse perte dans un moment critique<\/span><\/h3><p class=\"p1\">Rien ne va &agrave; Ottawa. Dans un passage &agrave; vide comme il est devenu commun de voir chez les S&eacute;nateurs, la blessure de <a href=\"https:\/\/theplayoffs.news\/fr\/joueur\/josh-norris-nhl-8467254\/\" class=\"trk-cta-link\" data-cta-trk='{\"ctaType\":\"Link\",\"ctaSubType\":\"main\"}'><strong>Josh Norris<\/strong><\/a> n&rsquo;arrange rien puisque son &eacute;quipe a perdu 4 de ces 5 derniers matchs, une s&eacute;rie qui pourrait s&rsquo;aggraver et devenir inqui&eacute;tante s&rsquo;ils ne parviennent &agrave; trouver de solution.<\/p><p class=\"p1\">D.J Smith a affirm&eacute; aupr&egrave;s du m&eacute;dia <a href=\"https:\/\/www.sportsnet.ca\/nhl\/video\/senators-smith-confirms-norris-out-for-remainder-of-the-season-with-shoulder-injury\/\" class=\"trk-cta-link\" data-cta-trk='{\"ctaType\":\"Link\",\"ctaSubType\":\"main\"}'>Sportsnet<\/a> ceci :<\/p><blockquote>\n<p class=\"p1\">&ldquo;Il (Josh Norris) a fait de son mieux pour rejoindre l&rsquo;&eacute;quipe rapidement mais il s&rsquo;est &agrave; nouveau bless&eacute; en atteignant tout juste la troisi&egrave;me p&eacute;riode.&rdquo;<\/p>\n<\/blockquote><p class=\"p1\">Ce retour pr&eacute;matur&eacute; n&rsquo;a pas &eacute;t&eacute; b&eacute;n&eacute;fique &agrave; l&rsquo;am&eacute;ricain qui a pr&eacute;f&eacute;r&eacute; le chemin de la r&eacute;&eacute;ducation plut&ocirc;t que de l&rsquo;op&eacute;ration en octobre dernier.<\/p><p class=\"p1\">Malgr&eacute; cette sombre nouvelle qualifi&eacute;e de &ldquo;cr&egrave;ve-c&oelig;ur&nbsp;&raquo; par Pierre Dorion, les S&eacute;nateurs ont donc d&eacute;cid&eacute; de donner une opportunit&eacute; au jeune Ridly Greig en l&rsquo;appelant des S&eacute;nateurs de Belleville en AHL, le club &eacute;cole d&rsquo;Ottawa dans lequel le joueur de 20 ans &eacute;voluait jusqu&rsquo;&agrave; pr&eacute;sent, o&ugrave; il a r&eacute;colt&eacute; 12 buts, 11 passes d&eacute;cisives pour 23 points en 28 parties. Greig devrait effectuer officiellement le grand saut en NHL mercredi face aux Islanders, un r&ecirc;ve qui deviendra r&eacute;alit&eacute; d&rsquo;autant plus qu&rsquo;il devrait &eacute;voluer au centre du 2e trio d&rsquo;attaque avec un de ses idoles : Claude Giroux.<\/p><p class=\"p1\">Le jeune homme n&rsquo;a pas cach&eacute; son enthousiasme en confiant ces paroles aux micros des m&eacute;dias : &ldquo;Il &eacute;tait l&rsquo;un de mes joueurs pr&eacute;f&eacute;r&eacute;s en grandissant. C&rsquo;est un peu fou de jouer sur une ligne avec lui maintenant.&rdquo; De quoi redonner du baume au c&oelig;ur &agrave; cette &eacute;quipe dans une mauvaise p&eacute;riode.<\/p>\n","protected":false},"excerpt":{"rendered":"","protected":false},"author":180310148,"featured_media":541479,"comment_status":"open","ping_status":"closed","sticky":false,"template":"","format":"standard","meta":{"inline_featured_image":false,"kia_subtitle":"","_mux_skip_reasons":[],"proofreadBy":0,"footnotes":""},"categories":[187,26],"tags":[5343,369],"sport":[],"saison":[],"class_list":["post-541473","post","type-post","status-publish","format-standard","has-post-thumbnail","hentry","category-actualite-nhl","category-nhl","tag-josh-norris","tag-ottawa-senators"],"acf":[],"yoast_head":"<!-- This site is optimized with the Yoast SEO plugin v24.2 - https:\/\/yoast.com\/wordpress\/plugins\/seo\/ -->\n<title>Coup dur chez les S&eacute;nateurs : fin de saison pour Josh Norris - The Playoffs FR<\/title>\n<meta name=\"robots\" content=\"index, follow, max-snippet:-1, max-image-preview:large, max-video-preview:-1\" \/>\n<link rel=\"canonical\" href=\"https:\/\/theplayoffs.news\/fr\/actualite-nhl\/fin-de-saison-pour-josh-norris\/\" \/>\n<meta property=\"og:locale\" content=\"fr_FR\" \/>\n<meta property=\"og:type\" content=\"article\" \/>\n<meta property=\"og:title\" content=\"Coup dur chez les S&eacute;nateurs : fin de saison pour Josh Norris - The Playoffs FR\" \/>\n<meta property=\"og:url\" content=\"https:\/\/theplayoffs.news\/fr\/actualite-nhl\/fin-de-saison-pour-josh-norris\/\" \/>\n<meta property=\"og:site_name\" content=\"The Playoffs FR\" \/>\n<meta property=\"article:publisher\" content=\"https:\/\/www.facebook.com\/TheFreeAgentFR\/\" \/>\n<meta property=\"article:modified_time\" content=\"2023-01-24T07:01:16+01:00\" \/>\n<meta property=\"og:image\" content=\"https:\/\/theplayoffs.news\/fr\/wp-content\/uploads\/2023\/01\/tinywow_senators-josh-norris-out-season_12249839.jpg\" \/>\n\t<meta property=\"og:image:width\" content=\"1600\" \/>\n\t<meta property=\"og:image:height\" content=\"900\" \/>\n\t<meta property=\"og:image:type\" content=\"image\/jpeg\" \/>\n<meta name=\"author\" content=\"Rapha\u00ebl Dangueuger\" \/>\n<meta name=\"twitter:card\" content=\"summary_large_image\" \/>\n<meta name=\"twitter:creator\" content=\"@TheFreeAgentFR\" \/>\n<meta name=\"twitter:site\" content=\"@TheFreeAgentFR\" \/>\n<meta name=\"twitter:label1\" content=\"\u00c9crit par\" \/>\n\t<meta name=\"twitter:data1\" content=\"Rapha\u00ebl Dangueuger\" \/>\n\t<meta name=\"twitter:label2\" content=\"Dur\u00e9e de lecture estim\u00e9e\" \/>\n\t<meta name=\"twitter:data2\" content=\"2 minutes\" \/>\n<script type=\"application\/ld+json\" class=\"yoast-schema-graph\">{\"@context\":\"https:\/\/schema.org\",\"@graph\":[{\"@type\":\"WebPage\",\"@id\":\"https:\/\/theplayoffs.news\/fr\/actualite-nhl\/fin-de-saison-pour-josh-norris\/\",\"url\":\"https:\/\/theplayoffs.news\/fr\/actualite-nhl\/fin-de-saison-pour-josh-norris\/\",\"name\":\"Coup dur chez les S\u00e9nateurs : fin de saison pour Josh Norris - The Playoffs FR\",\"isPartOf\":{\"@id\":\"https:\/\/theplayoffs.news\/fr\/#website\"},\"primaryImageOfPage\":{\"@id\":\"https:\/\/theplayoffs.news\/fr\/actualite-nhl\/fin-de-saison-pour-josh-norris\/#primaryimage\"},\"image\":{\"@id\":\"https:\/\/theplayoffs.news\/fr\/actualite-nhl\/fin-de-saison-pour-josh-norris\/#primaryimage\"},\"thumbnailUrl\":\"https:\/\/theplayoffs.news\/fr\/wp-content\/uploads\/2023\/01\/tinywow_senators-josh-norris-out-season_12249839.jpg\",\"datePublished\":\"2023-01-24T06:01:15+00:00\",\"dateModified\":\"2023-01-24T06:01:16+00:00\",\"author\":{\"@id\":\"https:\/\/theplayoffs.news\/fr\/#\/schema\/person\/4b02b53432403b95b5e8ccbd4da65f97\"},\"breadcrumb\":{\"@id\":\"https:\/\/theplayoffs.news\/fr\/actualite-nhl\/fin-de-saison-pour-josh-norris\/#breadcrumb\"},\"inLanguage\":\"fr-FR\",\"potentialAction\":[{\"@type\":\"ReadAction\",\"target\":[\"https:\/\/theplayoffs.news\/fr\/actualite-nhl\/fin-de-saison-pour-josh-norris\/\"]}]},{\"@type\":\"ImageObject\",\"inLanguage\":\"fr-FR\",\"@id\":\"https:\/\/theplayoffs.news\/fr\/actualite-nhl\/fin-de-saison-pour-josh-norris\/#primaryimage\",\"url\":\"https:\/\/theplayoffs.news\/fr\/wp-content\/uploads\/2023\/01\/tinywow_senators-josh-norris-out-season_12249839.jpg\",\"contentUrl\":\"https:\/\/theplayoffs.news\/fr\/wp-content\/uploads\/2023\/01\/tinywow_senators-josh-norris-out-season_12249839.jpg\",\"width\":1600,\"height\":900,\"caption\":\"Josh Norris\"},{\"@type\":\"BreadcrumbList\",\"@id\":\"https:\/\/theplayoffs.news\/fr\/actualite-nhl\/fin-de-saison-pour-josh-norris\/#breadcrumb\",\"itemListElement\":[{\"@type\":\"ListItem\",\"position\":1,\"name\":\"Accueil\",\"item\":\"https:\/\/theplayoffs.news\/fr\/\"},{\"@type\":\"ListItem\",\"position\":2,\"name\":\"Coup dur chez les S\u00e9nateurs : fin de saison pour Josh Norris\"}]},{\"@type\":\"WebSite\",\"@id\":\"https:\/\/theplayoffs.news\/fr\/#website\",\"url\":\"https:\/\/theplayoffs.news\/fr\/\",\"name\":\"The Playoffs FR\",\"description\":\"NBA-NFL-NHL-MLB\",\"potentialAction\":[{\"@type\":\"SearchAction\",\"target\":{\"@type\":\"EntryPoint\",\"urlTemplate\":\"https:\/\/theplayoffs.news\/fr\/?s={search_term_string}\"},\"query-input\":{\"@type\":\"PropertyValueSpecification\",\"valueRequired\":true,\"valueName\":\"search_term_string\"}}],\"inLanguage\":\"fr-FR\"},{\"@type\":\"Person\",\"@id\":\"https:\/\/theplayoffs.news\/fr\/#\/schema\/person\/4b02b53432403b95b5e8ccbd4da65f97\",\"name\":\"Rapha\u00ebl Dangueuger\",\"image\":{\"@type\":\"ImageObject\",\"inLanguage\":\"fr-FR\",\"@id\":\"https:\/\/theplayoffs.news\/fr\/#\/schema\/person\/image\/\",\"url\":\"https:\/\/secure.gravatar.com\/avatar\/18c9032760c2b9c175c3f0c3b7c2cb563384755cdbc1a585e4cc6d57b742cfed?s=96&d=mm&r=g\",\"contentUrl\":\"https:\/\/secure.gravatar.com\/avatar\/18c9032760c2b9c175c3f0c3b7c2cb563384755cdbc1a585e4cc6d57b742cfed?s=96&d=mm&r=g\",\"caption\":\"Rapha\u00ebl Dangueuger\"},\"url\":\"https:\/\/theplayoffs.news\/fr\/author\/rdangueugeroutlook-fr\/\"}]}<\/script>\n<!-- \/ Yoast SEO plugin. -->","yoast_head_json":{"title":"Coup dur chez les S&eacute;nateurs : fin de saison pour Josh Norris - The Playoffs FR","robots":{"index":"index","follow":"follow","max-snippet":"max-snippet:-1","max-image-preview":"max-image-preview:large","max-video-preview":"max-video-preview:-1"},"canonical":"https:\/\/theplayoffs.news\/fr\/actualite-nhl\/fin-de-saison-pour-josh-norris\/","og_locale":"fr_FR","og_type":"article","og_title":"Coup dur chez les S&eacute;nateurs : fin de saison pour Josh Norris - The Playoffs FR","og_url":"https:\/\/theplayoffs.news\/fr\/actualite-nhl\/fin-de-saison-pour-josh-norris\/","og_site_name":"The Playoffs FR","article_publisher":"https:\/\/www.facebook.com\/TheFreeAgentFR\/","article_modified_time":"2023-01-24T06:01:16+00:00","og_image":[{"width":1600,"height":900,"url":"https:\/\/theplayoffs.news\/fr\/wp-content\/uploads\/2023\/01\/tinywow_senators-josh-norris-out-season_12249839.jpg","type":"image\/jpeg"}],"author":"Rapha\u00ebl Dangueuger","twitter_card":"summary_large_image","twitter_creator":"@TheFreeAgentFR","twitter_site":"@TheFreeAgentFR","twitter_misc":{"\u00c9crit par":"Rapha\u00ebl Dangueuger","Dur\u00e9e de lecture estim\u00e9e":"2 minutes"},"schema":{"@context":"https:\/\/schema.org","@graph":[{"@type":"WebPage","@id":"https:\/\/theplayoffs.news\/fr\/actualite-nhl\/fin-de-saison-pour-josh-norris\/","url":"https:\/\/theplayoffs.news\/fr\/actualite-nhl\/fin-de-saison-pour-josh-norris\/","name":"Coup dur chez les S\u00e9nateurs : fin de saison pour Josh Norris - The Playoffs FR","isPartOf":{"@id":"https:\/\/theplayoffs.news\/fr\/#website"},"primaryImageOfPage":{"@id":"https:\/\/theplayoffs.news\/fr\/actualite-nhl\/fin-de-saison-pour-josh-norris\/#primaryimage"},"image":{"@id":"https:\/\/theplayoffs.news\/fr\/actualite-nhl\/fin-de-saison-pour-josh-norris\/#primaryimage"},"thumbnailUrl":"https:\/\/theplayoffs.news\/fr\/wp-content\/uploads\/2023\/01\/tinywow_senators-josh-norris-out-season_12249839.jpg","datePublished":"2023-01-24T06:01:15+00:00","dateModified":"2023-01-24T06:01:16+00:00","author":{"@id":"https:\/\/theplayoffs.news\/fr\/#\/schema\/person\/4b02b53432403b95b5e8ccbd4da65f97"},"breadcrumb":{"@id":"https:\/\/theplayoffs.news\/fr\/actualite-nhl\/fin-de-saison-pour-josh-norris\/#breadcrumb"},"inLanguage":"fr-FR","potentialAction":[{"@type":"ReadAction","target":["https:\/\/theplayoffs.news\/fr\/actualite-nhl\/fin-de-saison-pour-josh-norris\/"]}]},{"@type":"ImageObject","inLanguage":"fr-FR","@id":"https:\/\/theplayoffs.news\/fr\/actualite-nhl\/fin-de-saison-pour-josh-norris\/#primaryimage","url":"https:\/\/theplayoffs.news\/fr\/wp-content\/uploads\/2023\/01\/tinywow_senators-josh-norris-out-season_12249839.jpg","contentUrl":"https:\/\/theplayoffs.news\/fr\/wp-content\/uploads\/2023\/01\/tinywow_senators-josh-norris-out-season_12249839.jpg","width":1600,"height":900,"caption":"Josh Norris"},{"@type":"BreadcrumbList","@id":"https:\/\/theplayoffs.news\/fr\/actualite-nhl\/fin-de-saison-pour-josh-norris\/#breadcrumb","itemListElement":[{"@type":"ListItem","position":1,"name":"Accueil","item":"https:\/\/theplayoffs.news\/fr\/"},{"@type":"ListItem","position":2,"name":"Coup dur chez les S\u00e9nateurs : fin de saison pour Josh Norris"}]},{"@type":"WebSite","@id":"https:\/\/theplayoffs.news\/fr\/#website","url":"https:\/\/theplayoffs.news\/fr\/","name":"The Playoffs FR","description":"NBA-NFL-NHL-MLB","potentialAction":[{"@type":"SearchAction","target":{"@type":"EntryPoint","urlTemplate":"https:\/\/theplayoffs.news\/fr\/?s={search_term_string}"},"query-input":{"@type":"PropertyValueSpecification","valueRequired":true,"valueName":"search_term_string"}}],"inLanguage":"fr-FR"},{"@type":"Person","@id":"https:\/\/theplayoffs.news\/fr\/#\/schema\/person\/4b02b53432403b95b5e8ccbd4da65f97","name":"Rapha\u00ebl Dangueuger","image":{"@type":"ImageObject","inLanguage":"fr-FR","@id":"https:\/\/theplayoffs.news\/fr\/#\/schema\/person\/image\/","url":"https:\/\/secure.gravatar.com\/avatar\/18c9032760c2b9c175c3f0c3b7c2cb563384755cdbc1a585e4cc6d57b742cfed?s=96&d=mm&r=g","contentUrl":"https:\/\/secure.gravatar.com\/avatar\/18c9032760c2b9c175c3f0c3b7c2cb563384755cdbc1a585e4cc6d57b742cfed?s=96&d=mm&r=g","caption":"Rapha\u00ebl Dangueuger"},"url":"https:\/\/theplayoffs.news\/fr\/author\/rdangueugeroutlook-fr\/"}]}},"_links":{"self":[{"href":"https:\/\/theplayoffs.news\/fr\/wp-json\/wp\/v2\/posts\/541473","targetHints":{"allow":["GET"]}}],"collection":[{"href":"https:\/\/theplayoffs.news\/fr\/wp-json\/wp\/v2\/posts"}],"about":[{"href":"https:\/\/theplayoffs.news\/fr\/wp-json\/wp\/v2\/types\/post"}],"author":[{"embeddable":true,"href":"https:\/\/theplayoffs.news\/fr\/wp-json\/wp\/v2\/users\/180310148"}],"replies":[{"embeddable":true,"href":"https:\/\/theplayoffs.news\/fr\/wp-json\/wp\/v2\/comments?post=541473"}],"version-history":[{"count":2,"href":"https:\/\/theplayoffs.news\/fr\/wp-json\/wp\/v2\/posts\/541473\/revisions"}],"predecessor-version":[{"id":541486,"href":"https:\/\/theplayoffs.news\/fr\/wp-json\/wp\/v2\/posts\/541473\/revisions\/541486"}],"wp:featuredmedia":[{"embeddable":true,"href":"https:\/\/theplayoffs.news\/fr\/wp-json\/wp\/v2\/media\/541479"}],"wp:attachment":[{"href":"https:\/\/theplayoffs.news\/fr\/wp-json\/wp\/v2\/media?parent=541473"}],"wp:term":[{"taxonomy":"category","embeddable":true,"href":"https:\/\/theplayoffs.news\/fr\/wp-json\/wp\/v2\/categories?post=541473"},{"taxonomy":"post_tag","embeddable":true,"href":"https:\/\/theplayoffs.news\/fr\/wp-json\/wp\/v2\/tags?post=541473"},{"taxonomy":"sport","embeddable":true,"href":"https:\/\/theplayoffs.news\/fr\/wp-json\/wp\/v2\/sport?post=541473"},{"taxonomy":"saison","embeddable":true,"href":"https:\/\/theplayoffs.news\/fr\/wp-json\/wp\/v2\/saison?post=541473"}],"curies":[{"name":"wp","href":"https:\/\/api.w.org\/{rel}","templated":true}]}}