{"id":540910,"date":"2023-01-23T16:57:17","date_gmt":"2023-01-23T15:57:17","guid":{"rendered":"https:\/\/theplayoffs.news\/fr\/?p=540910"},"modified":"2023-01-23T16:57:18","modified_gmt":"2023-01-23T15:57:18","slug":"damian-lillard-sagace-conference-presse","status":"publish","type":"post","link":"https:\/\/theplayoffs.news\/fr\/actualite-nba\/damian-lillard-sagace-conference-presse\/","title":{"rendered":"Damian Lillard s\u2019agace en conf\u00e9rence de presse"},"content":{"rendered":"<h2><b>Loin des playoffs avec une 13&egrave;me place &agrave; l&rsquo;Ouest, Damian Lillard s&rsquo;est montr&eacute; agac&eacute; en conf&eacute;rence de presse sur les rumeurs le concernant.<\/b><\/h2><p>&nbsp;<\/p><p>Apr&egrave;s la d&eacute;faite face aux Lakers, le meneur de Portland est pass&eacute; devant les m&eacute;dias <a href=\"https:\/\/twitter.com\/BrennaGreene_\/status\/1617392223540359168?ref_src=twsrc%5Etfw%7Ctwcamp%5Etweetembed%7Ctwterm%5E1617392223540359168%7Ctwgr%5E21b46a9bbeb7a5790cfc7d3397dd4a79a7aa53ff%7Ctwcon%5Es1_c10&amp;ref_url=https%3A%2F%2Fthefreeagent.fr%2Fwp-admin%2Fpost-new.php\" class=\"trk-cta-link\" data-cta-trk='{\"ctaType\":\"Link\",\"ctaSubType\":\"main\"}'>pour une conf&eacute;rence de presse<\/a> qui s&rsquo;est av&eacute;r&eacute;e pleine de rebondissements. Lillard s&rsquo;est en effet montr&eacute; contrari&eacute; par les questions abordant sa patience, qui serait mise &agrave; l&rsquo;&eacute;preuve :<\/p><blockquote><p>&laquo;&nbsp;Je veux que l&rsquo;on soit dans la meilleure situation possible. Moi, je suis meneur et je fais ce que j&rsquo;ai &agrave; faire. Chacun son boulot. A l&rsquo;heure qu&rsquo;il est, on ne gagne pas, on n&rsquo;est pas assez r&eacute;guliers. Mais ce n&rsquo;est pas mon travail de dire qui doit &ecirc;tre transf&eacute;r&eacute; o&ugrave; et ce qui doit arriver au roster.<\/p>\n<p>Tout ce que je peux dire, c&rsquo;est que pour l&rsquo;instant, on n&rsquo;y arrive pas. Je veux gagner, ce n&rsquo;est pas un secret. On doit faire tout ce qui est possible pour &ecirc;tre en position de gagner. Je suis partant pour tout ce que cela peut signifier.<\/p><\/blockquote><p>&nbsp;<\/p><p><a href=\"https:\/\/theplayoffs.news\/fr\/joueur\/damian-lillard-portland-trail-blazers-nba\/\" class=\"trk-cta-link\" data-cta-trk='{\"ctaType\":\"Link\",\"ctaSubType\":\"main\"}'>Damian Lillard<\/a> r&eacute;pond cette fois &agrave; une question sur d&rsquo;&eacute;ventuelles menaces &agrave; la direction et sur les rumeurs insinuant qu&rsquo;il r&eacute;clame des recrues chez les Blazers :<\/p><blockquote><p>Je pense que ce n&rsquo;est pas juste que vous me posiez cette question. C&rsquo;est un coup bas. Notre &eacute;quipe est en difficult&eacute; en ce moment et j&rsquo;ai &eacute;t&eacute; tr&egrave;s transparent &agrave; ce sujet, sur le fait que l&rsquo;on pouvait faire mieux. L&agrave;, vous me mettez dans la position o&ugrave; je dois r&eacute;pondre &agrave; une question qui n&rsquo;est pas cool.<\/p>\n<p>Je comprends que vous devez le faire, mais il y a d&rsquo;autres personnes auxquelles vous pouvez poser la m&ecirc;me question et elles vous r&eacute;pondront. M&ecirc;me si cette question me concerne, d&rsquo;ailleurs. Je trouve que ce n&rsquo;est pas cool de demander &ccedil;a apr&egrave;s une d&eacute;faite douloureuse et dans une p&eacute;riode o&ugrave; on est en difficult&eacute;.Je r&eacute;ponds toujours aux questions, c&rsquo;est juste que l&agrave; je trouve que c&rsquo;est un peu un manque de respect de me mettre dans cette situation&nbsp;&raquo;.<\/p><\/blockquote><blockquote class=\"twitter-tweet\" data-width=\"500\" data-dnt=\"true\">\n<p lang=\"en\" dir=\"ltr\">Things got a little testy postgame with Damian Lillard.<\/p>\n<p>Was asked about his thoughts on the trade deadline. That's the first bite here. <\/p>\n<p>Then was asked how much more patience he has with this organization in terms of making changes. That's where things turned. <a href=\"https:\/\/t.co\/PmmJFJnuwG\" class=\"trk-cta-link\" data-cta-trk='{\"ctaType\":\"Link\",\"ctaSubType\":\"main\"}'>pic.twitter.com\/PmmJFJnuwG<\/a><\/p>\n<p>&mdash; Brenna Greene (@BrennaGreene_) <a href=\"https:\/\/twitter.com\/BrennaGreene_\/status\/1617392223540359168?ref_src=twsrc%5Etfw\" class=\"trk-cta-link\" data-cta-trk='{\"ctaType\":\"Link\",\"ctaSubType\":\"main\"}'>January 23, 2023<\/a><\/p><\/blockquote><p><script async src=\"https:\/\/platform.twitter.com\/widgets.js\" charset=\"utf-8\"><\/script><\/p><p>Damian Lillard et ses co&eacute;quipiers retrouveront les parquets cette nuit, o&ugrave; ils tenteront de se relancer face au mal class&eacute; des Spurs de San Antonio.<\/p>\n","protected":false},"excerpt":{"rendered":"","protected":false},"author":180310144,"featured_media":340174,"comment_status":"open","ping_status":"closed","sticky":false,"template":"","format":"standard","meta":{"inline_featured_image":false,"kia_subtitle":"","_mux_skip_reasons":[],"proofreadBy":0,"footnotes":""},"categories":[110,10],"tags":[428,508,23],"sport":[],"saison":[],"class_list":["post-540910","post","type-post","status-publish","format-standard","has-post-thumbnail","hentry","category-actualite-nba","category-nba","tag-blazers","tag-damian-lillard","tag-nba-tag"],"acf":[],"yoast_head":"<!-- This site is optimized with the Yoast SEO plugin v24.2 - https:\/\/yoast.com\/wordpress\/plugins\/seo\/ -->\n<title>Damian Lillard s&rsquo;agace en conf&eacute;rence de presse - The Playoffs FR<\/title>\n<meta name=\"robots\" content=\"index, follow, max-snippet:-1, max-image-preview:large, max-video-preview:-1\" \/>\n<link rel=\"canonical\" href=\"https:\/\/theplayoffs.news\/fr\/actualite-nba\/damian-lillard-sagace-conference-presse\/\" \/>\n<meta property=\"og:locale\" content=\"fr_FR\" \/>\n<meta property=\"og:type\" content=\"article\" \/>\n<meta property=\"og:title\" content=\"Damian Lillard s&rsquo;agace en conf&eacute;rence de presse - The Playoffs FR\" \/>\n<meta property=\"og:url\" content=\"https:\/\/theplayoffs.news\/fr\/actualite-nba\/damian-lillard-sagace-conference-presse\/\" \/>\n<meta property=\"og:site_name\" content=\"The Playoffs FR\" \/>\n<meta property=\"article:publisher\" content=\"https:\/\/www.facebook.com\/TheFreeAgentFR\/\" \/>\n<meta property=\"article:modified_time\" content=\"2023-01-23T16:57:18+01:00\" \/>\n<meta property=\"og:image\" content=\"https:\/\/theplayoffs.news\/fr\/wp-content\/uploads\/2022\/05\/damian-lillard-ne-jouera-plus-cette-saison.jpg\" \/>\n\t<meta property=\"og:image:width\" content=\"1024\" \/>\n\t<meta property=\"og:image:height\" content=\"768\" \/>\n\t<meta property=\"og:image:type\" content=\"image\/jpeg\" \/>\n<meta name=\"author\" content=\"Evan Glomot\" \/>\n<meta name=\"twitter:card\" content=\"summary_large_image\" \/>\n<meta name=\"twitter:creator\" content=\"@TheFreeAgentFR\" \/>\n<meta name=\"twitter:site\" content=\"@TheFreeAgentFR\" \/>\n<meta name=\"twitter:label1\" content=\"\u00c9crit par\" \/>\n\t<meta name=\"twitter:data1\" content=\"Evan Glomot\" \/>\n\t<meta name=\"twitter:label2\" content=\"Dur\u00e9e de lecture estim\u00e9e\" \/>\n\t<meta name=\"twitter:data2\" content=\"2 minutes\" \/>\n<script type=\"application\/ld+json\" class=\"yoast-schema-graph\">{\"@context\":\"https:\/\/schema.org\",\"@graph\":[{\"@type\":\"WebPage\",\"@id\":\"https:\/\/theplayoffs.news\/fr\/actualite-nba\/damian-lillard-sagace-conference-presse\/\",\"url\":\"https:\/\/theplayoffs.news\/fr\/actualite-nba\/damian-lillard-sagace-conference-presse\/\",\"name\":\"Damian Lillard s\u2019agace en conf\u00e9rence de presse - The Playoffs FR\",\"isPartOf\":{\"@id\":\"https:\/\/theplayoffs.news\/fr\/#website\"},\"primaryImageOfPage\":{\"@id\":\"https:\/\/theplayoffs.news\/fr\/actualite-nba\/damian-lillard-sagace-conference-presse\/#primaryimage\"},\"image\":{\"@id\":\"https:\/\/theplayoffs.news\/fr\/actualite-nba\/damian-lillard-sagace-conference-presse\/#primaryimage\"},\"thumbnailUrl\":\"https:\/\/theplayoffs.news\/fr\/wp-content\/uploads\/2022\/05\/damian-lillard-ne-jouera-plus-cette-saison.jpg\",\"datePublished\":\"2023-01-23T15:57:17+00:00\",\"dateModified\":\"2023-01-23T15:57:18+00:00\",\"author\":{\"@id\":\"https:\/\/theplayoffs.news\/fr\/#\/schema\/person\/efcb1404f7c790a161fdc0aa29e81646\"},\"breadcrumb\":{\"@id\":\"https:\/\/theplayoffs.news\/fr\/actualite-nba\/damian-lillard-sagace-conference-presse\/#breadcrumb\"},\"inLanguage\":\"fr-FR\",\"potentialAction\":[{\"@type\":\"ReadAction\",\"target\":[\"https:\/\/theplayoffs.news\/fr\/actualite-nba\/damian-lillard-sagace-conference-presse\/\"]}]},{\"@type\":\"ImageObject\",\"inLanguage\":\"fr-FR\",\"@id\":\"https:\/\/theplayoffs.news\/fr\/actualite-nba\/damian-lillard-sagace-conference-presse\/#primaryimage\",\"url\":\"https:\/\/theplayoffs.news\/fr\/wp-content\/uploads\/2022\/05\/damian-lillard-ne-jouera-plus-cette-saison.jpg\",\"contentUrl\":\"https:\/\/theplayoffs.news\/fr\/wp-content\/uploads\/2022\/05\/damian-lillard-ne-jouera-plus-cette-saison.jpg\",\"width\":1024,\"height\":768,\"caption\":\"Damian Lillard ne jouera plus cette saison\"},{\"@type\":\"BreadcrumbList\",\"@id\":\"https:\/\/theplayoffs.news\/fr\/actualite-nba\/damian-lillard-sagace-conference-presse\/#breadcrumb\",\"itemListElement\":[{\"@type\":\"ListItem\",\"position\":1,\"name\":\"Accueil\",\"item\":\"https:\/\/theplayoffs.news\/fr\/\"},{\"@type\":\"ListItem\",\"position\":2,\"name\":\"Damian Lillard s\u2019agace en conf\u00e9rence de presse\"}]},{\"@type\":\"WebSite\",\"@id\":\"https:\/\/theplayoffs.news\/fr\/#website\",\"url\":\"https:\/\/theplayoffs.news\/fr\/\",\"name\":\"The Playoffs FR\",\"description\":\"NBA-NFL-NHL-MLB\",\"potentialAction\":[{\"@type\":\"SearchAction\",\"target\":{\"@type\":\"EntryPoint\",\"urlTemplate\":\"https:\/\/theplayoffs.news\/fr\/?s={search_term_string}\"},\"query-input\":{\"@type\":\"PropertyValueSpecification\",\"valueRequired\":true,\"valueName\":\"search_term_string\"}}],\"inLanguage\":\"fr-FR\"},{\"@type\":\"Person\",\"@id\":\"https:\/\/theplayoffs.news\/fr\/#\/schema\/person\/efcb1404f7c790a161fdc0aa29e81646\",\"name\":\"Evan Glomot\",\"image\":{\"@type\":\"ImageObject\",\"inLanguage\":\"fr-FR\",\"@id\":\"https:\/\/theplayoffs.news\/fr\/#\/schema\/person\/image\/\",\"url\":\"https:\/\/secure.gravatar.com\/avatar\/93e18dce985a4dfed140ef5ef5ecc82be40a165cbb4838e421f46abb52b7c315?s=96&d=mm&r=g\",\"contentUrl\":\"https:\/\/secure.gravatar.com\/avatar\/93e18dce985a4dfed140ef5ef5ecc82be40a165cbb4838e421f46abb52b7c315?s=96&d=mm&r=g\",\"caption\":\"Evan Glomot\"},\"url\":\"https:\/\/theplayoffs.news\/fr\/author\/evanglomotgmail-com\/\"}]}<\/script>\n<!-- \/ Yoast SEO plugin. -->","yoast_head_json":{"title":"Damian Lillard s&rsquo;agace en conf&eacute;rence de presse - The Playoffs FR","robots":{"index":"index","follow":"follow","max-snippet":"max-snippet:-1","max-image-preview":"max-image-preview:large","max-video-preview":"max-video-preview:-1"},"canonical":"https:\/\/theplayoffs.news\/fr\/actualite-nba\/damian-lillard-sagace-conference-presse\/","og_locale":"fr_FR","og_type":"article","og_title":"Damian Lillard s&rsquo;agace en conf&eacute;rence de presse - The Playoffs FR","og_url":"https:\/\/theplayoffs.news\/fr\/actualite-nba\/damian-lillard-sagace-conference-presse\/","og_site_name":"The Playoffs FR","article_publisher":"https:\/\/www.facebook.com\/TheFreeAgentFR\/","article_modified_time":"2023-01-23T15:57:18+00:00","og_image":[{"width":1024,"height":768,"url":"https:\/\/theplayoffs.news\/fr\/wp-content\/uploads\/2022\/05\/damian-lillard-ne-jouera-plus-cette-saison.jpg","type":"image\/jpeg"}],"author":"Evan Glomot","twitter_card":"summary_large_image","twitter_creator":"@TheFreeAgentFR","twitter_site":"@TheFreeAgentFR","twitter_misc":{"\u00c9crit par":"Evan Glomot","Dur\u00e9e de lecture estim\u00e9e":"2 minutes"},"schema":{"@context":"https:\/\/schema.org","@graph":[{"@type":"WebPage","@id":"https:\/\/theplayoffs.news\/fr\/actualite-nba\/damian-lillard-sagace-conference-presse\/","url":"https:\/\/theplayoffs.news\/fr\/actualite-nba\/damian-lillard-sagace-conference-presse\/","name":"Damian Lillard s\u2019agace en conf\u00e9rence de presse - The Playoffs FR","isPartOf":{"@id":"https:\/\/theplayoffs.news\/fr\/#website"},"primaryImageOfPage":{"@id":"https:\/\/theplayoffs.news\/fr\/actualite-nba\/damian-lillard-sagace-conference-presse\/#primaryimage"},"image":{"@id":"https:\/\/theplayoffs.news\/fr\/actualite-nba\/damian-lillard-sagace-conference-presse\/#primaryimage"},"thumbnailUrl":"https:\/\/theplayoffs.news\/fr\/wp-content\/uploads\/2022\/05\/damian-lillard-ne-jouera-plus-cette-saison.jpg","datePublished":"2023-01-23T15:57:17+00:00","dateModified":"2023-01-23T15:57:18+00:00","author":{"@id":"https:\/\/theplayoffs.news\/fr\/#\/schema\/person\/efcb1404f7c790a161fdc0aa29e81646"},"breadcrumb":{"@id":"https:\/\/theplayoffs.news\/fr\/actualite-nba\/damian-lillard-sagace-conference-presse\/#breadcrumb"},"inLanguage":"fr-FR","potentialAction":[{"@type":"ReadAction","target":["https:\/\/theplayoffs.news\/fr\/actualite-nba\/damian-lillard-sagace-conference-presse\/"]}]},{"@type":"ImageObject","inLanguage":"fr-FR","@id":"https:\/\/theplayoffs.news\/fr\/actualite-nba\/damian-lillard-sagace-conference-presse\/#primaryimage","url":"https:\/\/theplayoffs.news\/fr\/wp-content\/uploads\/2022\/05\/damian-lillard-ne-jouera-plus-cette-saison.jpg","contentUrl":"https:\/\/theplayoffs.news\/fr\/wp-content\/uploads\/2022\/05\/damian-lillard-ne-jouera-plus-cette-saison.jpg","width":1024,"height":768,"caption":"Damian Lillard ne jouera plus cette saison"},{"@type":"BreadcrumbList","@id":"https:\/\/theplayoffs.news\/fr\/actualite-nba\/damian-lillard-sagace-conference-presse\/#breadcrumb","itemListElement":[{"@type":"ListItem","position":1,"name":"Accueil","item":"https:\/\/theplayoffs.news\/fr\/"},{"@type":"ListItem","position":2,"name":"Damian Lillard s\u2019agace en conf\u00e9rence de presse"}]},{"@type":"WebSite","@id":"https:\/\/theplayoffs.news\/fr\/#website","url":"https:\/\/theplayoffs.news\/fr\/","name":"The Playoffs FR","description":"NBA-NFL-NHL-MLB","potentialAction":[{"@type":"SearchAction","target":{"@type":"EntryPoint","urlTemplate":"https:\/\/theplayoffs.news\/fr\/?s={search_term_string}"},"query-input":{"@type":"PropertyValueSpecification","valueRequired":true,"valueName":"search_term_string"}}],"inLanguage":"fr-FR"},{"@type":"Person","@id":"https:\/\/theplayoffs.news\/fr\/#\/schema\/person\/efcb1404f7c790a161fdc0aa29e81646","name":"Evan Glomot","image":{"@type":"ImageObject","inLanguage":"fr-FR","@id":"https:\/\/theplayoffs.news\/fr\/#\/schema\/person\/image\/","url":"https:\/\/secure.gravatar.com\/avatar\/93e18dce985a4dfed140ef5ef5ecc82be40a165cbb4838e421f46abb52b7c315?s=96&d=mm&r=g","contentUrl":"https:\/\/secure.gravatar.com\/avatar\/93e18dce985a4dfed140ef5ef5ecc82be40a165cbb4838e421f46abb52b7c315?s=96&d=mm&r=g","caption":"Evan Glomot"},"url":"https:\/\/theplayoffs.news\/fr\/author\/evanglomotgmail-com\/"}]}},"_links":{"self":[{"href":"https:\/\/theplayoffs.news\/fr\/wp-json\/wp\/v2\/posts\/540910","targetHints":{"allow":["GET"]}}],"collection":[{"href":"https:\/\/theplayoffs.news\/fr\/wp-json\/wp\/v2\/posts"}],"about":[{"href":"https:\/\/theplayoffs.news\/fr\/wp-json\/wp\/v2\/types\/post"}],"author":[{"embeddable":true,"href":"https:\/\/theplayoffs.news\/fr\/wp-json\/wp\/v2\/users\/180310144"}],"replies":[{"embeddable":true,"href":"https:\/\/theplayoffs.news\/fr\/wp-json\/wp\/v2\/comments?post=540910"}],"version-history":[{"count":3,"href":"https:\/\/theplayoffs.news\/fr\/wp-json\/wp\/v2\/posts\/540910\/revisions"}],"predecessor-version":[{"id":540914,"href":"https:\/\/theplayoffs.news\/fr\/wp-json\/wp\/v2\/posts\/540910\/revisions\/540914"}],"wp:featuredmedia":[{"embeddable":true,"href":"https:\/\/theplayoffs.news\/fr\/wp-json\/wp\/v2\/media\/340174"}],"wp:attachment":[{"href":"https:\/\/theplayoffs.news\/fr\/wp-json\/wp\/v2\/media?parent=540910"}],"wp:term":[{"taxonomy":"category","embeddable":true,"href":"https:\/\/theplayoffs.news\/fr\/wp-json\/wp\/v2\/categories?post=540910"},{"taxonomy":"post_tag","embeddable":true,"href":"https:\/\/theplayoffs.news\/fr\/wp-json\/wp\/v2\/tags?post=540910"},{"taxonomy":"sport","embeddable":true,"href":"https:\/\/theplayoffs.news\/fr\/wp-json\/wp\/v2\/sport?post=540910"},{"taxonomy":"saison","embeddable":true,"href":"https:\/\/theplayoffs.news\/fr\/wp-json\/wp\/v2\/saison?post=540910"}],"curies":[{"name":"wp","href":"https:\/\/api.w.org\/{rel}","templated":true}]}}