{"id":538082,"date":"2023-01-21T10:50:26","date_gmt":"2023-01-21T09:50:26","guid":{"rendered":"https:\/\/theplayoffs.news\/fr\/?p=538082"},"modified":"2023-01-21T10:51:05","modified_gmt":"2023-01-21T09:51:05","slug":"ed-beard-est-decede-a-lage-de-83-ans","status":"publish","type":"post","link":"https:\/\/theplayoffs.news\/fr\/actualite-nfl\/ed-beard-est-decede-a-lage-de-83-ans\/","title":{"rendered":"Ed Beard est d\u00e9c\u00e9d\u00e9 \u00e0 l&rsquo;\u00e2ge de 83 ans"},"content":{"rendered":"<h2><strong>Les 49ers de San Francisco ont annonc&eacute; vendredi que l&rsquo;ancien linebacker des 49ers Ed Beard est d&eacute;c&eacute;d&eacute; &agrave; l&rsquo;&acirc;ge de 83 ans.<\/strong><\/h2><p>Ed Beard a &eacute;t&eacute; s&eacute;lectionn&eacute; par les 49ers au 14e tour de la draft de la <a href=\"https:\/\/theplayoffs.news\/fr\/nfl\/\" class=\"trk-cta-link\" data-cta-trk='{\"ctaType\":\"Link\",\"ctaSubType\":\"main\"}'>NFL<\/a> de 1964 et &eacute;galement par les Raiders au 20e tour de l&rsquo;AFL de 1964. Cependant, il a jou&eacute; toute sa carri&egrave;re avec les 49ers, de 1965 &agrave; 1972.<\/p><p>Tout au long de sa carri&egrave;re, Ed Beard a disput&eacute; 97 matchs avec les 49ers, principalement dans des &eacute;quipes sp&eacute;ciales. Il &eacute;tait capitaine d&rsquo;&eacute;quipes sp&eacute;ciales et est consid&eacute;r&eacute; comme le premier capitaine d&rsquo;&eacute;quipes sp&eacute;ciales de l&rsquo;histoire de la NFL. Malheureusement, sa carri&egrave;re a &eacute;t&eacute; interrompue par des blessures, mais il a ensuite &eacute;t&eacute; entra&icirc;neur des linebackers pour les 49ers et les New Orleans Saints avant de devenir le coordinateur d&eacute;fensif des Detroit Lions.<\/p><p>En 1971, Beard a re&ccedil;u la distinction annuelle la plus prestigieuse des 49ers, le prix Len Eshmont. L&rsquo;&eacute;quipe honore chaque ann&eacute;e un joueur qui illustre le mieux le &laquo;&nbsp;jeu inspirant et courageux&nbsp;&raquo; d&rsquo;Eshmont. Il a &eacute;galement &eacute;t&eacute; intronis&eacute; au Virginia Sports Hall of Fame en 2002, reconnaissant ses contributions au sport du football.<\/p><p>L&rsquo;organisation des 49ers et les fans pleurent la perte d&rsquo;une v&eacute;ritable l&eacute;gende. Il restera dans les m&eacute;moires comme une source d&rsquo;inspiration et un joueur courageux qui a laiss&eacute; un impact durable sur le football.<\/p>\n","protected":false},"excerpt":{"rendered":"","protected":false},"author":13,"featured_media":538083,"comment_status":"open","ping_status":"closed","sticky":false,"template":"","format":"standard","meta":{"inline_featured_image":false,"kia_subtitle":"","_mux_skip_reasons":[],"proofreadBy":0,"footnotes":""},"categories":[118,40],"tags":[5331,939],"sport":[],"saison":[],"class_list":["post-538082","post","type-post","status-publish","format-standard","has-post-thumbnail","hentry","category-actualite-nfl","category-nfl","tag-ed-beard","tag-san-francisco-49ers"],"acf":[],"yoast_head":"<!-- This site is optimized with the Yoast SEO plugin v24.2 - https:\/\/yoast.com\/wordpress\/plugins\/seo\/ -->\n<title>Ed Beard est d&eacute;c&eacute;d&eacute; &agrave; l&#039;&acirc;ge de 83 ans - The Playoffs FR<\/title>\n<meta name=\"robots\" content=\"index, follow, max-snippet:-1, max-image-preview:large, max-video-preview:-1\" \/>\n<link rel=\"canonical\" href=\"https:\/\/theplayoffs.news\/fr\/actualite-nfl\/ed-beard-est-decede-a-lage-de-83-ans\/\" \/>\n<meta property=\"og:locale\" content=\"fr_FR\" \/>\n<meta property=\"og:type\" content=\"article\" \/>\n<meta property=\"og:title\" content=\"Ed Beard est d&eacute;c&eacute;d&eacute; &agrave; l&#039;&acirc;ge de 83 ans - The Playoffs FR\" \/>\n<meta property=\"og:url\" content=\"https:\/\/theplayoffs.news\/fr\/actualite-nfl\/ed-beard-est-decede-a-lage-de-83-ans\/\" \/>\n<meta property=\"og:site_name\" content=\"The Playoffs FR\" \/>\n<meta property=\"article:publisher\" content=\"https:\/\/www.facebook.com\/TheFreeAgentFR\/\" \/>\n<meta property=\"article:modified_time\" content=\"2023-01-21T10:51:05+01:00\" \/>\n<meta property=\"og:image\" content=\"https:\/\/theplayoffs.news\/fr\/wp-content\/uploads\/2023\/01\/tinywow_edbeard_12059062.jpg\" \/>\n\t<meta property=\"og:image:width\" content=\"500\" \/>\n\t<meta property=\"og:image:height\" content=\"333\" \/>\n\t<meta property=\"og:image:type\" content=\"image\/jpeg\" \/>\n<meta name=\"author\" content=\"Charles Taudin\" \/>\n<meta name=\"twitter:card\" content=\"summary_large_image\" \/>\n<meta name=\"twitter:creator\" content=\"@TheFreeAgentFR\" \/>\n<meta name=\"twitter:site\" content=\"@TheFreeAgentFR\" \/>\n<meta name=\"twitter:label1\" content=\"\u00c9crit par\" \/>\n\t<meta name=\"twitter:data1\" content=\"Charles Taudin\" \/>\n\t<meta name=\"twitter:label2\" content=\"Dur\u00e9e de lecture estim\u00e9e\" \/>\n\t<meta name=\"twitter:data2\" content=\"1 minute\" \/>\n<script type=\"application\/ld+json\" class=\"yoast-schema-graph\">{\"@context\":\"https:\/\/schema.org\",\"@graph\":[{\"@type\":\"WebPage\",\"@id\":\"https:\/\/theplayoffs.news\/fr\/actualite-nfl\/ed-beard-est-decede-a-lage-de-83-ans\/\",\"url\":\"https:\/\/theplayoffs.news\/fr\/actualite-nfl\/ed-beard-est-decede-a-lage-de-83-ans\/\",\"name\":\"Ed Beard est d\u00e9c\u00e9d\u00e9 \u00e0 l\\\\'\u00e2ge de 83 ans - The Playoffs FR\",\"isPartOf\":{\"@id\":\"https:\/\/theplayoffs.news\/fr\/#website\"},\"primaryImageOfPage\":{\"@id\":\"https:\/\/theplayoffs.news\/fr\/actualite-nfl\/ed-beard-est-decede-a-lage-de-83-ans\/#primaryimage\"},\"image\":{\"@id\":\"https:\/\/theplayoffs.news\/fr\/actualite-nfl\/ed-beard-est-decede-a-lage-de-83-ans\/#primaryimage\"},\"thumbnailUrl\":\"https:\/\/theplayoffs.news\/fr\/wp-content\/uploads\/2023\/01\/tinywow_edbeard_12059062.jpg\",\"datePublished\":\"2023-01-21T09:50:26+00:00\",\"dateModified\":\"2023-01-21T09:51:05+00:00\",\"author\":{\"@id\":\"https:\/\/theplayoffs.news\/fr\/#\/schema\/person\/eee5b69ad5d3c51cabe881c839dbe133\"},\"breadcrumb\":{\"@id\":\"https:\/\/theplayoffs.news\/fr\/actualite-nfl\/ed-beard-est-decede-a-lage-de-83-ans\/#breadcrumb\"},\"inLanguage\":\"fr-FR\",\"potentialAction\":[{\"@type\":\"ReadAction\",\"target\":[\"https:\/\/theplayoffs.news\/fr\/actualite-nfl\/ed-beard-est-decede-a-lage-de-83-ans\/\"]}]},{\"@type\":\"ImageObject\",\"inLanguage\":\"fr-FR\",\"@id\":\"https:\/\/theplayoffs.news\/fr\/actualite-nfl\/ed-beard-est-decede-a-lage-de-83-ans\/#primaryimage\",\"url\":\"https:\/\/theplayoffs.news\/fr\/wp-content\/uploads\/2023\/01\/tinywow_edbeard_12059062.jpg\",\"contentUrl\":\"https:\/\/theplayoffs.news\/fr\/wp-content\/uploads\/2023\/01\/tinywow_edbeard_12059062.jpg\",\"width\":500,\"height\":333,\"caption\":\"Ed Beard\"},{\"@type\":\"BreadcrumbList\",\"@id\":\"https:\/\/theplayoffs.news\/fr\/actualite-nfl\/ed-beard-est-decede-a-lage-de-83-ans\/#breadcrumb\",\"itemListElement\":[{\"@type\":\"ListItem\",\"position\":1,\"name\":\"Accueil\",\"item\":\"https:\/\/theplayoffs.news\/fr\/\"},{\"@type\":\"ListItem\",\"position\":2,\"name\":\"Ed Beard est d\u00e9c\u00e9d\u00e9 \u00e0 l&rsquo;\u00e2ge de 83 ans\"}]},{\"@type\":\"WebSite\",\"@id\":\"https:\/\/theplayoffs.news\/fr\/#website\",\"url\":\"https:\/\/theplayoffs.news\/fr\/\",\"name\":\"The Playoffs FR\",\"description\":\"NBA-NFL-NHL-MLB\",\"potentialAction\":[{\"@type\":\"SearchAction\",\"target\":{\"@type\":\"EntryPoint\",\"urlTemplate\":\"https:\/\/theplayoffs.news\/fr\/?s={search_term_string}\"},\"query-input\":{\"@type\":\"PropertyValueSpecification\",\"valueRequired\":true,\"valueName\":\"search_term_string\"}}],\"inLanguage\":\"fr-FR\"},{\"@type\":\"Person\",\"@id\":\"https:\/\/theplayoffs.news\/fr\/#\/schema\/person\/eee5b69ad5d3c51cabe881c839dbe133\",\"name\":\"Charles Taudin\",\"image\":{\"@type\":\"ImageObject\",\"inLanguage\":\"fr-FR\",\"@id\":\"https:\/\/theplayoffs.news\/fr\/#\/schema\/person\/image\/\",\"url\":\"https:\/\/secure.gravatar.com\/avatar\/59a1e772205ce9fd255edfcafc93013736822e20261f294c5753b20c41ede9f2?s=96&d=mm&r=g\",\"contentUrl\":\"https:\/\/secure.gravatar.com\/avatar\/59a1e772205ce9fd255edfcafc93013736822e20261f294c5753b20c41ede9f2?s=96&d=mm&r=g\",\"caption\":\"Charles Taudin\"},\"description\":\"R\u00e9dacteur en chef global de The Playoffs, j\u2019ai cr\u00e9\u00e9 The Free Agent, devenu The Playoffs FR, en 2020 durant la pand\u00e9mie. Amoureux depuis des ann\u00e9es des 4 sports majeurs am\u00e9ricains, j\u2019organise maintenant la strat\u00e9gie \u00e9ditoriale et les r\u00e9seaux sociaux de l\u2019ensemble des versions de The Playoffs. Il m\u2019arrive encore d\u2019\u00e9crire sur certains sports que j\u2019affectionne particuli\u00e8rement comme la NFL ou la MLB. Si vous devez retenir qu\u2019une chose : Eli Manning est le vrai GOAT pour avoir battu deux fois Tom Brady.\",\"sameAs\":[\"https:\/\/www.instagram.com\/ctaudin_\/\"],\"url\":\"https:\/\/theplayoffs.news\/fr\/author\/charles-taudin\/\"}]}<\/script>\n<!-- \/ Yoast SEO plugin. -->","yoast_head_json":{"title":"Ed Beard est d&eacute;c&eacute;d&eacute; &agrave; l&#039;&acirc;ge de 83 ans - The Playoffs FR","robots":{"index":"index","follow":"follow","max-snippet":"max-snippet:-1","max-image-preview":"max-image-preview:large","max-video-preview":"max-video-preview:-1"},"canonical":"https:\/\/theplayoffs.news\/fr\/actualite-nfl\/ed-beard-est-decede-a-lage-de-83-ans\/","og_locale":"fr_FR","og_type":"article","og_title":"Ed Beard est d&eacute;c&eacute;d&eacute; &agrave; l&#039;&acirc;ge de 83 ans - The Playoffs FR","og_url":"https:\/\/theplayoffs.news\/fr\/actualite-nfl\/ed-beard-est-decede-a-lage-de-83-ans\/","og_site_name":"The Playoffs FR","article_publisher":"https:\/\/www.facebook.com\/TheFreeAgentFR\/","article_modified_time":"2023-01-21T09:51:05+00:00","og_image":[{"width":500,"height":333,"url":"https:\/\/theplayoffs.news\/fr\/wp-content\/uploads\/2023\/01\/tinywow_edbeard_12059062.jpg","type":"image\/jpeg"}],"author":"Charles Taudin","twitter_card":"summary_large_image","twitter_creator":"@TheFreeAgentFR","twitter_site":"@TheFreeAgentFR","twitter_misc":{"\u00c9crit par":"Charles Taudin","Dur\u00e9e de lecture estim\u00e9e":"1 minute"},"schema":{"@context":"https:\/\/schema.org","@graph":[{"@type":"WebPage","@id":"https:\/\/theplayoffs.news\/fr\/actualite-nfl\/ed-beard-est-decede-a-lage-de-83-ans\/","url":"https:\/\/theplayoffs.news\/fr\/actualite-nfl\/ed-beard-est-decede-a-lage-de-83-ans\/","name":"Ed Beard est d\u00e9c\u00e9d\u00e9 \u00e0 l\\'\u00e2ge de 83 ans - The Playoffs FR","isPartOf":{"@id":"https:\/\/theplayoffs.news\/fr\/#website"},"primaryImageOfPage":{"@id":"https:\/\/theplayoffs.news\/fr\/actualite-nfl\/ed-beard-est-decede-a-lage-de-83-ans\/#primaryimage"},"image":{"@id":"https:\/\/theplayoffs.news\/fr\/actualite-nfl\/ed-beard-est-decede-a-lage-de-83-ans\/#primaryimage"},"thumbnailUrl":"https:\/\/theplayoffs.news\/fr\/wp-content\/uploads\/2023\/01\/tinywow_edbeard_12059062.jpg","datePublished":"2023-01-21T09:50:26+00:00","dateModified":"2023-01-21T09:51:05+00:00","author":{"@id":"https:\/\/theplayoffs.news\/fr\/#\/schema\/person\/eee5b69ad5d3c51cabe881c839dbe133"},"breadcrumb":{"@id":"https:\/\/theplayoffs.news\/fr\/actualite-nfl\/ed-beard-est-decede-a-lage-de-83-ans\/#breadcrumb"},"inLanguage":"fr-FR","potentialAction":[{"@type":"ReadAction","target":["https:\/\/theplayoffs.news\/fr\/actualite-nfl\/ed-beard-est-decede-a-lage-de-83-ans\/"]}]},{"@type":"ImageObject","inLanguage":"fr-FR","@id":"https:\/\/theplayoffs.news\/fr\/actualite-nfl\/ed-beard-est-decede-a-lage-de-83-ans\/#primaryimage","url":"https:\/\/theplayoffs.news\/fr\/wp-content\/uploads\/2023\/01\/tinywow_edbeard_12059062.jpg","contentUrl":"https:\/\/theplayoffs.news\/fr\/wp-content\/uploads\/2023\/01\/tinywow_edbeard_12059062.jpg","width":500,"height":333,"caption":"Ed Beard"},{"@type":"BreadcrumbList","@id":"https:\/\/theplayoffs.news\/fr\/actualite-nfl\/ed-beard-est-decede-a-lage-de-83-ans\/#breadcrumb","itemListElement":[{"@type":"ListItem","position":1,"name":"Accueil","item":"https:\/\/theplayoffs.news\/fr\/"},{"@type":"ListItem","position":2,"name":"Ed Beard est d\u00e9c\u00e9d\u00e9 \u00e0 l&rsquo;\u00e2ge de 83 ans"}]},{"@type":"WebSite","@id":"https:\/\/theplayoffs.news\/fr\/#website","url":"https:\/\/theplayoffs.news\/fr\/","name":"The Playoffs FR","description":"NBA-NFL-NHL-MLB","potentialAction":[{"@type":"SearchAction","target":{"@type":"EntryPoint","urlTemplate":"https:\/\/theplayoffs.news\/fr\/?s={search_term_string}"},"query-input":{"@type":"PropertyValueSpecification","valueRequired":true,"valueName":"search_term_string"}}],"inLanguage":"fr-FR"},{"@type":"Person","@id":"https:\/\/theplayoffs.news\/fr\/#\/schema\/person\/eee5b69ad5d3c51cabe881c839dbe133","name":"Charles Taudin","image":{"@type":"ImageObject","inLanguage":"fr-FR","@id":"https:\/\/theplayoffs.news\/fr\/#\/schema\/person\/image\/","url":"https:\/\/secure.gravatar.com\/avatar\/59a1e772205ce9fd255edfcafc93013736822e20261f294c5753b20c41ede9f2?s=96&d=mm&r=g","contentUrl":"https:\/\/secure.gravatar.com\/avatar\/59a1e772205ce9fd255edfcafc93013736822e20261f294c5753b20c41ede9f2?s=96&d=mm&r=g","caption":"Charles Taudin"},"description":"R\u00e9dacteur en chef global de The Playoffs, j\u2019ai cr\u00e9\u00e9 The Free Agent, devenu The Playoffs FR, en 2020 durant la pand\u00e9mie. Amoureux depuis des ann\u00e9es des 4 sports majeurs am\u00e9ricains, j\u2019organise maintenant la strat\u00e9gie \u00e9ditoriale et les r\u00e9seaux sociaux de l\u2019ensemble des versions de The Playoffs. Il m\u2019arrive encore d\u2019\u00e9crire sur certains sports que j\u2019affectionne particuli\u00e8rement comme la NFL ou la MLB. Si vous devez retenir qu\u2019une chose : Eli Manning est le vrai GOAT pour avoir battu deux fois Tom Brady.","sameAs":["https:\/\/www.instagram.com\/ctaudin_\/"],"url":"https:\/\/theplayoffs.news\/fr\/author\/charles-taudin\/"}]}},"_links":{"self":[{"href":"https:\/\/theplayoffs.news\/fr\/wp-json\/wp\/v2\/posts\/538082","targetHints":{"allow":["GET"]}}],"collection":[{"href":"https:\/\/theplayoffs.news\/fr\/wp-json\/wp\/v2\/posts"}],"about":[{"href":"https:\/\/theplayoffs.news\/fr\/wp-json\/wp\/v2\/types\/post"}],"author":[{"embeddable":true,"href":"https:\/\/theplayoffs.news\/fr\/wp-json\/wp\/v2\/users\/13"}],"replies":[{"embeddable":true,"href":"https:\/\/theplayoffs.news\/fr\/wp-json\/wp\/v2\/comments?post=538082"}],"version-history":[{"count":2,"href":"https:\/\/theplayoffs.news\/fr\/wp-json\/wp\/v2\/posts\/538082\/revisions"}],"predecessor-version":[{"id":538085,"href":"https:\/\/theplayoffs.news\/fr\/wp-json\/wp\/v2\/posts\/538082\/revisions\/538085"}],"wp:featuredmedia":[{"embeddable":true,"href":"https:\/\/theplayoffs.news\/fr\/wp-json\/wp\/v2\/media\/538083"}],"wp:attachment":[{"href":"https:\/\/theplayoffs.news\/fr\/wp-json\/wp\/v2\/media?parent=538082"}],"wp:term":[{"taxonomy":"category","embeddable":true,"href":"https:\/\/theplayoffs.news\/fr\/wp-json\/wp\/v2\/categories?post=538082"},{"taxonomy":"post_tag","embeddable":true,"href":"https:\/\/theplayoffs.news\/fr\/wp-json\/wp\/v2\/tags?post=538082"},{"taxonomy":"sport","embeddable":true,"href":"https:\/\/theplayoffs.news\/fr\/wp-json\/wp\/v2\/sport?post=538082"},{"taxonomy":"saison","embeddable":true,"href":"https:\/\/theplayoffs.news\/fr\/wp-json\/wp\/v2\/saison?post=538082"}],"curies":[{"name":"wp","href":"https:\/\/api.w.org\/{rel}","templated":true}]}}