{"id":535408,"date":"2023-01-19T21:51:22","date_gmt":"2023-01-19T20:51:22","guid":{"rendered":"https:\/\/theplayoffs.news\/fr\/?p=535408"},"modified":"2023-01-19T21:51:23","modified_gmt":"2023-01-19T20:51:23","slug":"josh-boyer-renvoye-par-les-miami-dolphins","status":"publish","type":"post","link":"https:\/\/theplayoffs.news\/fr\/actualite-nfl\/josh-boyer-renvoye-par-les-miami-dolphins\/","title":{"rendered":"Josh Boyer renvoy\u00e9 par les Miami Dolphins"},"content":{"rendered":"<h2>Quelques jours apr&egrave;s leur &eacute;limination en playoffs, les Dolphins ont d&eacute;cid&eacute; de se s&eacute;parer de leur coordinateur d&eacute;fensif Josh Boyer.<\/h2><p><a href=\"https:\/\/www.pro-football-reference.com\/coaches\/BoyeJo0.htm\" class=\"trk-cta-link\" data-cta-trk='{\"ctaType\":\"Link\",\"ctaSubType\":\"main\"}'>Josh Boyer<\/a> n&rsquo;aura pas surv&eacute;cu &agrave; l&rsquo;&eacute;limination des <a href=\"https:\/\/theplayoffs.news\/fr\/equipe\/miami-dolphins-nfl\/\" class=\"trk-cta-link\" data-cta-trk='{\"ctaType\":\"Link\",\"ctaSubType\":\"main\"}'>Miami Dolphins<\/a> lors du premier tour de playoffs face aux Bills de Buffalo. Quelques jours apr&egrave;s la d&eacute;faite des Dolphins, ces derniers ont donc annonc&eacute; qu&rsquo;ils se s&eacute;parait de leur coordinateur d&eacute;fensif. L&rsquo;entra&icirc;neur principal de l&rsquo;&eacute;quipe, Mike McDaniel, a publi&eacute; un communiqu&eacute; pour remercier son coordinateur pour le travail accompli cette saison<\/p><blockquote><p>Je suis tr&egrave;s reconnaissant de la contribution de Josh pendant cette saison et pendant toute son aventure avec les Dolphins. En venir &agrave; cette d&eacute;cision ne fut pas facile mais je suis certain que c&rsquo;est la meilleure solution &agrave; long terme pour les Dolphins de Miami et pour l&rsquo;&eacute;volution des joueurs de la franchise, a indiqu&eacute; McDaniel<\/p><\/blockquote><p>Josh Boyer &eacute;tait arriv&eacute; chez les Miami Dolphins en 2019 en tant que coordinateur de la d&eacute;fense contre la passe et comme entra&icirc;neur des cornerbacks. Il avait alors &eacute;t&eacute; promu comme coordinateur d&eacute;fensif &agrave; l&rsquo;aube de la saison 2020.<\/p><p>Sous l&rsquo;&egrave;re Josh Boyer, la d&eacute;fense de Miami a connu un net d&eacute;clin. Lors de sa premi&egrave;re saison, Miami poss&eacute;dait la 6e meilleure d&eacute;fense de la ligue en nombre de points conc&eacute;d&eacute;s. Il laissera son poste avec une d&eacute;fense au 24e rang de la ligue en nombre de points laiss&eacute;s &agrave; l&rsquo;adversaire lors de la derni&egrave;re saison.<\/p><p>En plus de Josh Boyer, les Dolphins ont &eacute;galement annonc&eacute; le d&eacute;part de Steve Gregory (entra&icirc;neur des safeties), de Ty McKenzie (entra&icirc;neur des linebackers) et de Steve Ferentz (entra&icirc;neur assistant des linebackers).<\/p>\n","protected":false},"excerpt":{"rendered":"","protected":false},"author":180309964,"featured_media":535412,"comment_status":"open","ping_status":"closed","sticky":false,"template":"","format":"standard","meta":{"inline_featured_image":false,"kia_subtitle":"","_mux_skip_reasons":[],"proofreadBy":0,"footnotes":""},"categories":[118,40],"tags":[864],"sport":[2785],"saison":[3453],"class_list":["post-535408","post","type-post","status-publish","format-standard","has-post-thumbnail","hentry","category-actualite-nfl","category-nfl","tag-miami-dolphins","sport-nfl","saison-3453"],"acf":[],"yoast_head":"<!-- This site is optimized with the Yoast SEO plugin v24.2 - https:\/\/yoast.com\/wordpress\/plugins\/seo\/ -->\n<title>Josh Boyer renvoy&eacute; par les Miami Dolphins - The Playoffs FR<\/title>\n<meta name=\"robots\" content=\"index, follow, max-snippet:-1, max-image-preview:large, max-video-preview:-1\" \/>\n<link rel=\"canonical\" href=\"https:\/\/theplayoffs.news\/fr\/actualite-nfl\/josh-boyer-renvoye-par-les-miami-dolphins\/\" \/>\n<meta property=\"og:locale\" content=\"fr_FR\" \/>\n<meta property=\"og:type\" content=\"article\" \/>\n<meta property=\"og:title\" content=\"Josh Boyer renvoy&eacute; par les Miami Dolphins - The Playoffs FR\" \/>\n<meta property=\"og:url\" content=\"https:\/\/theplayoffs.news\/fr\/actualite-nfl\/josh-boyer-renvoye-par-les-miami-dolphins\/\" \/>\n<meta property=\"og:site_name\" content=\"The Playoffs FR\" \/>\n<meta property=\"article:publisher\" content=\"https:\/\/www.facebook.com\/TheFreeAgentFR\/\" \/>\n<meta property=\"article:modified_time\" content=\"2023-01-19T21:51:23+01:00\" \/>\n<meta property=\"og:image\" content=\"https:\/\/theplayoffs.news\/fr\/wp-content\/uploads\/2023\/01\/Josh-Boyer.jpg\" \/>\n\t<meta property=\"og:image:width\" content=\"1600\" \/>\n\t<meta property=\"og:image:height\" content=\"900\" \/>\n\t<meta property=\"og:image:type\" content=\"image\/jpeg\" \/>\n<meta name=\"author\" content=\"Flavien Jumeau\" \/>\n<meta name=\"twitter:card\" content=\"summary_large_image\" \/>\n<meta name=\"twitter:creator\" content=\"@TheFreeAgentFR\" \/>\n<meta name=\"twitter:site\" content=\"@TheFreeAgentFR\" \/>\n<meta name=\"twitter:label1\" content=\"\u00c9crit par\" \/>\n\t<meta name=\"twitter:data1\" content=\"Flavien Jumeau\" \/>\n\t<meta name=\"twitter:label2\" content=\"Dur\u00e9e de lecture estim\u00e9e\" \/>\n\t<meta name=\"twitter:data2\" content=\"1 minute\" \/>\n<script type=\"application\/ld+json\" class=\"yoast-schema-graph\">{\"@context\":\"https:\/\/schema.org\",\"@graph\":[{\"@type\":\"WebPage\",\"@id\":\"https:\/\/theplayoffs.news\/fr\/actualite-nfl\/josh-boyer-renvoye-par-les-miami-dolphins\/\",\"url\":\"https:\/\/theplayoffs.news\/fr\/actualite-nfl\/josh-boyer-renvoye-par-les-miami-dolphins\/\",\"name\":\"Josh Boyer renvoy\u00e9 par les Miami Dolphins - The Playoffs FR\",\"isPartOf\":{\"@id\":\"https:\/\/theplayoffs.news\/fr\/#website\"},\"primaryImageOfPage\":{\"@id\":\"https:\/\/theplayoffs.news\/fr\/actualite-nfl\/josh-boyer-renvoye-par-les-miami-dolphins\/#primaryimage\"},\"image\":{\"@id\":\"https:\/\/theplayoffs.news\/fr\/actualite-nfl\/josh-boyer-renvoye-par-les-miami-dolphins\/#primaryimage\"},\"thumbnailUrl\":\"https:\/\/theplayoffs.news\/fr\/wp-content\/uploads\/2023\/01\/Josh-Boyer.jpg\",\"datePublished\":\"2023-01-19T20:51:22+00:00\",\"dateModified\":\"2023-01-19T20:51:23+00:00\",\"author\":{\"@id\":\"https:\/\/theplayoffs.news\/fr\/#\/schema\/person\/def63bc6746dc5957469b75feb99e66d\"},\"breadcrumb\":{\"@id\":\"https:\/\/theplayoffs.news\/fr\/actualite-nfl\/josh-boyer-renvoye-par-les-miami-dolphins\/#breadcrumb\"},\"inLanguage\":\"fr-FR\",\"potentialAction\":[{\"@type\":\"ReadAction\",\"target\":[\"https:\/\/theplayoffs.news\/fr\/actualite-nfl\/josh-boyer-renvoye-par-les-miami-dolphins\/\"]}]},{\"@type\":\"ImageObject\",\"inLanguage\":\"fr-FR\",\"@id\":\"https:\/\/theplayoffs.news\/fr\/actualite-nfl\/josh-boyer-renvoye-par-les-miami-dolphins\/#primaryimage\",\"url\":\"https:\/\/theplayoffs.news\/fr\/wp-content\/uploads\/2023\/01\/Josh-Boyer.jpg\",\"contentUrl\":\"https:\/\/theplayoffs.news\/fr\/wp-content\/uploads\/2023\/01\/Josh-Boyer.jpg\",\"width\":1600,\"height\":900,\"caption\":\"Josh Boyer\"},{\"@type\":\"BreadcrumbList\",\"@id\":\"https:\/\/theplayoffs.news\/fr\/actualite-nfl\/josh-boyer-renvoye-par-les-miami-dolphins\/#breadcrumb\",\"itemListElement\":[{\"@type\":\"ListItem\",\"position\":1,\"name\":\"Accueil\",\"item\":\"https:\/\/theplayoffs.news\/fr\/\"},{\"@type\":\"ListItem\",\"position\":2,\"name\":\"Josh Boyer renvoy\u00e9 par les Miami Dolphins\"}]},{\"@type\":\"WebSite\",\"@id\":\"https:\/\/theplayoffs.news\/fr\/#website\",\"url\":\"https:\/\/theplayoffs.news\/fr\/\",\"name\":\"The Playoffs FR\",\"description\":\"NBA-NFL-NHL-MLB\",\"potentialAction\":[{\"@type\":\"SearchAction\",\"target\":{\"@type\":\"EntryPoint\",\"urlTemplate\":\"https:\/\/theplayoffs.news\/fr\/?s={search_term_string}\"},\"query-input\":{\"@type\":\"PropertyValueSpecification\",\"valueRequired\":true,\"valueName\":\"search_term_string\"}}],\"inLanguage\":\"fr-FR\"},{\"@type\":\"Person\",\"@id\":\"https:\/\/theplayoffs.news\/fr\/#\/schema\/person\/def63bc6746dc5957469b75feb99e66d\",\"name\":\"Flavien Jumeau\",\"image\":{\"@type\":\"ImageObject\",\"inLanguage\":\"fr-FR\",\"@id\":\"https:\/\/theplayoffs.news\/fr\/#\/schema\/person\/image\/\",\"url\":\"https:\/\/secure.gravatar.com\/avatar\/e7fa8ba5a4b7e4ce35fe152f083f352db28ad0acce692004ed88a7a7d78893f7?s=96&d=mm&r=g\",\"contentUrl\":\"https:\/\/secure.gravatar.com\/avatar\/e7fa8ba5a4b7e4ce35fe152f083f352db28ad0acce692004ed88a7a7d78893f7?s=96&d=mm&r=g\",\"caption\":\"Flavien Jumeau\"},\"description\":\"Amoureux du sport (et de vraiment tous les sports) depuis mon plus jeune \u00e2ge, j\u2019ai longtemps h\u00e9site entre le snooker et le curling. Finalement c\u2019est le foot US que j\u2019ai d\u00e9cid\u00e9 de choisir! Responsable foot US sur TPO et animateur du podcast Tailgate j\u2019ai pour mission de vous faire d\u00e9couvrir ce sport passionnant si ce n\u2019est pas encore fait et de vous donner les derni\u00e8res actus. Le tout dans la bonne humeur et avec toujours un jeu de mots ou deux savamment distill\u00e9s! Fan des Saints, pour moi Drew Brees est le vrai GOAT!\",\"url\":\"https:\/\/theplayoffs.news\/fr\/author\/flavien-jumeaugmail-com\/\"}]}<\/script>\n<!-- \/ Yoast SEO plugin. -->","yoast_head_json":{"title":"Josh Boyer renvoy&eacute; par les Miami Dolphins - The Playoffs FR","robots":{"index":"index","follow":"follow","max-snippet":"max-snippet:-1","max-image-preview":"max-image-preview:large","max-video-preview":"max-video-preview:-1"},"canonical":"https:\/\/theplayoffs.news\/fr\/actualite-nfl\/josh-boyer-renvoye-par-les-miami-dolphins\/","og_locale":"fr_FR","og_type":"article","og_title":"Josh Boyer renvoy&eacute; par les Miami Dolphins - The Playoffs FR","og_url":"https:\/\/theplayoffs.news\/fr\/actualite-nfl\/josh-boyer-renvoye-par-les-miami-dolphins\/","og_site_name":"The Playoffs FR","article_publisher":"https:\/\/www.facebook.com\/TheFreeAgentFR\/","article_modified_time":"2023-01-19T20:51:23+00:00","og_image":[{"width":1600,"height":900,"url":"https:\/\/theplayoffs.news\/fr\/wp-content\/uploads\/2023\/01\/Josh-Boyer.jpg","type":"image\/jpeg"}],"author":"Flavien Jumeau","twitter_card":"summary_large_image","twitter_creator":"@TheFreeAgentFR","twitter_site":"@TheFreeAgentFR","twitter_misc":{"\u00c9crit par":"Flavien Jumeau","Dur\u00e9e de lecture estim\u00e9e":"1 minute"},"schema":{"@context":"https:\/\/schema.org","@graph":[{"@type":"WebPage","@id":"https:\/\/theplayoffs.news\/fr\/actualite-nfl\/josh-boyer-renvoye-par-les-miami-dolphins\/","url":"https:\/\/theplayoffs.news\/fr\/actualite-nfl\/josh-boyer-renvoye-par-les-miami-dolphins\/","name":"Josh Boyer renvoy\u00e9 par les Miami Dolphins - The Playoffs FR","isPartOf":{"@id":"https:\/\/theplayoffs.news\/fr\/#website"},"primaryImageOfPage":{"@id":"https:\/\/theplayoffs.news\/fr\/actualite-nfl\/josh-boyer-renvoye-par-les-miami-dolphins\/#primaryimage"},"image":{"@id":"https:\/\/theplayoffs.news\/fr\/actualite-nfl\/josh-boyer-renvoye-par-les-miami-dolphins\/#primaryimage"},"thumbnailUrl":"https:\/\/theplayoffs.news\/fr\/wp-content\/uploads\/2023\/01\/Josh-Boyer.jpg","datePublished":"2023-01-19T20:51:22+00:00","dateModified":"2023-01-19T20:51:23+00:00","author":{"@id":"https:\/\/theplayoffs.news\/fr\/#\/schema\/person\/def63bc6746dc5957469b75feb99e66d"},"breadcrumb":{"@id":"https:\/\/theplayoffs.news\/fr\/actualite-nfl\/josh-boyer-renvoye-par-les-miami-dolphins\/#breadcrumb"},"inLanguage":"fr-FR","potentialAction":[{"@type":"ReadAction","target":["https:\/\/theplayoffs.news\/fr\/actualite-nfl\/josh-boyer-renvoye-par-les-miami-dolphins\/"]}]},{"@type":"ImageObject","inLanguage":"fr-FR","@id":"https:\/\/theplayoffs.news\/fr\/actualite-nfl\/josh-boyer-renvoye-par-les-miami-dolphins\/#primaryimage","url":"https:\/\/theplayoffs.news\/fr\/wp-content\/uploads\/2023\/01\/Josh-Boyer.jpg","contentUrl":"https:\/\/theplayoffs.news\/fr\/wp-content\/uploads\/2023\/01\/Josh-Boyer.jpg","width":1600,"height":900,"caption":"Josh Boyer"},{"@type":"BreadcrumbList","@id":"https:\/\/theplayoffs.news\/fr\/actualite-nfl\/josh-boyer-renvoye-par-les-miami-dolphins\/#breadcrumb","itemListElement":[{"@type":"ListItem","position":1,"name":"Accueil","item":"https:\/\/theplayoffs.news\/fr\/"},{"@type":"ListItem","position":2,"name":"Josh Boyer renvoy\u00e9 par les Miami Dolphins"}]},{"@type":"WebSite","@id":"https:\/\/theplayoffs.news\/fr\/#website","url":"https:\/\/theplayoffs.news\/fr\/","name":"The Playoffs FR","description":"NBA-NFL-NHL-MLB","potentialAction":[{"@type":"SearchAction","target":{"@type":"EntryPoint","urlTemplate":"https:\/\/theplayoffs.news\/fr\/?s={search_term_string}"},"query-input":{"@type":"PropertyValueSpecification","valueRequired":true,"valueName":"search_term_string"}}],"inLanguage":"fr-FR"},{"@type":"Person","@id":"https:\/\/theplayoffs.news\/fr\/#\/schema\/person\/def63bc6746dc5957469b75feb99e66d","name":"Flavien Jumeau","image":{"@type":"ImageObject","inLanguage":"fr-FR","@id":"https:\/\/theplayoffs.news\/fr\/#\/schema\/person\/image\/","url":"https:\/\/secure.gravatar.com\/avatar\/e7fa8ba5a4b7e4ce35fe152f083f352db28ad0acce692004ed88a7a7d78893f7?s=96&d=mm&r=g","contentUrl":"https:\/\/secure.gravatar.com\/avatar\/e7fa8ba5a4b7e4ce35fe152f083f352db28ad0acce692004ed88a7a7d78893f7?s=96&d=mm&r=g","caption":"Flavien Jumeau"},"description":"Amoureux du sport (et de vraiment tous les sports) depuis mon plus jeune \u00e2ge, j\u2019ai longtemps h\u00e9site entre le snooker et le curling. Finalement c\u2019est le foot US que j\u2019ai d\u00e9cid\u00e9 de choisir! Responsable foot US sur TPO et animateur du podcast Tailgate j\u2019ai pour mission de vous faire d\u00e9couvrir ce sport passionnant si ce n\u2019est pas encore fait et de vous donner les derni\u00e8res actus. Le tout dans la bonne humeur et avec toujours un jeu de mots ou deux savamment distill\u00e9s! Fan des Saints, pour moi Drew Brees est le vrai GOAT!","url":"https:\/\/theplayoffs.news\/fr\/author\/flavien-jumeaugmail-com\/"}]}},"_links":{"self":[{"href":"https:\/\/theplayoffs.news\/fr\/wp-json\/wp\/v2\/posts\/535408","targetHints":{"allow":["GET"]}}],"collection":[{"href":"https:\/\/theplayoffs.news\/fr\/wp-json\/wp\/v2\/posts"}],"about":[{"href":"https:\/\/theplayoffs.news\/fr\/wp-json\/wp\/v2\/types\/post"}],"author":[{"embeddable":true,"href":"https:\/\/theplayoffs.news\/fr\/wp-json\/wp\/v2\/users\/180309964"}],"replies":[{"embeddable":true,"href":"https:\/\/theplayoffs.news\/fr\/wp-json\/wp\/v2\/comments?post=535408"}],"version-history":[{"count":2,"href":"https:\/\/theplayoffs.news\/fr\/wp-json\/wp\/v2\/posts\/535408\/revisions"}],"predecessor-version":[{"id":535414,"href":"https:\/\/theplayoffs.news\/fr\/wp-json\/wp\/v2\/posts\/535408\/revisions\/535414"}],"wp:featuredmedia":[{"embeddable":true,"href":"https:\/\/theplayoffs.news\/fr\/wp-json\/wp\/v2\/media\/535412"}],"wp:attachment":[{"href":"https:\/\/theplayoffs.news\/fr\/wp-json\/wp\/v2\/media?parent=535408"}],"wp:term":[{"taxonomy":"category","embeddable":true,"href":"https:\/\/theplayoffs.news\/fr\/wp-json\/wp\/v2\/categories?post=535408"},{"taxonomy":"post_tag","embeddable":true,"href":"https:\/\/theplayoffs.news\/fr\/wp-json\/wp\/v2\/tags?post=535408"},{"taxonomy":"sport","embeddable":true,"href":"https:\/\/theplayoffs.news\/fr\/wp-json\/wp\/v2\/sport?post=535408"},{"taxonomy":"saison","embeddable":true,"href":"https:\/\/theplayoffs.news\/fr\/wp-json\/wp\/v2\/saison?post=535408"}],"curies":[{"name":"wp","href":"https:\/\/api.w.org\/{rel}","templated":true}]}}