{"id":535403,"date":"2023-01-19T21:27:20","date_gmt":"2023-01-19T20:27:20","guid":{"rendered":"https:\/\/theplayoffs.news\/fr\/?p=535403"},"modified":"2023-01-19T21:34:35","modified_gmt":"2023-01-19T20:34:35","slug":"greg-roman-quitte-les-baltimore-ravens","status":"publish","type":"post","link":"https:\/\/theplayoffs.news\/fr\/actualite-nfl\/greg-roman-quitte-les-baltimore-ravens\/","title":{"rendered":"Greg Roman quitte les Baltimore Ravens"},"content":{"rendered":"<h2>Le coordinateur offensif des Ravens depuis 2019, Greg Roman, a d&eacute;cid&eacute; de d&eacute;missionner de ses fonctions. Les Ravens sont donc &agrave; la recherche d&rsquo;un nouveau coordinateur offensif.<\/h2><p>Apr&egrave;s 4 saisons pass&eacute;es comme coordinateur offensif des Baltimore Ravens, <a href=\"https:\/\/www.pro-football-reference.com\/coaches\/RomaGr0.htm\" class=\"trk-cta-link\" data-cta-trk='{\"ctaType\":\"Link\",\"ctaSubType\":\"main\"}'>Greg Roman<\/a> a donc d&eacute;cid&eacute; de quitter ses fonctions ce jeudi 19 janvier alors qu&rsquo;il lui restait encore une ann&eacute;e de contrat au sein de la franchise des Ravens. Sa d&eacute;cision fut prise apr&egrave;s un entretien avec l&rsquo;entra&icirc;neur principal <a href=\"https:\/\/www.pro-football-reference.com\/coaches\/HarbJo0.htm\" class=\"trk-cta-link\" data-cta-trk='{\"ctaType\":\"Link\",\"ctaSubType\":\"main\"}'>John Harbaugh<\/a> et fut officialis&eacute;e dans un communiqu&eacute; de presse:<\/p><blockquote><p>Apr&egrave;s un entretien avec le coach et apr&egrave;s consultation de ma famille, j&rsquo;ai d&eacute;cid&eacute; que c&rsquo;&eacute;tait le bon moment pour partir des Ravens et explorer de nouveaux challenges et de nouvelles opportunit&eacute;s, a d&eacute;clar&eacute; Greg Roman. Baltimore va vraiment me manquer mais en m&ecirc;me temps je suis impatient de m&rsquo;attaquer &agrave; mes prochaines opportunit&eacute;s.<\/p><\/blockquote><h3>Une attaque des Ravens en d&eacute;clin<\/h3><p>En 4 ans, Greg Roman a particip&eacute; &agrave; la construction de l&rsquo;attaque de Baltimore autour de <a href=\"https:\/\/theplayoffs.news\/fr\/joueur\/lamar-jackson-nfl-7832774\/\" class=\"trk-cta-link\" data-cta-trk='{\"ctaType\":\"Link\",\"ctaSubType\":\"main\"}'>Lamar Jackson<\/a>. L&rsquo;arriv&eacute;e de Roman dans le staff de John Harbaugh sera alors dans un premier temps couronn&eacute;e de succ&egrave;s puisqu&rsquo;il mettra au point l&rsquo;attaque la plus prolifique de la ligue lors de la saison 2019 avec pas moins de 33.2 points inscrits en moyenne par Baltimore pendant cette ann&eacute;e 2019.<\/p><p>Malheureusement, les performances offensives des joueurs du Maryland ne vont ensuite que d&eacute;cliner. Avec en point d&rsquo;orgue cette saison 2022 pendant laquelle les Ravens ne poss&egrave;dent que la 19e attaque de la ligue avec 20.6 points inscrits en moyenne par match. Pire encore, lors des 6 matchs manqu&eacute;s par Lamar Jackson en cette fin de saison 2022, Baltimore n&rsquo;a jamais r&eacute;ussi &agrave; inscrire plus de 17 points dans une rencontre.<\/p><p>Fait marquant de cette inefficacit&eacute; en attaque des Ravens, leur grande f&eacute;brilit&eacute; au moment de conclure leurs drive comme l&rsquo;indique leur faible pourcentage de r&eacute;ussite dans les 20 derniers yards de l&rsquo;adversaire. Cette saison, les Ravens sont la troisi&egrave;me pire &eacute;quipe en efficacit&eacute; dans la redzone et ont encore souffert dans ce domaine lors du match de wildcard conclu par une d&eacute;faite face aux Bengals de Cincinnati.<\/p><h3>Greg Roman sous le feu des critiques<\/h3><p>Depuis plusieurs semaines, le coordinateur offensif des Ravens &eacute;tait la cible de nombreuses critiques de la part de supporters. Il a m&ecirc;me du essuyer des insultes relay&eacute;es sur les r&eacute;seaux sociaux lorsqu&rsquo;il tentait de regagner sa voiture en quittant le stade il y a quelques semaines seulement de cela.<\/p><p>Mais au-del&agrave; des supporters, ce sont aussi les joueurs des Ravens qui ne semblait plus comprendre les appels de jeu de leur coordinateur offensif. L&rsquo;exemple le plus marquant et le plus r&eacute;cent reste la sortie du running back <a href=\"https:\/\/theplayoffs.news\/fr\/joueur\/j-k-dobbins-nfl-8483970\/\" class=\"trk-cta-link\" data-cta-trk='{\"ctaType\":\"Link\",\"ctaSubType\":\"main\"}'>J.K.Dobbins<\/a> apr&egrave;s la d&eacute;faite face aux Bengals. Ce dernier s&rsquo;est plaint notamment de n&rsquo;avoir jamais touch&eacute; le ballon dans les 20 derniers yards de Cincinnati et a reproch&eacute; le fait que Tyler Huntley soit choisi pour porter le ballon sur l&rsquo;action qui am&egrave;nera finalement le touchdown vainqueur des Bengals.<\/p><h3>Quelle suite pour Baltimore?<\/h3><p>Apr&egrave;s le d&eacute;part de Greg Roman, il faudra &agrave; pr&eacute;sent trouver un nouveau coordinateur offensif pour cette &eacute;quipe des Ravens qui doit se r&eacute;inventer offensivement pour passer un cap sur les prochaines saisons. Ce sera d&eacute;j&agrave; le 7e coordinateur offensif qui trouvera sa place sur le banc des Ravens depuis l&rsquo;arriv&eacute;e de John Harbaugh comme entra&icirc;neur principal.<\/p><p>Evidemment, le cas de la prolongation de Lamar Jackson sera la pr&eacute;occupation num&eacute;ro 1 offensivement pour les Ravens lors de cette intersaison. Le quarterback devrait d&rsquo;ailleurs &ecirc;tre associ&eacute; &agrave; la d&eacute;cision pour savoir qui succ&eacute;dera &agrave; Greg Roman comme coordinateur offensif de Baltimore lors de la saison 2023.<\/p>\n","protected":false},"excerpt":{"rendered":"","protected":false},"author":180309964,"featured_media":535405,"comment_status":"open","ping_status":"closed","sticky":false,"template":"","format":"standard","meta":{"inline_featured_image":false,"kia_subtitle":"","_mux_skip_reasons":[],"proofreadBy":0,"footnotes":""},"categories":[118,40],"tags":[868,5323],"sport":[2785],"saison":[3453],"class_list":["post-535403","post","type-post","status-publish","format-standard","has-post-thumbnail","hentry","category-actualite-nfl","category-nfl","tag-baltimore-ravens","tag-greg-roman","sport-nfl","saison-3453"],"acf":[],"yoast_head":"<!-- This site is optimized with the Yoast SEO plugin v24.2 - https:\/\/yoast.com\/wordpress\/plugins\/seo\/ -->\n<title>Greg Roman quitte les Baltimore Ravens - The Playoffs FR<\/title>\n<meta name=\"robots\" content=\"index, follow, max-snippet:-1, max-image-preview:large, max-video-preview:-1\" \/>\n<link rel=\"canonical\" href=\"https:\/\/theplayoffs.news\/fr\/actualite-nfl\/greg-roman-quitte-les-baltimore-ravens\/\" \/>\n<meta property=\"og:locale\" content=\"fr_FR\" \/>\n<meta property=\"og:type\" content=\"article\" \/>\n<meta property=\"og:title\" content=\"Greg Roman quitte les Baltimore Ravens - The Playoffs FR\" \/>\n<meta property=\"og:url\" content=\"https:\/\/theplayoffs.news\/fr\/actualite-nfl\/greg-roman-quitte-les-baltimore-ravens\/\" \/>\n<meta property=\"og:site_name\" content=\"The Playoffs FR\" \/>\n<meta property=\"article:publisher\" content=\"https:\/\/www.facebook.com\/TheFreeAgentFR\/\" \/>\n<meta property=\"article:modified_time\" content=\"2023-01-19T21:34:35+01:00\" \/>\n<meta property=\"og:image\" content=\"https:\/\/theplayoffs.news\/fr\/wp-content\/uploads\/2023\/01\/Greg-Roman.jpg\" \/>\n\t<meta property=\"og:image:width\" content=\"1440\" \/>\n\t<meta property=\"og:image:height\" content=\"810\" \/>\n\t<meta property=\"og:image:type\" content=\"image\/jpeg\" \/>\n<meta name=\"author\" content=\"Flavien Jumeau\" \/>\n<meta name=\"twitter:card\" content=\"summary_large_image\" \/>\n<meta name=\"twitter:creator\" content=\"@TheFreeAgentFR\" \/>\n<meta name=\"twitter:site\" content=\"@TheFreeAgentFR\" \/>\n<meta name=\"twitter:label1\" content=\"\u00c9crit par\" \/>\n\t<meta name=\"twitter:data1\" content=\"Flavien Jumeau\" \/>\n\t<meta name=\"twitter:label2\" content=\"Dur\u00e9e de lecture estim\u00e9e\" \/>\n\t<meta name=\"twitter:data2\" content=\"3 minutes\" \/>\n<script type=\"application\/ld+json\" class=\"yoast-schema-graph\">{\"@context\":\"https:\/\/schema.org\",\"@graph\":[{\"@type\":\"WebPage\",\"@id\":\"https:\/\/theplayoffs.news\/fr\/actualite-nfl\/greg-roman-quitte-les-baltimore-ravens\/\",\"url\":\"https:\/\/theplayoffs.news\/fr\/actualite-nfl\/greg-roman-quitte-les-baltimore-ravens\/\",\"name\":\"Greg Roman quitte les Baltimore Ravens - The Playoffs FR\",\"isPartOf\":{\"@id\":\"https:\/\/theplayoffs.news\/fr\/#website\"},\"primaryImageOfPage\":{\"@id\":\"https:\/\/theplayoffs.news\/fr\/actualite-nfl\/greg-roman-quitte-les-baltimore-ravens\/#primaryimage\"},\"image\":{\"@id\":\"https:\/\/theplayoffs.news\/fr\/actualite-nfl\/greg-roman-quitte-les-baltimore-ravens\/#primaryimage\"},\"thumbnailUrl\":\"https:\/\/theplayoffs.news\/fr\/wp-content\/uploads\/2023\/01\/Greg-Roman.jpg\",\"datePublished\":\"2023-01-19T20:27:20+00:00\",\"dateModified\":\"2023-01-19T20:34:35+00:00\",\"author\":{\"@id\":\"https:\/\/theplayoffs.news\/fr\/#\/schema\/person\/def63bc6746dc5957469b75feb99e66d\"},\"breadcrumb\":{\"@id\":\"https:\/\/theplayoffs.news\/fr\/actualite-nfl\/greg-roman-quitte-les-baltimore-ravens\/#breadcrumb\"},\"inLanguage\":\"fr-FR\",\"potentialAction\":[{\"@type\":\"ReadAction\",\"target\":[\"https:\/\/theplayoffs.news\/fr\/actualite-nfl\/greg-roman-quitte-les-baltimore-ravens\/\"]}]},{\"@type\":\"ImageObject\",\"inLanguage\":\"fr-FR\",\"@id\":\"https:\/\/theplayoffs.news\/fr\/actualite-nfl\/greg-roman-quitte-les-baltimore-ravens\/#primaryimage\",\"url\":\"https:\/\/theplayoffs.news\/fr\/wp-content\/uploads\/2023\/01\/Greg-Roman.jpg\",\"contentUrl\":\"https:\/\/theplayoffs.news\/fr\/wp-content\/uploads\/2023\/01\/Greg-Roman.jpg\",\"width\":1440,\"height\":810,\"caption\":\"Greg Roman\"},{\"@type\":\"BreadcrumbList\",\"@id\":\"https:\/\/theplayoffs.news\/fr\/actualite-nfl\/greg-roman-quitte-les-baltimore-ravens\/#breadcrumb\",\"itemListElement\":[{\"@type\":\"ListItem\",\"position\":1,\"name\":\"Accueil\",\"item\":\"https:\/\/theplayoffs.news\/fr\/\"},{\"@type\":\"ListItem\",\"position\":2,\"name\":\"Greg Roman quitte les Baltimore Ravens\"}]},{\"@type\":\"WebSite\",\"@id\":\"https:\/\/theplayoffs.news\/fr\/#website\",\"url\":\"https:\/\/theplayoffs.news\/fr\/\",\"name\":\"The Playoffs FR\",\"description\":\"NBA-NFL-NHL-MLB\",\"potentialAction\":[{\"@type\":\"SearchAction\",\"target\":{\"@type\":\"EntryPoint\",\"urlTemplate\":\"https:\/\/theplayoffs.news\/fr\/?s={search_term_string}\"},\"query-input\":{\"@type\":\"PropertyValueSpecification\",\"valueRequired\":true,\"valueName\":\"search_term_string\"}}],\"inLanguage\":\"fr-FR\"},{\"@type\":\"Person\",\"@id\":\"https:\/\/theplayoffs.news\/fr\/#\/schema\/person\/def63bc6746dc5957469b75feb99e66d\",\"name\":\"Flavien Jumeau\",\"image\":{\"@type\":\"ImageObject\",\"inLanguage\":\"fr-FR\",\"@id\":\"https:\/\/theplayoffs.news\/fr\/#\/schema\/person\/image\/\",\"url\":\"https:\/\/secure.gravatar.com\/avatar\/e7fa8ba5a4b7e4ce35fe152f083f352db28ad0acce692004ed88a7a7d78893f7?s=96&d=mm&r=g\",\"contentUrl\":\"https:\/\/secure.gravatar.com\/avatar\/e7fa8ba5a4b7e4ce35fe152f083f352db28ad0acce692004ed88a7a7d78893f7?s=96&d=mm&r=g\",\"caption\":\"Flavien Jumeau\"},\"description\":\"Amoureux du sport (et de vraiment tous les sports) depuis mon plus jeune \u00e2ge, j\u2019ai longtemps h\u00e9site entre le snooker et le curling. Finalement c\u2019est le foot US que j\u2019ai d\u00e9cid\u00e9 de choisir! Responsable foot US sur TPO et animateur du podcast Tailgate j\u2019ai pour mission de vous faire d\u00e9couvrir ce sport passionnant si ce n\u2019est pas encore fait et de vous donner les derni\u00e8res actus. Le tout dans la bonne humeur et avec toujours un jeu de mots ou deux savamment distill\u00e9s! Fan des Saints, pour moi Drew Brees est le vrai GOAT!\",\"url\":\"https:\/\/theplayoffs.news\/fr\/author\/flavien-jumeaugmail-com\/\"}]}<\/script>\n<!-- \/ Yoast SEO plugin. -->","yoast_head_json":{"title":"Greg Roman quitte les Baltimore Ravens - The Playoffs FR","robots":{"index":"index","follow":"follow","max-snippet":"max-snippet:-1","max-image-preview":"max-image-preview:large","max-video-preview":"max-video-preview:-1"},"canonical":"https:\/\/theplayoffs.news\/fr\/actualite-nfl\/greg-roman-quitte-les-baltimore-ravens\/","og_locale":"fr_FR","og_type":"article","og_title":"Greg Roman quitte les Baltimore Ravens - The Playoffs FR","og_url":"https:\/\/theplayoffs.news\/fr\/actualite-nfl\/greg-roman-quitte-les-baltimore-ravens\/","og_site_name":"The Playoffs FR","article_publisher":"https:\/\/www.facebook.com\/TheFreeAgentFR\/","article_modified_time":"2023-01-19T20:34:35+00:00","og_image":[{"width":1440,"height":810,"url":"https:\/\/theplayoffs.news\/fr\/wp-content\/uploads\/2023\/01\/Greg-Roman.jpg","type":"image\/jpeg"}],"author":"Flavien Jumeau","twitter_card":"summary_large_image","twitter_creator":"@TheFreeAgentFR","twitter_site":"@TheFreeAgentFR","twitter_misc":{"\u00c9crit par":"Flavien Jumeau","Dur\u00e9e de lecture estim\u00e9e":"3 minutes"},"schema":{"@context":"https:\/\/schema.org","@graph":[{"@type":"WebPage","@id":"https:\/\/theplayoffs.news\/fr\/actualite-nfl\/greg-roman-quitte-les-baltimore-ravens\/","url":"https:\/\/theplayoffs.news\/fr\/actualite-nfl\/greg-roman-quitte-les-baltimore-ravens\/","name":"Greg Roman quitte les Baltimore Ravens - The Playoffs FR","isPartOf":{"@id":"https:\/\/theplayoffs.news\/fr\/#website"},"primaryImageOfPage":{"@id":"https:\/\/theplayoffs.news\/fr\/actualite-nfl\/greg-roman-quitte-les-baltimore-ravens\/#primaryimage"},"image":{"@id":"https:\/\/theplayoffs.news\/fr\/actualite-nfl\/greg-roman-quitte-les-baltimore-ravens\/#primaryimage"},"thumbnailUrl":"https:\/\/theplayoffs.news\/fr\/wp-content\/uploads\/2023\/01\/Greg-Roman.jpg","datePublished":"2023-01-19T20:27:20+00:00","dateModified":"2023-01-19T20:34:35+00:00","author":{"@id":"https:\/\/theplayoffs.news\/fr\/#\/schema\/person\/def63bc6746dc5957469b75feb99e66d"},"breadcrumb":{"@id":"https:\/\/theplayoffs.news\/fr\/actualite-nfl\/greg-roman-quitte-les-baltimore-ravens\/#breadcrumb"},"inLanguage":"fr-FR","potentialAction":[{"@type":"ReadAction","target":["https:\/\/theplayoffs.news\/fr\/actualite-nfl\/greg-roman-quitte-les-baltimore-ravens\/"]}]},{"@type":"ImageObject","inLanguage":"fr-FR","@id":"https:\/\/theplayoffs.news\/fr\/actualite-nfl\/greg-roman-quitte-les-baltimore-ravens\/#primaryimage","url":"https:\/\/theplayoffs.news\/fr\/wp-content\/uploads\/2023\/01\/Greg-Roman.jpg","contentUrl":"https:\/\/theplayoffs.news\/fr\/wp-content\/uploads\/2023\/01\/Greg-Roman.jpg","width":1440,"height":810,"caption":"Greg Roman"},{"@type":"BreadcrumbList","@id":"https:\/\/theplayoffs.news\/fr\/actualite-nfl\/greg-roman-quitte-les-baltimore-ravens\/#breadcrumb","itemListElement":[{"@type":"ListItem","position":1,"name":"Accueil","item":"https:\/\/theplayoffs.news\/fr\/"},{"@type":"ListItem","position":2,"name":"Greg Roman quitte les Baltimore Ravens"}]},{"@type":"WebSite","@id":"https:\/\/theplayoffs.news\/fr\/#website","url":"https:\/\/theplayoffs.news\/fr\/","name":"The Playoffs FR","description":"NBA-NFL-NHL-MLB","potentialAction":[{"@type":"SearchAction","target":{"@type":"EntryPoint","urlTemplate":"https:\/\/theplayoffs.news\/fr\/?s={search_term_string}"},"query-input":{"@type":"PropertyValueSpecification","valueRequired":true,"valueName":"search_term_string"}}],"inLanguage":"fr-FR"},{"@type":"Person","@id":"https:\/\/theplayoffs.news\/fr\/#\/schema\/person\/def63bc6746dc5957469b75feb99e66d","name":"Flavien Jumeau","image":{"@type":"ImageObject","inLanguage":"fr-FR","@id":"https:\/\/theplayoffs.news\/fr\/#\/schema\/person\/image\/","url":"https:\/\/secure.gravatar.com\/avatar\/e7fa8ba5a4b7e4ce35fe152f083f352db28ad0acce692004ed88a7a7d78893f7?s=96&d=mm&r=g","contentUrl":"https:\/\/secure.gravatar.com\/avatar\/e7fa8ba5a4b7e4ce35fe152f083f352db28ad0acce692004ed88a7a7d78893f7?s=96&d=mm&r=g","caption":"Flavien Jumeau"},"description":"Amoureux du sport (et de vraiment tous les sports) depuis mon plus jeune \u00e2ge, j\u2019ai longtemps h\u00e9site entre le snooker et le curling. Finalement c\u2019est le foot US que j\u2019ai d\u00e9cid\u00e9 de choisir! Responsable foot US sur TPO et animateur du podcast Tailgate j\u2019ai pour mission de vous faire d\u00e9couvrir ce sport passionnant si ce n\u2019est pas encore fait et de vous donner les derni\u00e8res actus. Le tout dans la bonne humeur et avec toujours un jeu de mots ou deux savamment distill\u00e9s! Fan des Saints, pour moi Drew Brees est le vrai GOAT!","url":"https:\/\/theplayoffs.news\/fr\/author\/flavien-jumeaugmail-com\/"}]}},"_links":{"self":[{"href":"https:\/\/theplayoffs.news\/fr\/wp-json\/wp\/v2\/posts\/535403","targetHints":{"allow":["GET"]}}],"collection":[{"href":"https:\/\/theplayoffs.news\/fr\/wp-json\/wp\/v2\/posts"}],"about":[{"href":"https:\/\/theplayoffs.news\/fr\/wp-json\/wp\/v2\/types\/post"}],"author":[{"embeddable":true,"href":"https:\/\/theplayoffs.news\/fr\/wp-json\/wp\/v2\/users\/180309964"}],"replies":[{"embeddable":true,"href":"https:\/\/theplayoffs.news\/fr\/wp-json\/wp\/v2\/comments?post=535403"}],"version-history":[{"count":4,"href":"https:\/\/theplayoffs.news\/fr\/wp-json\/wp\/v2\/posts\/535403\/revisions"}],"predecessor-version":[{"id":535409,"href":"https:\/\/theplayoffs.news\/fr\/wp-json\/wp\/v2\/posts\/535403\/revisions\/535409"}],"wp:featuredmedia":[{"embeddable":true,"href":"https:\/\/theplayoffs.news\/fr\/wp-json\/wp\/v2\/media\/535405"}],"wp:attachment":[{"href":"https:\/\/theplayoffs.news\/fr\/wp-json\/wp\/v2\/media?parent=535403"}],"wp:term":[{"taxonomy":"category","embeddable":true,"href":"https:\/\/theplayoffs.news\/fr\/wp-json\/wp\/v2\/categories?post=535403"},{"taxonomy":"post_tag","embeddable":true,"href":"https:\/\/theplayoffs.news\/fr\/wp-json\/wp\/v2\/tags?post=535403"},{"taxonomy":"sport","embeddable":true,"href":"https:\/\/theplayoffs.news\/fr\/wp-json\/wp\/v2\/sport?post=535403"},{"taxonomy":"saison","embeddable":true,"href":"https:\/\/theplayoffs.news\/fr\/wp-json\/wp\/v2\/saison?post=535403"}],"curies":[{"name":"wp","href":"https:\/\/api.w.org\/{rel}","templated":true}]}}