{"id":534954,"date":"2023-01-19T08:53:08","date_gmt":"2023-01-19T07:53:08","guid":{"rendered":"https:\/\/theplayoffs.news\/fr\/?p=534954"},"modified":"2023-01-19T08:53:08","modified_gmt":"2023-01-19T07:53:08","slug":"temps-repos-supplementaire-change-rien-playoffs-kyle-shanahan","status":"publish","type":"post","link":"https:\/\/theplayoffs.news\/fr\/actualite-nfl\/temps-repos-supplementaire-change-rien-playoffs-kyle-shanahan\/","title":{"rendered":"Le temps de repos suppl\u00e9mentaire ne change rien en playoffs pour Kyle Shanahan"},"content":{"rendered":"<h2><strong>Dimanche soir, les 49ers de Kyle Shanahan affronteront les Cowboys pour le compte du Divisional Round pour retrouver une nouvelle fois la finale de conf&eacute;rence NFC.<\/strong><\/h2><p>Hormis le cot&eacute; sportif, les <a href=\"https:\/\/theplayoffs.news\/fr\/equipe\/san-francisco-49ers-nfl\/\" class=\"trk-cta-link\" data-cta-trk='{\"ctaType\":\"Link\",\"ctaSubType\":\"main\"}'>49ers<\/a> ont l&rsquo;avantage d&rsquo;avoir jouer 2 jours avant les Cowboys et de ne pas avoir voyager pour jouer leur premier match ni le second. Mais pour Kyle Shanahan, cela ne conf&egrave;re finalement aucun avantage en vue du match, surtout pendant les playoffs.<\/p><blockquote><p>&laquo;&nbsp;Je pense que cela peut &ecirc;tre un avantage, parfois cela peut &ecirc;tre un inconv&eacute;nient&nbsp;&raquo;, <a href=\"https:\/\/profootballtalk.nbcsports.com\/category\/rumor-mill\/\" class=\"trk-cta-link\" data-cta-trk='{\"ctaType\":\"Link\",\"ctaSubType\":\"main\"}'>a d&eacute;clar&eacute; Kyle Shanahan<\/a>. &laquo;Je connais les plus &eacute;videntes : vous obtenez moins de repos, moins de temps pour r&eacute;cup&eacute;rer. J&rsquo;aime avoir plus de temps, mais parfois vous avez l&rsquo;impression que vous ne pouvez pas jouer ces matchs du jeudi soir et vous y arrivez et votre &eacute;quipe est juste &agrave; c&ocirc;t&eacute; du mur parce qu&rsquo;elle n&rsquo;a pas du tout ralenti.&nbsp;&raquo;<\/p>\n<p>&laquo;&nbsp;Et &agrave; ce moment-l&agrave;, je ne pense pas qu&rsquo;il s&rsquo;agisse de r&eacute;cup&eacute;ration. C&rsquo;est une question de d&eacute;tails, d&rsquo;ex&eacute;cution et de jeu &agrave; un niveau &eacute;lev&eacute;. Une fois que vous arrivez aux matchs, en particulier dans les s&eacute;ries &eacute;liminatoires, cette r&eacute;cup&eacute;ration, les gens oublient assez rapidement et en regardant simplement les Rams l&rsquo;ann&eacute;e derni&egrave;re, ils ont battu les Cardinals aussi bien que n&rsquo;importe qui, puis ils ont vol&eacute; jusqu&rsquo;&agrave; Tampa et je pense qu&rsquo;ils menaient 28-0 &agrave; la mi-temps, donc je ne pense pas que cela signifie quoi que ce soit.&nbsp;&raquo;<\/p><\/blockquote><p>Les 49ers prendront tout ce qui pourra leur donner un avantage pour se d&eacute;faire de ces Cowboys mena&ccedil;ants.<\/p><p>Les Cowboys eux, le savent, la relation &eacute;troite entre la ligue et la t&eacute;l&eacute;vision est ind&eacute;niable et est responsable de cet &laquo;&nbsp;avantage&nbsp;&raquo; en faveur des 49ers.<\/p>\n","protected":false},"excerpt":{"rendered":"","protected":false},"author":13,"featured_media":535045,"comment_status":"open","ping_status":"closed","sticky":false,"template":"","format":"standard","meta":{"inline_featured_image":false,"kia_subtitle":"","_mux_skip_reasons":[],"proofreadBy":0,"footnotes":""},"categories":[118,40],"tags":[5319,939],"sport":[],"saison":[],"class_list":["post-534954","post","type-post","status-publish","format-standard","has-post-thumbnail","hentry","category-actualite-nfl","category-nfl","tag-kyle-shanahan","tag-san-francisco-49ers"],"acf":[],"yoast_head":"<!-- This site is optimized with the Yoast SEO plugin v24.2 - https:\/\/yoast.com\/wordpress\/plugins\/seo\/ -->\n<title>Le temps de repos suppl&eacute;mentaire ne change rien en playoffs pour Kyle Shanahan - The Playoffs FR<\/title>\n<meta name=\"robots\" content=\"index, follow, max-snippet:-1, max-image-preview:large, max-video-preview:-1\" \/>\n<link rel=\"canonical\" href=\"https:\/\/theplayoffs.news\/fr\/actualite-nfl\/temps-repos-supplementaire-change-rien-playoffs-kyle-shanahan\/\" \/>\n<meta property=\"og:locale\" content=\"fr_FR\" \/>\n<meta property=\"og:type\" content=\"article\" \/>\n<meta property=\"og:title\" content=\"Le temps de repos suppl&eacute;mentaire ne change rien en playoffs pour Kyle Shanahan - The Playoffs FR\" \/>\n<meta property=\"og:url\" content=\"https:\/\/theplayoffs.news\/fr\/actualite-nfl\/temps-repos-supplementaire-change-rien-playoffs-kyle-shanahan\/\" \/>\n<meta property=\"og:site_name\" content=\"The Playoffs FR\" \/>\n<meta property=\"article:publisher\" content=\"https:\/\/www.facebook.com\/TheFreeAgentFR\/\" \/>\n<meta property=\"article:modified_time\" content=\"2023-01-19T08:53:08+01:00\" \/>\n<meta property=\"og:image\" content=\"https:\/\/theplayoffs.news\/fr\/wp-content\/uploads\/2023\/01\/GettyImages-1456873357-scaled-1.jpg\" \/>\n\t<meta property=\"og:image:width\" content=\"1920\" \/>\n\t<meta property=\"og:image:height\" content=\"1280\" \/>\n\t<meta property=\"og:image:type\" content=\"image\/jpeg\" \/>\n<meta name=\"author\" content=\"Charles Taudin\" \/>\n<meta name=\"twitter:card\" content=\"summary_large_image\" \/>\n<meta name=\"twitter:creator\" content=\"@TheFreeAgentFR\" \/>\n<meta name=\"twitter:site\" content=\"@TheFreeAgentFR\" \/>\n<meta name=\"twitter:label1\" content=\"\u00c9crit par\" \/>\n\t<meta name=\"twitter:data1\" content=\"Charles Taudin\" \/>\n\t<meta name=\"twitter:label2\" content=\"Dur\u00e9e de lecture estim\u00e9e\" \/>\n\t<meta name=\"twitter:data2\" content=\"1 minute\" \/>\n<script type=\"application\/ld+json\" class=\"yoast-schema-graph\">{\"@context\":\"https:\/\/schema.org\",\"@graph\":[{\"@type\":\"WebPage\",\"@id\":\"https:\/\/theplayoffs.news\/fr\/actualite-nfl\/temps-repos-supplementaire-change-rien-playoffs-kyle-shanahan\/\",\"url\":\"https:\/\/theplayoffs.news\/fr\/actualite-nfl\/temps-repos-supplementaire-change-rien-playoffs-kyle-shanahan\/\",\"name\":\"Le temps de repos suppl\u00e9mentaire ne change rien en playoffs pour Kyle Shanahan - The Playoffs FR\",\"isPartOf\":{\"@id\":\"https:\/\/theplayoffs.news\/fr\/#website\"},\"primaryImageOfPage\":{\"@id\":\"https:\/\/theplayoffs.news\/fr\/actualite-nfl\/temps-repos-supplementaire-change-rien-playoffs-kyle-shanahan\/#primaryimage\"},\"image\":{\"@id\":\"https:\/\/theplayoffs.news\/fr\/actualite-nfl\/temps-repos-supplementaire-change-rien-playoffs-kyle-shanahan\/#primaryimage\"},\"thumbnailUrl\":\"https:\/\/theplayoffs.news\/fr\/wp-content\/uploads\/2023\/01\/GettyImages-1456873357-scaled-1.jpg\",\"datePublished\":\"2023-01-19T07:53:08+00:00\",\"dateModified\":\"2023-01-19T07:53:08+00:00\",\"author\":{\"@id\":\"https:\/\/theplayoffs.news\/fr\/#\/schema\/person\/eee5b69ad5d3c51cabe881c839dbe133\"},\"breadcrumb\":{\"@id\":\"https:\/\/theplayoffs.news\/fr\/actualite-nfl\/temps-repos-supplementaire-change-rien-playoffs-kyle-shanahan\/#breadcrumb\"},\"inLanguage\":\"fr-FR\",\"potentialAction\":[{\"@type\":\"ReadAction\",\"target\":[\"https:\/\/theplayoffs.news\/fr\/actualite-nfl\/temps-repos-supplementaire-change-rien-playoffs-kyle-shanahan\/\"]}]},{\"@type\":\"ImageObject\",\"inLanguage\":\"fr-FR\",\"@id\":\"https:\/\/theplayoffs.news\/fr\/actualite-nfl\/temps-repos-supplementaire-change-rien-playoffs-kyle-shanahan\/#primaryimage\",\"url\":\"https:\/\/theplayoffs.news\/fr\/wp-content\/uploads\/2023\/01\/GettyImages-1456873357-scaled-1.jpg\",\"contentUrl\":\"https:\/\/theplayoffs.news\/fr\/wp-content\/uploads\/2023\/01\/GettyImages-1456873357-scaled-1.jpg\",\"width\":1920,\"height\":1280,\"caption\":\"kyle shanahan\"},{\"@type\":\"BreadcrumbList\",\"@id\":\"https:\/\/theplayoffs.news\/fr\/actualite-nfl\/temps-repos-supplementaire-change-rien-playoffs-kyle-shanahan\/#breadcrumb\",\"itemListElement\":[{\"@type\":\"ListItem\",\"position\":1,\"name\":\"Accueil\",\"item\":\"https:\/\/theplayoffs.news\/fr\/\"},{\"@type\":\"ListItem\",\"position\":2,\"name\":\"Le temps de repos suppl\u00e9mentaire ne change rien en playoffs pour Kyle Shanahan\"}]},{\"@type\":\"WebSite\",\"@id\":\"https:\/\/theplayoffs.news\/fr\/#website\",\"url\":\"https:\/\/theplayoffs.news\/fr\/\",\"name\":\"The Playoffs FR\",\"description\":\"NBA-NFL-NHL-MLB\",\"potentialAction\":[{\"@type\":\"SearchAction\",\"target\":{\"@type\":\"EntryPoint\",\"urlTemplate\":\"https:\/\/theplayoffs.news\/fr\/?s={search_term_string}\"},\"query-input\":{\"@type\":\"PropertyValueSpecification\",\"valueRequired\":true,\"valueName\":\"search_term_string\"}}],\"inLanguage\":\"fr-FR\"},{\"@type\":\"Person\",\"@id\":\"https:\/\/theplayoffs.news\/fr\/#\/schema\/person\/eee5b69ad5d3c51cabe881c839dbe133\",\"name\":\"Charles Taudin\",\"image\":{\"@type\":\"ImageObject\",\"inLanguage\":\"fr-FR\",\"@id\":\"https:\/\/theplayoffs.news\/fr\/#\/schema\/person\/image\/\",\"url\":\"https:\/\/secure.gravatar.com\/avatar\/59a1e772205ce9fd255edfcafc93013736822e20261f294c5753b20c41ede9f2?s=96&d=mm&r=g\",\"contentUrl\":\"https:\/\/secure.gravatar.com\/avatar\/59a1e772205ce9fd255edfcafc93013736822e20261f294c5753b20c41ede9f2?s=96&d=mm&r=g\",\"caption\":\"Charles Taudin\"},\"description\":\"R\u00e9dacteur en chef global de The Playoffs, j\u2019ai cr\u00e9\u00e9 The Free Agent, devenu The Playoffs FR, en 2020 durant la pand\u00e9mie. Amoureux depuis des ann\u00e9es des 4 sports majeurs am\u00e9ricains, j\u2019organise maintenant la strat\u00e9gie \u00e9ditoriale et les r\u00e9seaux sociaux de l\u2019ensemble des versions de The Playoffs. Il m\u2019arrive encore d\u2019\u00e9crire sur certains sports que j\u2019affectionne particuli\u00e8rement comme la NFL ou la MLB. Si vous devez retenir qu\u2019une chose : Eli Manning est le vrai GOAT pour avoir battu deux fois Tom Brady.\",\"sameAs\":[\"https:\/\/www.instagram.com\/ctaudin_\/\"],\"url\":\"https:\/\/theplayoffs.news\/fr\/author\/charles-taudin\/\"}]}<\/script>\n<!-- \/ Yoast SEO plugin. -->","yoast_head_json":{"title":"Le temps de repos suppl&eacute;mentaire ne change rien en playoffs pour Kyle Shanahan - The Playoffs FR","robots":{"index":"index","follow":"follow","max-snippet":"max-snippet:-1","max-image-preview":"max-image-preview:large","max-video-preview":"max-video-preview:-1"},"canonical":"https:\/\/theplayoffs.news\/fr\/actualite-nfl\/temps-repos-supplementaire-change-rien-playoffs-kyle-shanahan\/","og_locale":"fr_FR","og_type":"article","og_title":"Le temps de repos suppl&eacute;mentaire ne change rien en playoffs pour Kyle Shanahan - The Playoffs FR","og_url":"https:\/\/theplayoffs.news\/fr\/actualite-nfl\/temps-repos-supplementaire-change-rien-playoffs-kyle-shanahan\/","og_site_name":"The Playoffs FR","article_publisher":"https:\/\/www.facebook.com\/TheFreeAgentFR\/","og_image":[{"width":1920,"height":1280,"url":"https:\/\/theplayoffs.news\/fr\/wp-content\/uploads\/2023\/01\/GettyImages-1456873357-scaled-1.jpg","type":"image\/jpeg"}],"author":"Charles Taudin","twitter_card":"summary_large_image","twitter_creator":"@TheFreeAgentFR","twitter_site":"@TheFreeAgentFR","twitter_misc":{"\u00c9crit par":"Charles Taudin","Dur\u00e9e de lecture estim\u00e9e":"1 minute"},"schema":{"@context":"https:\/\/schema.org","@graph":[{"@type":"WebPage","@id":"https:\/\/theplayoffs.news\/fr\/actualite-nfl\/temps-repos-supplementaire-change-rien-playoffs-kyle-shanahan\/","url":"https:\/\/theplayoffs.news\/fr\/actualite-nfl\/temps-repos-supplementaire-change-rien-playoffs-kyle-shanahan\/","name":"Le temps de repos suppl\u00e9mentaire ne change rien en playoffs pour Kyle Shanahan - The Playoffs FR","isPartOf":{"@id":"https:\/\/theplayoffs.news\/fr\/#website"},"primaryImageOfPage":{"@id":"https:\/\/theplayoffs.news\/fr\/actualite-nfl\/temps-repos-supplementaire-change-rien-playoffs-kyle-shanahan\/#primaryimage"},"image":{"@id":"https:\/\/theplayoffs.news\/fr\/actualite-nfl\/temps-repos-supplementaire-change-rien-playoffs-kyle-shanahan\/#primaryimage"},"thumbnailUrl":"https:\/\/theplayoffs.news\/fr\/wp-content\/uploads\/2023\/01\/GettyImages-1456873357-scaled-1.jpg","datePublished":"2023-01-19T07:53:08+00:00","dateModified":"2023-01-19T07:53:08+00:00","author":{"@id":"https:\/\/theplayoffs.news\/fr\/#\/schema\/person\/eee5b69ad5d3c51cabe881c839dbe133"},"breadcrumb":{"@id":"https:\/\/theplayoffs.news\/fr\/actualite-nfl\/temps-repos-supplementaire-change-rien-playoffs-kyle-shanahan\/#breadcrumb"},"inLanguage":"fr-FR","potentialAction":[{"@type":"ReadAction","target":["https:\/\/theplayoffs.news\/fr\/actualite-nfl\/temps-repos-supplementaire-change-rien-playoffs-kyle-shanahan\/"]}]},{"@type":"ImageObject","inLanguage":"fr-FR","@id":"https:\/\/theplayoffs.news\/fr\/actualite-nfl\/temps-repos-supplementaire-change-rien-playoffs-kyle-shanahan\/#primaryimage","url":"https:\/\/theplayoffs.news\/fr\/wp-content\/uploads\/2023\/01\/GettyImages-1456873357-scaled-1.jpg","contentUrl":"https:\/\/theplayoffs.news\/fr\/wp-content\/uploads\/2023\/01\/GettyImages-1456873357-scaled-1.jpg","width":1920,"height":1280,"caption":"kyle shanahan"},{"@type":"BreadcrumbList","@id":"https:\/\/theplayoffs.news\/fr\/actualite-nfl\/temps-repos-supplementaire-change-rien-playoffs-kyle-shanahan\/#breadcrumb","itemListElement":[{"@type":"ListItem","position":1,"name":"Accueil","item":"https:\/\/theplayoffs.news\/fr\/"},{"@type":"ListItem","position":2,"name":"Le temps de repos suppl\u00e9mentaire ne change rien en playoffs pour Kyle Shanahan"}]},{"@type":"WebSite","@id":"https:\/\/theplayoffs.news\/fr\/#website","url":"https:\/\/theplayoffs.news\/fr\/","name":"The Playoffs FR","description":"NBA-NFL-NHL-MLB","potentialAction":[{"@type":"SearchAction","target":{"@type":"EntryPoint","urlTemplate":"https:\/\/theplayoffs.news\/fr\/?s={search_term_string}"},"query-input":{"@type":"PropertyValueSpecification","valueRequired":true,"valueName":"search_term_string"}}],"inLanguage":"fr-FR"},{"@type":"Person","@id":"https:\/\/theplayoffs.news\/fr\/#\/schema\/person\/eee5b69ad5d3c51cabe881c839dbe133","name":"Charles Taudin","image":{"@type":"ImageObject","inLanguage":"fr-FR","@id":"https:\/\/theplayoffs.news\/fr\/#\/schema\/person\/image\/","url":"https:\/\/secure.gravatar.com\/avatar\/59a1e772205ce9fd255edfcafc93013736822e20261f294c5753b20c41ede9f2?s=96&d=mm&r=g","contentUrl":"https:\/\/secure.gravatar.com\/avatar\/59a1e772205ce9fd255edfcafc93013736822e20261f294c5753b20c41ede9f2?s=96&d=mm&r=g","caption":"Charles Taudin"},"description":"R\u00e9dacteur en chef global de The Playoffs, j\u2019ai cr\u00e9\u00e9 The Free Agent, devenu The Playoffs FR, en 2020 durant la pand\u00e9mie. Amoureux depuis des ann\u00e9es des 4 sports majeurs am\u00e9ricains, j\u2019organise maintenant la strat\u00e9gie \u00e9ditoriale et les r\u00e9seaux sociaux de l\u2019ensemble des versions de The Playoffs. Il m\u2019arrive encore d\u2019\u00e9crire sur certains sports que j\u2019affectionne particuli\u00e8rement comme la NFL ou la MLB. Si vous devez retenir qu\u2019une chose : Eli Manning est le vrai GOAT pour avoir battu deux fois Tom Brady.","sameAs":["https:\/\/www.instagram.com\/ctaudin_\/"],"url":"https:\/\/theplayoffs.news\/fr\/author\/charles-taudin\/"}]}},"_links":{"self":[{"href":"https:\/\/theplayoffs.news\/fr\/wp-json\/wp\/v2\/posts\/534954","targetHints":{"allow":["GET"]}}],"collection":[{"href":"https:\/\/theplayoffs.news\/fr\/wp-json\/wp\/v2\/posts"}],"about":[{"href":"https:\/\/theplayoffs.news\/fr\/wp-json\/wp\/v2\/types\/post"}],"author":[{"embeddable":true,"href":"https:\/\/theplayoffs.news\/fr\/wp-json\/wp\/v2\/users\/13"}],"replies":[{"embeddable":true,"href":"https:\/\/theplayoffs.news\/fr\/wp-json\/wp\/v2\/comments?post=534954"}],"version-history":[{"count":2,"href":"https:\/\/theplayoffs.news\/fr\/wp-json\/wp\/v2\/posts\/534954\/revisions"}],"predecessor-version":[{"id":535067,"href":"https:\/\/theplayoffs.news\/fr\/wp-json\/wp\/v2\/posts\/534954\/revisions\/535067"}],"wp:featuredmedia":[{"embeddable":true,"href":"https:\/\/theplayoffs.news\/fr\/wp-json\/wp\/v2\/media\/535045"}],"wp:attachment":[{"href":"https:\/\/theplayoffs.news\/fr\/wp-json\/wp\/v2\/media?parent=534954"}],"wp:term":[{"taxonomy":"category","embeddable":true,"href":"https:\/\/theplayoffs.news\/fr\/wp-json\/wp\/v2\/categories?post=534954"},{"taxonomy":"post_tag","embeddable":true,"href":"https:\/\/theplayoffs.news\/fr\/wp-json\/wp\/v2\/tags?post=534954"},{"taxonomy":"sport","embeddable":true,"href":"https:\/\/theplayoffs.news\/fr\/wp-json\/wp\/v2\/sport?post=534954"},{"taxonomy":"saison","embeddable":true,"href":"https:\/\/theplayoffs.news\/fr\/wp-json\/wp\/v2\/saison?post=534954"}],"curies":[{"name":"wp","href":"https:\/\/api.w.org\/{rel}","templated":true}]}}