{"id":533941,"date":"2023-01-18T20:28:22","date_gmt":"2023-01-18T19:28:22","guid":{"rendered":"https:\/\/theplayoffs.news\/fr\/?p=533941"},"modified":"2023-05-27T14:26:58","modified_gmt":"2023-05-27T12:26:58","slug":"vic-fangio-coordinateur-defensif-falcons","status":"publish","type":"post","link":"https:\/\/theplayoffs.news\/fr\/actualite-nfl\/vic-fangio-coordinateur-defensif-falcons\/","title":{"rendered":"Vic Fangio interview\u00e9 par les Falcons pour le poste de coordinateur d\u00e9fensif"},"content":{"rendered":"<h2><span id=\"p115\">&Agrave; la recherche d&rsquo;un nouveau coordinateur d&eacute;fensif, les <span id=\"124\" class=\"s-rg-t\">Falcons<\/span> se sont entretenu avec Vic <span id=\"126\" class=\"s-rg-t\">Fangio<\/span>, l&rsquo;ancien <span id=\"127\" class=\"s-rg-t\">head<\/span> coach de Denver.<\/span><span id=\"p116\"> <\/span><br>\n<span id=\"p117\"><\/span><\/h2><p><span id=\"p117\">D&rsquo;apr&egrave;s les informations de l&rsquo;<span id=\"128\" class=\"s-rg-t\">insider<\/span> <a href=\"https:\/\/twitter.com\/rapsheet\/status\/1615744080000024576?s=61&amp;t=IVlULvYUpnFSN3hdBfVICw\" class=\"trk-cta-link\" data-cta-trk='{\"ctaType\":\"Link\",\"ctaSubType\":\"main\"}'>Ian <span id=\"129\" class=\"s-rg-t\">Rapoport<\/span><\/a>, <strong>Vic <span id=\"130\" class=\"s-rg-t\">Fangio<\/span><\/strong> a &eacute;t&eacute; interview&eacute; par <a href=\"https:\/\/theplayoffs.news\/fr\/equipe\/atlanta-falcons-nfl\/\" class=\"trk-cta-link\" data-cta-trk='{\"ctaType\":\"Link\",\"ctaSubType\":\"main\"}'><strong>les <span id=\"131\" class=\"s-rg-t\">Falcons<\/span><\/strong><\/a> au sujet du poste de coordinateur d&eacute;fensif.<\/span><span id=\"p140\"><strong> Dean <span id=\"141\" class=\"s-rg-t\">Pees<\/span><\/strong>, le coordinateur d&eacute;fensif qui officiait &agrave; <strong>Atlanta<\/strong>, est parti le 9 janvier dernier apr&egrave;s une 22e position au classement des points encaiss&eacute;s par chaque &eacute;quipe.<\/span><span id=\"p119\"> <\/span><\/p><p><span id=\"p120\"><span id=\"133\" class=\"s-rg-t\">Fangio<\/span> &eacute;tait entra&icirc;neur en chef du c&ocirc;t&eacute; de <strong>Denver<\/strong> entre 2019 et 2021 avec un bilan de 19 victoires pour 30 d&eacute;faites.&nbsp;<\/span><span id=\"p121\">Cette saison il occupe le poste de consultant d&eacute;fensif pour<strong> les Eagles. <\/strong><\/span><\/p><p><span id=\"p121\"><strong>Les <span id=\"134\" class=\"s-rg-t\">Falcons<\/span><\/strong> ont &eacute;galement rencontr&eacute; <strong>Brian Flores<\/strong> l&rsquo;ancien entra&icirc;neur des <strong><span id=\"135\" class=\"s-rg-t\">Dolphins<\/span><\/strong> et actuel coach des <span id=\"136\" class=\"s-rg-t\">linebackers<\/span> des <strong><span id=\"137\" class=\"s-rg-t\">Steelers<\/span><\/strong>, mais aussi <strong>Al <span id=\"138\" class=\"s-rg-t\">Holcomb<\/span><\/strong> le coordinateur d&eacute;fensif des <strong><span id=\"139\" class=\"s-rg-t\">Panthers<\/span><\/strong>, pour le poste.<\/span><span id=\"p122\">&nbsp;<\/span><\/p>\n","protected":false},"excerpt":{"rendered":"","protected":false},"author":180310139,"featured_media":0,"comment_status":"open","ping_status":"closed","sticky":false,"template":"","format":"standard","meta":{"inline_featured_image":false,"kia_subtitle":"","_mux_skip_reasons":[],"proofreadBy":0,"footnotes":""},"categories":[118,40],"tags":[920,5307,79,2580],"sport":[2785],"saison":[],"class_list":["post-533941","post","type-post","status-publish","format-standard","hentry","category-actualite-nfl","category-nfl","tag-atlanta-falcons","tag-coordinateur-defensif","tag-nfl","tag-vic-fangio","sport-nfl"],"acf":[],"yoast_head":"<!-- This site is optimized with the Yoast SEO plugin v24.2 - https:\/\/yoast.com\/wordpress\/plugins\/seo\/ -->\n<title>Vic Fangio interview&eacute; par les Falcons pour le poste de coordinateur d&eacute;fensif - The Playoffs FR<\/title>\n<meta name=\"robots\" content=\"index, follow, max-snippet:-1, max-image-preview:large, max-video-preview:-1\" \/>\n<link rel=\"canonical\" href=\"https:\/\/theplayoffs.news\/fr\/actualite-nfl\/vic-fangio-coordinateur-defensif-falcons\/\" \/>\n<meta property=\"og:locale\" content=\"fr_FR\" \/>\n<meta property=\"og:type\" content=\"article\" \/>\n<meta property=\"og:title\" content=\"Vic Fangio interview&eacute; par les Falcons pour le poste de coordinateur d&eacute;fensif - The Playoffs FR\" \/>\n<meta property=\"og:url\" content=\"https:\/\/theplayoffs.news\/fr\/actualite-nfl\/vic-fangio-coordinateur-defensif-falcons\/\" \/>\n<meta property=\"og:site_name\" content=\"The Playoffs FR\" \/>\n<meta property=\"article:publisher\" content=\"https:\/\/www.facebook.com\/TheFreeAgentFR\/\" \/>\n<meta property=\"article:modified_time\" content=\"2023-05-27T14:26:58+02:00\" \/>\n<meta name=\"author\" content=\"Alban Conejero\" \/>\n<meta name=\"twitter:card\" content=\"summary_large_image\" \/>\n<meta name=\"twitter:creator\" content=\"@TheFreeAgentFR\" \/>\n<meta name=\"twitter:site\" content=\"@TheFreeAgentFR\" \/>\n<meta name=\"twitter:label1\" content=\"\u00c9crit par\" \/>\n\t<meta name=\"twitter:data1\" content=\"Alban Conejero\" \/>\n\t<meta name=\"twitter:label2\" content=\"Dur\u00e9e de lecture estim\u00e9e\" \/>\n\t<meta name=\"twitter:data2\" content=\"1 minute\" \/>\n<script type=\"application\/ld+json\" class=\"yoast-schema-graph\">{\"@context\":\"https:\/\/schema.org\",\"@graph\":[{\"@type\":\"WebPage\",\"@id\":\"https:\/\/theplayoffs.news\/fr\/actualite-nfl\/vic-fangio-coordinateur-defensif-falcons\/\",\"url\":\"https:\/\/theplayoffs.news\/fr\/actualite-nfl\/vic-fangio-coordinateur-defensif-falcons\/\",\"name\":\"Vic Fangio interview\u00e9 par les Falcons pour le poste de coordinateur d\u00e9fensif - The Playoffs FR\",\"isPartOf\":{\"@id\":\"https:\/\/theplayoffs.news\/fr\/#website\"},\"datePublished\":\"2023-01-18T19:28:22+00:00\",\"dateModified\":\"2023-05-27T12:26:58+00:00\",\"author\":{\"@id\":\"https:\/\/theplayoffs.news\/fr\/#\/schema\/person\/3dd6319a9057ecd181d2351cdb03ccd2\"},\"breadcrumb\":{\"@id\":\"https:\/\/theplayoffs.news\/fr\/actualite-nfl\/vic-fangio-coordinateur-defensif-falcons\/#breadcrumb\"},\"inLanguage\":\"fr-FR\",\"potentialAction\":[{\"@type\":\"ReadAction\",\"target\":[\"https:\/\/theplayoffs.news\/fr\/actualite-nfl\/vic-fangio-coordinateur-defensif-falcons\/\"]}]},{\"@type\":\"BreadcrumbList\",\"@id\":\"https:\/\/theplayoffs.news\/fr\/actualite-nfl\/vic-fangio-coordinateur-defensif-falcons\/#breadcrumb\",\"itemListElement\":[{\"@type\":\"ListItem\",\"position\":1,\"name\":\"Accueil\",\"item\":\"https:\/\/theplayoffs.news\/fr\/\"},{\"@type\":\"ListItem\",\"position\":2,\"name\":\"Vic Fangio interview\u00e9 par les Falcons pour le poste de coordinateur d\u00e9fensif\"}]},{\"@type\":\"WebSite\",\"@id\":\"https:\/\/theplayoffs.news\/fr\/#website\",\"url\":\"https:\/\/theplayoffs.news\/fr\/\",\"name\":\"The Playoffs FR\",\"description\":\"NBA-NFL-NHL-MLB\",\"potentialAction\":[{\"@type\":\"SearchAction\",\"target\":{\"@type\":\"EntryPoint\",\"urlTemplate\":\"https:\/\/theplayoffs.news\/fr\/?s={search_term_string}\"},\"query-input\":{\"@type\":\"PropertyValueSpecification\",\"valueRequired\":true,\"valueName\":\"search_term_string\"}}],\"inLanguage\":\"fr-FR\"},{\"@type\":\"Person\",\"@id\":\"https:\/\/theplayoffs.news\/fr\/#\/schema\/person\/3dd6319a9057ecd181d2351cdb03ccd2\",\"name\":\"Alban Conejero\",\"image\":{\"@type\":\"ImageObject\",\"inLanguage\":\"fr-FR\",\"@id\":\"https:\/\/theplayoffs.news\/fr\/#\/schema\/person\/image\/\",\"url\":\"https:\/\/secure.gravatar.com\/avatar\/ef2d5e8508f59dc7b4e42edb92917fc230c9f46d5eb7ec09de6d5b8e112de01f?s=96&d=mm&r=g\",\"contentUrl\":\"https:\/\/secure.gravatar.com\/avatar\/ef2d5e8508f59dc7b4e42edb92917fc230c9f46d5eb7ec09de6d5b8e112de01f?s=96&d=mm&r=g\",\"caption\":\"Alban Conejero\"},\"url\":\"https:\/\/theplayoffs.news\/fr\/author\/albanconejero26gmail-com\/\"}]}<\/script>\n<!-- \/ Yoast SEO plugin. -->","yoast_head_json":{"title":"Vic Fangio interview&eacute; par les Falcons pour le poste de coordinateur d&eacute;fensif - The Playoffs FR","robots":{"index":"index","follow":"follow","max-snippet":"max-snippet:-1","max-image-preview":"max-image-preview:large","max-video-preview":"max-video-preview:-1"},"canonical":"https:\/\/theplayoffs.news\/fr\/actualite-nfl\/vic-fangio-coordinateur-defensif-falcons\/","og_locale":"fr_FR","og_type":"article","og_title":"Vic Fangio interview&eacute; par les Falcons pour le poste de coordinateur d&eacute;fensif - The Playoffs FR","og_url":"https:\/\/theplayoffs.news\/fr\/actualite-nfl\/vic-fangio-coordinateur-defensif-falcons\/","og_site_name":"The Playoffs FR","article_publisher":"https:\/\/www.facebook.com\/TheFreeAgentFR\/","article_modified_time":"2023-05-27T12:26:58+00:00","author":"Alban Conejero","twitter_card":"summary_large_image","twitter_creator":"@TheFreeAgentFR","twitter_site":"@TheFreeAgentFR","twitter_misc":{"\u00c9crit par":"Alban Conejero","Dur\u00e9e de lecture estim\u00e9e":"1 minute"},"schema":{"@context":"https:\/\/schema.org","@graph":[{"@type":"WebPage","@id":"https:\/\/theplayoffs.news\/fr\/actualite-nfl\/vic-fangio-coordinateur-defensif-falcons\/","url":"https:\/\/theplayoffs.news\/fr\/actualite-nfl\/vic-fangio-coordinateur-defensif-falcons\/","name":"Vic Fangio interview\u00e9 par les Falcons pour le poste de coordinateur d\u00e9fensif - The Playoffs FR","isPartOf":{"@id":"https:\/\/theplayoffs.news\/fr\/#website"},"datePublished":"2023-01-18T19:28:22+00:00","dateModified":"2023-05-27T12:26:58+00:00","author":{"@id":"https:\/\/theplayoffs.news\/fr\/#\/schema\/person\/3dd6319a9057ecd181d2351cdb03ccd2"},"breadcrumb":{"@id":"https:\/\/theplayoffs.news\/fr\/actualite-nfl\/vic-fangio-coordinateur-defensif-falcons\/#breadcrumb"},"inLanguage":"fr-FR","potentialAction":[{"@type":"ReadAction","target":["https:\/\/theplayoffs.news\/fr\/actualite-nfl\/vic-fangio-coordinateur-defensif-falcons\/"]}]},{"@type":"BreadcrumbList","@id":"https:\/\/theplayoffs.news\/fr\/actualite-nfl\/vic-fangio-coordinateur-defensif-falcons\/#breadcrumb","itemListElement":[{"@type":"ListItem","position":1,"name":"Accueil","item":"https:\/\/theplayoffs.news\/fr\/"},{"@type":"ListItem","position":2,"name":"Vic Fangio interview\u00e9 par les Falcons pour le poste de coordinateur d\u00e9fensif"}]},{"@type":"WebSite","@id":"https:\/\/theplayoffs.news\/fr\/#website","url":"https:\/\/theplayoffs.news\/fr\/","name":"The Playoffs FR","description":"NBA-NFL-NHL-MLB","potentialAction":[{"@type":"SearchAction","target":{"@type":"EntryPoint","urlTemplate":"https:\/\/theplayoffs.news\/fr\/?s={search_term_string}"},"query-input":{"@type":"PropertyValueSpecification","valueRequired":true,"valueName":"search_term_string"}}],"inLanguage":"fr-FR"},{"@type":"Person","@id":"https:\/\/theplayoffs.news\/fr\/#\/schema\/person\/3dd6319a9057ecd181d2351cdb03ccd2","name":"Alban Conejero","image":{"@type":"ImageObject","inLanguage":"fr-FR","@id":"https:\/\/theplayoffs.news\/fr\/#\/schema\/person\/image\/","url":"https:\/\/secure.gravatar.com\/avatar\/ef2d5e8508f59dc7b4e42edb92917fc230c9f46d5eb7ec09de6d5b8e112de01f?s=96&d=mm&r=g","contentUrl":"https:\/\/secure.gravatar.com\/avatar\/ef2d5e8508f59dc7b4e42edb92917fc230c9f46d5eb7ec09de6d5b8e112de01f?s=96&d=mm&r=g","caption":"Alban Conejero"},"url":"https:\/\/theplayoffs.news\/fr\/author\/albanconejero26gmail-com\/"}]}},"_links":{"self":[{"href":"https:\/\/theplayoffs.news\/fr\/wp-json\/wp\/v2\/posts\/533941","targetHints":{"allow":["GET"]}}],"collection":[{"href":"https:\/\/theplayoffs.news\/fr\/wp-json\/wp\/v2\/posts"}],"about":[{"href":"https:\/\/theplayoffs.news\/fr\/wp-json\/wp\/v2\/types\/post"}],"author":[{"embeddable":true,"href":"https:\/\/theplayoffs.news\/fr\/wp-json\/wp\/v2\/users\/180310139"}],"replies":[{"embeddable":true,"href":"https:\/\/theplayoffs.news\/fr\/wp-json\/wp\/v2\/comments?post=533941"}],"version-history":[{"count":2,"href":"https:\/\/theplayoffs.news\/fr\/wp-json\/wp\/v2\/posts\/533941\/revisions"}],"predecessor-version":[{"id":592651,"href":"https:\/\/theplayoffs.news\/fr\/wp-json\/wp\/v2\/posts\/533941\/revisions\/592651"}],"wp:attachment":[{"href":"https:\/\/theplayoffs.news\/fr\/wp-json\/wp\/v2\/media?parent=533941"}],"wp:term":[{"taxonomy":"category","embeddable":true,"href":"https:\/\/theplayoffs.news\/fr\/wp-json\/wp\/v2\/categories?post=533941"},{"taxonomy":"post_tag","embeddable":true,"href":"https:\/\/theplayoffs.news\/fr\/wp-json\/wp\/v2\/tags?post=533941"},{"taxonomy":"sport","embeddable":true,"href":"https:\/\/theplayoffs.news\/fr\/wp-json\/wp\/v2\/sport?post=533941"},{"taxonomy":"saison","embeddable":true,"href":"https:\/\/theplayoffs.news\/fr\/wp-json\/wp\/v2\/saison?post=533941"}],"curies":[{"name":"wp","href":"https:\/\/api.w.org\/{rel}","templated":true}]}}