{"id":533922,"date":"2023-01-18T17:46:26","date_gmt":"2023-01-18T16:46:26","guid":{"rendered":"https:\/\/theplayoffs.news\/fr\/?p=533922"},"modified":"2023-01-18T17:46:26","modified_gmt":"2023-01-18T16:46:26","slug":"nick-caley-keenan-mccardell-viseur-patriots-coordinateur-offensif","status":"publish","type":"post","link":"https:\/\/theplayoffs.news\/fr\/actualite-nfl\/nick-caley-keenan-mccardell-viseur-patriots-coordinateur-offensif\/","title":{"rendered":"Nick Caley, Keenan McCardell dans le viseur des Patriots pour le poste de coordinateur offensif"},"content":{"rendered":"<h2><strong>Bill Belichick est en qu&ecirc;te d&rsquo;un vrai coordinateur offensif pour la saison 2023 apr&egrave;s une saison difficile en attaque pour les Patriots.<\/strong><\/h2><p>Les Patriots de la Nouvelle-Angleterre pourraient promouvoir leur entra&icirc;neur des Tight End, Nick Caley, au poste de coordinateur offensif. Selon Tom Pelissero de NFL Network, Caley est actuellement en entretien pour le poste de coordinateur offensif de l&rsquo;&eacute;quipe.<\/p><p>Cependant, il convient de noter que Caley a &eacute;galement &eacute;t&eacute; vu pour le poste de coordinateur offensif avec les Jets, ce qui pourrait potentiellement le conduire &agrave; quitter les Patriots pour un rival de division.<\/p><p>Un autre candidat au poste de coordinateur offensif en Nouvelle-Angleterre est l&rsquo;entra&icirc;neur des receveurs des <a href=\"https:\/\/theplayoffs.news\/fr\/equipe\/minnesota-vikings-nfl\/\" class=\"trk-cta-link\" data-cta-trk='{\"ctaType\":\"Link\",\"ctaSubType\":\"main\"}'>Vikings<\/a>, Keenan McCardell.<\/p><p>Selon <a href=\"https:\/\/twitter.com\/RapSheet\/status\/1615737360561410055?s=20&amp;t=8Feyi3SqQsjNKG39gu-b3g\" class=\"trk-cta-link\" data-cta-trk='{\"ctaType\":\"Link\",\"ctaSubType\":\"main\"}'>Ian Rapoport de NFL Network<\/a>, McCardell est de plus en plus vu comme un entra&icirc;neur adjoint &agrave; fort potentiel. Il a pass&eacute; 17 saisons en tant que receveur en NFL et a &eacute;t&eacute; entra&icirc;neur au cours de la derni&egrave;re d&eacute;cennie.<\/p><p>Bill O&rsquo;Brien, l&rsquo;ancien entra&icirc;neur en chef des <a href=\"https:\/\/theplayoffs.news\/fr\/equipe\/houston-texans-nfl\/\" class=\"trk-cta-link\" data-cta-trk='{\"ctaType\":\"Link\",\"ctaSubType\":\"main\"}'>Texans de Houston<\/a> et actuel coordinateur offensif d&rsquo;Alabama, est &eacute;galement un candidat potentiel pour le poste de coordinateur offensif chez les Patriots. O&rsquo;Brien a d&eacute;j&agrave; fait partie du personnel des Patriots, faisant de lui un visage familier de l&rsquo;&eacute;quipe.<\/p><p>L&rsquo;an dernier, les Patriots n&rsquo;avaient personne avec le titre officiel de coordonnateur offensif. Au lieu de cela, Matt Patricia a tenu le r&ocirc;le d&rsquo;entra&icirc;neur offensif principal. Cependant, les r&eacute;sultats n&rsquo;ont pas &eacute;t&eacute; favorables, ce qui a amen&eacute; beaucoup de gens &agrave; croire que Bill Belichick reconna&icirc;t le besoin d&rsquo;avoir d&rsquo;un coordonnateur offensif ayant une formation en entra&icirc;nement offensif, contrairement &agrave; Patricia.<\/p><p>&nbsp;<\/p>\n","protected":false},"excerpt":{"rendered":"","protected":false},"author":13,"featured_media":533923,"comment_status":"open","ping_status":"closed","sticky":false,"template":"","format":"standard","meta":{"inline_featured_image":false,"kia_subtitle":"","_mux_skip_reasons":[],"proofreadBy":0,"footnotes":""},"categories":[118,40],"tags":[5316,622,5315],"sport":[],"saison":[],"class_list":["post-533922","post","type-post","status-publish","format-standard","has-post-thumbnail","hentry","category-actualite-nfl","category-nfl","tag-keenan-mccardell","tag-new-england-patriots","tag-nick-caley"],"acf":[],"yoast_head":"<!-- This site is optimized with the Yoast SEO plugin v24.2 - https:\/\/yoast.com\/wordpress\/plugins\/seo\/ -->\n<title>Nick Caley, Keenan McCardell dans le viseur des Patriots pour le poste de coordinateur offensif - The Playoffs FR<\/title>\n<meta name=\"robots\" content=\"index, follow, max-snippet:-1, max-image-preview:large, max-video-preview:-1\" \/>\n<link rel=\"canonical\" href=\"https:\/\/theplayoffs.news\/fr\/actualite-nfl\/nick-caley-keenan-mccardell-viseur-patriots-coordinateur-offensif\/\" \/>\n<meta property=\"og:locale\" content=\"fr_FR\" \/>\n<meta property=\"og:type\" content=\"article\" \/>\n<meta property=\"og:title\" content=\"Nick Caley, Keenan McCardell dans le viseur des Patriots pour le poste de coordinateur offensif - The Playoffs FR\" \/>\n<meta property=\"og:url\" content=\"https:\/\/theplayoffs.news\/fr\/actualite-nfl\/nick-caley-keenan-mccardell-viseur-patriots-coordinateur-offensif\/\" \/>\n<meta property=\"og:site_name\" content=\"The Playoffs FR\" \/>\n<meta property=\"article:publisher\" content=\"https:\/\/www.facebook.com\/TheFreeAgentFR\/\" \/>\n<meta property=\"article:modified_time\" content=\"2023-01-18T17:46:26+01:00\" \/>\n<meta property=\"og:image\" content=\"https:\/\/theplayoffs.news\/fr\/wp-content\/uploads\/2023\/01\/1245581399.0.jpg\" \/>\n\t<meta property=\"og:image:width\" content=\"1200\" \/>\n\t<meta property=\"og:image:height\" content=\"800\" \/>\n\t<meta property=\"og:image:type\" content=\"image\/jpeg\" \/>\n<meta name=\"author\" content=\"Charles Taudin\" \/>\n<meta name=\"twitter:card\" content=\"summary_large_image\" \/>\n<meta name=\"twitter:creator\" content=\"@TheFreeAgentFR\" \/>\n<meta name=\"twitter:site\" content=\"@TheFreeAgentFR\" \/>\n<meta name=\"twitter:label1\" content=\"\u00c9crit par\" \/>\n\t<meta name=\"twitter:data1\" content=\"Charles Taudin\" \/>\n\t<meta name=\"twitter:label2\" content=\"Dur\u00e9e de lecture estim\u00e9e\" \/>\n\t<meta name=\"twitter:data2\" content=\"1 minute\" \/>\n<script type=\"application\/ld+json\" class=\"yoast-schema-graph\">{\"@context\":\"https:\/\/schema.org\",\"@graph\":[{\"@type\":\"WebPage\",\"@id\":\"https:\/\/theplayoffs.news\/fr\/actualite-nfl\/nick-caley-keenan-mccardell-viseur-patriots-coordinateur-offensif\/\",\"url\":\"https:\/\/theplayoffs.news\/fr\/actualite-nfl\/nick-caley-keenan-mccardell-viseur-patriots-coordinateur-offensif\/\",\"name\":\"Nick Caley, Keenan McCardell dans le viseur des Patriots pour le poste de coordinateur offensif - The Playoffs FR\",\"isPartOf\":{\"@id\":\"https:\/\/theplayoffs.news\/fr\/#website\"},\"primaryImageOfPage\":{\"@id\":\"https:\/\/theplayoffs.news\/fr\/actualite-nfl\/nick-caley-keenan-mccardell-viseur-patriots-coordinateur-offensif\/#primaryimage\"},\"image\":{\"@id\":\"https:\/\/theplayoffs.news\/fr\/actualite-nfl\/nick-caley-keenan-mccardell-viseur-patriots-coordinateur-offensif\/#primaryimage\"},\"thumbnailUrl\":\"https:\/\/theplayoffs.news\/fr\/wp-content\/uploads\/2023\/01\/1245581399.0.jpg\",\"datePublished\":\"2023-01-18T16:46:26+00:00\",\"dateModified\":\"2023-01-18T16:46:26+00:00\",\"author\":{\"@id\":\"https:\/\/theplayoffs.news\/fr\/#\/schema\/person\/eee5b69ad5d3c51cabe881c839dbe133\"},\"breadcrumb\":{\"@id\":\"https:\/\/theplayoffs.news\/fr\/actualite-nfl\/nick-caley-keenan-mccardell-viseur-patriots-coordinateur-offensif\/#breadcrumb\"},\"inLanguage\":\"fr-FR\",\"potentialAction\":[{\"@type\":\"ReadAction\",\"target\":[\"https:\/\/theplayoffs.news\/fr\/actualite-nfl\/nick-caley-keenan-mccardell-viseur-patriots-coordinateur-offensif\/\"]}]},{\"@type\":\"ImageObject\",\"inLanguage\":\"fr-FR\",\"@id\":\"https:\/\/theplayoffs.news\/fr\/actualite-nfl\/nick-caley-keenan-mccardell-viseur-patriots-coordinateur-offensif\/#primaryimage\",\"url\":\"https:\/\/theplayoffs.news\/fr\/wp-content\/uploads\/2023\/01\/1245581399.0.jpg\",\"contentUrl\":\"https:\/\/theplayoffs.news\/fr\/wp-content\/uploads\/2023\/01\/1245581399.0.jpg\",\"width\":1200,\"height\":800,\"caption\":\"Keenan McCardell\"},{\"@type\":\"BreadcrumbList\",\"@id\":\"https:\/\/theplayoffs.news\/fr\/actualite-nfl\/nick-caley-keenan-mccardell-viseur-patriots-coordinateur-offensif\/#breadcrumb\",\"itemListElement\":[{\"@type\":\"ListItem\",\"position\":1,\"name\":\"Accueil\",\"item\":\"https:\/\/theplayoffs.news\/fr\/\"},{\"@type\":\"ListItem\",\"position\":2,\"name\":\"Nick Caley, Keenan McCardell dans le viseur des Patriots pour le poste de coordinateur offensif\"}]},{\"@type\":\"WebSite\",\"@id\":\"https:\/\/theplayoffs.news\/fr\/#website\",\"url\":\"https:\/\/theplayoffs.news\/fr\/\",\"name\":\"The Playoffs FR\",\"description\":\"NBA-NFL-NHL-MLB\",\"potentialAction\":[{\"@type\":\"SearchAction\",\"target\":{\"@type\":\"EntryPoint\",\"urlTemplate\":\"https:\/\/theplayoffs.news\/fr\/?s={search_term_string}\"},\"query-input\":{\"@type\":\"PropertyValueSpecification\",\"valueRequired\":true,\"valueName\":\"search_term_string\"}}],\"inLanguage\":\"fr-FR\"},{\"@type\":\"Person\",\"@id\":\"https:\/\/theplayoffs.news\/fr\/#\/schema\/person\/eee5b69ad5d3c51cabe881c839dbe133\",\"name\":\"Charles Taudin\",\"image\":{\"@type\":\"ImageObject\",\"inLanguage\":\"fr-FR\",\"@id\":\"https:\/\/theplayoffs.news\/fr\/#\/schema\/person\/image\/\",\"url\":\"https:\/\/secure.gravatar.com\/avatar\/59a1e772205ce9fd255edfcafc93013736822e20261f294c5753b20c41ede9f2?s=96&d=mm&r=g\",\"contentUrl\":\"https:\/\/secure.gravatar.com\/avatar\/59a1e772205ce9fd255edfcafc93013736822e20261f294c5753b20c41ede9f2?s=96&d=mm&r=g\",\"caption\":\"Charles Taudin\"},\"description\":\"R\u00e9dacteur en chef global de The Playoffs, j\u2019ai cr\u00e9\u00e9 The Free Agent, devenu The Playoffs FR, en 2020 durant la pand\u00e9mie. Amoureux depuis des ann\u00e9es des 4 sports majeurs am\u00e9ricains, j\u2019organise maintenant la strat\u00e9gie \u00e9ditoriale et les r\u00e9seaux sociaux de l\u2019ensemble des versions de The Playoffs. Il m\u2019arrive encore d\u2019\u00e9crire sur certains sports que j\u2019affectionne particuli\u00e8rement comme la NFL ou la MLB. Si vous devez retenir qu\u2019une chose : Eli Manning est le vrai GOAT pour avoir battu deux fois Tom Brady.\",\"sameAs\":[\"https:\/\/www.instagram.com\/ctaudin_\/\"],\"url\":\"https:\/\/theplayoffs.news\/fr\/author\/charles-taudin\/\"}]}<\/script>\n<!-- \/ Yoast SEO plugin. -->","yoast_head_json":{"title":"Nick Caley, Keenan McCardell dans le viseur des Patriots pour le poste de coordinateur offensif - The Playoffs FR","robots":{"index":"index","follow":"follow","max-snippet":"max-snippet:-1","max-image-preview":"max-image-preview:large","max-video-preview":"max-video-preview:-1"},"canonical":"https:\/\/theplayoffs.news\/fr\/actualite-nfl\/nick-caley-keenan-mccardell-viseur-patriots-coordinateur-offensif\/","og_locale":"fr_FR","og_type":"article","og_title":"Nick Caley, Keenan McCardell dans le viseur des Patriots pour le poste de coordinateur offensif - The Playoffs FR","og_url":"https:\/\/theplayoffs.news\/fr\/actualite-nfl\/nick-caley-keenan-mccardell-viseur-patriots-coordinateur-offensif\/","og_site_name":"The Playoffs FR","article_publisher":"https:\/\/www.facebook.com\/TheFreeAgentFR\/","og_image":[{"width":1200,"height":800,"url":"https:\/\/theplayoffs.news\/fr\/wp-content\/uploads\/2023\/01\/1245581399.0.jpg","type":"image\/jpeg"}],"author":"Charles Taudin","twitter_card":"summary_large_image","twitter_creator":"@TheFreeAgentFR","twitter_site":"@TheFreeAgentFR","twitter_misc":{"\u00c9crit par":"Charles Taudin","Dur\u00e9e de lecture estim\u00e9e":"1 minute"},"schema":{"@context":"https:\/\/schema.org","@graph":[{"@type":"WebPage","@id":"https:\/\/theplayoffs.news\/fr\/actualite-nfl\/nick-caley-keenan-mccardell-viseur-patriots-coordinateur-offensif\/","url":"https:\/\/theplayoffs.news\/fr\/actualite-nfl\/nick-caley-keenan-mccardell-viseur-patriots-coordinateur-offensif\/","name":"Nick Caley, Keenan McCardell dans le viseur des Patriots pour le poste de coordinateur offensif - The Playoffs FR","isPartOf":{"@id":"https:\/\/theplayoffs.news\/fr\/#website"},"primaryImageOfPage":{"@id":"https:\/\/theplayoffs.news\/fr\/actualite-nfl\/nick-caley-keenan-mccardell-viseur-patriots-coordinateur-offensif\/#primaryimage"},"image":{"@id":"https:\/\/theplayoffs.news\/fr\/actualite-nfl\/nick-caley-keenan-mccardell-viseur-patriots-coordinateur-offensif\/#primaryimage"},"thumbnailUrl":"https:\/\/theplayoffs.news\/fr\/wp-content\/uploads\/2023\/01\/1245581399.0.jpg","datePublished":"2023-01-18T16:46:26+00:00","dateModified":"2023-01-18T16:46:26+00:00","author":{"@id":"https:\/\/theplayoffs.news\/fr\/#\/schema\/person\/eee5b69ad5d3c51cabe881c839dbe133"},"breadcrumb":{"@id":"https:\/\/theplayoffs.news\/fr\/actualite-nfl\/nick-caley-keenan-mccardell-viseur-patriots-coordinateur-offensif\/#breadcrumb"},"inLanguage":"fr-FR","potentialAction":[{"@type":"ReadAction","target":["https:\/\/theplayoffs.news\/fr\/actualite-nfl\/nick-caley-keenan-mccardell-viseur-patriots-coordinateur-offensif\/"]}]},{"@type":"ImageObject","inLanguage":"fr-FR","@id":"https:\/\/theplayoffs.news\/fr\/actualite-nfl\/nick-caley-keenan-mccardell-viseur-patriots-coordinateur-offensif\/#primaryimage","url":"https:\/\/theplayoffs.news\/fr\/wp-content\/uploads\/2023\/01\/1245581399.0.jpg","contentUrl":"https:\/\/theplayoffs.news\/fr\/wp-content\/uploads\/2023\/01\/1245581399.0.jpg","width":1200,"height":800,"caption":"Keenan McCardell"},{"@type":"BreadcrumbList","@id":"https:\/\/theplayoffs.news\/fr\/actualite-nfl\/nick-caley-keenan-mccardell-viseur-patriots-coordinateur-offensif\/#breadcrumb","itemListElement":[{"@type":"ListItem","position":1,"name":"Accueil","item":"https:\/\/theplayoffs.news\/fr\/"},{"@type":"ListItem","position":2,"name":"Nick Caley, Keenan McCardell dans le viseur des Patriots pour le poste de coordinateur offensif"}]},{"@type":"WebSite","@id":"https:\/\/theplayoffs.news\/fr\/#website","url":"https:\/\/theplayoffs.news\/fr\/","name":"The Playoffs FR","description":"NBA-NFL-NHL-MLB","potentialAction":[{"@type":"SearchAction","target":{"@type":"EntryPoint","urlTemplate":"https:\/\/theplayoffs.news\/fr\/?s={search_term_string}"},"query-input":{"@type":"PropertyValueSpecification","valueRequired":true,"valueName":"search_term_string"}}],"inLanguage":"fr-FR"},{"@type":"Person","@id":"https:\/\/theplayoffs.news\/fr\/#\/schema\/person\/eee5b69ad5d3c51cabe881c839dbe133","name":"Charles Taudin","image":{"@type":"ImageObject","inLanguage":"fr-FR","@id":"https:\/\/theplayoffs.news\/fr\/#\/schema\/person\/image\/","url":"https:\/\/secure.gravatar.com\/avatar\/59a1e772205ce9fd255edfcafc93013736822e20261f294c5753b20c41ede9f2?s=96&d=mm&r=g","contentUrl":"https:\/\/secure.gravatar.com\/avatar\/59a1e772205ce9fd255edfcafc93013736822e20261f294c5753b20c41ede9f2?s=96&d=mm&r=g","caption":"Charles Taudin"},"description":"R\u00e9dacteur en chef global de The Playoffs, j\u2019ai cr\u00e9\u00e9 The Free Agent, devenu The Playoffs FR, en 2020 durant la pand\u00e9mie. Amoureux depuis des ann\u00e9es des 4 sports majeurs am\u00e9ricains, j\u2019organise maintenant la strat\u00e9gie \u00e9ditoriale et les r\u00e9seaux sociaux de l\u2019ensemble des versions de The Playoffs. Il m\u2019arrive encore d\u2019\u00e9crire sur certains sports que j\u2019affectionne particuli\u00e8rement comme la NFL ou la MLB. Si vous devez retenir qu\u2019une chose : Eli Manning est le vrai GOAT pour avoir battu deux fois Tom Brady.","sameAs":["https:\/\/www.instagram.com\/ctaudin_\/"],"url":"https:\/\/theplayoffs.news\/fr\/author\/charles-taudin\/"}]}},"_links":{"self":[{"href":"https:\/\/theplayoffs.news\/fr\/wp-json\/wp\/v2\/posts\/533922","targetHints":{"allow":["GET"]}}],"collection":[{"href":"https:\/\/theplayoffs.news\/fr\/wp-json\/wp\/v2\/posts"}],"about":[{"href":"https:\/\/theplayoffs.news\/fr\/wp-json\/wp\/v2\/types\/post"}],"author":[{"embeddable":true,"href":"https:\/\/theplayoffs.news\/fr\/wp-json\/wp\/v2\/users\/13"}],"replies":[{"embeddable":true,"href":"https:\/\/theplayoffs.news\/fr\/wp-json\/wp\/v2\/comments?post=533922"}],"version-history":[{"count":2,"href":"https:\/\/theplayoffs.news\/fr\/wp-json\/wp\/v2\/posts\/533922\/revisions"}],"predecessor-version":[{"id":533925,"href":"https:\/\/theplayoffs.news\/fr\/wp-json\/wp\/v2\/posts\/533922\/revisions\/533925"}],"wp:featuredmedia":[{"embeddable":true,"href":"https:\/\/theplayoffs.news\/fr\/wp-json\/wp\/v2\/media\/533923"}],"wp:attachment":[{"href":"https:\/\/theplayoffs.news\/fr\/wp-json\/wp\/v2\/media?parent=533922"}],"wp:term":[{"taxonomy":"category","embeddable":true,"href":"https:\/\/theplayoffs.news\/fr\/wp-json\/wp\/v2\/categories?post=533922"},{"taxonomy":"post_tag","embeddable":true,"href":"https:\/\/theplayoffs.news\/fr\/wp-json\/wp\/v2\/tags?post=533922"},{"taxonomy":"sport","embeddable":true,"href":"https:\/\/theplayoffs.news\/fr\/wp-json\/wp\/v2\/sport?post=533922"},{"taxonomy":"saison","embeddable":true,"href":"https:\/\/theplayoffs.news\/fr\/wp-json\/wp\/v2\/saison?post=533922"}],"curies":[{"name":"wp","href":"https:\/\/api.w.org\/{rel}","templated":true}]}}