{"id":533918,"date":"2023-01-18T18:36:24","date_gmt":"2023-01-18T17:36:24","guid":{"rendered":"https:\/\/theplayoffs.news\/fr\/?p=533918"},"modified":"2023-01-18T18:36:24","modified_gmt":"2023-01-18T17:36:24","slug":"lauri-markkanen-futur-mip","status":"publish","type":"post","link":"https:\/\/theplayoffs.news\/fr\/actualite-nba\/lauri-markkanen-futur-mip\/","title":{"rendered":"Lauri Markkanen futur MIP ?"},"content":{"rendered":"<h2><span id=\"p66\">L&rsquo;ailier finlandais du Jazz d&rsquo;<span id=\"72\" class=\"s-rg-t\">Utah<\/span>&nbsp;Lauri Markkanen r&eacute;alise pour le moment une tr&egrave;s grande saison avec son &eacute;quipe et pr&eacute;tend &agrave; un &eacute;ventuel titre de <span id=\"74\" class=\"s-rg-t\">MIP<\/span> <span id=\"p65\">(meilleure progression)<\/span> en fin de saison.<\/span><span id=\"p83\"> Pour cause, il marque 10 points de plus en moyenne que l&rsquo;ann&eacute;e derni&egrave;re, avec plus de 24 points de moyenne.<\/span><br>\n<span id=\"p68\"><\/span><\/h2><p><span id=\"p68\">Avec <strong>24.6 points<\/strong> en moyenne cette saison, <strong><a href=\"https:\/\/theplayoffs.news\/fr\/equipe\/utah-jazz-nba\/\" class=\"trk-cta-link\" data-cta-trk='{\"ctaType\":\"Link\",\"ctaSubType\":\"main\"}'>Lauri <span id=\"76\" class=\"s-rg-t\">Markkanen<\/span><\/a><\/strong>&nbsp;inscrit 10 points de plus en moyenne que l&rsquo;an pass&eacute;e quand il affichait une moyenne de 14.8 points.<\/span><span id=\"p69\"> L&rsquo;ailier finlandais r&eacute;alise une excellente saison avec le <strong>Jazz d&rsquo;<span id=\"77\" class=\"s-rg-t\">Utah<\/span><\/strong> &agrave; l&rsquo;image de son &eacute;quipe qui pointe &agrave; la 8e position du classement de la conf&eacute;rence Ouest apr&egrave;s la mi-saison, synonyme de place en &laquo; <span id=\"78\" class=\"s-rg-t\">play-in<\/span> &raquo;.<\/span><span id=\"p70\"> Et tout cela est compl&egrave;tement inattendue, autant de la part d&rsquo;<span id=\"79\" class=\"s-rg-t\">Utah<\/span> que de <span id=\"80\" class=\"s-rg-t\">Markkanen<\/span>.<\/span><span id=\"p71\"> Apr&egrave;s l&rsquo;&eacute;change de <strong>Rudy Gobert<\/strong> l&rsquo;&eacute;t&eacute; dernier, personne n&rsquo;attendait <span id=\"82\" class=\"s-rg-t\">Utah<\/span> &agrave; ce niveau, mais plut&ocirc;t &agrave; la lutte pour un premier choix de draft.<\/span><\/p><p><a href=\"https:\/\/www.nba.com\/player\/1628374\/lauri-markkanen\" class=\"trk-cta-link\" data-cta-trk='{\"ctaType\":\"Link\",\"ctaSubType\":\"main\"}'><strong>Lauri Markkanen<\/strong><\/a> prouve enfin son talent et ses capacit&eacute;s depuis 6 ans qu&rsquo;il est dans la ligue et sa draft en <strong>2017<\/strong> o&ugrave; il a &eacute;t&eacute; s&eacute;lectionn&eacute; en 7e position par <strong>Chicago<\/strong>. Arriv&eacute; cet &eacute;t&eacute; dans l&rsquo;Utah, il est arriv&eacute; dans une &eacute;quipe qui ne s&rsquo;attendait pas &agrave; gagner autant de matchs avec tr&egrave;s peu de pression, ce qui a aid&eacute; sans doute &agrave; sa bonne int&eacute;gration dans le collectif du Jazz. Son ascension est frappante, puisqu&rsquo;il a progress&eacute; dans toutes les cat&eacute;gories statistiques : minutes, points, rebonds, passes d&eacute;cisives, pourcentage au shoot, &agrave; 3 points&hellip;<\/p><blockquote class=\"twitter-tweet\" data-width=\"500\" data-dnt=\"true\">\n<p lang=\"fi\" dir=\"ltr\">LAURI MARKKANEN, SHEESH&#128548; <a href=\"https:\/\/t.co\/ZZzsfGAYfv\" class=\"trk-cta-link\" data-cta-trk='{\"ctaType\":\"Link\",\"ctaSubType\":\"main\"}'>pic.twitter.com\/ZZzsfGAYfv<\/a><\/p>\n<p>&mdash; SportsCenter (@SportsCenter) <a href=\"https:\/\/twitter.com\/SportsCenter\/status\/1611919572227227649?ref_src=twsrc%5Etfw\" class=\"trk-cta-link\" data-cta-trk='{\"ctaType\":\"Link\",\"ctaSubType\":\"main\"}'>January 8, 2023<\/a><\/p><\/blockquote><p><script async src=\"https:\/\/platform.twitter.com\/widgets.js\" charset=\"utf-8\"><\/script><\/p><p>Une si belle saison qui le place parmi les favoris au titre de <strong>MIP<\/strong> (Most Improved Player) en fin de saison, qui r&eacute;compense le joueur ayant le plus progress&eacute;. Mais Lauri Markkanen pourrait tr&egrave;s bien &ecirc;tre pr&eacute;sent pour la premi&egrave;re fois de sa carri&egrave;re au <strong>All Star Game<\/strong> en f&eacute;vrier, qui se d&eacute;roulera justement, &agrave; Utah. Une nomination qui serait m&eacute;rit&eacute;e vu son niveau de jeu, lui qui est actuellement 7e du classement des votes pour les ailiers et int&eacute;rieurs de la conf&eacute;rence Ouest et qui pourrait donc &ecirc;tre rep&ecirc;ch&eacute; en tant que rempla&ccedil;ant.<\/p><p>Le joueur de 25 ans n&eacute; &agrave; <strong>Vantaa<\/strong> en <strong>Finlande<\/strong>, comptabilise plus de 24 points de moyenne, plus de 8 rebonds en moyenne par match cette saison, mais aussi pratiquement 2 passes d&eacute;cisives en moyenne et tire &agrave; 52% de r&eacute;ussite. Il a d&eacute;j&agrave; d&eacute;pass&eacute; 9 fois les 30 points cette ann&eacute;e en r&eacute;alisant son record de points en carri&egrave;re le 6 janvier dernier lors d&rsquo;un d&eacute;placement &agrave; <strong>Houston<\/strong>, o&ugrave; il a inscrit 49 points. Cerise sur le g&acirc;teau, il est &eacute;galement devenu le 2e joueur le plus rapide de l&rsquo;histoire de la franchise du Jazz &agrave; d&eacute;passer les <strong>1 000 points.&nbsp;<\/strong><\/p><blockquote class=\"twitter-tweet\" data-width=\"500\" data-dnt=\"true\">\n<p lang=\"en\" dir=\"ltr\">Lauri becomes the second-fastest player to 1000 points scored with the Jazz all-time (Adrian Dantley &ndash; 34 games in 1979-80) &#128420;<a href=\"https:\/\/twitter.com\/hashtag\/TakeNote?src=hash&amp;ref_src=twsrc%5Etfw\" class=\"trk-cta-link\" data-cta-trk='{\"ctaType\":\"Link\",\"ctaSubType\":\"main\"}'>#TakeNote<\/a> | <a href=\"https:\/\/twitter.com\/MarkkanenLauri?ref_src=twsrc%5Etfw\" class=\"trk-cta-link\" data-cta-trk='{\"ctaType\":\"Link\",\"ctaSubType\":\"main\"}'>@MarkkanenLauri<\/a> <a href=\"https:\/\/t.co\/GUSDJfJItj\" class=\"trk-cta-link\" data-cta-trk='{\"ctaType\":\"Link\",\"ctaSubType\":\"main\"}'>pic.twitter.com\/GUSDJfJItj<\/a><\/p>\n<p>&mdash; Utah Jazz (@utahjazz) <a href=\"https:\/\/twitter.com\/utahjazz\/status\/1613027235283468288?ref_src=twsrc%5Etfw\" class=\"trk-cta-link\" data-cta-trk='{\"ctaType\":\"Link\",\"ctaSubType\":\"main\"}'>January 11, 2023<\/a><\/p><\/blockquote><p><script async src=\"https:\/\/platform.twitter.com\/widgets.js\" charset=\"utf-8\"><\/script><\/p>\n","protected":false},"excerpt":{"rendered":"","protected":false},"author":180310139,"featured_media":533930,"comment_status":"open","ping_status":"closed","sticky":false,"template":"","format":"standard","meta":{"inline_featured_image":false,"kia_subtitle":"","_mux_skip_reasons":[],"proofreadBy":0,"footnotes":""},"categories":[110,10],"tags":[2766,911,23,855],"sport":[2783],"saison":[],"class_list":["post-533918","post","type-post","status-publish","format-standard","has-post-thumbnail","hentry","category-actualite-nba","category-nba","tag-lauri-markkanen","tag-mip","tag-nba-tag","tag-utah-jazz","sport-nba"],"acf":[],"yoast_head":"<!-- This site is optimized with the Yoast SEO plugin v24.2 - https:\/\/yoast.com\/wordpress\/plugins\/seo\/ -->\n<title>Lauri Markkanen futur MIP ? - The Playoffs FR<\/title>\n<meta name=\"robots\" content=\"index, follow, max-snippet:-1, max-image-preview:large, max-video-preview:-1\" \/>\n<link rel=\"canonical\" href=\"https:\/\/theplayoffs.news\/fr\/actualite-nba\/lauri-markkanen-futur-mip\/\" \/>\n<meta property=\"og:locale\" content=\"fr_FR\" \/>\n<meta property=\"og:type\" content=\"article\" \/>\n<meta property=\"og:title\" content=\"Lauri Markkanen futur MIP ? - The Playoffs FR\" \/>\n<meta property=\"og:url\" content=\"https:\/\/theplayoffs.news\/fr\/actualite-nba\/lauri-markkanen-futur-mip\/\" \/>\n<meta property=\"og:site_name\" content=\"The Playoffs FR\" \/>\n<meta property=\"article:publisher\" content=\"https:\/\/www.facebook.com\/TheFreeAgentFR\/\" \/>\n<meta property=\"article:modified_time\" content=\"2023-01-18T18:36:24+01:00\" \/>\n<meta property=\"og:image\" content=\"https:\/\/theplayoffs.news\/fr\/wp-content\/uploads\/2023\/01\/285D8038-9EC6-4FFF-9BC5-3E0A48CE5149.jpeg\" \/>\n\t<meta property=\"og:image:width\" content=\"1920\" \/>\n\t<meta property=\"og:image:height\" content=\"1252\" \/>\n\t<meta property=\"og:image:type\" content=\"image\/jpeg\" \/>\n<meta name=\"author\" content=\"Alban Conejero\" \/>\n<meta name=\"twitter:card\" content=\"summary_large_image\" \/>\n<meta name=\"twitter:creator\" content=\"@TheFreeAgentFR\" \/>\n<meta name=\"twitter:site\" content=\"@TheFreeAgentFR\" \/>\n<meta name=\"twitter:label1\" content=\"\u00c9crit par\" \/>\n\t<meta name=\"twitter:data1\" content=\"Alban Conejero\" \/>\n\t<meta name=\"twitter:label2\" content=\"Dur\u00e9e de lecture estim\u00e9e\" \/>\n\t<meta name=\"twitter:data2\" content=\"2 minutes\" \/>\n<script type=\"application\/ld+json\" class=\"yoast-schema-graph\">{\"@context\":\"https:\/\/schema.org\",\"@graph\":[{\"@type\":\"WebPage\",\"@id\":\"https:\/\/theplayoffs.news\/fr\/actualite-nba\/lauri-markkanen-futur-mip\/\",\"url\":\"https:\/\/theplayoffs.news\/fr\/actualite-nba\/lauri-markkanen-futur-mip\/\",\"name\":\"Lauri Markkanen futur MIP ? - The Playoffs FR\",\"isPartOf\":{\"@id\":\"https:\/\/theplayoffs.news\/fr\/#website\"},\"primaryImageOfPage\":{\"@id\":\"https:\/\/theplayoffs.news\/fr\/actualite-nba\/lauri-markkanen-futur-mip\/#primaryimage\"},\"image\":{\"@id\":\"https:\/\/theplayoffs.news\/fr\/actualite-nba\/lauri-markkanen-futur-mip\/#primaryimage\"},\"thumbnailUrl\":\"https:\/\/theplayoffs.news\/fr\/wp-content\/uploads\/2023\/01\/285D8038-9EC6-4FFF-9BC5-3E0A48CE5149.jpeg\",\"datePublished\":\"2023-01-18T17:36:24+00:00\",\"dateModified\":\"2023-01-18T17:36:24+00:00\",\"author\":{\"@id\":\"https:\/\/theplayoffs.news\/fr\/#\/schema\/person\/3dd6319a9057ecd181d2351cdb03ccd2\"},\"breadcrumb\":{\"@id\":\"https:\/\/theplayoffs.news\/fr\/actualite-nba\/lauri-markkanen-futur-mip\/#breadcrumb\"},\"inLanguage\":\"fr-FR\",\"potentialAction\":[{\"@type\":\"ReadAction\",\"target\":[\"https:\/\/theplayoffs.news\/fr\/actualite-nba\/lauri-markkanen-futur-mip\/\"]}]},{\"@type\":\"ImageObject\",\"inLanguage\":\"fr-FR\",\"@id\":\"https:\/\/theplayoffs.news\/fr\/actualite-nba\/lauri-markkanen-futur-mip\/#primaryimage\",\"url\":\"https:\/\/theplayoffs.news\/fr\/wp-content\/uploads\/2023\/01\/285D8038-9EC6-4FFF-9BC5-3E0A48CE5149.jpeg\",\"contentUrl\":\"https:\/\/theplayoffs.news\/fr\/wp-content\/uploads\/2023\/01\/285D8038-9EC6-4FFF-9BC5-3E0A48CE5149.jpeg\",\"width\":1920,\"height\":1252,\"caption\":\"Markkanen\"},{\"@type\":\"BreadcrumbList\",\"@id\":\"https:\/\/theplayoffs.news\/fr\/actualite-nba\/lauri-markkanen-futur-mip\/#breadcrumb\",\"itemListElement\":[{\"@type\":\"ListItem\",\"position\":1,\"name\":\"Accueil\",\"item\":\"https:\/\/theplayoffs.news\/fr\/\"},{\"@type\":\"ListItem\",\"position\":2,\"name\":\"Lauri Markkanen futur MIP ?\"}]},{\"@type\":\"WebSite\",\"@id\":\"https:\/\/theplayoffs.news\/fr\/#website\",\"url\":\"https:\/\/theplayoffs.news\/fr\/\",\"name\":\"The Playoffs FR\",\"description\":\"NBA-NFL-NHL-MLB\",\"potentialAction\":[{\"@type\":\"SearchAction\",\"target\":{\"@type\":\"EntryPoint\",\"urlTemplate\":\"https:\/\/theplayoffs.news\/fr\/?s={search_term_string}\"},\"query-input\":{\"@type\":\"PropertyValueSpecification\",\"valueRequired\":true,\"valueName\":\"search_term_string\"}}],\"inLanguage\":\"fr-FR\"},{\"@type\":\"Person\",\"@id\":\"https:\/\/theplayoffs.news\/fr\/#\/schema\/person\/3dd6319a9057ecd181d2351cdb03ccd2\",\"name\":\"Alban Conejero\",\"image\":{\"@type\":\"ImageObject\",\"inLanguage\":\"fr-FR\",\"@id\":\"https:\/\/theplayoffs.news\/fr\/#\/schema\/person\/image\/\",\"url\":\"https:\/\/secure.gravatar.com\/avatar\/ef2d5e8508f59dc7b4e42edb92917fc230c9f46d5eb7ec09de6d5b8e112de01f?s=96&d=mm&r=g\",\"contentUrl\":\"https:\/\/secure.gravatar.com\/avatar\/ef2d5e8508f59dc7b4e42edb92917fc230c9f46d5eb7ec09de6d5b8e112de01f?s=96&d=mm&r=g\",\"caption\":\"Alban Conejero\"},\"url\":\"https:\/\/theplayoffs.news\/fr\/author\/albanconejero26gmail-com\/\"}]}<\/script>\n<!-- \/ Yoast SEO plugin. -->","yoast_head_json":{"title":"Lauri Markkanen futur MIP ? - The Playoffs FR","robots":{"index":"index","follow":"follow","max-snippet":"max-snippet:-1","max-image-preview":"max-image-preview:large","max-video-preview":"max-video-preview:-1"},"canonical":"https:\/\/theplayoffs.news\/fr\/actualite-nba\/lauri-markkanen-futur-mip\/","og_locale":"fr_FR","og_type":"article","og_title":"Lauri Markkanen futur MIP ? - The Playoffs FR","og_url":"https:\/\/theplayoffs.news\/fr\/actualite-nba\/lauri-markkanen-futur-mip\/","og_site_name":"The Playoffs FR","article_publisher":"https:\/\/www.facebook.com\/TheFreeAgentFR\/","og_image":[{"width":1920,"height":1252,"url":"https:\/\/theplayoffs.news\/fr\/wp-content\/uploads\/2023\/01\/285D8038-9EC6-4FFF-9BC5-3E0A48CE5149.jpeg","type":"image\/jpeg"}],"author":"Alban Conejero","twitter_card":"summary_large_image","twitter_creator":"@TheFreeAgentFR","twitter_site":"@TheFreeAgentFR","twitter_misc":{"\u00c9crit par":"Alban Conejero","Dur\u00e9e de lecture estim\u00e9e":"2 minutes"},"schema":{"@context":"https:\/\/schema.org","@graph":[{"@type":"WebPage","@id":"https:\/\/theplayoffs.news\/fr\/actualite-nba\/lauri-markkanen-futur-mip\/","url":"https:\/\/theplayoffs.news\/fr\/actualite-nba\/lauri-markkanen-futur-mip\/","name":"Lauri Markkanen futur MIP ? - The Playoffs FR","isPartOf":{"@id":"https:\/\/theplayoffs.news\/fr\/#website"},"primaryImageOfPage":{"@id":"https:\/\/theplayoffs.news\/fr\/actualite-nba\/lauri-markkanen-futur-mip\/#primaryimage"},"image":{"@id":"https:\/\/theplayoffs.news\/fr\/actualite-nba\/lauri-markkanen-futur-mip\/#primaryimage"},"thumbnailUrl":"https:\/\/theplayoffs.news\/fr\/wp-content\/uploads\/2023\/01\/285D8038-9EC6-4FFF-9BC5-3E0A48CE5149.jpeg","datePublished":"2023-01-18T17:36:24+00:00","dateModified":"2023-01-18T17:36:24+00:00","author":{"@id":"https:\/\/theplayoffs.news\/fr\/#\/schema\/person\/3dd6319a9057ecd181d2351cdb03ccd2"},"breadcrumb":{"@id":"https:\/\/theplayoffs.news\/fr\/actualite-nba\/lauri-markkanen-futur-mip\/#breadcrumb"},"inLanguage":"fr-FR","potentialAction":[{"@type":"ReadAction","target":["https:\/\/theplayoffs.news\/fr\/actualite-nba\/lauri-markkanen-futur-mip\/"]}]},{"@type":"ImageObject","inLanguage":"fr-FR","@id":"https:\/\/theplayoffs.news\/fr\/actualite-nba\/lauri-markkanen-futur-mip\/#primaryimage","url":"https:\/\/theplayoffs.news\/fr\/wp-content\/uploads\/2023\/01\/285D8038-9EC6-4FFF-9BC5-3E0A48CE5149.jpeg","contentUrl":"https:\/\/theplayoffs.news\/fr\/wp-content\/uploads\/2023\/01\/285D8038-9EC6-4FFF-9BC5-3E0A48CE5149.jpeg","width":1920,"height":1252,"caption":"Markkanen"},{"@type":"BreadcrumbList","@id":"https:\/\/theplayoffs.news\/fr\/actualite-nba\/lauri-markkanen-futur-mip\/#breadcrumb","itemListElement":[{"@type":"ListItem","position":1,"name":"Accueil","item":"https:\/\/theplayoffs.news\/fr\/"},{"@type":"ListItem","position":2,"name":"Lauri Markkanen futur MIP ?"}]},{"@type":"WebSite","@id":"https:\/\/theplayoffs.news\/fr\/#website","url":"https:\/\/theplayoffs.news\/fr\/","name":"The Playoffs FR","description":"NBA-NFL-NHL-MLB","potentialAction":[{"@type":"SearchAction","target":{"@type":"EntryPoint","urlTemplate":"https:\/\/theplayoffs.news\/fr\/?s={search_term_string}"},"query-input":{"@type":"PropertyValueSpecification","valueRequired":true,"valueName":"search_term_string"}}],"inLanguage":"fr-FR"},{"@type":"Person","@id":"https:\/\/theplayoffs.news\/fr\/#\/schema\/person\/3dd6319a9057ecd181d2351cdb03ccd2","name":"Alban Conejero","image":{"@type":"ImageObject","inLanguage":"fr-FR","@id":"https:\/\/theplayoffs.news\/fr\/#\/schema\/person\/image\/","url":"https:\/\/secure.gravatar.com\/avatar\/ef2d5e8508f59dc7b4e42edb92917fc230c9f46d5eb7ec09de6d5b8e112de01f?s=96&d=mm&r=g","contentUrl":"https:\/\/secure.gravatar.com\/avatar\/ef2d5e8508f59dc7b4e42edb92917fc230c9f46d5eb7ec09de6d5b8e112de01f?s=96&d=mm&r=g","caption":"Alban Conejero"},"url":"https:\/\/theplayoffs.news\/fr\/author\/albanconejero26gmail-com\/"}]}},"_links":{"self":[{"href":"https:\/\/theplayoffs.news\/fr\/wp-json\/wp\/v2\/posts\/533918","targetHints":{"allow":["GET"]}}],"collection":[{"href":"https:\/\/theplayoffs.news\/fr\/wp-json\/wp\/v2\/posts"}],"about":[{"href":"https:\/\/theplayoffs.news\/fr\/wp-json\/wp\/v2\/types\/post"}],"author":[{"embeddable":true,"href":"https:\/\/theplayoffs.news\/fr\/wp-json\/wp\/v2\/users\/180310139"}],"replies":[{"embeddable":true,"href":"https:\/\/theplayoffs.news\/fr\/wp-json\/wp\/v2\/comments?post=533918"}],"version-history":[{"count":2,"href":"https:\/\/theplayoffs.news\/fr\/wp-json\/wp\/v2\/posts\/533918\/revisions"}],"predecessor-version":[{"id":533934,"href":"https:\/\/theplayoffs.news\/fr\/wp-json\/wp\/v2\/posts\/533918\/revisions\/533934"}],"wp:featuredmedia":[{"embeddable":true,"href":"https:\/\/theplayoffs.news\/fr\/wp-json\/wp\/v2\/media\/533930"}],"wp:attachment":[{"href":"https:\/\/theplayoffs.news\/fr\/wp-json\/wp\/v2\/media?parent=533918"}],"wp:term":[{"taxonomy":"category","embeddable":true,"href":"https:\/\/theplayoffs.news\/fr\/wp-json\/wp\/v2\/categories?post=533918"},{"taxonomy":"post_tag","embeddable":true,"href":"https:\/\/theplayoffs.news\/fr\/wp-json\/wp\/v2\/tags?post=533918"},{"taxonomy":"sport","embeddable":true,"href":"https:\/\/theplayoffs.news\/fr\/wp-json\/wp\/v2\/sport?post=533918"},{"taxonomy":"saison","embeddable":true,"href":"https:\/\/theplayoffs.news\/fr\/wp-json\/wp\/v2\/saison?post=533918"}],"curies":[{"name":"wp","href":"https:\/\/api.w.org\/{rel}","templated":true}]}}