{"id":533862,"date":"2023-01-18T14:18:06","date_gmt":"2023-01-18T13:18:06","guid":{"rendered":"https:\/\/theplayoffs.news\/fr\/?p=533862"},"modified":"2023-01-18T14:36:20","modified_gmt":"2023-01-18T13:36:20","slug":"embiid-le-boss-de-los-angeles","status":"publish","type":"post","link":"https:\/\/theplayoffs.news\/fr\/actualite-nba\/embiid-le-boss-de-los-angeles\/","title":{"rendered":"Embiid, le boss de Los Angeles"},"content":{"rendered":"<h2>Jo&euml;l Embiid a &eacute;t&eacute; dominant lors de la victoire des Sixers face aux Clippers. Il s&rsquo;est balad&eacute; dans la raquette des Clippers qui n&rsquo;ont pas su r&eacute;pondre.<\/h2><p>Il a rappel&eacute; ce qu&rsquo;&eacute;tait le travail d&rsquo;un pivot, dominer la raquette. Et <a href=\"https:\/\/theplayoffs.news\/fr\/joueur\/joel-embiid-philadelphia-76ers-nba\/\" class=\"trk-cta-link\" data-cta-trk='{\"ctaType\":\"Link\",\"ctaSubType\":\"main\"}'>Jo&euml;l Embiid<\/a> l&rsquo;a tr&egrave;s bien fait lors de la victoire des siens face aux <strong>Clippers<\/strong> (120-110). Il termine le match avec <strong>41 points et 9 rebonds<\/strong>. Il a domin&eacute; ses adversaires directs.<\/p><blockquote class=\"twitter-tweet\" data-width=\"500\" data-dnt=\"true\">\n<p lang=\"et\" dir=\"ltr\">Embiid tonight:<\/p>\n<p>41 PTS<br>9 REB<br>W <a href=\"https:\/\/t.co\/PnnTL9VKRV\" class=\"trk-cta-link\" data-cta-trk='{\"ctaType\":\"Link\",\"ctaSubType\":\"main\"}'>pic.twitter.com\/PnnTL9VKRV<\/a><\/p>\n<p>&mdash; Bleacher Report (@BleacherReport) <a href=\"https:\/\/twitter.com\/BleacherReport\/status\/1615582515024257025?ref_src=twsrc%5Etfw\" class=\"trk-cta-link\" data-cta-trk='{\"ctaType\":\"Link\",\"ctaSubType\":\"main\"}'>January 18, 2023<\/a><\/p><\/blockquote><p><script async src=\"https:\/\/platform.twitter.com\/widgets.js\" charset=\"utf-8\"><\/script><\/p><p><strong>Jo&euml;l Embiid<\/strong> a su varier son jeu avec des tir longues distances dont ce panier &agrave; <a href=\"https:\/\/twitter.com\/NBAonTNT\/status\/1615562618663731200?cxt=HHwWgIDQ3Yvp0OssAAAA\" class=\"trk-cta-link\" data-cta-trk='{\"ctaType\":\"Link\",\"ctaSubType\":\"main\"}'>3 points au buzzer du 2&egrave; quart temps<\/a>. Il n&rsquo;a pas laiss&eacute; une miette aux <strong>Clippers<\/strong> qui ont toujours un mal fou &agrave; s&rsquo;entendre sur le parquet. Qu&rsquo;importe le pivot des <strong>Sixers de Philadelphie<\/strong> a montr&eacute; toute sa palette technique et physique lors de cette rencontre. M&ecirc;me <a href=\"https:\/\/theplayoffs.news\/fr\/joueur\/james-harden-philadelphia-76ers-nba\/\" class=\"trk-cta-link\" data-cta-trk='{\"ctaType\":\"Link\",\"ctaSubType\":\"main\"}'>James Harden<\/a> (<strong>6 points, 9 passes<\/strong>) n&rsquo;a pas eu &agrave; faire grand chose tant <strong>Embiid<\/strong> voulait tout fracasser sur son passage.<\/p><p>Il reste invaincu dans la Crypto.com Arena (anciennement appel&eacute; Staples Center) avec 8 victoires (4 contre les Clippers et 4 face aux Lakers). Lorsqu&rsquo;on lui pose la question de savoir quelle est la cl&eacute; de cette invincibilit&eacute;, <a href=\"https:\/\/twitter.com\/NBAonTNT\" class=\"trk-cta-link\" data-cta-trk='{\"ctaType\":\"Link\",\"ctaSubType\":\"main\"}'>Embiid s&rsquo;en amuse<\/a>.<\/p><blockquote><p>&laquo;&nbsp;Je ne sais pas. Mais vous pouvez dire la m&ecirc;me chose des Bulls et des Knicks pour ce qui est de mes stats de victoires&nbsp;&raquo;, dit-il avec un sourire au micro de la cha&icirc;ne am&eacute;ricaine TNT.<\/p><\/blockquote><p>&Agrave; la mi-temps, <strong>Embiid<\/strong> &eacute;tait d&eacute;j&agrave; &agrave; <strong>28 points<\/strong>. C&rsquo;est la 7&egrave; fois cette saison qu&rsquo;il est &agrave; <strong>25 points ou plus<\/strong> &agrave; la mi-temps. Il est le seul (ou presque) &agrave; r&eacute;aliser une telle performance &agrave; &eacute;galit&eacute; avec<strong> Stephen Curry<\/strong>. Enfin, c&rsquo;est la <strong>8&egrave; fois<\/strong> cette saison qu&rsquo;il termine un match avec <strong>40 points ou plus<\/strong> cette saison. Dans ce road-trip de 5 matchs &agrave; l&rsquo;Ouest (c&rsquo;&eacute;tait le 3&egrave;) des <strong>Sixers<\/strong>, Embiid tourne &agrave; <strong>35,3 points de moyenne<\/strong>. C&rsquo;est tout simplement incroyable.<\/p><p>Il a profit&eacute; des rotations sur les &eacute;crans pour prendre le meilleur sur ses d&eacute;fenseurs qui &eacute;taient principalement <strong>Ivica Zubac<\/strong> et <strong>Marcus Morris<\/strong>. Il a us&eacute; de la faiblesse du premier pour l&rsquo;emmener au maximum vers l&rsquo;ext&eacute;rieur de la raquette. Le sachant peu mobile, Embiid profite de cela pour inscrire des shoots &agrave; mi-distance ou le faire mordre &agrave; la feinte et en profiter pour p&eacute;n&eacute;trer la raquette avec f&eacute;rocit&eacute;. <strong>Marcus Morris<\/strong> a essay&eacute; d&rsquo;arr&ecirc;ter la machine mais c&rsquo;&eacute;tait peine perdu avec un d&eacute;ficit physique trop important. En d&eacute;fense, il est toujours aussi pr&eacute;sent et a r&eacute;alis&eacute; <a href=\"https:\/\/twitter.com\/NBAonTNT\/status\/1615578751009714179?cxt=HHwWhsDTiY-U2OssAAAA\" class=\"trk-cta-link\" data-cta-trk='{\"ctaType\":\"Link\",\"ctaSubType\":\"main\"}'>2 contres lors de ce match<\/a>.<\/p><blockquote class=\"twitter-tweet\" data-width=\"500\" data-dnt=\"true\">\n<p lang=\"et\" dir=\"ltr\">Embiid SWATS Powell &#10060; <a href=\"https:\/\/t.co\/pOkaVwdsz5\" class=\"trk-cta-link\" data-cta-trk='{\"ctaType\":\"Link\",\"ctaSubType\":\"main\"}'>pic.twitter.com\/pOkaVwdsz5<\/a><\/p>\n<p>&mdash; NBA on TNT (@NBAonTNT) <a href=\"https:\/\/twitter.com\/NBAonTNT\/status\/1615560758116614145?ref_src=twsrc%5Etfw\" class=\"trk-cta-link\" data-cta-trk='{\"ctaType\":\"Link\",\"ctaSubType\":\"main\"}'>January 18, 2023<\/a><\/p><\/blockquote><p><script async src=\"https:\/\/platform.twitter.com\/widgets.js\" charset=\"utf-8\"><\/script><\/p><p>Avec une telle performance, <strong>Jo&euml;l Embiid<\/strong> confirme qu&rsquo;il faudra compter sur lui dans la course au titre de <strong>MVP<\/strong>.<\/p>\n","protected":false},"excerpt":{"rendered":"","protected":false},"author":180310140,"featured_media":533874,"comment_status":"open","ping_status":"closed","sticky":false,"template":"","format":"standard","meta":{"inline_featured_image":false,"kia_subtitle":"","_mux_skip_reasons":[],"proofreadBy":0,"footnotes":""},"categories":[110,10],"tags":[742,632],"sport":[2783],"saison":[],"class_list":["post-533862","post","type-post","status-publish","format-standard","has-post-thumbnail","hentry","category-actualite-nba","category-nba","tag-joel-embiid","tag-philadelphia-76ers","sport-nba"],"acf":[],"yoast_head":"<!-- This site is optimized with the Yoast SEO plugin v24.2 - https:\/\/yoast.com\/wordpress\/plugins\/seo\/ -->\n<title>Embiid, le boss de Los Angeles - The Playoffs FR<\/title>\n<meta name=\"robots\" content=\"index, follow, max-snippet:-1, max-image-preview:large, max-video-preview:-1\" \/>\n<link rel=\"canonical\" href=\"https:\/\/theplayoffs.news\/fr\/actualite-nba\/embiid-le-boss-de-los-angeles\/\" \/>\n<meta property=\"og:locale\" content=\"fr_FR\" \/>\n<meta property=\"og:type\" content=\"article\" \/>\n<meta property=\"og:title\" content=\"Embiid, le boss de Los Angeles - The Playoffs FR\" \/>\n<meta property=\"og:url\" content=\"https:\/\/theplayoffs.news\/fr\/actualite-nba\/embiid-le-boss-de-los-angeles\/\" \/>\n<meta property=\"og:site_name\" content=\"The Playoffs FR\" \/>\n<meta property=\"article:publisher\" content=\"https:\/\/www.facebook.com\/TheFreeAgentFR\/\" \/>\n<meta property=\"article:modified_time\" content=\"2023-01-18T14:36:20+01:00\" \/>\n<meta property=\"og:image\" content=\"https:\/\/theplayoffs.news\/fr\/wp-content\/uploads\/2023\/01\/Joel-Embiid.jpeg\" \/>\n\t<meta property=\"og:image:width\" content=\"1600\" \/>\n\t<meta property=\"og:image:height\" content=\"900\" \/>\n\t<meta property=\"og:image:type\" content=\"image\/jpeg\" \/>\n<meta name=\"author\" content=\"Theophile Batica-ferreira\" \/>\n<meta name=\"twitter:card\" content=\"summary_large_image\" \/>\n<meta name=\"twitter:creator\" content=\"@TheFreeAgentFR\" \/>\n<meta name=\"twitter:site\" content=\"@TheFreeAgentFR\" \/>\n<meta name=\"twitter:label1\" content=\"\u00c9crit par\" \/>\n\t<meta name=\"twitter:data1\" content=\"Theophile Batica-ferreira\" \/>\n\t<meta name=\"twitter:label2\" content=\"Dur\u00e9e de lecture estim\u00e9e\" \/>\n\t<meta name=\"twitter:data2\" content=\"2 minutes\" \/>\n<script type=\"application\/ld+json\" class=\"yoast-schema-graph\">{\"@context\":\"https:\/\/schema.org\",\"@graph\":[{\"@type\":\"WebPage\",\"@id\":\"https:\/\/theplayoffs.news\/fr\/actualite-nba\/embiid-le-boss-de-los-angeles\/\",\"url\":\"https:\/\/theplayoffs.news\/fr\/actualite-nba\/embiid-le-boss-de-los-angeles\/\",\"name\":\"Embiid, le boss de Los Angeles - The Playoffs FR\",\"isPartOf\":{\"@id\":\"https:\/\/theplayoffs.news\/fr\/#website\"},\"primaryImageOfPage\":{\"@id\":\"https:\/\/theplayoffs.news\/fr\/actualite-nba\/embiid-le-boss-de-los-angeles\/#primaryimage\"},\"image\":{\"@id\":\"https:\/\/theplayoffs.news\/fr\/actualite-nba\/embiid-le-boss-de-los-angeles\/#primaryimage\"},\"thumbnailUrl\":\"https:\/\/theplayoffs.news\/fr\/wp-content\/uploads\/2023\/01\/Joel-Embiid.jpeg\",\"datePublished\":\"2023-01-18T13:18:06+00:00\",\"dateModified\":\"2023-01-18T13:36:20+00:00\",\"author\":{\"@id\":\"https:\/\/theplayoffs.news\/fr\/#\/schema\/person\/28782e5d11e28ced1db43166cecdaae9\"},\"breadcrumb\":{\"@id\":\"https:\/\/theplayoffs.news\/fr\/actualite-nba\/embiid-le-boss-de-los-angeles\/#breadcrumb\"},\"inLanguage\":\"fr-FR\",\"potentialAction\":[{\"@type\":\"ReadAction\",\"target\":[\"https:\/\/theplayoffs.news\/fr\/actualite-nba\/embiid-le-boss-de-los-angeles\/\"]}]},{\"@type\":\"ImageObject\",\"inLanguage\":\"fr-FR\",\"@id\":\"https:\/\/theplayoffs.news\/fr\/actualite-nba\/embiid-le-boss-de-los-angeles\/#primaryimage\",\"url\":\"https:\/\/theplayoffs.news\/fr\/wp-content\/uploads\/2023\/01\/Joel-Embiid.jpeg\",\"contentUrl\":\"https:\/\/theplayoffs.news\/fr\/wp-content\/uploads\/2023\/01\/Joel-Embiid.jpeg\",\"width\":1600,\"height\":900,\"caption\":\"Philadelphia 76ers Joel Embiid\"},{\"@type\":\"BreadcrumbList\",\"@id\":\"https:\/\/theplayoffs.news\/fr\/actualite-nba\/embiid-le-boss-de-los-angeles\/#breadcrumb\",\"itemListElement\":[{\"@type\":\"ListItem\",\"position\":1,\"name\":\"Accueil\",\"item\":\"https:\/\/theplayoffs.news\/fr\/\"},{\"@type\":\"ListItem\",\"position\":2,\"name\":\"Embiid, le boss de Los Angeles\"}]},{\"@type\":\"WebSite\",\"@id\":\"https:\/\/theplayoffs.news\/fr\/#website\",\"url\":\"https:\/\/theplayoffs.news\/fr\/\",\"name\":\"The Playoffs FR\",\"description\":\"NBA-NFL-NHL-MLB\",\"potentialAction\":[{\"@type\":\"SearchAction\",\"target\":{\"@type\":\"EntryPoint\",\"urlTemplate\":\"https:\/\/theplayoffs.news\/fr\/?s={search_term_string}\"},\"query-input\":{\"@type\":\"PropertyValueSpecification\",\"valueRequired\":true,\"valueName\":\"search_term_string\"}}],\"inLanguage\":\"fr-FR\"},{\"@type\":\"Person\",\"@id\":\"https:\/\/theplayoffs.news\/fr\/#\/schema\/person\/28782e5d11e28ced1db43166cecdaae9\",\"name\":\"Theophile Batica-ferreira\",\"image\":{\"@type\":\"ImageObject\",\"inLanguage\":\"fr-FR\",\"@id\":\"https:\/\/theplayoffs.news\/fr\/#\/schema\/person\/image\/\",\"url\":\"https:\/\/secure.gravatar.com\/avatar\/2a8200ad0411f8ebd27c6b41622c1d7589cdf53cfc6c271372dbe6fbfd1e8159?s=96&d=mm&r=g\",\"contentUrl\":\"https:\/\/secure.gravatar.com\/avatar\/2a8200ad0411f8ebd27c6b41622c1d7589cdf53cfc6c271372dbe6fbfd1e8159?s=96&d=mm&r=g\",\"caption\":\"Theophile Batica-ferreira\"},\"url\":\"https:\/\/theplayoffs.news\/fr\/author\/theophile-batica-ferreiramediaschool-me\/\"}]}<\/script>\n<!-- \/ Yoast SEO plugin. -->","yoast_head_json":{"title":"Embiid, le boss de Los Angeles - The Playoffs FR","robots":{"index":"index","follow":"follow","max-snippet":"max-snippet:-1","max-image-preview":"max-image-preview:large","max-video-preview":"max-video-preview:-1"},"canonical":"https:\/\/theplayoffs.news\/fr\/actualite-nba\/embiid-le-boss-de-los-angeles\/","og_locale":"fr_FR","og_type":"article","og_title":"Embiid, le boss de Los Angeles - The Playoffs FR","og_url":"https:\/\/theplayoffs.news\/fr\/actualite-nba\/embiid-le-boss-de-los-angeles\/","og_site_name":"The Playoffs FR","article_publisher":"https:\/\/www.facebook.com\/TheFreeAgentFR\/","article_modified_time":"2023-01-18T13:36:20+00:00","og_image":[{"width":1600,"height":900,"url":"https:\/\/theplayoffs.news\/fr\/wp-content\/uploads\/2023\/01\/Joel-Embiid.jpeg","type":"image\/jpeg"}],"author":"Theophile Batica-ferreira","twitter_card":"summary_large_image","twitter_creator":"@TheFreeAgentFR","twitter_site":"@TheFreeAgentFR","twitter_misc":{"\u00c9crit par":"Theophile Batica-ferreira","Dur\u00e9e de lecture estim\u00e9e":"2 minutes"},"schema":{"@context":"https:\/\/schema.org","@graph":[{"@type":"WebPage","@id":"https:\/\/theplayoffs.news\/fr\/actualite-nba\/embiid-le-boss-de-los-angeles\/","url":"https:\/\/theplayoffs.news\/fr\/actualite-nba\/embiid-le-boss-de-los-angeles\/","name":"Embiid, le boss de Los Angeles - The Playoffs FR","isPartOf":{"@id":"https:\/\/theplayoffs.news\/fr\/#website"},"primaryImageOfPage":{"@id":"https:\/\/theplayoffs.news\/fr\/actualite-nba\/embiid-le-boss-de-los-angeles\/#primaryimage"},"image":{"@id":"https:\/\/theplayoffs.news\/fr\/actualite-nba\/embiid-le-boss-de-los-angeles\/#primaryimage"},"thumbnailUrl":"https:\/\/theplayoffs.news\/fr\/wp-content\/uploads\/2023\/01\/Joel-Embiid.jpeg","datePublished":"2023-01-18T13:18:06+00:00","dateModified":"2023-01-18T13:36:20+00:00","author":{"@id":"https:\/\/theplayoffs.news\/fr\/#\/schema\/person\/28782e5d11e28ced1db43166cecdaae9"},"breadcrumb":{"@id":"https:\/\/theplayoffs.news\/fr\/actualite-nba\/embiid-le-boss-de-los-angeles\/#breadcrumb"},"inLanguage":"fr-FR","potentialAction":[{"@type":"ReadAction","target":["https:\/\/theplayoffs.news\/fr\/actualite-nba\/embiid-le-boss-de-los-angeles\/"]}]},{"@type":"ImageObject","inLanguage":"fr-FR","@id":"https:\/\/theplayoffs.news\/fr\/actualite-nba\/embiid-le-boss-de-los-angeles\/#primaryimage","url":"https:\/\/theplayoffs.news\/fr\/wp-content\/uploads\/2023\/01\/Joel-Embiid.jpeg","contentUrl":"https:\/\/theplayoffs.news\/fr\/wp-content\/uploads\/2023\/01\/Joel-Embiid.jpeg","width":1600,"height":900,"caption":"Philadelphia 76ers Joel Embiid"},{"@type":"BreadcrumbList","@id":"https:\/\/theplayoffs.news\/fr\/actualite-nba\/embiid-le-boss-de-los-angeles\/#breadcrumb","itemListElement":[{"@type":"ListItem","position":1,"name":"Accueil","item":"https:\/\/theplayoffs.news\/fr\/"},{"@type":"ListItem","position":2,"name":"Embiid, le boss de Los Angeles"}]},{"@type":"WebSite","@id":"https:\/\/theplayoffs.news\/fr\/#website","url":"https:\/\/theplayoffs.news\/fr\/","name":"The Playoffs FR","description":"NBA-NFL-NHL-MLB","potentialAction":[{"@type":"SearchAction","target":{"@type":"EntryPoint","urlTemplate":"https:\/\/theplayoffs.news\/fr\/?s={search_term_string}"},"query-input":{"@type":"PropertyValueSpecification","valueRequired":true,"valueName":"search_term_string"}}],"inLanguage":"fr-FR"},{"@type":"Person","@id":"https:\/\/theplayoffs.news\/fr\/#\/schema\/person\/28782e5d11e28ced1db43166cecdaae9","name":"Theophile Batica-ferreira","image":{"@type":"ImageObject","inLanguage":"fr-FR","@id":"https:\/\/theplayoffs.news\/fr\/#\/schema\/person\/image\/","url":"https:\/\/secure.gravatar.com\/avatar\/2a8200ad0411f8ebd27c6b41622c1d7589cdf53cfc6c271372dbe6fbfd1e8159?s=96&d=mm&r=g","contentUrl":"https:\/\/secure.gravatar.com\/avatar\/2a8200ad0411f8ebd27c6b41622c1d7589cdf53cfc6c271372dbe6fbfd1e8159?s=96&d=mm&r=g","caption":"Theophile Batica-ferreira"},"url":"https:\/\/theplayoffs.news\/fr\/author\/theophile-batica-ferreiramediaschool-me\/"}]}},"_links":{"self":[{"href":"https:\/\/theplayoffs.news\/fr\/wp-json\/wp\/v2\/posts\/533862","targetHints":{"allow":["GET"]}}],"collection":[{"href":"https:\/\/theplayoffs.news\/fr\/wp-json\/wp\/v2\/posts"}],"about":[{"href":"https:\/\/theplayoffs.news\/fr\/wp-json\/wp\/v2\/types\/post"}],"author":[{"embeddable":true,"href":"https:\/\/theplayoffs.news\/fr\/wp-json\/wp\/v2\/users\/180310140"}],"replies":[{"embeddable":true,"href":"https:\/\/theplayoffs.news\/fr\/wp-json\/wp\/v2\/comments?post=533862"}],"version-history":[{"count":4,"href":"https:\/\/theplayoffs.news\/fr\/wp-json\/wp\/v2\/posts\/533862\/revisions"}],"predecessor-version":[{"id":533880,"href":"https:\/\/theplayoffs.news\/fr\/wp-json\/wp\/v2\/posts\/533862\/revisions\/533880"}],"wp:featuredmedia":[{"embeddable":true,"href":"https:\/\/theplayoffs.news\/fr\/wp-json\/wp\/v2\/media\/533874"}],"wp:attachment":[{"href":"https:\/\/theplayoffs.news\/fr\/wp-json\/wp\/v2\/media?parent=533862"}],"wp:term":[{"taxonomy":"category","embeddable":true,"href":"https:\/\/theplayoffs.news\/fr\/wp-json\/wp\/v2\/categories?post=533862"},{"taxonomy":"post_tag","embeddable":true,"href":"https:\/\/theplayoffs.news\/fr\/wp-json\/wp\/v2\/tags?post=533862"},{"taxonomy":"sport","embeddable":true,"href":"https:\/\/theplayoffs.news\/fr\/wp-json\/wp\/v2\/sport?post=533862"},{"taxonomy":"saison","embeddable":true,"href":"https:\/\/theplayoffs.news\/fr\/wp-json\/wp\/v2\/saison?post=533862"}],"curies":[{"name":"wp","href":"https:\/\/api.w.org\/{rel}","templated":true}]}}