{"id":533857,"date":"2023-01-18T13:16:56","date_gmt":"2023-01-18T12:16:56","guid":{"rendered":"https:\/\/theplayoffs.news\/fr\/?p=533857"},"modified":"2023-01-18T14:20:33","modified_gmt":"2023-01-18T13:20:33","slug":"aaron-rodgers-se-questionne-sur-son-avenir","status":"publish","type":"post","link":"https:\/\/theplayoffs.news\/fr\/actualite-nfl\/aaron-rodgers-se-questionne-sur-son-avenir\/","title":{"rendered":"Aaron Rodgers se questionne sur son avenir"},"content":{"rendered":"<h2><span id=\"p0\">L&rsquo;avenir d&rsquo;Aaron <span id=\"10\" class=\"s-rg-t\">Rodgers<\/span> est des plus incertains en NFL, continuer ?<\/span><span id=\"p24\"> &Agrave; Green Bay ?<\/span><span id=\"p2\"> Ailleurs ?<\/span><span id=\"p3\"> Le <span id=\"12\" class=\"s-rg-t\">quarterback<\/span> des <span id=\"13\" class=\"s-rg-t\">Packers<\/span> s&rsquo;est exprim&eacute; sur &laquo; The Pat <span id=\"14\" class=\"s-rg-t\">McAfee<\/span> show &raquo; durant plus d&rsquo;une heure.<\/span><span id=\"p4\"> Voici ce qu&rsquo;il faut en retenir.<\/span><\/h2><p><span id=\"p6\">En juin dernier <strong><a href=\"https:\/\/theplayoffs.news\/fr\/equipe\/green-bay-packers-nfl\/\" class=\"trk-cta-link\" data-cta-trk='{\"ctaType\":\"Link\",\"ctaSubType\":\"main\"}'>Aaron <span id=\"15\" class=\"s-rg-t\">Rodgers<\/span><\/a><\/strong> avait affirm&eacute; qu&rsquo;il pr&eacute;voyait de terminer sa carri&egrave;re avec les <strong><span id=\"16\" class=\"s-rg-t\">Packers<\/span><\/strong>, mais cette &eacute;poque semble bien lointaine.<\/span><span id=\"p7\"> Depuis deux ans, chaque intersaison re&ccedil;oit son lot de rumeurs et de questions sur l&rsquo;avenir de l&rsquo;actuel <strong><span id=\"17\" class=\"s-rg-t\">MVP<\/span><\/strong> en titre <span id=\"p5\">(plus pour longtemps)<\/span>.<\/span><span id=\"p8\"> Il y a deux ans, on parlait des <strong><span id=\"19\" class=\"s-rg-t\">49ers<\/span><\/strong>, l&rsquo;an dernier des <strong><span id=\"20\" class=\"s-rg-t\">Broncos<\/span><\/strong> et cette ann&eacute;e &ccedil;a sera peut-&ecirc;tre des <strong>Raiders<\/strong> dont il sera question.<\/span><span id=\"p9\"> Bref, le sch&eacute;ma est souvent le m&ecirc;me, <span id=\"22\" class=\"s-rg-t\">Rodgers<\/span> est annonc&eacute; ailleurs, mais finit toujours par revenir &agrave; <strong>Green Bay.<\/strong><\/span><\/p><p>Dans l&rsquo;&eacute;mission <em>&laquo; The Pat McAfee show &raquo;<\/em>, <strong>Aaron Rodgers<\/strong> a &eacute;voqu&eacute; son avenir et le niveau qu&rsquo;il affiche &agrave; son &acirc;ge. Le num&eacute;ro <strong>12<\/strong> de <strong>Green Bay<\/strong> est persuad&eacute; qu&rsquo;il peut toujours &eacute;volu&eacute; &agrave; un tr&egrave;s haut niveau que ce soit avec <strong>les Packers<\/strong> comme avec une autre &eacute;quipe.<\/p><blockquote><p><em>&laquo;&nbsp;Je pense que je peux gagner &agrave; nouveau le titre de MVP dans une bonne situation. C&rsquo;est la situation, est-ce &agrave; Green Bay ou est-ce ailleurs ? Je ne suis pas s&ucirc;r. Mais je ne pense pas qu&rsquo;on puisse laisser une opportunit&eacute;. Comme je l&rsquo;ai dit au cours de la saison, les deux parties doivent vouloir r&eacute;ellement travailler ensemble &agrave; l&rsquo;avenir, et je pense qu&rsquo;il faut davantage communiquer ensemble &agrave; ce sujet.&nbsp;&raquo;<\/em><\/p>\n<p><a href=\"https:\/\/www.espn.com\/nfl\/story\/_\/id\/35467714\/aaron-rodgers-mulling-future-packers-possibly-elsewhere\" class=\"trk-cta-link\" data-cta-trk='{\"ctaType\":\"Link\",\"ctaSubType\":\"main\"}'>Aaron Rodgers, The Pat McAfee Show.<\/a><\/p><\/blockquote><p><span id=\"p51\">L&rsquo;entra&icirc;neur principal des <span id=\"57\" class=\"s-rg-t\">Packers<\/span> <strong>Matt <span id=\"58\" class=\"s-rg-t\">LaFleur<\/span><\/strong> a publiquement exprim&eacute; son souhait de voir <span id=\"59\" class=\"s-rg-t\">Rodgers<\/span> rester, tout comme le GM <strong>Brian <span id=\"60\" class=\"s-rg-t\">Gutekunst<\/span><\/strong>, bien qu&rsquo;il a 39 et qu&rsquo;il attaquera en 2023 sa <strong>19e<\/strong> saison en NFL, s&rsquo;il le d&eacute;cide.<\/span><span id=\"p52\"> <span id=\"61\" class=\"s-rg-t\">Rodgers<\/span> sort de l&rsquo;une de ses pires saisons en carri&egrave;re avec seulement 3 695 yards &agrave; la passe <span id=\"p50\">(son plus faible total sur une saison)<\/span> et 12 interceptions, alors que sur les 3 derni&egrave;res saisons combin&eacute;s, il n&rsquo;en a lanc&eacute; que 13.<\/span><span id=\"p53\"> Il n&rsquo;a &eacute;galement r&eacute;alis&eacute; aucun match &agrave; plus de 300 yards &agrave; la passe, ce qui ne lui est jamais arriv&eacute; dans une saison en tant que titulaire.<\/span><span id=\"p54\"> <\/span><\/p><p><span id=\"p55\">Aaron <span id=\"62\" class=\"s-rg-t\">Rodgers<\/span> sait qu&rsquo;il faut &ecirc;tre &agrave; 100 % concentr&eacute; et impliqu&eacute; dans un projet pour &ecirc;tre comp&eacute;titif et &agrave; son &acirc;ge, il ne reste plus beaucoup de place au temps.<\/span><span id=\"p56\">&nbsp;<\/span><\/p><blockquote><p>&laquo;&nbsp;J&rsquo;ai encore besoin d&rsquo;arriver mentalement &agrave; un point o&ugrave; je me sens impliqu&eacute; &agrave; 100 % et pr&ecirc;t &agrave; jouer une 19e saison &raquo;.<\/p><\/blockquote><p>L&rsquo;intersaison sera alors pleine de questionnement sur le futur pour le toujours QB de Green Bay, mais pour combien de temps encore ? Une belle opportunit&eacute; pourrait mener Rodgers &agrave; faire ses valises pour aller voir si l&rsquo;herbe est plus verte ailleurs. Mais il faut avant tout se demander s&rsquo;il est pr&ecirc;t &agrave; continuer et &agrave; renfiler les crampons pour une 19e saison, ce qui n&rsquo;est pas encore certain.<\/p>\n","protected":false},"excerpt":{"rendered":"","protected":false},"author":180310139,"featured_media":533860,"comment_status":"open","ping_status":"closed","sticky":false,"template":"","format":"standard","meta":{"inline_featured_image":false,"kia_subtitle":"","_mux_skip_reasons":[],"proofreadBy":0,"footnotes":""},"categories":[118,40],"tags":[268,5314,908,79],"sport":[2785],"saison":[],"class_list":["post-533857","post","type-post","status-publish","format-standard","has-post-thumbnail","hentry","category-actualite-nfl","category-nfl","tag-aaron-rodgers","tag-avenir","tag-green-bay-packers","tag-nfl","sport-nfl"],"acf":[],"yoast_head":"<!-- This site is optimized with the Yoast SEO plugin v24.2 - https:\/\/yoast.com\/wordpress\/plugins\/seo\/ -->\n<title>Aaron Rodgers se questionne sur son avenir - The Playoffs FR<\/title>\n<meta name=\"robots\" content=\"index, follow, max-snippet:-1, max-image-preview:large, max-video-preview:-1\" \/>\n<link rel=\"canonical\" href=\"https:\/\/theplayoffs.news\/fr\/actualite-nfl\/aaron-rodgers-se-questionne-sur-son-avenir\/\" \/>\n<meta property=\"og:locale\" content=\"fr_FR\" \/>\n<meta property=\"og:type\" content=\"article\" \/>\n<meta property=\"og:title\" content=\"Aaron Rodgers se questionne sur son avenir - The Playoffs FR\" \/>\n<meta property=\"og:url\" content=\"https:\/\/theplayoffs.news\/fr\/actualite-nfl\/aaron-rodgers-se-questionne-sur-son-avenir\/\" \/>\n<meta property=\"og:site_name\" content=\"The Playoffs FR\" \/>\n<meta property=\"article:publisher\" content=\"https:\/\/www.facebook.com\/TheFreeAgentFR\/\" \/>\n<meta property=\"article:modified_time\" content=\"2023-01-18T14:20:33+01:00\" \/>\n<meta property=\"og:image\" content=\"https:\/\/theplayoffs.news\/fr\/wp-content\/uploads\/2023\/01\/7D9BC4D4-2571-418B-BFED-144736370A48.jpeg\" \/>\n\t<meta property=\"og:image:width\" content=\"1024\" \/>\n\t<meta property=\"og:image:height\" content=\"576\" \/>\n\t<meta property=\"og:image:type\" content=\"image\/jpeg\" \/>\n<meta name=\"author\" content=\"Alban Conejero\" \/>\n<meta name=\"twitter:card\" content=\"summary_large_image\" \/>\n<meta name=\"twitter:creator\" content=\"@TheFreeAgentFR\" \/>\n<meta name=\"twitter:site\" content=\"@TheFreeAgentFR\" \/>\n<meta name=\"twitter:label1\" content=\"\u00c9crit par\" \/>\n\t<meta name=\"twitter:data1\" content=\"Alban Conejero\" \/>\n\t<meta name=\"twitter:label2\" content=\"Dur\u00e9e de lecture estim\u00e9e\" \/>\n\t<meta name=\"twitter:data2\" content=\"2 minutes\" \/>\n<script type=\"application\/ld+json\" class=\"yoast-schema-graph\">{\"@context\":\"https:\/\/schema.org\",\"@graph\":[{\"@type\":\"WebPage\",\"@id\":\"https:\/\/theplayoffs.news\/fr\/actualite-nfl\/aaron-rodgers-se-questionne-sur-son-avenir\/\",\"url\":\"https:\/\/theplayoffs.news\/fr\/actualite-nfl\/aaron-rodgers-se-questionne-sur-son-avenir\/\",\"name\":\"Aaron Rodgers se questionne sur son avenir - The Playoffs FR\",\"isPartOf\":{\"@id\":\"https:\/\/theplayoffs.news\/fr\/#website\"},\"primaryImageOfPage\":{\"@id\":\"https:\/\/theplayoffs.news\/fr\/actualite-nfl\/aaron-rodgers-se-questionne-sur-son-avenir\/#primaryimage\"},\"image\":{\"@id\":\"https:\/\/theplayoffs.news\/fr\/actualite-nfl\/aaron-rodgers-se-questionne-sur-son-avenir\/#primaryimage\"},\"thumbnailUrl\":\"https:\/\/theplayoffs.news\/fr\/wp-content\/uploads\/2023\/01\/7D9BC4D4-2571-418B-BFED-144736370A48.jpeg\",\"datePublished\":\"2023-01-18T12:16:56+00:00\",\"dateModified\":\"2023-01-18T13:20:33+00:00\",\"author\":{\"@id\":\"https:\/\/theplayoffs.news\/fr\/#\/schema\/person\/3dd6319a9057ecd181d2351cdb03ccd2\"},\"breadcrumb\":{\"@id\":\"https:\/\/theplayoffs.news\/fr\/actualite-nfl\/aaron-rodgers-se-questionne-sur-son-avenir\/#breadcrumb\"},\"inLanguage\":\"fr-FR\",\"potentialAction\":[{\"@type\":\"ReadAction\",\"target\":[\"https:\/\/theplayoffs.news\/fr\/actualite-nfl\/aaron-rodgers-se-questionne-sur-son-avenir\/\"]}]},{\"@type\":\"ImageObject\",\"inLanguage\":\"fr-FR\",\"@id\":\"https:\/\/theplayoffs.news\/fr\/actualite-nfl\/aaron-rodgers-se-questionne-sur-son-avenir\/#primaryimage\",\"url\":\"https:\/\/theplayoffs.news\/fr\/wp-content\/uploads\/2023\/01\/7D9BC4D4-2571-418B-BFED-144736370A48.jpeg\",\"contentUrl\":\"https:\/\/theplayoffs.news\/fr\/wp-content\/uploads\/2023\/01\/7D9BC4D4-2571-418B-BFED-144736370A48.jpeg\",\"width\":1024,\"height\":576,\"caption\":\"Rodgers\"},{\"@type\":\"BreadcrumbList\",\"@id\":\"https:\/\/theplayoffs.news\/fr\/actualite-nfl\/aaron-rodgers-se-questionne-sur-son-avenir\/#breadcrumb\",\"itemListElement\":[{\"@type\":\"ListItem\",\"position\":1,\"name\":\"Accueil\",\"item\":\"https:\/\/theplayoffs.news\/fr\/\"},{\"@type\":\"ListItem\",\"position\":2,\"name\":\"Aaron Rodgers se questionne sur son avenir\"}]},{\"@type\":\"WebSite\",\"@id\":\"https:\/\/theplayoffs.news\/fr\/#website\",\"url\":\"https:\/\/theplayoffs.news\/fr\/\",\"name\":\"The Playoffs FR\",\"description\":\"NBA-NFL-NHL-MLB\",\"potentialAction\":[{\"@type\":\"SearchAction\",\"target\":{\"@type\":\"EntryPoint\",\"urlTemplate\":\"https:\/\/theplayoffs.news\/fr\/?s={search_term_string}\"},\"query-input\":{\"@type\":\"PropertyValueSpecification\",\"valueRequired\":true,\"valueName\":\"search_term_string\"}}],\"inLanguage\":\"fr-FR\"},{\"@type\":\"Person\",\"@id\":\"https:\/\/theplayoffs.news\/fr\/#\/schema\/person\/3dd6319a9057ecd181d2351cdb03ccd2\",\"name\":\"Alban Conejero\",\"image\":{\"@type\":\"ImageObject\",\"inLanguage\":\"fr-FR\",\"@id\":\"https:\/\/theplayoffs.news\/fr\/#\/schema\/person\/image\/\",\"url\":\"https:\/\/secure.gravatar.com\/avatar\/ef2d5e8508f59dc7b4e42edb92917fc230c9f46d5eb7ec09de6d5b8e112de01f?s=96&d=mm&r=g\",\"contentUrl\":\"https:\/\/secure.gravatar.com\/avatar\/ef2d5e8508f59dc7b4e42edb92917fc230c9f46d5eb7ec09de6d5b8e112de01f?s=96&d=mm&r=g\",\"caption\":\"Alban Conejero\"},\"url\":\"https:\/\/theplayoffs.news\/fr\/author\/albanconejero26gmail-com\/\"}]}<\/script>\n<!-- \/ Yoast SEO plugin. -->","yoast_head_json":{"title":"Aaron Rodgers se questionne sur son avenir - The Playoffs FR","robots":{"index":"index","follow":"follow","max-snippet":"max-snippet:-1","max-image-preview":"max-image-preview:large","max-video-preview":"max-video-preview:-1"},"canonical":"https:\/\/theplayoffs.news\/fr\/actualite-nfl\/aaron-rodgers-se-questionne-sur-son-avenir\/","og_locale":"fr_FR","og_type":"article","og_title":"Aaron Rodgers se questionne sur son avenir - The Playoffs FR","og_url":"https:\/\/theplayoffs.news\/fr\/actualite-nfl\/aaron-rodgers-se-questionne-sur-son-avenir\/","og_site_name":"The Playoffs FR","article_publisher":"https:\/\/www.facebook.com\/TheFreeAgentFR\/","article_modified_time":"2023-01-18T13:20:33+00:00","og_image":[{"width":1024,"height":576,"url":"https:\/\/theplayoffs.news\/fr\/wp-content\/uploads\/2023\/01\/7D9BC4D4-2571-418B-BFED-144736370A48.jpeg","type":"image\/jpeg"}],"author":"Alban Conejero","twitter_card":"summary_large_image","twitter_creator":"@TheFreeAgentFR","twitter_site":"@TheFreeAgentFR","twitter_misc":{"\u00c9crit par":"Alban Conejero","Dur\u00e9e de lecture estim\u00e9e":"2 minutes"},"schema":{"@context":"https:\/\/schema.org","@graph":[{"@type":"WebPage","@id":"https:\/\/theplayoffs.news\/fr\/actualite-nfl\/aaron-rodgers-se-questionne-sur-son-avenir\/","url":"https:\/\/theplayoffs.news\/fr\/actualite-nfl\/aaron-rodgers-se-questionne-sur-son-avenir\/","name":"Aaron Rodgers se questionne sur son avenir - The Playoffs FR","isPartOf":{"@id":"https:\/\/theplayoffs.news\/fr\/#website"},"primaryImageOfPage":{"@id":"https:\/\/theplayoffs.news\/fr\/actualite-nfl\/aaron-rodgers-se-questionne-sur-son-avenir\/#primaryimage"},"image":{"@id":"https:\/\/theplayoffs.news\/fr\/actualite-nfl\/aaron-rodgers-se-questionne-sur-son-avenir\/#primaryimage"},"thumbnailUrl":"https:\/\/theplayoffs.news\/fr\/wp-content\/uploads\/2023\/01\/7D9BC4D4-2571-418B-BFED-144736370A48.jpeg","datePublished":"2023-01-18T12:16:56+00:00","dateModified":"2023-01-18T13:20:33+00:00","author":{"@id":"https:\/\/theplayoffs.news\/fr\/#\/schema\/person\/3dd6319a9057ecd181d2351cdb03ccd2"},"breadcrumb":{"@id":"https:\/\/theplayoffs.news\/fr\/actualite-nfl\/aaron-rodgers-se-questionne-sur-son-avenir\/#breadcrumb"},"inLanguage":"fr-FR","potentialAction":[{"@type":"ReadAction","target":["https:\/\/theplayoffs.news\/fr\/actualite-nfl\/aaron-rodgers-se-questionne-sur-son-avenir\/"]}]},{"@type":"ImageObject","inLanguage":"fr-FR","@id":"https:\/\/theplayoffs.news\/fr\/actualite-nfl\/aaron-rodgers-se-questionne-sur-son-avenir\/#primaryimage","url":"https:\/\/theplayoffs.news\/fr\/wp-content\/uploads\/2023\/01\/7D9BC4D4-2571-418B-BFED-144736370A48.jpeg","contentUrl":"https:\/\/theplayoffs.news\/fr\/wp-content\/uploads\/2023\/01\/7D9BC4D4-2571-418B-BFED-144736370A48.jpeg","width":1024,"height":576,"caption":"Rodgers"},{"@type":"BreadcrumbList","@id":"https:\/\/theplayoffs.news\/fr\/actualite-nfl\/aaron-rodgers-se-questionne-sur-son-avenir\/#breadcrumb","itemListElement":[{"@type":"ListItem","position":1,"name":"Accueil","item":"https:\/\/theplayoffs.news\/fr\/"},{"@type":"ListItem","position":2,"name":"Aaron Rodgers se questionne sur son avenir"}]},{"@type":"WebSite","@id":"https:\/\/theplayoffs.news\/fr\/#website","url":"https:\/\/theplayoffs.news\/fr\/","name":"The Playoffs FR","description":"NBA-NFL-NHL-MLB","potentialAction":[{"@type":"SearchAction","target":{"@type":"EntryPoint","urlTemplate":"https:\/\/theplayoffs.news\/fr\/?s={search_term_string}"},"query-input":{"@type":"PropertyValueSpecification","valueRequired":true,"valueName":"search_term_string"}}],"inLanguage":"fr-FR"},{"@type":"Person","@id":"https:\/\/theplayoffs.news\/fr\/#\/schema\/person\/3dd6319a9057ecd181d2351cdb03ccd2","name":"Alban Conejero","image":{"@type":"ImageObject","inLanguage":"fr-FR","@id":"https:\/\/theplayoffs.news\/fr\/#\/schema\/person\/image\/","url":"https:\/\/secure.gravatar.com\/avatar\/ef2d5e8508f59dc7b4e42edb92917fc230c9f46d5eb7ec09de6d5b8e112de01f?s=96&d=mm&r=g","contentUrl":"https:\/\/secure.gravatar.com\/avatar\/ef2d5e8508f59dc7b4e42edb92917fc230c9f46d5eb7ec09de6d5b8e112de01f?s=96&d=mm&r=g","caption":"Alban Conejero"},"url":"https:\/\/theplayoffs.news\/fr\/author\/albanconejero26gmail-com\/"}]}},"_links":{"self":[{"href":"https:\/\/theplayoffs.news\/fr\/wp-json\/wp\/v2\/posts\/533857","targetHints":{"allow":["GET"]}}],"collection":[{"href":"https:\/\/theplayoffs.news\/fr\/wp-json\/wp\/v2\/posts"}],"about":[{"href":"https:\/\/theplayoffs.news\/fr\/wp-json\/wp\/v2\/types\/post"}],"author":[{"embeddable":true,"href":"https:\/\/theplayoffs.news\/fr\/wp-json\/wp\/v2\/users\/180310139"}],"replies":[{"embeddable":true,"href":"https:\/\/theplayoffs.news\/fr\/wp-json\/wp\/v2\/comments?post=533857"}],"version-history":[{"count":2,"href":"https:\/\/theplayoffs.news\/fr\/wp-json\/wp\/v2\/posts\/533857\/revisions"}],"predecessor-version":[{"id":533865,"href":"https:\/\/theplayoffs.news\/fr\/wp-json\/wp\/v2\/posts\/533857\/revisions\/533865"}],"wp:featuredmedia":[{"embeddable":true,"href":"https:\/\/theplayoffs.news\/fr\/wp-json\/wp\/v2\/media\/533860"}],"wp:attachment":[{"href":"https:\/\/theplayoffs.news\/fr\/wp-json\/wp\/v2\/media?parent=533857"}],"wp:term":[{"taxonomy":"category","embeddable":true,"href":"https:\/\/theplayoffs.news\/fr\/wp-json\/wp\/v2\/categories?post=533857"},{"taxonomy":"post_tag","embeddable":true,"href":"https:\/\/theplayoffs.news\/fr\/wp-json\/wp\/v2\/tags?post=533857"},{"taxonomy":"sport","embeddable":true,"href":"https:\/\/theplayoffs.news\/fr\/wp-json\/wp\/v2\/sport?post=533857"},{"taxonomy":"saison","embeddable":true,"href":"https:\/\/theplayoffs.news\/fr\/wp-json\/wp\/v2\/saison?post=533857"}],"curies":[{"name":"wp","href":"https:\/\/api.w.org\/{rel}","templated":true}]}}