{"id":533833,"date":"2023-01-18T11:20:26","date_gmt":"2023-01-18T10:20:26","guid":{"rendered":"https:\/\/theplayoffs.news\/fr\/?p=533833"},"modified":"2023-01-18T11:21:04","modified_gmt":"2023-01-18T10:21:04","slug":"a-portland-les-temps-sont-durs","status":"publish","type":"post","link":"https:\/\/theplayoffs.news\/fr\/actualite-nba\/a-portland-les-temps-sont-durs\/","title":{"rendered":"\u00c0 Portland, les temps sont durs"},"content":{"rendered":"<h2>Portland a sign&eacute; la nuit derni&egrave;re &agrave; Denver sa 23e d&eacute;faite de la saison dans une p&eacute;riode compliqu&eacute;e pour les Trail Blazers qui depuis plus d&rsquo;un mois, encha&icirc;nent les d&eacute;faites.<\/h2><p><span id=\"p77\">Souvent, en ce moment, le r&eacute;sultat est le m&ecirc;me pour <strong>les Blazers<\/strong>, <strong><a href=\"https:\/\/theplayoffs.news\/fr\/joueur\/damian-lillard-portland-trail-blazers-nba\/\" class=\"trk-cta-link\" data-cta-trk='{\"ctaType\":\"Link\",\"ctaSubType\":\"main\"}'>Damian <span id=\"88\" class=\"s-rg-t\">Lillard<\/span><\/a><\/strong>&nbsp;marque beaucoup de points, <strong><a href=\"https:\/\/twitter.com\/nba\/status\/1615571465373458432?s=61&amp;t=IFDnPg0SATo5JbuBaWCOAQ\" class=\"trk-cta-link\" data-cta-trk='{\"ctaType\":\"Link\",\"ctaSubType\":\"main\"}'>44 la <span id=\"89\" class=\"s-ve-t\">nuit<\/span> derni&egrave;re<\/a><\/strong> (dont <strong>30<\/strong> en 1re mi-temps un record en carri&egrave;re), mais au final <strong>Portland<\/strong> s&rsquo;incline.<\/span><span id=\"p78\"> Seul <strong>Jerami Grant<\/strong> continue d&rsquo;&ecirc;tre plut&ocirc;t performant, l&rsquo;int&eacute;rieur a marqu&eacute; 18 points hier.<\/span><span id=\"p101\"> Mais &agrave; part &ccedil;a, pas grand-chose d&rsquo;autre &agrave; signaler.<\/span><span id=\"p80\"> Une nouvelle d&eacute;faite qui pousse Portland &agrave; la 11e place &agrave; l&rsquo;Ouest, hors du &laquo; <span id=\"91\" class=\"s-rg-t\">play-in<\/span> &raquo;, &agrave; la faveur <strong>d&rsquo;<span id=\"92\" class=\"s-rg-t\">OKC<\/span><\/strong> qui est en pleine forme.<\/span><span id=\"p81\"> <\/span><\/p><p><span id=\"p83\">Les deux victoires cons&eacute;cutives le week-end dernier face &agrave; <strong>Dallas<\/strong> &eacute;taient pourtant porteuses d&rsquo;espoirs, mais <strong>les Blazers<\/strong> ont perdu 10 matchs sur 14 jou&eacute;s depuis le 20 d&eacute;cembre dernier.<\/span><span id=\"p84\"> Et vous l&rsquo;aurais compris, 2 des 4 victoires ont eu lieu le week-end dernier en &laquo; <span id=\"95\" class=\"s-rg-t\">back<\/span> to <span id=\"96\" class=\"s-rg-t\">back<\/span> &raquo; face aux <strong><span id=\"97\" class=\"s-rg-t\">Mavericks<\/span><\/strong>.<\/span><span id=\"p85\"> Les hommes de <strong><span id=\"98\" class=\"s-rg-t\">Chauncey<\/span> <span id=\"99\" class=\"s-rg-t\">Billups<\/span><\/strong> vont devoir convaincre sur le reste de la saison et repartir de l&rsquo;avant, dans une conf&eacute;rence Ouest pourtant tr&egrave;s ouverte o&ugrave; un bilan &agrave; l&rsquo;&eacute;quilibre vous qualifie pour les <span id=\"100\" class=\"s-rg-t\">playoffs<\/span> en ce moment <span id=\"p82\">(<strong>les <span id=\"93\" class=\"s-rg-t\">Warriors<\/span><\/strong> sont 6e &agrave; 22-22)<\/span>.<\/span><\/p>\n","protected":false},"excerpt":{"rendered":"","protected":false},"author":180310139,"featured_media":533843,"comment_status":"open","ping_status":"closed","sticky":false,"template":"","format":"standard","meta":{"inline_featured_image":false,"kia_subtitle":"","_mux_skip_reasons":[],"proofreadBy":0,"footnotes":""},"categories":[110,10],"tags":[23,1382],"sport":[2783],"saison":[],"class_list":["post-533833","post","type-post","status-publish","format-standard","has-post-thumbnail","hentry","category-actualite-nba","category-nba","tag-nba-tag","tag-portland-trail-blazers","sport-nba"],"acf":[],"yoast_head":"<!-- This site is optimized with the Yoast SEO plugin v24.2 - https:\/\/yoast.com\/wordpress\/plugins\/seo\/ -->\n<title>&Agrave; Portland, les temps sont durs - The Playoffs FR<\/title>\n<meta name=\"robots\" content=\"index, follow, max-snippet:-1, max-image-preview:large, max-video-preview:-1\" \/>\n<link rel=\"canonical\" href=\"https:\/\/theplayoffs.news\/fr\/actualite-nba\/a-portland-les-temps-sont-durs\/\" \/>\n<meta property=\"og:locale\" content=\"fr_FR\" \/>\n<meta property=\"og:type\" content=\"article\" \/>\n<meta property=\"og:title\" content=\"&Agrave; Portland, les temps sont durs - The Playoffs FR\" \/>\n<meta property=\"og:url\" content=\"https:\/\/theplayoffs.news\/fr\/actualite-nba\/a-portland-les-temps-sont-durs\/\" \/>\n<meta property=\"og:site_name\" content=\"The Playoffs FR\" \/>\n<meta property=\"article:publisher\" content=\"https:\/\/www.facebook.com\/TheFreeAgentFR\/\" \/>\n<meta property=\"article:modified_time\" content=\"2023-01-18T11:21:04+01:00\" \/>\n<meta property=\"og:image\" content=\"https:\/\/theplayoffs.news\/fr\/wp-content\/uploads\/2023\/01\/E549186B-C28B-4371-8936-382C91F7ACEC.jpeg\" \/>\n\t<meta property=\"og:image:width\" content=\"1024\" \/>\n\t<meta property=\"og:image:height\" content=\"658\" \/>\n\t<meta property=\"og:image:type\" content=\"image\/jpeg\" \/>\n<meta name=\"author\" content=\"Alban Conejero\" \/>\n<meta name=\"twitter:card\" content=\"summary_large_image\" \/>\n<meta name=\"twitter:creator\" content=\"@TheFreeAgentFR\" \/>\n<meta name=\"twitter:site\" content=\"@TheFreeAgentFR\" \/>\n<meta name=\"twitter:label1\" content=\"\u00c9crit par\" \/>\n\t<meta name=\"twitter:data1\" content=\"Alban Conejero\" \/>\n\t<meta name=\"twitter:label2\" content=\"Dur\u00e9e de lecture estim\u00e9e\" \/>\n\t<meta name=\"twitter:data2\" content=\"1 minute\" \/>\n<script type=\"application\/ld+json\" class=\"yoast-schema-graph\">{\"@context\":\"https:\/\/schema.org\",\"@graph\":[{\"@type\":\"WebPage\",\"@id\":\"https:\/\/theplayoffs.news\/fr\/actualite-nba\/a-portland-les-temps-sont-durs\/\",\"url\":\"https:\/\/theplayoffs.news\/fr\/actualite-nba\/a-portland-les-temps-sont-durs\/\",\"name\":\"\u00c0 Portland, les temps sont durs - The Playoffs FR\",\"isPartOf\":{\"@id\":\"https:\/\/theplayoffs.news\/fr\/#website\"},\"primaryImageOfPage\":{\"@id\":\"https:\/\/theplayoffs.news\/fr\/actualite-nba\/a-portland-les-temps-sont-durs\/#primaryimage\"},\"image\":{\"@id\":\"https:\/\/theplayoffs.news\/fr\/actualite-nba\/a-portland-les-temps-sont-durs\/#primaryimage\"},\"thumbnailUrl\":\"https:\/\/theplayoffs.news\/fr\/wp-content\/uploads\/2023\/01\/E549186B-C28B-4371-8936-382C91F7ACEC.jpeg\",\"datePublished\":\"2023-01-18T10:20:26+00:00\",\"dateModified\":\"2023-01-18T10:21:04+00:00\",\"author\":{\"@id\":\"https:\/\/theplayoffs.news\/fr\/#\/schema\/person\/3dd6319a9057ecd181d2351cdb03ccd2\"},\"breadcrumb\":{\"@id\":\"https:\/\/theplayoffs.news\/fr\/actualite-nba\/a-portland-les-temps-sont-durs\/#breadcrumb\"},\"inLanguage\":\"fr-FR\",\"potentialAction\":[{\"@type\":\"ReadAction\",\"target\":[\"https:\/\/theplayoffs.news\/fr\/actualite-nba\/a-portland-les-temps-sont-durs\/\"]}]},{\"@type\":\"ImageObject\",\"inLanguage\":\"fr-FR\",\"@id\":\"https:\/\/theplayoffs.news\/fr\/actualite-nba\/a-portland-les-temps-sont-durs\/#primaryimage\",\"url\":\"https:\/\/theplayoffs.news\/fr\/wp-content\/uploads\/2023\/01\/E549186B-C28B-4371-8936-382C91F7ACEC.jpeg\",\"contentUrl\":\"https:\/\/theplayoffs.news\/fr\/wp-content\/uploads\/2023\/01\/E549186B-C28B-4371-8936-382C91F7ACEC.jpeg\",\"width\":1024,\"height\":658,\"caption\":\"Portland\"},{\"@type\":\"BreadcrumbList\",\"@id\":\"https:\/\/theplayoffs.news\/fr\/actualite-nba\/a-portland-les-temps-sont-durs\/#breadcrumb\",\"itemListElement\":[{\"@type\":\"ListItem\",\"position\":1,\"name\":\"Accueil\",\"item\":\"https:\/\/theplayoffs.news\/fr\/\"},{\"@type\":\"ListItem\",\"position\":2,\"name\":\"\u00c0 Portland, les temps sont durs\"}]},{\"@type\":\"WebSite\",\"@id\":\"https:\/\/theplayoffs.news\/fr\/#website\",\"url\":\"https:\/\/theplayoffs.news\/fr\/\",\"name\":\"The Playoffs FR\",\"description\":\"NBA-NFL-NHL-MLB\",\"potentialAction\":[{\"@type\":\"SearchAction\",\"target\":{\"@type\":\"EntryPoint\",\"urlTemplate\":\"https:\/\/theplayoffs.news\/fr\/?s={search_term_string}\"},\"query-input\":{\"@type\":\"PropertyValueSpecification\",\"valueRequired\":true,\"valueName\":\"search_term_string\"}}],\"inLanguage\":\"fr-FR\"},{\"@type\":\"Person\",\"@id\":\"https:\/\/theplayoffs.news\/fr\/#\/schema\/person\/3dd6319a9057ecd181d2351cdb03ccd2\",\"name\":\"Alban Conejero\",\"image\":{\"@type\":\"ImageObject\",\"inLanguage\":\"fr-FR\",\"@id\":\"https:\/\/theplayoffs.news\/fr\/#\/schema\/person\/image\/\",\"url\":\"https:\/\/secure.gravatar.com\/avatar\/ef2d5e8508f59dc7b4e42edb92917fc230c9f46d5eb7ec09de6d5b8e112de01f?s=96&d=mm&r=g\",\"contentUrl\":\"https:\/\/secure.gravatar.com\/avatar\/ef2d5e8508f59dc7b4e42edb92917fc230c9f46d5eb7ec09de6d5b8e112de01f?s=96&d=mm&r=g\",\"caption\":\"Alban Conejero\"},\"url\":\"https:\/\/theplayoffs.news\/fr\/author\/albanconejero26gmail-com\/\"}]}<\/script>\n<!-- \/ Yoast SEO plugin. -->","yoast_head_json":{"title":"&Agrave; Portland, les temps sont durs - The Playoffs FR","robots":{"index":"index","follow":"follow","max-snippet":"max-snippet:-1","max-image-preview":"max-image-preview:large","max-video-preview":"max-video-preview:-1"},"canonical":"https:\/\/theplayoffs.news\/fr\/actualite-nba\/a-portland-les-temps-sont-durs\/","og_locale":"fr_FR","og_type":"article","og_title":"&Agrave; Portland, les temps sont durs - The Playoffs FR","og_url":"https:\/\/theplayoffs.news\/fr\/actualite-nba\/a-portland-les-temps-sont-durs\/","og_site_name":"The Playoffs FR","article_publisher":"https:\/\/www.facebook.com\/TheFreeAgentFR\/","article_modified_time":"2023-01-18T10:21:04+00:00","og_image":[{"width":1024,"height":658,"url":"https:\/\/theplayoffs.news\/fr\/wp-content\/uploads\/2023\/01\/E549186B-C28B-4371-8936-382C91F7ACEC.jpeg","type":"image\/jpeg"}],"author":"Alban Conejero","twitter_card":"summary_large_image","twitter_creator":"@TheFreeAgentFR","twitter_site":"@TheFreeAgentFR","twitter_misc":{"\u00c9crit par":"Alban Conejero","Dur\u00e9e de lecture estim\u00e9e":"1 minute"},"schema":{"@context":"https:\/\/schema.org","@graph":[{"@type":"WebPage","@id":"https:\/\/theplayoffs.news\/fr\/actualite-nba\/a-portland-les-temps-sont-durs\/","url":"https:\/\/theplayoffs.news\/fr\/actualite-nba\/a-portland-les-temps-sont-durs\/","name":"\u00c0 Portland, les temps sont durs - The Playoffs FR","isPartOf":{"@id":"https:\/\/theplayoffs.news\/fr\/#website"},"primaryImageOfPage":{"@id":"https:\/\/theplayoffs.news\/fr\/actualite-nba\/a-portland-les-temps-sont-durs\/#primaryimage"},"image":{"@id":"https:\/\/theplayoffs.news\/fr\/actualite-nba\/a-portland-les-temps-sont-durs\/#primaryimage"},"thumbnailUrl":"https:\/\/theplayoffs.news\/fr\/wp-content\/uploads\/2023\/01\/E549186B-C28B-4371-8936-382C91F7ACEC.jpeg","datePublished":"2023-01-18T10:20:26+00:00","dateModified":"2023-01-18T10:21:04+00:00","author":{"@id":"https:\/\/theplayoffs.news\/fr\/#\/schema\/person\/3dd6319a9057ecd181d2351cdb03ccd2"},"breadcrumb":{"@id":"https:\/\/theplayoffs.news\/fr\/actualite-nba\/a-portland-les-temps-sont-durs\/#breadcrumb"},"inLanguage":"fr-FR","potentialAction":[{"@type":"ReadAction","target":["https:\/\/theplayoffs.news\/fr\/actualite-nba\/a-portland-les-temps-sont-durs\/"]}]},{"@type":"ImageObject","inLanguage":"fr-FR","@id":"https:\/\/theplayoffs.news\/fr\/actualite-nba\/a-portland-les-temps-sont-durs\/#primaryimage","url":"https:\/\/theplayoffs.news\/fr\/wp-content\/uploads\/2023\/01\/E549186B-C28B-4371-8936-382C91F7ACEC.jpeg","contentUrl":"https:\/\/theplayoffs.news\/fr\/wp-content\/uploads\/2023\/01\/E549186B-C28B-4371-8936-382C91F7ACEC.jpeg","width":1024,"height":658,"caption":"Portland"},{"@type":"BreadcrumbList","@id":"https:\/\/theplayoffs.news\/fr\/actualite-nba\/a-portland-les-temps-sont-durs\/#breadcrumb","itemListElement":[{"@type":"ListItem","position":1,"name":"Accueil","item":"https:\/\/theplayoffs.news\/fr\/"},{"@type":"ListItem","position":2,"name":"\u00c0 Portland, les temps sont durs"}]},{"@type":"WebSite","@id":"https:\/\/theplayoffs.news\/fr\/#website","url":"https:\/\/theplayoffs.news\/fr\/","name":"The Playoffs FR","description":"NBA-NFL-NHL-MLB","potentialAction":[{"@type":"SearchAction","target":{"@type":"EntryPoint","urlTemplate":"https:\/\/theplayoffs.news\/fr\/?s={search_term_string}"},"query-input":{"@type":"PropertyValueSpecification","valueRequired":true,"valueName":"search_term_string"}}],"inLanguage":"fr-FR"},{"@type":"Person","@id":"https:\/\/theplayoffs.news\/fr\/#\/schema\/person\/3dd6319a9057ecd181d2351cdb03ccd2","name":"Alban Conejero","image":{"@type":"ImageObject","inLanguage":"fr-FR","@id":"https:\/\/theplayoffs.news\/fr\/#\/schema\/person\/image\/","url":"https:\/\/secure.gravatar.com\/avatar\/ef2d5e8508f59dc7b4e42edb92917fc230c9f46d5eb7ec09de6d5b8e112de01f?s=96&d=mm&r=g","contentUrl":"https:\/\/secure.gravatar.com\/avatar\/ef2d5e8508f59dc7b4e42edb92917fc230c9f46d5eb7ec09de6d5b8e112de01f?s=96&d=mm&r=g","caption":"Alban Conejero"},"url":"https:\/\/theplayoffs.news\/fr\/author\/albanconejero26gmail-com\/"}]}},"_links":{"self":[{"href":"https:\/\/theplayoffs.news\/fr\/wp-json\/wp\/v2\/posts\/533833","targetHints":{"allow":["GET"]}}],"collection":[{"href":"https:\/\/theplayoffs.news\/fr\/wp-json\/wp\/v2\/posts"}],"about":[{"href":"https:\/\/theplayoffs.news\/fr\/wp-json\/wp\/v2\/types\/post"}],"author":[{"embeddable":true,"href":"https:\/\/theplayoffs.news\/fr\/wp-json\/wp\/v2\/users\/180310139"}],"replies":[{"embeddable":true,"href":"https:\/\/theplayoffs.news\/fr\/wp-json\/wp\/v2\/comments?post=533833"}],"version-history":[{"count":3,"href":"https:\/\/theplayoffs.news\/fr\/wp-json\/wp\/v2\/posts\/533833\/revisions"}],"predecessor-version":[{"id":533846,"href":"https:\/\/theplayoffs.news\/fr\/wp-json\/wp\/v2\/posts\/533833\/revisions\/533846"}],"wp:featuredmedia":[{"embeddable":true,"href":"https:\/\/theplayoffs.news\/fr\/wp-json\/wp\/v2\/media\/533843"}],"wp:attachment":[{"href":"https:\/\/theplayoffs.news\/fr\/wp-json\/wp\/v2\/media?parent=533833"}],"wp:term":[{"taxonomy":"category","embeddable":true,"href":"https:\/\/theplayoffs.news\/fr\/wp-json\/wp\/v2\/categories?post=533833"},{"taxonomy":"post_tag","embeddable":true,"href":"https:\/\/theplayoffs.news\/fr\/wp-json\/wp\/v2\/tags?post=533833"},{"taxonomy":"sport","embeddable":true,"href":"https:\/\/theplayoffs.news\/fr\/wp-json\/wp\/v2\/sport?post=533833"},{"taxonomy":"saison","embeddable":true,"href":"https:\/\/theplayoffs.news\/fr\/wp-json\/wp\/v2\/saison?post=533833"}],"curies":[{"name":"wp","href":"https:\/\/api.w.org\/{rel}","templated":true}]}}