{"id":532706,"date":"2023-01-17T18:45:58","date_gmt":"2023-01-17T17:45:58","guid":{"rendered":"https:\/\/theplayoffs.news\/fr\/?p=532706"},"modified":"2023-01-17T18:46:10","modified_gmt":"2023-01-17T17:46:10","slug":"jim-schwartz-coordinateur-defensif-browns","status":"publish","type":"post","link":"https:\/\/theplayoffs.news\/fr\/actualite-nfl\/jim-schwartz-coordinateur-defensif-browns\/","title":{"rendered":"Jim Schwartz est le nouveau coordinateur d\u00e9fensif des Browns"},"content":{"rendered":"<h2>Jim Schwartz, vainqueur du Superbowl 2018 avec les Eagles en tant que coordinateur d&eacute;fensif, sera le coordinateur d&eacute;fensif des Browns de Cleveland l&rsquo;ann&eacute;e prochaine.<\/h2><p><strong><a href=\"https:\/\/theplayoffs.news\/fr\/equipe\/cleveland-browns-nfl\/\" class=\"trk-cta-link\" data-cta-trk='{\"ctaType\":\"Link\",\"ctaSubType\":\"main\"}'>Les Browns<\/a><\/strong> ont interview&eacute; plusieurs noms comme <strong>Brian Flores<\/strong> l&rsquo;ancien head coach de Miami et actuel coach des linebackers de <strong>Pittsburgh<\/strong>, mais c&rsquo;est finalement <strong>Jim Schwartz<\/strong> qui occupera le poste de coordinateur d&eacute;fensif &agrave; <strong>Cleveland<\/strong> l&rsquo;ann&eacute;e prochaine, <a href=\"https:\/\/twitter.com\/tompelissero\/status\/1615356767822614528?s=61&amp;t=xP98DtRqe4iq15KITBnAEQ\" class=\"trk-cta-link\" data-cta-trk='{\"ctaType\":\"Link\",\"ctaSubType\":\"main\"}'>selon Tom Pelissero<\/a>. Un bon choix visiblement pour <strong>les Browns<\/strong> qui donnent les cl&eacute;s de leur d&eacute;fense &agrave; un homme d&rsquo;exp&eacute;rience surtout apr&egrave;s une saison d&eacute;cevante &agrave; 7 victoires et 10 d&eacute;faites.<\/p><p>Schwartz a remport&eacute; le Superbowl 2018 avec <strong>les Eagles<\/strong> face aux <strong>Patriots<\/strong> en tant que coordinateur d&eacute;fensif d&rsquo;une &eacute;quipe coach&eacute;e &agrave; l&rsquo;&eacute;poque par <strong>Doug Pederson<\/strong>. Et avant cela, il &eacute;tait le head coach de <strong>Detroit<\/strong> entre 2009 et 2013 et coordinateur d&eacute;fensif de <strong>Tennessee<\/strong> entre 2001 et 2008, preuve de la fiabilit&eacute; de l&rsquo;homme &agrave; ce poste.<\/p>\n","protected":false},"excerpt":{"rendered":"","protected":false},"author":180310139,"featured_media":532712,"comment_status":"open","ping_status":"closed","sticky":false,"template":"","format":"standard","meta":{"inline_featured_image":false,"kia_subtitle":"","_mux_skip_reasons":[],"proofreadBy":0,"footnotes":""},"categories":[118,40],"tags":[542,5307,5306,79],"sport":[2785],"saison":[],"class_list":["post-532706","post","type-post","status-publish","format-standard","has-post-thumbnail","hentry","category-actualite-nfl","category-nfl","tag-cleveland-browns","tag-coordinateur-defensif","tag-jim-schwartz","tag-nfl","sport-nfl"],"acf":[],"yoast_head":"<!-- This site is optimized with the Yoast SEO plugin v24.2 - https:\/\/yoast.com\/wordpress\/plugins\/seo\/ -->\n<title>Jim Schwartz est le nouveau coordinateur d&eacute;fensif des Browns - The Playoffs FR<\/title>\n<meta name=\"robots\" content=\"index, follow, max-snippet:-1, max-image-preview:large, max-video-preview:-1\" \/>\n<link rel=\"canonical\" href=\"https:\/\/theplayoffs.news\/fr\/actualite-nfl\/jim-schwartz-coordinateur-defensif-browns\/\" \/>\n<meta property=\"og:locale\" content=\"fr_FR\" \/>\n<meta property=\"og:type\" content=\"article\" \/>\n<meta property=\"og:title\" content=\"Jim Schwartz est le nouveau coordinateur d&eacute;fensif des Browns - The Playoffs FR\" \/>\n<meta property=\"og:url\" content=\"https:\/\/theplayoffs.news\/fr\/actualite-nfl\/jim-schwartz-coordinateur-defensif-browns\/\" \/>\n<meta property=\"og:site_name\" content=\"The Playoffs FR\" \/>\n<meta property=\"article:publisher\" content=\"https:\/\/www.facebook.com\/TheFreeAgentFR\/\" \/>\n<meta property=\"article:modified_time\" content=\"2023-01-17T18:46:10+01:00\" \/>\n<meta property=\"og:image\" content=\"https:\/\/theplayoffs.news\/fr\/wp-content\/uploads\/2023\/01\/FDB5A3F4-685C-4F5E-A4AD-882009048DB8.jpeg\" \/>\n\t<meta property=\"og:image:width\" content=\"1200\" \/>\n\t<meta property=\"og:image:height\" content=\"1200\" \/>\n\t<meta property=\"og:image:type\" content=\"image\/jpeg\" \/>\n<meta name=\"author\" content=\"Alban Conejero\" \/>\n<meta name=\"twitter:card\" content=\"summary_large_image\" \/>\n<meta name=\"twitter:creator\" content=\"@TheFreeAgentFR\" \/>\n<meta name=\"twitter:site\" content=\"@TheFreeAgentFR\" \/>\n<meta name=\"twitter:label1\" content=\"\u00c9crit par\" \/>\n\t<meta name=\"twitter:data1\" content=\"Alban Conejero\" \/>\n\t<meta name=\"twitter:label2\" content=\"Dur\u00e9e de lecture estim\u00e9e\" \/>\n\t<meta name=\"twitter:data2\" content=\"1 minute\" \/>\n<script type=\"application\/ld+json\" class=\"yoast-schema-graph\">{\"@context\":\"https:\/\/schema.org\",\"@graph\":[{\"@type\":\"WebPage\",\"@id\":\"https:\/\/theplayoffs.news\/fr\/actualite-nfl\/jim-schwartz-coordinateur-defensif-browns\/\",\"url\":\"https:\/\/theplayoffs.news\/fr\/actualite-nfl\/jim-schwartz-coordinateur-defensif-browns\/\",\"name\":\"Jim Schwartz est le nouveau coordinateur d\u00e9fensif des Browns - The Playoffs FR\",\"isPartOf\":{\"@id\":\"https:\/\/theplayoffs.news\/fr\/#website\"},\"primaryImageOfPage\":{\"@id\":\"https:\/\/theplayoffs.news\/fr\/actualite-nfl\/jim-schwartz-coordinateur-defensif-browns\/#primaryimage\"},\"image\":{\"@id\":\"https:\/\/theplayoffs.news\/fr\/actualite-nfl\/jim-schwartz-coordinateur-defensif-browns\/#primaryimage\"},\"thumbnailUrl\":\"https:\/\/theplayoffs.news\/fr\/wp-content\/uploads\/2023\/01\/FDB5A3F4-685C-4F5E-A4AD-882009048DB8.jpeg\",\"datePublished\":\"2023-01-17T17:45:58+00:00\",\"dateModified\":\"2023-01-17T17:46:10+00:00\",\"author\":{\"@id\":\"https:\/\/theplayoffs.news\/fr\/#\/schema\/person\/3dd6319a9057ecd181d2351cdb03ccd2\"},\"breadcrumb\":{\"@id\":\"https:\/\/theplayoffs.news\/fr\/actualite-nfl\/jim-schwartz-coordinateur-defensif-browns\/#breadcrumb\"},\"inLanguage\":\"fr-FR\",\"potentialAction\":[{\"@type\":\"ReadAction\",\"target\":[\"https:\/\/theplayoffs.news\/fr\/actualite-nfl\/jim-schwartz-coordinateur-defensif-browns\/\"]}]},{\"@type\":\"ImageObject\",\"inLanguage\":\"fr-FR\",\"@id\":\"https:\/\/theplayoffs.news\/fr\/actualite-nfl\/jim-schwartz-coordinateur-defensif-browns\/#primaryimage\",\"url\":\"https:\/\/theplayoffs.news\/fr\/wp-content\/uploads\/2023\/01\/FDB5A3F4-685C-4F5E-A4AD-882009048DB8.jpeg\",\"contentUrl\":\"https:\/\/theplayoffs.news\/fr\/wp-content\/uploads\/2023\/01\/FDB5A3F4-685C-4F5E-A4AD-882009048DB8.jpeg\",\"width\":1200,\"height\":1200,\"caption\":\"Schwartz\"},{\"@type\":\"BreadcrumbList\",\"@id\":\"https:\/\/theplayoffs.news\/fr\/actualite-nfl\/jim-schwartz-coordinateur-defensif-browns\/#breadcrumb\",\"itemListElement\":[{\"@type\":\"ListItem\",\"position\":1,\"name\":\"Accueil\",\"item\":\"https:\/\/theplayoffs.news\/fr\/\"},{\"@type\":\"ListItem\",\"position\":2,\"name\":\"Jim Schwartz est le nouveau coordinateur d\u00e9fensif des Browns\"}]},{\"@type\":\"WebSite\",\"@id\":\"https:\/\/theplayoffs.news\/fr\/#website\",\"url\":\"https:\/\/theplayoffs.news\/fr\/\",\"name\":\"The Playoffs FR\",\"description\":\"NBA-NFL-NHL-MLB\",\"potentialAction\":[{\"@type\":\"SearchAction\",\"target\":{\"@type\":\"EntryPoint\",\"urlTemplate\":\"https:\/\/theplayoffs.news\/fr\/?s={search_term_string}\"},\"query-input\":{\"@type\":\"PropertyValueSpecification\",\"valueRequired\":true,\"valueName\":\"search_term_string\"}}],\"inLanguage\":\"fr-FR\"},{\"@type\":\"Person\",\"@id\":\"https:\/\/theplayoffs.news\/fr\/#\/schema\/person\/3dd6319a9057ecd181d2351cdb03ccd2\",\"name\":\"Alban Conejero\",\"image\":{\"@type\":\"ImageObject\",\"inLanguage\":\"fr-FR\",\"@id\":\"https:\/\/theplayoffs.news\/fr\/#\/schema\/person\/image\/\",\"url\":\"https:\/\/secure.gravatar.com\/avatar\/ef2d5e8508f59dc7b4e42edb92917fc230c9f46d5eb7ec09de6d5b8e112de01f?s=96&d=mm&r=g\",\"contentUrl\":\"https:\/\/secure.gravatar.com\/avatar\/ef2d5e8508f59dc7b4e42edb92917fc230c9f46d5eb7ec09de6d5b8e112de01f?s=96&d=mm&r=g\",\"caption\":\"Alban Conejero\"},\"url\":\"https:\/\/theplayoffs.news\/fr\/author\/albanconejero26gmail-com\/\"}]}<\/script>\n<!-- \/ Yoast SEO plugin. -->","yoast_head_json":{"title":"Jim Schwartz est le nouveau coordinateur d&eacute;fensif des Browns - The Playoffs FR","robots":{"index":"index","follow":"follow","max-snippet":"max-snippet:-1","max-image-preview":"max-image-preview:large","max-video-preview":"max-video-preview:-1"},"canonical":"https:\/\/theplayoffs.news\/fr\/actualite-nfl\/jim-schwartz-coordinateur-defensif-browns\/","og_locale":"fr_FR","og_type":"article","og_title":"Jim Schwartz est le nouveau coordinateur d&eacute;fensif des Browns - The Playoffs FR","og_url":"https:\/\/theplayoffs.news\/fr\/actualite-nfl\/jim-schwartz-coordinateur-defensif-browns\/","og_site_name":"The Playoffs FR","article_publisher":"https:\/\/www.facebook.com\/TheFreeAgentFR\/","article_modified_time":"2023-01-17T17:46:10+00:00","og_image":[{"width":1200,"height":1200,"url":"https:\/\/theplayoffs.news\/fr\/wp-content\/uploads\/2023\/01\/FDB5A3F4-685C-4F5E-A4AD-882009048DB8.jpeg","type":"image\/jpeg"}],"author":"Alban Conejero","twitter_card":"summary_large_image","twitter_creator":"@TheFreeAgentFR","twitter_site":"@TheFreeAgentFR","twitter_misc":{"\u00c9crit par":"Alban Conejero","Dur\u00e9e de lecture estim\u00e9e":"1 minute"},"schema":{"@context":"https:\/\/schema.org","@graph":[{"@type":"WebPage","@id":"https:\/\/theplayoffs.news\/fr\/actualite-nfl\/jim-schwartz-coordinateur-defensif-browns\/","url":"https:\/\/theplayoffs.news\/fr\/actualite-nfl\/jim-schwartz-coordinateur-defensif-browns\/","name":"Jim Schwartz est le nouveau coordinateur d\u00e9fensif des Browns - The Playoffs FR","isPartOf":{"@id":"https:\/\/theplayoffs.news\/fr\/#website"},"primaryImageOfPage":{"@id":"https:\/\/theplayoffs.news\/fr\/actualite-nfl\/jim-schwartz-coordinateur-defensif-browns\/#primaryimage"},"image":{"@id":"https:\/\/theplayoffs.news\/fr\/actualite-nfl\/jim-schwartz-coordinateur-defensif-browns\/#primaryimage"},"thumbnailUrl":"https:\/\/theplayoffs.news\/fr\/wp-content\/uploads\/2023\/01\/FDB5A3F4-685C-4F5E-A4AD-882009048DB8.jpeg","datePublished":"2023-01-17T17:45:58+00:00","dateModified":"2023-01-17T17:46:10+00:00","author":{"@id":"https:\/\/theplayoffs.news\/fr\/#\/schema\/person\/3dd6319a9057ecd181d2351cdb03ccd2"},"breadcrumb":{"@id":"https:\/\/theplayoffs.news\/fr\/actualite-nfl\/jim-schwartz-coordinateur-defensif-browns\/#breadcrumb"},"inLanguage":"fr-FR","potentialAction":[{"@type":"ReadAction","target":["https:\/\/theplayoffs.news\/fr\/actualite-nfl\/jim-schwartz-coordinateur-defensif-browns\/"]}]},{"@type":"ImageObject","inLanguage":"fr-FR","@id":"https:\/\/theplayoffs.news\/fr\/actualite-nfl\/jim-schwartz-coordinateur-defensif-browns\/#primaryimage","url":"https:\/\/theplayoffs.news\/fr\/wp-content\/uploads\/2023\/01\/FDB5A3F4-685C-4F5E-A4AD-882009048DB8.jpeg","contentUrl":"https:\/\/theplayoffs.news\/fr\/wp-content\/uploads\/2023\/01\/FDB5A3F4-685C-4F5E-A4AD-882009048DB8.jpeg","width":1200,"height":1200,"caption":"Schwartz"},{"@type":"BreadcrumbList","@id":"https:\/\/theplayoffs.news\/fr\/actualite-nfl\/jim-schwartz-coordinateur-defensif-browns\/#breadcrumb","itemListElement":[{"@type":"ListItem","position":1,"name":"Accueil","item":"https:\/\/theplayoffs.news\/fr\/"},{"@type":"ListItem","position":2,"name":"Jim Schwartz est le nouveau coordinateur d\u00e9fensif des Browns"}]},{"@type":"WebSite","@id":"https:\/\/theplayoffs.news\/fr\/#website","url":"https:\/\/theplayoffs.news\/fr\/","name":"The Playoffs FR","description":"NBA-NFL-NHL-MLB","potentialAction":[{"@type":"SearchAction","target":{"@type":"EntryPoint","urlTemplate":"https:\/\/theplayoffs.news\/fr\/?s={search_term_string}"},"query-input":{"@type":"PropertyValueSpecification","valueRequired":true,"valueName":"search_term_string"}}],"inLanguage":"fr-FR"},{"@type":"Person","@id":"https:\/\/theplayoffs.news\/fr\/#\/schema\/person\/3dd6319a9057ecd181d2351cdb03ccd2","name":"Alban Conejero","image":{"@type":"ImageObject","inLanguage":"fr-FR","@id":"https:\/\/theplayoffs.news\/fr\/#\/schema\/person\/image\/","url":"https:\/\/secure.gravatar.com\/avatar\/ef2d5e8508f59dc7b4e42edb92917fc230c9f46d5eb7ec09de6d5b8e112de01f?s=96&d=mm&r=g","contentUrl":"https:\/\/secure.gravatar.com\/avatar\/ef2d5e8508f59dc7b4e42edb92917fc230c9f46d5eb7ec09de6d5b8e112de01f?s=96&d=mm&r=g","caption":"Alban Conejero"},"url":"https:\/\/theplayoffs.news\/fr\/author\/albanconejero26gmail-com\/"}]}},"_links":{"self":[{"href":"https:\/\/theplayoffs.news\/fr\/wp-json\/wp\/v2\/posts\/532706","targetHints":{"allow":["GET"]}}],"collection":[{"href":"https:\/\/theplayoffs.news\/fr\/wp-json\/wp\/v2\/posts"}],"about":[{"href":"https:\/\/theplayoffs.news\/fr\/wp-json\/wp\/v2\/types\/post"}],"author":[{"embeddable":true,"href":"https:\/\/theplayoffs.news\/fr\/wp-json\/wp\/v2\/users\/180310139"}],"replies":[{"embeddable":true,"href":"https:\/\/theplayoffs.news\/fr\/wp-json\/wp\/v2\/comments?post=532706"}],"version-history":[{"count":2,"href":"https:\/\/theplayoffs.news\/fr\/wp-json\/wp\/v2\/posts\/532706\/revisions"}],"predecessor-version":[{"id":532716,"href":"https:\/\/theplayoffs.news\/fr\/wp-json\/wp\/v2\/posts\/532706\/revisions\/532716"}],"wp:featuredmedia":[{"embeddable":true,"href":"https:\/\/theplayoffs.news\/fr\/wp-json\/wp\/v2\/media\/532712"}],"wp:attachment":[{"href":"https:\/\/theplayoffs.news\/fr\/wp-json\/wp\/v2\/media?parent=532706"}],"wp:term":[{"taxonomy":"category","embeddable":true,"href":"https:\/\/theplayoffs.news\/fr\/wp-json\/wp\/v2\/categories?post=532706"},{"taxonomy":"post_tag","embeddable":true,"href":"https:\/\/theplayoffs.news\/fr\/wp-json\/wp\/v2\/tags?post=532706"},{"taxonomy":"sport","embeddable":true,"href":"https:\/\/theplayoffs.news\/fr\/wp-json\/wp\/v2\/sport?post=532706"},{"taxonomy":"saison","embeddable":true,"href":"https:\/\/theplayoffs.news\/fr\/wp-json\/wp\/v2\/saison?post=532706"}],"curies":[{"name":"wp","href":"https:\/\/api.w.org\/{rel}","templated":true}]}}