{"id":532036,"date":"2023-01-17T08:24:04","date_gmt":"2023-01-17T07:24:04","guid":{"rendered":"https:\/\/theplayoffs.news\/fr\/?p=532036"},"modified":"2023-01-17T08:24:05","modified_gmt":"2023-01-17T07:24:05","slug":"brady-evasif-sur-la-suite-de-sa-carriere","status":"publish","type":"post","link":"https:\/\/theplayoffs.news\/fr\/actualite-nfl\/brady-evasif-sur-la-suite-de-sa-carriere\/","title":{"rendered":"Tom Brady \u00e9vasif sur la suite de sa carri\u00e8re"},"content":{"rendered":"<h2>Apr&egrave;s la d&eacute;faite des Buccaneers de Tampa Bay face aux Cowboys de Dallas (31-14), Tom Brady s&rsquo;est pr&eacute;sent&eacute; en conf&eacute;rence de presse avec un air assez d&eacute;pit&eacute;. Quant &agrave; la suite de sa carri&egrave;re, il n&rsquo;a encore rien d&eacute;cid&eacute;.<\/h2><p>Il souhaitait la victoire des siens mais le match a &eacute;t&eacute; clairement domin&eacute; par les hommes de<strong> Mike McCarthy<\/strong>. <a href=\"https:\/\/theplayoffs.news\/fr\/joueur\/tom-brady-nfl-4660\/\" class=\"trk-cta-link\" data-cta-trk='{\"ctaType\":\"Link\",\"ctaSubType\":\"main\"}'>Tom Brady<\/a> s&rsquo;est pr&eacute;sent&eacute; en conf&eacute;rence de presse d&rsquo;apr&egrave;s-match. Il n&rsquo;est d&rsquo;ailleurs pas rest&eacute; longtemps lors de cette entrevue avec les m&eacute;dias. Peut-&ecirc;tre encaisse-t-il cette d&eacute;faite avec ce go&ucirc;t d&rsquo;inachever.<\/p><blockquote class=\"twitter-tweet\" data-width=\"500\" data-dnt=\"true\">\n<p lang=\"en\" dir=\"ltr\">Tom Brady tips his cap to Bucs fans as he jogs off the field &#128075; <a href=\"https:\/\/t.co\/pSqCW5xzUD\" class=\"trk-cta-link\" data-cta-trk='{\"ctaType\":\"Link\",\"ctaSubType\":\"main\"}'>pic.twitter.com\/pSqCW5xzUD<\/a><\/p>\n<p>&mdash; SportsCenter (@SportsCenter) <a href=\"https:\/\/twitter.com\/SportsCenter\/status\/1615206213276389376?ref_src=twsrc%5Etfw\" class=\"trk-cta-link\" data-cta-trk='{\"ctaType\":\"Link\",\"ctaSubType\":\"main\"}'>January 17, 2023<\/a><\/p><\/blockquote><p><script async src=\"https:\/\/platform.twitter.com\/widgets.js\" charset=\"utf-8\"><\/script><\/p><p><strong>Tom Brady<\/strong> voulait bien &eacute;videmment aller au bout avec les <strong>Buccaneers<\/strong> et d&eacute;crocher un potentiel<strong> 8&egrave; Super Bowl<\/strong>. Mais les <strong>Cowboys de Dallas<\/strong> n&rsquo;ont pas rat&eacute; leur rendez-vous hier soir et ont domin&eacute; le match de la t&ecirc;te et des &eacute;paules.<\/p><blockquote><p>&laquo;&nbsp;Ce n&rsquo;est pas la mani&egrave;re dont on voulait finir (la saison) mais on ne m&eacute;ritait pas de remporter ce match&nbsp;&raquo;, ass&egrave;ne Brady. &laquo;&nbsp;Je donne du cr&eacute;dit &agrave; cette &eacute;quipe des Cowboys qui m&eacute;rite sa victoire. Ils ont fait un bon match, ils ont converti plus d&rsquo;actions que nous donc c&rsquo;est une soir&eacute;e difficile. Ils ont &eacute;t&eacute; bons d&eacute;fensivement en nous mettant beaucoup de pression et on n&rsquo;a pas su concr&eacute;tiser nos actions. &Ccedil;a ressemble &agrave; la fa&ccedil;on dont nous avons jou&eacute; toute l&rsquo;ann&eacute;e, pas efficace dans notre jeu de passe et pas vraiment bon dans le jeu de courses donc c&rsquo;est dur de battre une &eacute;quipe comme celle-l&agrave;&nbsp;&raquo;.<\/p><\/blockquote><p>Bien s&ucirc;r apr&egrave;s ce match, la question est de savoir si c&rsquo;&eacute;tait ou non le dernier match de la l&eacute;gende de ce sport. Mais <strong>Tom Brady<\/strong> <a href=\"https:\/\/www.youtube.com\/watch?v=4ihU3c1mPfk&amp;ab_channel=ESPN\" class=\"trk-cta-link\" data-cta-trk='{\"ctaType\":\"Link\",\"ctaSubType\":\"main\"}'>n&rsquo;a pas donn&eacute; plus d&rsquo;&eacute;l&eacute;ments quant &agrave; une possible retraite<\/a>.<\/p><blockquote><p>&laquo;&nbsp;Je vais rentrer chez moi et passer la meilleure nuit possible&nbsp;&raquo;, confie Brady avec un petit sourire. &laquo;&nbsp;J&rsquo;&eacute;tais vraiment concentr&eacute; sur ce match. C&rsquo;est une d&eacute;cision qu&rsquo;il va falloir &eacute;tudier au jour le jour&nbsp;&raquo;.<\/p><\/blockquote><p><strong>Tom Brady<\/strong> avait pris une premi&egrave;re retraite avant de revenir sur sa d&eacute;cision le <a href=\"https:\/\/twitter.com\/TomBrady\/status\/1503147141795045378?ref_src=twsrc%5Etfw%7Ctwcamp%5Etweetembed%7Ctwterm%5E1503147141795045378%7Ctwgr%5E4c4e0ee1eec50b58a40bd25f31c63248bda55509%7Ctwcon%5Es1_&amp;ref_url=https%3A%2F%2Fwww.francetvinfo.fr%2Fsports%2Fnfl%2Fnfl-la-legende-tom-brady-sort-de-sa-retraite-et-jouera-la-prochaine-saison-avec-tampa-bay_5007116.html\" class=\"trk-cta-link\" data-cta-trk='{\"ctaType\":\"Link\",\"ctaSubType\":\"main\"}'>13 mars dernier<\/a>.<\/p>\n","protected":false},"excerpt":{"rendered":"","protected":false},"author":180310140,"featured_media":532214,"comment_status":"open","ping_status":"closed","sticky":false,"template":"","format":"standard","meta":{"inline_featured_image":false,"kia_subtitle":"","_mux_skip_reasons":[],"proofreadBy":0,"footnotes":""},"categories":[118,40],"tags":[801,81],"sport":[2785],"saison":[],"class_list":["post-532036","post","type-post","status-publish","format-standard","has-post-thumbnail","hentry","category-actualite-nfl","category-nfl","tag-tampa-bay-buccaneers","tag-tom-brady","sport-nfl"],"acf":[],"yoast_head":"<!-- This site is optimized with the Yoast SEO plugin v24.2 - https:\/\/yoast.com\/wordpress\/plugins\/seo\/ -->\n<title>Tom Brady &eacute;vasif sur la suite de sa carri&egrave;re - The Playoffs FR<\/title>\n<meta name=\"robots\" content=\"index, follow, max-snippet:-1, max-image-preview:large, max-video-preview:-1\" \/>\n<link rel=\"canonical\" href=\"https:\/\/theplayoffs.news\/fr\/actualite-nfl\/brady-evasif-sur-la-suite-de-sa-carriere\/\" \/>\n<meta property=\"og:locale\" content=\"fr_FR\" \/>\n<meta property=\"og:type\" content=\"article\" \/>\n<meta property=\"og:title\" content=\"Tom Brady &eacute;vasif sur la suite de sa carri&egrave;re - The Playoffs FR\" \/>\n<meta property=\"og:url\" content=\"https:\/\/theplayoffs.news\/fr\/actualite-nfl\/brady-evasif-sur-la-suite-de-sa-carriere\/\" \/>\n<meta property=\"og:site_name\" content=\"The Playoffs FR\" \/>\n<meta property=\"article:publisher\" content=\"https:\/\/www.facebook.com\/TheFreeAgentFR\/\" \/>\n<meta property=\"article:modified_time\" content=\"2023-01-17T08:24:05+01:00\" \/>\n<meta property=\"og:image\" content=\"https:\/\/theplayoffs.news\/fr\/wp-content\/uploads\/2023\/01\/Tom-Brady.jpg\" \/>\n\t<meta property=\"og:image:width\" content=\"1320\" \/>\n\t<meta property=\"og:image:height\" content=\"743\" \/>\n\t<meta property=\"og:image:type\" content=\"image\/jpeg\" \/>\n<meta name=\"author\" content=\"Theophile Batica-ferreira\" \/>\n<meta name=\"twitter:card\" content=\"summary_large_image\" \/>\n<meta name=\"twitter:creator\" content=\"@TheFreeAgentFR\" \/>\n<meta name=\"twitter:site\" content=\"@TheFreeAgentFR\" \/>\n<meta name=\"twitter:label1\" content=\"\u00c9crit par\" \/>\n\t<meta name=\"twitter:data1\" content=\"Theophile Batica-ferreira\" \/>\n\t<meta name=\"twitter:label2\" content=\"Dur\u00e9e de lecture estim\u00e9e\" \/>\n\t<meta name=\"twitter:data2\" content=\"2 minutes\" \/>\n<script type=\"application\/ld+json\" class=\"yoast-schema-graph\">{\"@context\":\"https:\/\/schema.org\",\"@graph\":[{\"@type\":\"WebPage\",\"@id\":\"https:\/\/theplayoffs.news\/fr\/actualite-nfl\/brady-evasif-sur-la-suite-de-sa-carriere\/\",\"url\":\"https:\/\/theplayoffs.news\/fr\/actualite-nfl\/brady-evasif-sur-la-suite-de-sa-carriere\/\",\"name\":\"Tom Brady \u00e9vasif sur la suite de sa carri\u00e8re - The Playoffs FR\",\"isPartOf\":{\"@id\":\"https:\/\/theplayoffs.news\/fr\/#website\"},\"primaryImageOfPage\":{\"@id\":\"https:\/\/theplayoffs.news\/fr\/actualite-nfl\/brady-evasif-sur-la-suite-de-sa-carriere\/#primaryimage\"},\"image\":{\"@id\":\"https:\/\/theplayoffs.news\/fr\/actualite-nfl\/brady-evasif-sur-la-suite-de-sa-carriere\/#primaryimage\"},\"thumbnailUrl\":\"https:\/\/theplayoffs.news\/fr\/wp-content\/uploads\/2023\/01\/Tom-Brady.jpg\",\"datePublished\":\"2023-01-17T07:24:04+00:00\",\"dateModified\":\"2023-01-17T07:24:05+00:00\",\"author\":{\"@id\":\"https:\/\/theplayoffs.news\/fr\/#\/schema\/person\/28782e5d11e28ced1db43166cecdaae9\"},\"breadcrumb\":{\"@id\":\"https:\/\/theplayoffs.news\/fr\/actualite-nfl\/brady-evasif-sur-la-suite-de-sa-carriere\/#breadcrumb\"},\"inLanguage\":\"fr-FR\",\"potentialAction\":[{\"@type\":\"ReadAction\",\"target\":[\"https:\/\/theplayoffs.news\/fr\/actualite-nfl\/brady-evasif-sur-la-suite-de-sa-carriere\/\"]}]},{\"@type\":\"ImageObject\",\"inLanguage\":\"fr-FR\",\"@id\":\"https:\/\/theplayoffs.news\/fr\/actualite-nfl\/brady-evasif-sur-la-suite-de-sa-carriere\/#primaryimage\",\"url\":\"https:\/\/theplayoffs.news\/fr\/wp-content\/uploads\/2023\/01\/Tom-Brady.jpg\",\"contentUrl\":\"https:\/\/theplayoffs.news\/fr\/wp-content\/uploads\/2023\/01\/Tom-Brady.jpg\",\"width\":1320,\"height\":743,\"caption\":\"Tom Brady\"},{\"@type\":\"BreadcrumbList\",\"@id\":\"https:\/\/theplayoffs.news\/fr\/actualite-nfl\/brady-evasif-sur-la-suite-de-sa-carriere\/#breadcrumb\",\"itemListElement\":[{\"@type\":\"ListItem\",\"position\":1,\"name\":\"Accueil\",\"item\":\"https:\/\/theplayoffs.news\/fr\/\"},{\"@type\":\"ListItem\",\"position\":2,\"name\":\"Tom Brady \u00e9vasif sur la suite de sa carri\u00e8re\"}]},{\"@type\":\"WebSite\",\"@id\":\"https:\/\/theplayoffs.news\/fr\/#website\",\"url\":\"https:\/\/theplayoffs.news\/fr\/\",\"name\":\"The Playoffs FR\",\"description\":\"NBA-NFL-NHL-MLB\",\"potentialAction\":[{\"@type\":\"SearchAction\",\"target\":{\"@type\":\"EntryPoint\",\"urlTemplate\":\"https:\/\/theplayoffs.news\/fr\/?s={search_term_string}\"},\"query-input\":{\"@type\":\"PropertyValueSpecification\",\"valueRequired\":true,\"valueName\":\"search_term_string\"}}],\"inLanguage\":\"fr-FR\"},{\"@type\":\"Person\",\"@id\":\"https:\/\/theplayoffs.news\/fr\/#\/schema\/person\/28782e5d11e28ced1db43166cecdaae9\",\"name\":\"Theophile Batica-ferreira\",\"image\":{\"@type\":\"ImageObject\",\"inLanguage\":\"fr-FR\",\"@id\":\"https:\/\/theplayoffs.news\/fr\/#\/schema\/person\/image\/\",\"url\":\"https:\/\/secure.gravatar.com\/avatar\/2a8200ad0411f8ebd27c6b41622c1d7589cdf53cfc6c271372dbe6fbfd1e8159?s=96&d=mm&r=g\",\"contentUrl\":\"https:\/\/secure.gravatar.com\/avatar\/2a8200ad0411f8ebd27c6b41622c1d7589cdf53cfc6c271372dbe6fbfd1e8159?s=96&d=mm&r=g\",\"caption\":\"Theophile Batica-ferreira\"},\"url\":\"https:\/\/theplayoffs.news\/fr\/author\/theophile-batica-ferreiramediaschool-me\/\"}]}<\/script>\n<!-- \/ Yoast SEO plugin. -->","yoast_head_json":{"title":"Tom Brady &eacute;vasif sur la suite de sa carri&egrave;re - The Playoffs FR","robots":{"index":"index","follow":"follow","max-snippet":"max-snippet:-1","max-image-preview":"max-image-preview:large","max-video-preview":"max-video-preview:-1"},"canonical":"https:\/\/theplayoffs.news\/fr\/actualite-nfl\/brady-evasif-sur-la-suite-de-sa-carriere\/","og_locale":"fr_FR","og_type":"article","og_title":"Tom Brady &eacute;vasif sur la suite de sa carri&egrave;re - The Playoffs FR","og_url":"https:\/\/theplayoffs.news\/fr\/actualite-nfl\/brady-evasif-sur-la-suite-de-sa-carriere\/","og_site_name":"The Playoffs FR","article_publisher":"https:\/\/www.facebook.com\/TheFreeAgentFR\/","article_modified_time":"2023-01-17T07:24:05+00:00","og_image":[{"width":1320,"height":743,"url":"https:\/\/theplayoffs.news\/fr\/wp-content\/uploads\/2023\/01\/Tom-Brady.jpg","type":"image\/jpeg"}],"author":"Theophile Batica-ferreira","twitter_card":"summary_large_image","twitter_creator":"@TheFreeAgentFR","twitter_site":"@TheFreeAgentFR","twitter_misc":{"\u00c9crit par":"Theophile Batica-ferreira","Dur\u00e9e de lecture estim\u00e9e":"2 minutes"},"schema":{"@context":"https:\/\/schema.org","@graph":[{"@type":"WebPage","@id":"https:\/\/theplayoffs.news\/fr\/actualite-nfl\/brady-evasif-sur-la-suite-de-sa-carriere\/","url":"https:\/\/theplayoffs.news\/fr\/actualite-nfl\/brady-evasif-sur-la-suite-de-sa-carriere\/","name":"Tom Brady \u00e9vasif sur la suite de sa carri\u00e8re - The Playoffs FR","isPartOf":{"@id":"https:\/\/theplayoffs.news\/fr\/#website"},"primaryImageOfPage":{"@id":"https:\/\/theplayoffs.news\/fr\/actualite-nfl\/brady-evasif-sur-la-suite-de-sa-carriere\/#primaryimage"},"image":{"@id":"https:\/\/theplayoffs.news\/fr\/actualite-nfl\/brady-evasif-sur-la-suite-de-sa-carriere\/#primaryimage"},"thumbnailUrl":"https:\/\/theplayoffs.news\/fr\/wp-content\/uploads\/2023\/01\/Tom-Brady.jpg","datePublished":"2023-01-17T07:24:04+00:00","dateModified":"2023-01-17T07:24:05+00:00","author":{"@id":"https:\/\/theplayoffs.news\/fr\/#\/schema\/person\/28782e5d11e28ced1db43166cecdaae9"},"breadcrumb":{"@id":"https:\/\/theplayoffs.news\/fr\/actualite-nfl\/brady-evasif-sur-la-suite-de-sa-carriere\/#breadcrumb"},"inLanguage":"fr-FR","potentialAction":[{"@type":"ReadAction","target":["https:\/\/theplayoffs.news\/fr\/actualite-nfl\/brady-evasif-sur-la-suite-de-sa-carriere\/"]}]},{"@type":"ImageObject","inLanguage":"fr-FR","@id":"https:\/\/theplayoffs.news\/fr\/actualite-nfl\/brady-evasif-sur-la-suite-de-sa-carriere\/#primaryimage","url":"https:\/\/theplayoffs.news\/fr\/wp-content\/uploads\/2023\/01\/Tom-Brady.jpg","contentUrl":"https:\/\/theplayoffs.news\/fr\/wp-content\/uploads\/2023\/01\/Tom-Brady.jpg","width":1320,"height":743,"caption":"Tom Brady"},{"@type":"BreadcrumbList","@id":"https:\/\/theplayoffs.news\/fr\/actualite-nfl\/brady-evasif-sur-la-suite-de-sa-carriere\/#breadcrumb","itemListElement":[{"@type":"ListItem","position":1,"name":"Accueil","item":"https:\/\/theplayoffs.news\/fr\/"},{"@type":"ListItem","position":2,"name":"Tom Brady \u00e9vasif sur la suite de sa carri\u00e8re"}]},{"@type":"WebSite","@id":"https:\/\/theplayoffs.news\/fr\/#website","url":"https:\/\/theplayoffs.news\/fr\/","name":"The Playoffs FR","description":"NBA-NFL-NHL-MLB","potentialAction":[{"@type":"SearchAction","target":{"@type":"EntryPoint","urlTemplate":"https:\/\/theplayoffs.news\/fr\/?s={search_term_string}"},"query-input":{"@type":"PropertyValueSpecification","valueRequired":true,"valueName":"search_term_string"}}],"inLanguage":"fr-FR"},{"@type":"Person","@id":"https:\/\/theplayoffs.news\/fr\/#\/schema\/person\/28782e5d11e28ced1db43166cecdaae9","name":"Theophile Batica-ferreira","image":{"@type":"ImageObject","inLanguage":"fr-FR","@id":"https:\/\/theplayoffs.news\/fr\/#\/schema\/person\/image\/","url":"https:\/\/secure.gravatar.com\/avatar\/2a8200ad0411f8ebd27c6b41622c1d7589cdf53cfc6c271372dbe6fbfd1e8159?s=96&d=mm&r=g","contentUrl":"https:\/\/secure.gravatar.com\/avatar\/2a8200ad0411f8ebd27c6b41622c1d7589cdf53cfc6c271372dbe6fbfd1e8159?s=96&d=mm&r=g","caption":"Theophile Batica-ferreira"},"url":"https:\/\/theplayoffs.news\/fr\/author\/theophile-batica-ferreiramediaschool-me\/"}]}},"_links":{"self":[{"href":"https:\/\/theplayoffs.news\/fr\/wp-json\/wp\/v2\/posts\/532036","targetHints":{"allow":["GET"]}}],"collection":[{"href":"https:\/\/theplayoffs.news\/fr\/wp-json\/wp\/v2\/posts"}],"about":[{"href":"https:\/\/theplayoffs.news\/fr\/wp-json\/wp\/v2\/types\/post"}],"author":[{"embeddable":true,"href":"https:\/\/theplayoffs.news\/fr\/wp-json\/wp\/v2\/users\/180310140"}],"replies":[{"embeddable":true,"href":"https:\/\/theplayoffs.news\/fr\/wp-json\/wp\/v2\/comments?post=532036"}],"version-history":[{"count":3,"href":"https:\/\/theplayoffs.news\/fr\/wp-json\/wp\/v2\/posts\/532036\/revisions"}],"predecessor-version":[{"id":532232,"href":"https:\/\/theplayoffs.news\/fr\/wp-json\/wp\/v2\/posts\/532036\/revisions\/532232"}],"wp:featuredmedia":[{"embeddable":true,"href":"https:\/\/theplayoffs.news\/fr\/wp-json\/wp\/v2\/media\/532214"}],"wp:attachment":[{"href":"https:\/\/theplayoffs.news\/fr\/wp-json\/wp\/v2\/media?parent=532036"}],"wp:term":[{"taxonomy":"category","embeddable":true,"href":"https:\/\/theplayoffs.news\/fr\/wp-json\/wp\/v2\/categories?post=532036"},{"taxonomy":"post_tag","embeddable":true,"href":"https:\/\/theplayoffs.news\/fr\/wp-json\/wp\/v2\/tags?post=532036"},{"taxonomy":"sport","embeddable":true,"href":"https:\/\/theplayoffs.news\/fr\/wp-json\/wp\/v2\/sport?post=532036"},{"taxonomy":"saison","embeddable":true,"href":"https:\/\/theplayoffs.news\/fr\/wp-json\/wp\/v2\/saison?post=532036"}],"curies":[{"name":"wp","href":"https:\/\/api.w.org\/{rel}","templated":true}]}}