{"id":526761,"date":"2023-01-13T15:36:04","date_gmt":"2023-01-13T14:36:04","guid":{"rendered":"https:\/\/theplayoffs.news\/fr\/?p=526761"},"modified":"2023-01-13T15:39:01","modified_gmt":"2023-01-13T14:39:01","slug":"limpact-offensif-de-simmons-fait-parler","status":"publish","type":"post","link":"https:\/\/theplayoffs.news\/fr\/actualite-nba\/limpact-offensif-de-simmons-fait-parler\/","title":{"rendered":"L&rsquo;impact offensif de Simmons fait parler"},"content":{"rendered":"<h2>Lors de la d&eacute;faite des Nets face aux Boston Celtics (109-98) Ben Simmons n&rsquo;a inscrit aucun point lors de ce choc de la Conf&eacute;rence Est. Et le moins que l&rsquo;on puisse dire, c&rsquo;est que sa prestation fait beaucoup parler.<\/h2><p>C&rsquo;est la deuxi&egrave;me fois cette saison et de sa carri&egrave;re que <a href=\"https:\/\/theplayoffs.news\/fr\/joueur\/ben-simmons-nba-7814774\/\" class=\"trk-cta-link\" data-cta-trk='{\"ctaType\":\"Link\",\"ctaSubType\":\"main\"}'>Ben Simmons<\/a> n&rsquo;a inscrit aucun point. L&rsquo;ancien de Philadelphie a certes distill&eacute; <strong>13 passes d&eacute;cisives dont 10<\/strong> en premi&egrave;re p&eacute;riode mais ce n&rsquo;est clairement pas suffisant pour un joueur qui doit faire la diff&eacute;rence surtout en l&rsquo;absence de <strong>Kevin Durant<\/strong>.<\/p><blockquote><p>&laquo;&nbsp;Je dois &ecirc;tre plus agressif, je sais que mon &eacute;quipe a besoin de &ccedil;a&nbsp;&raquo;, commente-t-il en conf&eacute;rence de presse d&rsquo;apr&egrave;s match. &laquo;&nbsp;Je pense que je dois aller plus vers le panier et ainsi marquer des points&nbsp;&raquo;.<\/p><\/blockquote><p>On le relance sur le fait s&rsquo;il ressent davantage la pression de mettre des paniers lorsque <strong>Kevin Durant<\/strong> n&rsquo;est pas sur le parquet. Ben Simmons r&eacute;pond que &ccedil;a doit &ecirc;tre quelque chose &laquo;&nbsp;qu&rsquo;il doit faire&nbsp;&raquo;.<\/p><p>Hier soir, il n&rsquo;a clairement pas remplac&eacute; &laquo;&nbsp;KD&nbsp;&raquo; au scoring.<\/p><p>Pourtant, ses co&eacute;quipiers ne le bl&acirc;me pas pour autant. C&rsquo;est le cas de <a href=\"https:\/\/theplayoffs.news\/fr\/joueur\/kyrie-irving-nba-12884\/\" class=\"trk-cta-link\" data-cta-trk='{\"ctaType\":\"Link\",\"ctaSubType\":\"main\"}'>Kyrie Irving<\/a> qui prend cette d&eacute;faite comme un rappel pour l&rsquo;effectif des Nets qui se doit d&rsquo;&ecirc;tre au niveau tous les soirs.<\/p><blockquote><p>&laquo;&nbsp;Il doit &ecirc;tre lui-m&ecirc;me, il ne faut pas qu&rsquo;il se mette trop de pression sur ce genre de matchs ou d&rsquo;autres matchs&nbsp;&raquo;, d&eacute;clare le meneur de Brooklyn. &laquo;&nbsp;Qu&rsquo;il marque 4 points ou 8 points peu importe, &ccedil;a doit &ecirc;tre &agrave; nous collectivement de mettre des points et lorsqu&rsquo;il (Simmons) &agrave; l&rsquo;opportunit&eacute; de faire des passes, on doit &ecirc;tre agressifs&nbsp;&raquo;<\/p><\/blockquote><p>Pour <strong>Jacque Vaughn<\/strong>, <strong>Ben Simmons<\/strong> doit &ecirc;tre efficace de l&rsquo;autre c&ocirc;t&eacute; du terrain, c&rsquo;est-&agrave;-dire le secteur d&eacute;fensif.<\/p><blockquote><p>&laquo;&nbsp;Ce que je regarde c&rsquo;est sur la partie d&eacute;fensive lorsque Kevin Durant n&rsquo;est pas l&agrave;&nbsp;&raquo;, avoue le coach des Nets sur Ben Simmons. &laquo;&nbsp;Il doit &ecirc;tre capable de prot&eacute;ger la peinture, il doit &ecirc;tre une force dans le secteur d&eacute;fensive pour permettre &agrave; nos trois meneurs de pouvoir shooter lorsque l&rsquo;on attaque&nbsp;&raquo;.<\/p><\/blockquote><p>Les critiques sont vives Outre-Atlantique. Il est inconcevable de voir un joueur de la stature de Ben Simmons n&rsquo;inscrire aucun point au cours d&rsquo;un match. <a href=\"https:\/\/www.youtube.com\/watch?v=S0p8OlOpOeA&amp;ab_channel=NBAonTNT\" class=\"trk-cta-link\" data-cta-trk='{\"ctaType\":\"Link\",\"ctaSubType\":\"main\"}'>Shaquille O&rsquo;Neal est de cet avis<\/a>.<\/p><blockquote><p>&laquo;&nbsp;Si tu veux &ecirc;tre un grand joueur tu dois &ecirc;tre capable de tout faire&nbsp;&raquo;, ass&egrave;ne le consultant pour la cha&icirc;ne am&eacute;ricaine TNT &laquo;&nbsp;On a besoin que tu sois agressif, &agrave; aucun moment il ne regarde le panier&nbsp;&raquo;.<\/p><\/blockquote><p><strong>Ben Simmons<\/strong> doit se remettre en question et mettre plus de paniers s&rsquo;il veut faire taire les critiques.<\/p>\n","protected":false},"excerpt":{"rendered":"","protected":false},"author":180310140,"featured_media":526840,"comment_status":"open","ping_status":"closed","sticky":false,"template":"","format":"standard","meta":{"inline_featured_image":false,"kia_subtitle":"","_mux_skip_reasons":[],"proofreadBy":0,"footnotes":""},"categories":[110,10],"tags":[518,499,5013,1073,1692],"sport":[2783],"saison":[],"class_list":["post-526761","post","type-post","status-publish","format-standard","has-post-thumbnail","hentry","category-actualite-nba","category-nba","tag-ben-simmons","tag-brooklyn-nets","tag-jacque-vaughn","tag-kyrie-irving","tag-shaquille-oneal","sport-nba"],"acf":[],"yoast_head":"<!-- This site is optimized with the Yoast SEO plugin v24.2 - https:\/\/yoast.com\/wordpress\/plugins\/seo\/ -->\n<title>L&#039;impact offensif de Simmons fait parler - The Playoffs FR<\/title>\n<meta name=\"robots\" content=\"index, follow, max-snippet:-1, max-image-preview:large, max-video-preview:-1\" \/>\n<link rel=\"canonical\" href=\"https:\/\/theplayoffs.news\/fr\/actualite-nba\/limpact-offensif-de-simmons-fait-parler\/\" \/>\n<meta property=\"og:locale\" content=\"fr_FR\" \/>\n<meta property=\"og:type\" content=\"article\" \/>\n<meta property=\"og:title\" content=\"L&#039;impact offensif de Simmons fait parler - The Playoffs FR\" \/>\n<meta property=\"og:url\" content=\"https:\/\/theplayoffs.news\/fr\/actualite-nba\/limpact-offensif-de-simmons-fait-parler\/\" \/>\n<meta property=\"og:site_name\" content=\"The Playoffs FR\" \/>\n<meta property=\"article:publisher\" content=\"https:\/\/www.facebook.com\/TheFreeAgentFR\/\" \/>\n<meta property=\"article:modified_time\" content=\"2023-01-13T15:39:01+01:00\" \/>\n<meta property=\"og:image\" content=\"https:\/\/theplayoffs.news\/fr\/wp-content\/uploads\/2023\/01\/Ben-Simmons.jpg\" \/>\n\t<meta property=\"og:image:width\" content=\"1280\" \/>\n\t<meta property=\"og:image:height\" content=\"720\" \/>\n\t<meta property=\"og:image:type\" content=\"image\/jpeg\" \/>\n<meta name=\"author\" content=\"Theophile Batica-ferreira\" \/>\n<meta name=\"twitter:card\" content=\"summary_large_image\" \/>\n<meta name=\"twitter:creator\" content=\"@TheFreeAgentFR\" \/>\n<meta name=\"twitter:site\" content=\"@TheFreeAgentFR\" \/>\n<meta name=\"twitter:label1\" content=\"\u00c9crit par\" \/>\n\t<meta name=\"twitter:data1\" content=\"Theophile Batica-ferreira\" \/>\n\t<meta name=\"twitter:label2\" content=\"Dur\u00e9e de lecture estim\u00e9e\" \/>\n\t<meta name=\"twitter:data2\" content=\"2 minutes\" \/>\n<script type=\"application\/ld+json\" class=\"yoast-schema-graph\">{\"@context\":\"https:\/\/schema.org\",\"@graph\":[{\"@type\":\"WebPage\",\"@id\":\"https:\/\/theplayoffs.news\/fr\/actualite-nba\/limpact-offensif-de-simmons-fait-parler\/\",\"url\":\"https:\/\/theplayoffs.news\/fr\/actualite-nba\/limpact-offensif-de-simmons-fait-parler\/\",\"name\":\"L\\\\'impact offensif de Simmons fait parler - The Playoffs FR\",\"isPartOf\":{\"@id\":\"https:\/\/theplayoffs.news\/fr\/#website\"},\"primaryImageOfPage\":{\"@id\":\"https:\/\/theplayoffs.news\/fr\/actualite-nba\/limpact-offensif-de-simmons-fait-parler\/#primaryimage\"},\"image\":{\"@id\":\"https:\/\/theplayoffs.news\/fr\/actualite-nba\/limpact-offensif-de-simmons-fait-parler\/#primaryimage\"},\"thumbnailUrl\":\"https:\/\/theplayoffs.news\/fr\/wp-content\/uploads\/2023\/01\/Ben-Simmons.jpg\",\"datePublished\":\"2023-01-13T14:36:04+00:00\",\"dateModified\":\"2023-01-13T14:39:01+00:00\",\"author\":{\"@id\":\"https:\/\/theplayoffs.news\/fr\/#\/schema\/person\/28782e5d11e28ced1db43166cecdaae9\"},\"breadcrumb\":{\"@id\":\"https:\/\/theplayoffs.news\/fr\/actualite-nba\/limpact-offensif-de-simmons-fait-parler\/#breadcrumb\"},\"inLanguage\":\"fr-FR\",\"potentialAction\":[{\"@type\":\"ReadAction\",\"target\":[\"https:\/\/theplayoffs.news\/fr\/actualite-nba\/limpact-offensif-de-simmons-fait-parler\/\"]}]},{\"@type\":\"ImageObject\",\"inLanguage\":\"fr-FR\",\"@id\":\"https:\/\/theplayoffs.news\/fr\/actualite-nba\/limpact-offensif-de-simmons-fait-parler\/#primaryimage\",\"url\":\"https:\/\/theplayoffs.news\/fr\/wp-content\/uploads\/2023\/01\/Ben-Simmons.jpg\",\"contentUrl\":\"https:\/\/theplayoffs.news\/fr\/wp-content\/uploads\/2023\/01\/Ben-Simmons.jpg\",\"width\":1280,\"height\":720,\"caption\":\"Ben Simmons\"},{\"@type\":\"BreadcrumbList\",\"@id\":\"https:\/\/theplayoffs.news\/fr\/actualite-nba\/limpact-offensif-de-simmons-fait-parler\/#breadcrumb\",\"itemListElement\":[{\"@type\":\"ListItem\",\"position\":1,\"name\":\"Accueil\",\"item\":\"https:\/\/theplayoffs.news\/fr\/\"},{\"@type\":\"ListItem\",\"position\":2,\"name\":\"L&rsquo;impact offensif de Simmons fait parler\"}]},{\"@type\":\"WebSite\",\"@id\":\"https:\/\/theplayoffs.news\/fr\/#website\",\"url\":\"https:\/\/theplayoffs.news\/fr\/\",\"name\":\"The Playoffs FR\",\"description\":\"NBA-NFL-NHL-MLB\",\"potentialAction\":[{\"@type\":\"SearchAction\",\"target\":{\"@type\":\"EntryPoint\",\"urlTemplate\":\"https:\/\/theplayoffs.news\/fr\/?s={search_term_string}\"},\"query-input\":{\"@type\":\"PropertyValueSpecification\",\"valueRequired\":true,\"valueName\":\"search_term_string\"}}],\"inLanguage\":\"fr-FR\"},{\"@type\":\"Person\",\"@id\":\"https:\/\/theplayoffs.news\/fr\/#\/schema\/person\/28782e5d11e28ced1db43166cecdaae9\",\"name\":\"Theophile Batica-ferreira\",\"image\":{\"@type\":\"ImageObject\",\"inLanguage\":\"fr-FR\",\"@id\":\"https:\/\/theplayoffs.news\/fr\/#\/schema\/person\/image\/\",\"url\":\"https:\/\/secure.gravatar.com\/avatar\/2a8200ad0411f8ebd27c6b41622c1d7589cdf53cfc6c271372dbe6fbfd1e8159?s=96&d=mm&r=g\",\"contentUrl\":\"https:\/\/secure.gravatar.com\/avatar\/2a8200ad0411f8ebd27c6b41622c1d7589cdf53cfc6c271372dbe6fbfd1e8159?s=96&d=mm&r=g\",\"caption\":\"Theophile Batica-ferreira\"},\"url\":\"https:\/\/theplayoffs.news\/fr\/author\/theophile-batica-ferreiramediaschool-me\/\"}]}<\/script>\n<!-- \/ Yoast SEO plugin. -->","yoast_head_json":{"title":"L&#039;impact offensif de Simmons fait parler - The Playoffs FR","robots":{"index":"index","follow":"follow","max-snippet":"max-snippet:-1","max-image-preview":"max-image-preview:large","max-video-preview":"max-video-preview:-1"},"canonical":"https:\/\/theplayoffs.news\/fr\/actualite-nba\/limpact-offensif-de-simmons-fait-parler\/","og_locale":"fr_FR","og_type":"article","og_title":"L&#039;impact offensif de Simmons fait parler - The Playoffs FR","og_url":"https:\/\/theplayoffs.news\/fr\/actualite-nba\/limpact-offensif-de-simmons-fait-parler\/","og_site_name":"The Playoffs FR","article_publisher":"https:\/\/www.facebook.com\/TheFreeAgentFR\/","article_modified_time":"2023-01-13T14:39:01+00:00","og_image":[{"width":1280,"height":720,"url":"https:\/\/theplayoffs.news\/fr\/wp-content\/uploads\/2023\/01\/Ben-Simmons.jpg","type":"image\/jpeg"}],"author":"Theophile Batica-ferreira","twitter_card":"summary_large_image","twitter_creator":"@TheFreeAgentFR","twitter_site":"@TheFreeAgentFR","twitter_misc":{"\u00c9crit par":"Theophile Batica-ferreira","Dur\u00e9e de lecture estim\u00e9e":"2 minutes"},"schema":{"@context":"https:\/\/schema.org","@graph":[{"@type":"WebPage","@id":"https:\/\/theplayoffs.news\/fr\/actualite-nba\/limpact-offensif-de-simmons-fait-parler\/","url":"https:\/\/theplayoffs.news\/fr\/actualite-nba\/limpact-offensif-de-simmons-fait-parler\/","name":"L\\'impact offensif de Simmons fait parler - The Playoffs FR","isPartOf":{"@id":"https:\/\/theplayoffs.news\/fr\/#website"},"primaryImageOfPage":{"@id":"https:\/\/theplayoffs.news\/fr\/actualite-nba\/limpact-offensif-de-simmons-fait-parler\/#primaryimage"},"image":{"@id":"https:\/\/theplayoffs.news\/fr\/actualite-nba\/limpact-offensif-de-simmons-fait-parler\/#primaryimage"},"thumbnailUrl":"https:\/\/theplayoffs.news\/fr\/wp-content\/uploads\/2023\/01\/Ben-Simmons.jpg","datePublished":"2023-01-13T14:36:04+00:00","dateModified":"2023-01-13T14:39:01+00:00","author":{"@id":"https:\/\/theplayoffs.news\/fr\/#\/schema\/person\/28782e5d11e28ced1db43166cecdaae9"},"breadcrumb":{"@id":"https:\/\/theplayoffs.news\/fr\/actualite-nba\/limpact-offensif-de-simmons-fait-parler\/#breadcrumb"},"inLanguage":"fr-FR","potentialAction":[{"@type":"ReadAction","target":["https:\/\/theplayoffs.news\/fr\/actualite-nba\/limpact-offensif-de-simmons-fait-parler\/"]}]},{"@type":"ImageObject","inLanguage":"fr-FR","@id":"https:\/\/theplayoffs.news\/fr\/actualite-nba\/limpact-offensif-de-simmons-fait-parler\/#primaryimage","url":"https:\/\/theplayoffs.news\/fr\/wp-content\/uploads\/2023\/01\/Ben-Simmons.jpg","contentUrl":"https:\/\/theplayoffs.news\/fr\/wp-content\/uploads\/2023\/01\/Ben-Simmons.jpg","width":1280,"height":720,"caption":"Ben Simmons"},{"@type":"BreadcrumbList","@id":"https:\/\/theplayoffs.news\/fr\/actualite-nba\/limpact-offensif-de-simmons-fait-parler\/#breadcrumb","itemListElement":[{"@type":"ListItem","position":1,"name":"Accueil","item":"https:\/\/theplayoffs.news\/fr\/"},{"@type":"ListItem","position":2,"name":"L&rsquo;impact offensif de Simmons fait parler"}]},{"@type":"WebSite","@id":"https:\/\/theplayoffs.news\/fr\/#website","url":"https:\/\/theplayoffs.news\/fr\/","name":"The Playoffs FR","description":"NBA-NFL-NHL-MLB","potentialAction":[{"@type":"SearchAction","target":{"@type":"EntryPoint","urlTemplate":"https:\/\/theplayoffs.news\/fr\/?s={search_term_string}"},"query-input":{"@type":"PropertyValueSpecification","valueRequired":true,"valueName":"search_term_string"}}],"inLanguage":"fr-FR"},{"@type":"Person","@id":"https:\/\/theplayoffs.news\/fr\/#\/schema\/person\/28782e5d11e28ced1db43166cecdaae9","name":"Theophile Batica-ferreira","image":{"@type":"ImageObject","inLanguage":"fr-FR","@id":"https:\/\/theplayoffs.news\/fr\/#\/schema\/person\/image\/","url":"https:\/\/secure.gravatar.com\/avatar\/2a8200ad0411f8ebd27c6b41622c1d7589cdf53cfc6c271372dbe6fbfd1e8159?s=96&d=mm&r=g","contentUrl":"https:\/\/secure.gravatar.com\/avatar\/2a8200ad0411f8ebd27c6b41622c1d7589cdf53cfc6c271372dbe6fbfd1e8159?s=96&d=mm&r=g","caption":"Theophile Batica-ferreira"},"url":"https:\/\/theplayoffs.news\/fr\/author\/theophile-batica-ferreiramediaschool-me\/"}]}},"_links":{"self":[{"href":"https:\/\/theplayoffs.news\/fr\/wp-json\/wp\/v2\/posts\/526761","targetHints":{"allow":["GET"]}}],"collection":[{"href":"https:\/\/theplayoffs.news\/fr\/wp-json\/wp\/v2\/posts"}],"about":[{"href":"https:\/\/theplayoffs.news\/fr\/wp-json\/wp\/v2\/types\/post"}],"author":[{"embeddable":true,"href":"https:\/\/theplayoffs.news\/fr\/wp-json\/wp\/v2\/users\/180310140"}],"replies":[{"embeddable":true,"href":"https:\/\/theplayoffs.news\/fr\/wp-json\/wp\/v2\/comments?post=526761"}],"version-history":[{"count":2,"href":"https:\/\/theplayoffs.news\/fr\/wp-json\/wp\/v2\/posts\/526761\/revisions"}],"predecessor-version":[{"id":526835,"href":"https:\/\/theplayoffs.news\/fr\/wp-json\/wp\/v2\/posts\/526761\/revisions\/526835"}],"wp:featuredmedia":[{"embeddable":true,"href":"https:\/\/theplayoffs.news\/fr\/wp-json\/wp\/v2\/media\/526840"}],"wp:attachment":[{"href":"https:\/\/theplayoffs.news\/fr\/wp-json\/wp\/v2\/media?parent=526761"}],"wp:term":[{"taxonomy":"category","embeddable":true,"href":"https:\/\/theplayoffs.news\/fr\/wp-json\/wp\/v2\/categories?post=526761"},{"taxonomy":"post_tag","embeddable":true,"href":"https:\/\/theplayoffs.news\/fr\/wp-json\/wp\/v2\/tags?post=526761"},{"taxonomy":"sport","embeddable":true,"href":"https:\/\/theplayoffs.news\/fr\/wp-json\/wp\/v2\/sport?post=526761"},{"taxonomy":"saison","embeddable":true,"href":"https:\/\/theplayoffs.news\/fr\/wp-json\/wp\/v2\/saison?post=526761"}],"curies":[{"name":"wp","href":"https:\/\/api.w.org\/{rel}","templated":true}]}}