{"id":522621,"date":"2023-01-10T19:54:32","date_gmt":"2023-01-10T18:54:32","guid":{"rendered":"https:\/\/theplayoffs.news\/fr\/?p=522621"},"modified":"2023-01-10T19:54:33","modified_gmt":"2023-01-10T18:54:33","slug":"carlos-correa-finalement-de-retour-a-minnesota","status":"publish","type":"post","link":"https:\/\/theplayoffs.news\/fr\/actualite-mlb\/carlos-correa-finalement-de-retour-a-minnesota\/","title":{"rendered":"Carlos Correa finalement de retour \u00e0 Minnesota !"},"content":{"rendered":"<p><strong>Carlos Correa et les Twins sont en train de finaliser un deal de 6 saisons pour 200 millions de dollars selon Jeff Passan, insider MLB ESPN.&nbsp;<\/strong><\/p><p>C&rsquo;&eacute;tait le gros dossier de cet hiver. O&ugrave; allait finir l&rsquo;ancien arr&ecirc;t-court des Astros, Carlos Correa ? D&rsquo;abord attendu chez les Giants puis aux Mets, c&rsquo;est finalement comme la saison pass&eacute;e, aux Twins du Minnesota que Carlos Correa va continuer son p&eacute;riple en 2023. Apr&egrave;s les longues rumeurs sur sa fiabilit&eacute; physique lors des visites m&eacute;dicales, il semblerait que le deal des Mets ai, comme celui des Giants, capot&eacute;. Les Twins sont donc revenu &agrave; la charge pour r&eacute;cup&eacute;rer leur arr&ecirc;t-court en lui proposant 200 millions de dollars sur 6 ans, d&rsquo;apr&egrave;s Jeff Passan d&rsquo;ESPN. Toujours selon Passan, le deal pourrait m&ecirc;me aller jusqu&rsquo;&agrave; 270 millions de dollars suivant les prestations du portoricain. Des chiffres qui donnent le vertige et qui sont &agrave; l&rsquo;image des gros contrats sign&eacute;s par les arr&ecirc;ts-courts lors de cette offseason (Trea Turner aux Phillies pour 11 ans et 300 millions de dollars, Dansby Swanson aux Cubs pour 7 ans et 177 millions de dollars, ou encore Xander Bogaerts parti aux Padres pour 11 ans et 280 millions de dollars). Les Giants et les Mets avaient pourtant propos&eacute;s un contrat beaucoup plus gros &agrave; Correa. Respectivement 13 ans et 350 millions de dollars et 12 ans et 315 millions de dollars. Deux deals pharaoniques qui sont tomb&eacute;es &agrave; l&rsquo;eau. S&ucirc;rement en raison des doutes sur la condition physique et ce probl&egrave;me de fibula droit que tra&icirc;ne Carlos Correa.<\/p><p>\n<div id=\"attachment_522645\" style=\"width: 746px\" class=\"wp-caption aligncenter\"><img loading=\"lazy\" decoding=\"async\" aria-describedby=\"caption-attachment-522645\" class=\"wp-image-522645 size-full\" src=\"https:\/\/theplayoffs.news\/fr\/wp-content\/uploads\/2023\/01\/1395591029-850x560-1.webp\" alt=\"\" width=\"736\" height=\"485\" srcset=\"https:\/\/theplayoffs.news\/fr\/wp-content\/uploads\/2023\/01\/1395591029-850x560-1.webp 736w, https:\/\/theplayoffs.news\/fr\/wp-content\/uploads\/2023\/01\/1395591029-850x560-1-300x198.webp 300w, https:\/\/theplayoffs.news\/fr\/wp-content\/uploads\/2023\/01\/1395591029-850x560-1-705x465.webp 705w\" sizes=\"auto, (max-width: 736px) 100vw, 736px\" \/><p id=\"caption-attachment-522645\" class=\"wp-caption-text\">Carlos Correa a pr&eacute;sent&eacute; une ligne de stat tr&egrave;s correcte en 2022, .291\/.366\/.467\/.834 en 136 matchs jou&eacute;s.<\/p><\/div>\n<\/p>\n","protected":false},"excerpt":{"rendered":"","protected":false},"author":180309984,"featured_media":522626,"comment_status":"open","ping_status":"closed","sticky":false,"template":"","format":"standard","meta":{"inline_featured_image":false,"kia_subtitle":"","_mux_skip_reasons":[],"proofreadBy":0,"footnotes":""},"categories":[188,9],"tags":[580,29,444,466],"sport":[2786],"saison":[3453],"class_list":["post-522621","post","type-post","status-publish","format-standard","has-post-thumbnail","hentry","category-actualite-mlb","category-mlb","tag-minnesota-twins","tag-mlb","tag-new-york-mets","tag-san-francisco-giants","sport-mlb","saison-3453"],"acf":[],"yoast_head":"<!-- This site is optimized with the Yoast SEO plugin v24.2 - https:\/\/yoast.com\/wordpress\/plugins\/seo\/ -->\n<title>Carlos Correa finalement de retour &agrave; Minnesota ! - The Playoffs FR<\/title>\n<meta name=\"robots\" content=\"index, follow, max-snippet:-1, max-image-preview:large, max-video-preview:-1\" \/>\n<link rel=\"canonical\" href=\"https:\/\/theplayoffs.news\/fr\/actualite-mlb\/carlos-correa-finalement-de-retour-a-minnesota\/\" \/>\n<meta property=\"og:locale\" content=\"fr_FR\" \/>\n<meta property=\"og:type\" content=\"article\" \/>\n<meta property=\"og:title\" content=\"Carlos Correa finalement de retour &agrave; Minnesota ! - The Playoffs FR\" \/>\n<meta property=\"og:url\" content=\"https:\/\/theplayoffs.news\/fr\/actualite-mlb\/carlos-correa-finalement-de-retour-a-minnesota\/\" \/>\n<meta property=\"og:site_name\" content=\"The Playoffs FR\" \/>\n<meta property=\"article:publisher\" content=\"https:\/\/www.facebook.com\/TheFreeAgentFR\/\" \/>\n<meta property=\"article:modified_time\" content=\"2023-01-10T19:54:33+01:00\" \/>\n<meta property=\"og:image\" content=\"https:\/\/theplayoffs.news\/fr\/wp-content\/uploads\/2023\/01\/Carlos-Correa-USATSI_19095394.jpg\" \/>\n\t<meta property=\"og:image:width\" content=\"840\" \/>\n\t<meta property=\"og:image:height\" content=\"472\" \/>\n\t<meta property=\"og:image:type\" content=\"image\/jpeg\" \/>\n<meta name=\"author\" content=\"Oscar Sabattier\" \/>\n<meta name=\"twitter:card\" content=\"summary_large_image\" \/>\n<meta name=\"twitter:creator\" content=\"@TheFreeAgentFR\" \/>\n<meta name=\"twitter:site\" content=\"@TheFreeAgentFR\" \/>\n<meta name=\"twitter:label1\" content=\"\u00c9crit par\" \/>\n\t<meta name=\"twitter:data1\" content=\"Oscar Sabattier\" \/>\n\t<meta name=\"twitter:label2\" content=\"Dur\u00e9e de lecture estim\u00e9e\" \/>\n\t<meta name=\"twitter:data2\" content=\"1 minute\" \/>\n<script type=\"application\/ld+json\" class=\"yoast-schema-graph\">{\"@context\":\"https:\/\/schema.org\",\"@graph\":[{\"@type\":\"WebPage\",\"@id\":\"https:\/\/theplayoffs.news\/fr\/actualite-mlb\/carlos-correa-finalement-de-retour-a-minnesota\/\",\"url\":\"https:\/\/theplayoffs.news\/fr\/actualite-mlb\/carlos-correa-finalement-de-retour-a-minnesota\/\",\"name\":\"Carlos Correa finalement de retour \u00e0 Minnesota ! - The Playoffs FR\",\"isPartOf\":{\"@id\":\"https:\/\/theplayoffs.news\/fr\/#website\"},\"primaryImageOfPage\":{\"@id\":\"https:\/\/theplayoffs.news\/fr\/actualite-mlb\/carlos-correa-finalement-de-retour-a-minnesota\/#primaryimage\"},\"image\":{\"@id\":\"https:\/\/theplayoffs.news\/fr\/actualite-mlb\/carlos-correa-finalement-de-retour-a-minnesota\/#primaryimage\"},\"thumbnailUrl\":\"https:\/\/theplayoffs.news\/fr\/wp-content\/uploads\/2023\/01\/Carlos-Correa-USATSI_19095394.jpg\",\"datePublished\":\"2023-01-10T18:54:32+00:00\",\"dateModified\":\"2023-01-10T18:54:33+00:00\",\"author\":{\"@id\":\"https:\/\/theplayoffs.news\/fr\/#\/schema\/person\/cd7fdb3918cf37b335dc710e07196eee\"},\"breadcrumb\":{\"@id\":\"https:\/\/theplayoffs.news\/fr\/actualite-mlb\/carlos-correa-finalement-de-retour-a-minnesota\/#breadcrumb\"},\"inLanguage\":\"fr-FR\",\"potentialAction\":[{\"@type\":\"ReadAction\",\"target\":[\"https:\/\/theplayoffs.news\/fr\/actualite-mlb\/carlos-correa-finalement-de-retour-a-minnesota\/\"]}]},{\"@type\":\"ImageObject\",\"inLanguage\":\"fr-FR\",\"@id\":\"https:\/\/theplayoffs.news\/fr\/actualite-mlb\/carlos-correa-finalement-de-retour-a-minnesota\/#primaryimage\",\"url\":\"https:\/\/theplayoffs.news\/fr\/wp-content\/uploads\/2023\/01\/Carlos-Correa-USATSI_19095394.jpg\",\"contentUrl\":\"https:\/\/theplayoffs.news\/fr\/wp-content\/uploads\/2023\/01\/Carlos-Correa-USATSI_19095394.jpg\",\"width\":840,\"height\":472,\"caption\":\"Carlos Correa\"},{\"@type\":\"BreadcrumbList\",\"@id\":\"https:\/\/theplayoffs.news\/fr\/actualite-mlb\/carlos-correa-finalement-de-retour-a-minnesota\/#breadcrumb\",\"itemListElement\":[{\"@type\":\"ListItem\",\"position\":1,\"name\":\"Accueil\",\"item\":\"https:\/\/theplayoffs.news\/fr\/\"},{\"@type\":\"ListItem\",\"position\":2,\"name\":\"Carlos Correa finalement de retour \u00e0 Minnesota !\"}]},{\"@type\":\"WebSite\",\"@id\":\"https:\/\/theplayoffs.news\/fr\/#website\",\"url\":\"https:\/\/theplayoffs.news\/fr\/\",\"name\":\"The Playoffs FR\",\"description\":\"NBA-NFL-NHL-MLB\",\"potentialAction\":[{\"@type\":\"SearchAction\",\"target\":{\"@type\":\"EntryPoint\",\"urlTemplate\":\"https:\/\/theplayoffs.news\/fr\/?s={search_term_string}\"},\"query-input\":{\"@type\":\"PropertyValueSpecification\",\"valueRequired\":true,\"valueName\":\"search_term_string\"}}],\"inLanguage\":\"fr-FR\"},{\"@type\":\"Person\",\"@id\":\"https:\/\/theplayoffs.news\/fr\/#\/schema\/person\/cd7fdb3918cf37b335dc710e07196eee\",\"name\":\"Oscar Sabattier\",\"image\":{\"@type\":\"ImageObject\",\"inLanguage\":\"fr-FR\",\"@id\":\"https:\/\/theplayoffs.news\/fr\/#\/schema\/person\/image\/\",\"url\":\"https:\/\/secure.gravatar.com\/avatar\/0de7f30fa6a5585e64fe8d75a783a66166103fe7a3884bb88c63945a89f369b1?s=96&d=mm&r=g\",\"contentUrl\":\"https:\/\/secure.gravatar.com\/avatar\/0de7f30fa6a5585e64fe8d75a783a66166103fe7a3884bb88c63945a89f369b1?s=96&d=mm&r=g\",\"caption\":\"Oscar Sabattier\"},\"url\":\"https:\/\/theplayoffs.news\/fr\/author\/oscar-sabattiericloud-com\/\"}]}<\/script>\n<!-- \/ Yoast SEO plugin. -->","yoast_head_json":{"title":"Carlos Correa finalement de retour &agrave; Minnesota ! - The Playoffs FR","robots":{"index":"index","follow":"follow","max-snippet":"max-snippet:-1","max-image-preview":"max-image-preview:large","max-video-preview":"max-video-preview:-1"},"canonical":"https:\/\/theplayoffs.news\/fr\/actualite-mlb\/carlos-correa-finalement-de-retour-a-minnesota\/","og_locale":"fr_FR","og_type":"article","og_title":"Carlos Correa finalement de retour &agrave; Minnesota ! - The Playoffs FR","og_url":"https:\/\/theplayoffs.news\/fr\/actualite-mlb\/carlos-correa-finalement-de-retour-a-minnesota\/","og_site_name":"The Playoffs FR","article_publisher":"https:\/\/www.facebook.com\/TheFreeAgentFR\/","article_modified_time":"2023-01-10T18:54:33+00:00","og_image":[{"width":840,"height":472,"url":"https:\/\/theplayoffs.news\/fr\/wp-content\/uploads\/2023\/01\/Carlos-Correa-USATSI_19095394.jpg","type":"image\/jpeg"}],"author":"Oscar Sabattier","twitter_card":"summary_large_image","twitter_creator":"@TheFreeAgentFR","twitter_site":"@TheFreeAgentFR","twitter_misc":{"\u00c9crit par":"Oscar Sabattier","Dur\u00e9e de lecture estim\u00e9e":"1 minute"},"schema":{"@context":"https:\/\/schema.org","@graph":[{"@type":"WebPage","@id":"https:\/\/theplayoffs.news\/fr\/actualite-mlb\/carlos-correa-finalement-de-retour-a-minnesota\/","url":"https:\/\/theplayoffs.news\/fr\/actualite-mlb\/carlos-correa-finalement-de-retour-a-minnesota\/","name":"Carlos Correa finalement de retour \u00e0 Minnesota ! - The Playoffs FR","isPartOf":{"@id":"https:\/\/theplayoffs.news\/fr\/#website"},"primaryImageOfPage":{"@id":"https:\/\/theplayoffs.news\/fr\/actualite-mlb\/carlos-correa-finalement-de-retour-a-minnesota\/#primaryimage"},"image":{"@id":"https:\/\/theplayoffs.news\/fr\/actualite-mlb\/carlos-correa-finalement-de-retour-a-minnesota\/#primaryimage"},"thumbnailUrl":"https:\/\/theplayoffs.news\/fr\/wp-content\/uploads\/2023\/01\/Carlos-Correa-USATSI_19095394.jpg","datePublished":"2023-01-10T18:54:32+00:00","dateModified":"2023-01-10T18:54:33+00:00","author":{"@id":"https:\/\/theplayoffs.news\/fr\/#\/schema\/person\/cd7fdb3918cf37b335dc710e07196eee"},"breadcrumb":{"@id":"https:\/\/theplayoffs.news\/fr\/actualite-mlb\/carlos-correa-finalement-de-retour-a-minnesota\/#breadcrumb"},"inLanguage":"fr-FR","potentialAction":[{"@type":"ReadAction","target":["https:\/\/theplayoffs.news\/fr\/actualite-mlb\/carlos-correa-finalement-de-retour-a-minnesota\/"]}]},{"@type":"ImageObject","inLanguage":"fr-FR","@id":"https:\/\/theplayoffs.news\/fr\/actualite-mlb\/carlos-correa-finalement-de-retour-a-minnesota\/#primaryimage","url":"https:\/\/theplayoffs.news\/fr\/wp-content\/uploads\/2023\/01\/Carlos-Correa-USATSI_19095394.jpg","contentUrl":"https:\/\/theplayoffs.news\/fr\/wp-content\/uploads\/2023\/01\/Carlos-Correa-USATSI_19095394.jpg","width":840,"height":472,"caption":"Carlos Correa"},{"@type":"BreadcrumbList","@id":"https:\/\/theplayoffs.news\/fr\/actualite-mlb\/carlos-correa-finalement-de-retour-a-minnesota\/#breadcrumb","itemListElement":[{"@type":"ListItem","position":1,"name":"Accueil","item":"https:\/\/theplayoffs.news\/fr\/"},{"@type":"ListItem","position":2,"name":"Carlos Correa finalement de retour \u00e0 Minnesota !"}]},{"@type":"WebSite","@id":"https:\/\/theplayoffs.news\/fr\/#website","url":"https:\/\/theplayoffs.news\/fr\/","name":"The Playoffs FR","description":"NBA-NFL-NHL-MLB","potentialAction":[{"@type":"SearchAction","target":{"@type":"EntryPoint","urlTemplate":"https:\/\/theplayoffs.news\/fr\/?s={search_term_string}"},"query-input":{"@type":"PropertyValueSpecification","valueRequired":true,"valueName":"search_term_string"}}],"inLanguage":"fr-FR"},{"@type":"Person","@id":"https:\/\/theplayoffs.news\/fr\/#\/schema\/person\/cd7fdb3918cf37b335dc710e07196eee","name":"Oscar Sabattier","image":{"@type":"ImageObject","inLanguage":"fr-FR","@id":"https:\/\/theplayoffs.news\/fr\/#\/schema\/person\/image\/","url":"https:\/\/secure.gravatar.com\/avatar\/0de7f30fa6a5585e64fe8d75a783a66166103fe7a3884bb88c63945a89f369b1?s=96&d=mm&r=g","contentUrl":"https:\/\/secure.gravatar.com\/avatar\/0de7f30fa6a5585e64fe8d75a783a66166103fe7a3884bb88c63945a89f369b1?s=96&d=mm&r=g","caption":"Oscar Sabattier"},"url":"https:\/\/theplayoffs.news\/fr\/author\/oscar-sabattiericloud-com\/"}]}},"_links":{"self":[{"href":"https:\/\/theplayoffs.news\/fr\/wp-json\/wp\/v2\/posts\/522621","targetHints":{"allow":["GET"]}}],"collection":[{"href":"https:\/\/theplayoffs.news\/fr\/wp-json\/wp\/v2\/posts"}],"about":[{"href":"https:\/\/theplayoffs.news\/fr\/wp-json\/wp\/v2\/types\/post"}],"author":[{"embeddable":true,"href":"https:\/\/theplayoffs.news\/fr\/wp-json\/wp\/v2\/users\/180309984"}],"replies":[{"embeddable":true,"href":"https:\/\/theplayoffs.news\/fr\/wp-json\/wp\/v2\/comments?post=522621"}],"version-history":[{"count":5,"href":"https:\/\/theplayoffs.news\/fr\/wp-json\/wp\/v2\/posts\/522621\/revisions"}],"predecessor-version":[{"id":522652,"href":"https:\/\/theplayoffs.news\/fr\/wp-json\/wp\/v2\/posts\/522621\/revisions\/522652"}],"wp:featuredmedia":[{"embeddable":true,"href":"https:\/\/theplayoffs.news\/fr\/wp-json\/wp\/v2\/media\/522626"}],"wp:attachment":[{"href":"https:\/\/theplayoffs.news\/fr\/wp-json\/wp\/v2\/media?parent=522621"}],"wp:term":[{"taxonomy":"category","embeddable":true,"href":"https:\/\/theplayoffs.news\/fr\/wp-json\/wp\/v2\/categories?post=522621"},{"taxonomy":"post_tag","embeddable":true,"href":"https:\/\/theplayoffs.news\/fr\/wp-json\/wp\/v2\/tags?post=522621"},{"taxonomy":"sport","embeddable":true,"href":"https:\/\/theplayoffs.news\/fr\/wp-json\/wp\/v2\/sport?post=522621"},{"taxonomy":"saison","embeddable":true,"href":"https:\/\/theplayoffs.news\/fr\/wp-json\/wp\/v2\/saison?post=522621"}],"curies":[{"name":"wp","href":"https:\/\/api.w.org\/{rel}","templated":true}]}}