{"id":520832,"date":"2023-01-09T12:45:04","date_gmt":"2023-01-09T11:45:04","guid":{"rendered":"https:\/\/theplayoffs.news\/fr\/?p=520832"},"modified":"2023-01-09T13:13:31","modified_gmt":"2023-01-09T12:13:31","slug":"kevin-durant-14e-meilleur-marqueur-nba","status":"publish","type":"post","link":"https:\/\/theplayoffs.news\/fr\/actualite-nba\/kevin-durant-14e-meilleur-marqueur-nba\/","title":{"rendered":"Kevin Durant devient le 14e meilleur marqueur de l&rsquo;histoire de la NBA"},"content":{"rendered":"<h2>La soir&eacute;e d&rsquo;hier n&rsquo;aura pas &eacute;t&eacute; parfaite pour Kevin Durant. L&rsquo;ailier des Brooklyn Nets est sorti sur blessure lors de la rencontre face &agrave; Miami, mais il est avant cela tout de m&ecirc;me devenu le 14e meilleur marqueur de l&rsquo;histoire de la NBA en d&eacute;passant Dominique Wilkins.<\/h2><p><strong><a href=\"https:\/\/theplayoffs.news\/fr\/joueur\/kevin-durant-nba-6404\/\" class=\"trk-cta-link\" data-cta-trk='{\"ctaType\":\"Link\",\"ctaSubType\":\"main\"}'>Kevin Durant<\/a><\/strong> est un peu plus rentr&eacute; dans l&rsquo;histoire de la NBA hier soir lors de la rencontre &agrave; Miami face au Heat. Avant de se blesser et de sortir dans le 4e quart temps, KD est devenu le <a href=\"https:\/\/twitter.com\/BrooklynNets\/status\/1612228107544530946?s=20&amp;t=7yiUlzNw10A4AtZCsk21lg\" class=\"trk-cta-link\" data-cta-trk='{\"ctaType\":\"Link\",\"ctaSubType\":\"main\"}'>14e meilleur marqueur de l&rsquo;histoire de la NBA<\/a> avec 26 669 points, d&eacute;passant ainsi l&rsquo;ailier l&eacute;gendaire des Hawks d&rsquo;Atlanta, Dominique Wilkins.<\/p><blockquote class=\"twitter-tweet\" data-width=\"500\" data-dnt=\"true\">\n<p lang=\"zxx\" dir=\"ltr\"><a href=\"https:\/\/t.co\/o7i1PH7hfr\" class=\"trk-cta-link\" data-cta-trk='{\"ctaType\":\"Link\",\"ctaSubType\":\"main\"}'>pic.twitter.com\/o7i1PH7hfr<\/a><\/p>\n<p>&mdash; NBA France (@NBAFRANCE) <a href=\"https:\/\/twitter.com\/NBAFRANCE\/status\/1612234770175385602?ref_src=twsrc%5Etfw\" class=\"trk-cta-link\" data-cta-trk='{\"ctaType\":\"Link\",\"ctaSubType\":\"main\"}'>January 8, 2023<\/a><\/p><\/blockquote><p><script async src=\"https:\/\/platform.twitter.com\/widgets.js\" charset=\"utf-8\"><\/script><\/p><p>Prochain objectif Oscar Robertson en 13e position, qui lui n&rsquo;est qu&rsquo;&agrave; quelques points devant (26 710). Kevin Durant pourrait ne pas s&rsquo;arr&ecirc;ter l&agrave; pour cette saison puisqu&rsquo;il devrait &eacute;galement d&eacute;passer Hakeem Olajuwon (26 946) avant la fin de la saison, ce qui le placerait en 12e position.<\/p><p>&nbsp;<\/p>\n","protected":false},"excerpt":{"rendered":"","protected":false},"author":180310139,"featured_media":520895,"comment_status":"open","ping_status":"closed","sticky":false,"template":"","format":"standard","meta":{"inline_featured_image":false,"kia_subtitle":"","_mux_skip_reasons":[],"proofreadBy":0,"footnotes":""},"categories":[110,10],"tags":[499,1769,476,23],"sport":[2783],"saison":[],"class_list":["post-520832","post","type-post","status-publish","format-standard","has-post-thumbnail","hentry","category-actualite-nba","category-nba","tag-brooklyn-nets","tag-dominique-wilkins","tag-kevin-durant","tag-nba-tag","sport-nba"],"acf":[],"yoast_head":"<!-- This site is optimized with the Yoast SEO plugin v24.2 - https:\/\/yoast.com\/wordpress\/plugins\/seo\/ -->\n<title>Kevin Durant devient le 14e meilleur marqueur de l&#039;histoire de la NBA - The Playoffs FR<\/title>\n<meta name=\"robots\" content=\"index, follow, max-snippet:-1, max-image-preview:large, max-video-preview:-1\" \/>\n<link rel=\"canonical\" href=\"https:\/\/theplayoffs.news\/fr\/actualite-nba\/kevin-durant-14e-meilleur-marqueur-nba\/\" \/>\n<meta property=\"og:locale\" content=\"fr_FR\" \/>\n<meta property=\"og:type\" content=\"article\" \/>\n<meta property=\"og:title\" content=\"Kevin Durant devient le 14e meilleur marqueur de l&#039;histoire de la NBA - The Playoffs FR\" \/>\n<meta property=\"og:url\" content=\"https:\/\/theplayoffs.news\/fr\/actualite-nba\/kevin-durant-14e-meilleur-marqueur-nba\/\" \/>\n<meta property=\"og:site_name\" content=\"The Playoffs FR\" \/>\n<meta property=\"article:publisher\" content=\"https:\/\/www.facebook.com\/TheFreeAgentFR\/\" \/>\n<meta property=\"article:modified_time\" content=\"2023-01-09T13:13:31+01:00\" \/>\n<meta property=\"og:image\" content=\"https:\/\/theplayoffs.news\/fr\/wp-content\/uploads\/2023\/01\/Icon_sipausa_43692205.jpg\" \/>\n\t<meta property=\"og:image:width\" content=\"1920\" \/>\n\t<meta property=\"og:image:height\" content=\"1280\" \/>\n\t<meta property=\"og:image:type\" content=\"image\/jpeg\" \/>\n<meta name=\"author\" content=\"Alban Conejero\" \/>\n<meta name=\"twitter:card\" content=\"summary_large_image\" \/>\n<meta name=\"twitter:creator\" content=\"@TheFreeAgentFR\" \/>\n<meta name=\"twitter:site\" content=\"@TheFreeAgentFR\" \/>\n<meta name=\"twitter:label1\" content=\"\u00c9crit par\" \/>\n\t<meta name=\"twitter:data1\" content=\"Alban Conejero\" \/>\n\t<meta name=\"twitter:label2\" content=\"Dur\u00e9e de lecture estim\u00e9e\" \/>\n\t<meta name=\"twitter:data2\" content=\"1 minute\" \/>\n<script type=\"application\/ld+json\" class=\"yoast-schema-graph\">{\"@context\":\"https:\/\/schema.org\",\"@graph\":[{\"@type\":\"WebPage\",\"@id\":\"https:\/\/theplayoffs.news\/fr\/actualite-nba\/kevin-durant-14e-meilleur-marqueur-nba\/\",\"url\":\"https:\/\/theplayoffs.news\/fr\/actualite-nba\/kevin-durant-14e-meilleur-marqueur-nba\/\",\"name\":\"Kevin Durant devient le 14e meilleur marqueur de l\\\\'histoire de la NBA - The Playoffs FR\",\"isPartOf\":{\"@id\":\"https:\/\/theplayoffs.news\/fr\/#website\"},\"primaryImageOfPage\":{\"@id\":\"https:\/\/theplayoffs.news\/fr\/actualite-nba\/kevin-durant-14e-meilleur-marqueur-nba\/#primaryimage\"},\"image\":{\"@id\":\"https:\/\/theplayoffs.news\/fr\/actualite-nba\/kevin-durant-14e-meilleur-marqueur-nba\/#primaryimage\"},\"thumbnailUrl\":\"https:\/\/theplayoffs.news\/fr\/wp-content\/uploads\/2023\/01\/Icon_sipausa_43692205.jpg\",\"datePublished\":\"2023-01-09T11:45:04+00:00\",\"dateModified\":\"2023-01-09T12:13:31+00:00\",\"author\":{\"@id\":\"https:\/\/theplayoffs.news\/fr\/#\/schema\/person\/3dd6319a9057ecd181d2351cdb03ccd2\"},\"breadcrumb\":{\"@id\":\"https:\/\/theplayoffs.news\/fr\/actualite-nba\/kevin-durant-14e-meilleur-marqueur-nba\/#breadcrumb\"},\"inLanguage\":\"fr-FR\",\"potentialAction\":[{\"@type\":\"ReadAction\",\"target\":[\"https:\/\/theplayoffs.news\/fr\/actualite-nba\/kevin-durant-14e-meilleur-marqueur-nba\/\"]}]},{\"@type\":\"ImageObject\",\"inLanguage\":\"fr-FR\",\"@id\":\"https:\/\/theplayoffs.news\/fr\/actualite-nba\/kevin-durant-14e-meilleur-marqueur-nba\/#primaryimage\",\"url\":\"https:\/\/theplayoffs.news\/fr\/wp-content\/uploads\/2023\/01\/Icon_sipausa_43692205.jpg\",\"contentUrl\":\"https:\/\/theplayoffs.news\/fr\/wp-content\/uploads\/2023\/01\/Icon_sipausa_43692205.jpg\",\"width\":1920,\"height\":1280,\"caption\":\"Durant\"},{\"@type\":\"BreadcrumbList\",\"@id\":\"https:\/\/theplayoffs.news\/fr\/actualite-nba\/kevin-durant-14e-meilleur-marqueur-nba\/#breadcrumb\",\"itemListElement\":[{\"@type\":\"ListItem\",\"position\":1,\"name\":\"Accueil\",\"item\":\"https:\/\/theplayoffs.news\/fr\/\"},{\"@type\":\"ListItem\",\"position\":2,\"name\":\"Kevin Durant devient le 14e meilleur marqueur de l&rsquo;histoire de la NBA\"}]},{\"@type\":\"WebSite\",\"@id\":\"https:\/\/theplayoffs.news\/fr\/#website\",\"url\":\"https:\/\/theplayoffs.news\/fr\/\",\"name\":\"The Playoffs FR\",\"description\":\"NBA-NFL-NHL-MLB\",\"potentialAction\":[{\"@type\":\"SearchAction\",\"target\":{\"@type\":\"EntryPoint\",\"urlTemplate\":\"https:\/\/theplayoffs.news\/fr\/?s={search_term_string}\"},\"query-input\":{\"@type\":\"PropertyValueSpecification\",\"valueRequired\":true,\"valueName\":\"search_term_string\"}}],\"inLanguage\":\"fr-FR\"},{\"@type\":\"Person\",\"@id\":\"https:\/\/theplayoffs.news\/fr\/#\/schema\/person\/3dd6319a9057ecd181d2351cdb03ccd2\",\"name\":\"Alban Conejero\",\"image\":{\"@type\":\"ImageObject\",\"inLanguage\":\"fr-FR\",\"@id\":\"https:\/\/theplayoffs.news\/fr\/#\/schema\/person\/image\/\",\"url\":\"https:\/\/secure.gravatar.com\/avatar\/ef2d5e8508f59dc7b4e42edb92917fc230c9f46d5eb7ec09de6d5b8e112de01f?s=96&d=mm&r=g\",\"contentUrl\":\"https:\/\/secure.gravatar.com\/avatar\/ef2d5e8508f59dc7b4e42edb92917fc230c9f46d5eb7ec09de6d5b8e112de01f?s=96&d=mm&r=g\",\"caption\":\"Alban Conejero\"},\"url\":\"https:\/\/theplayoffs.news\/fr\/author\/albanconejero26gmail-com\/\"}]}<\/script>\n<!-- \/ Yoast SEO plugin. -->","yoast_head_json":{"title":"Kevin Durant devient le 14e meilleur marqueur de l&#039;histoire de la NBA - The Playoffs FR","robots":{"index":"index","follow":"follow","max-snippet":"max-snippet:-1","max-image-preview":"max-image-preview:large","max-video-preview":"max-video-preview:-1"},"canonical":"https:\/\/theplayoffs.news\/fr\/actualite-nba\/kevin-durant-14e-meilleur-marqueur-nba\/","og_locale":"fr_FR","og_type":"article","og_title":"Kevin Durant devient le 14e meilleur marqueur de l&#039;histoire de la NBA - The Playoffs FR","og_url":"https:\/\/theplayoffs.news\/fr\/actualite-nba\/kevin-durant-14e-meilleur-marqueur-nba\/","og_site_name":"The Playoffs FR","article_publisher":"https:\/\/www.facebook.com\/TheFreeAgentFR\/","article_modified_time":"2023-01-09T12:13:31+00:00","og_image":[{"width":1920,"height":1280,"url":"https:\/\/theplayoffs.news\/fr\/wp-content\/uploads\/2023\/01\/Icon_sipausa_43692205.jpg","type":"image\/jpeg"}],"author":"Alban Conejero","twitter_card":"summary_large_image","twitter_creator":"@TheFreeAgentFR","twitter_site":"@TheFreeAgentFR","twitter_misc":{"\u00c9crit par":"Alban Conejero","Dur\u00e9e de lecture estim\u00e9e":"1 minute"},"schema":{"@context":"https:\/\/schema.org","@graph":[{"@type":"WebPage","@id":"https:\/\/theplayoffs.news\/fr\/actualite-nba\/kevin-durant-14e-meilleur-marqueur-nba\/","url":"https:\/\/theplayoffs.news\/fr\/actualite-nba\/kevin-durant-14e-meilleur-marqueur-nba\/","name":"Kevin Durant devient le 14e meilleur marqueur de l\\'histoire de la NBA - The Playoffs FR","isPartOf":{"@id":"https:\/\/theplayoffs.news\/fr\/#website"},"primaryImageOfPage":{"@id":"https:\/\/theplayoffs.news\/fr\/actualite-nba\/kevin-durant-14e-meilleur-marqueur-nba\/#primaryimage"},"image":{"@id":"https:\/\/theplayoffs.news\/fr\/actualite-nba\/kevin-durant-14e-meilleur-marqueur-nba\/#primaryimage"},"thumbnailUrl":"https:\/\/theplayoffs.news\/fr\/wp-content\/uploads\/2023\/01\/Icon_sipausa_43692205.jpg","datePublished":"2023-01-09T11:45:04+00:00","dateModified":"2023-01-09T12:13:31+00:00","author":{"@id":"https:\/\/theplayoffs.news\/fr\/#\/schema\/person\/3dd6319a9057ecd181d2351cdb03ccd2"},"breadcrumb":{"@id":"https:\/\/theplayoffs.news\/fr\/actualite-nba\/kevin-durant-14e-meilleur-marqueur-nba\/#breadcrumb"},"inLanguage":"fr-FR","potentialAction":[{"@type":"ReadAction","target":["https:\/\/theplayoffs.news\/fr\/actualite-nba\/kevin-durant-14e-meilleur-marqueur-nba\/"]}]},{"@type":"ImageObject","inLanguage":"fr-FR","@id":"https:\/\/theplayoffs.news\/fr\/actualite-nba\/kevin-durant-14e-meilleur-marqueur-nba\/#primaryimage","url":"https:\/\/theplayoffs.news\/fr\/wp-content\/uploads\/2023\/01\/Icon_sipausa_43692205.jpg","contentUrl":"https:\/\/theplayoffs.news\/fr\/wp-content\/uploads\/2023\/01\/Icon_sipausa_43692205.jpg","width":1920,"height":1280,"caption":"Durant"},{"@type":"BreadcrumbList","@id":"https:\/\/theplayoffs.news\/fr\/actualite-nba\/kevin-durant-14e-meilleur-marqueur-nba\/#breadcrumb","itemListElement":[{"@type":"ListItem","position":1,"name":"Accueil","item":"https:\/\/theplayoffs.news\/fr\/"},{"@type":"ListItem","position":2,"name":"Kevin Durant devient le 14e meilleur marqueur de l&rsquo;histoire de la NBA"}]},{"@type":"WebSite","@id":"https:\/\/theplayoffs.news\/fr\/#website","url":"https:\/\/theplayoffs.news\/fr\/","name":"The Playoffs FR","description":"NBA-NFL-NHL-MLB","potentialAction":[{"@type":"SearchAction","target":{"@type":"EntryPoint","urlTemplate":"https:\/\/theplayoffs.news\/fr\/?s={search_term_string}"},"query-input":{"@type":"PropertyValueSpecification","valueRequired":true,"valueName":"search_term_string"}}],"inLanguage":"fr-FR"},{"@type":"Person","@id":"https:\/\/theplayoffs.news\/fr\/#\/schema\/person\/3dd6319a9057ecd181d2351cdb03ccd2","name":"Alban Conejero","image":{"@type":"ImageObject","inLanguage":"fr-FR","@id":"https:\/\/theplayoffs.news\/fr\/#\/schema\/person\/image\/","url":"https:\/\/secure.gravatar.com\/avatar\/ef2d5e8508f59dc7b4e42edb92917fc230c9f46d5eb7ec09de6d5b8e112de01f?s=96&d=mm&r=g","contentUrl":"https:\/\/secure.gravatar.com\/avatar\/ef2d5e8508f59dc7b4e42edb92917fc230c9f46d5eb7ec09de6d5b8e112de01f?s=96&d=mm&r=g","caption":"Alban Conejero"},"url":"https:\/\/theplayoffs.news\/fr\/author\/albanconejero26gmail-com\/"}]}},"_links":{"self":[{"href":"https:\/\/theplayoffs.news\/fr\/wp-json\/wp\/v2\/posts\/520832","targetHints":{"allow":["GET"]}}],"collection":[{"href":"https:\/\/theplayoffs.news\/fr\/wp-json\/wp\/v2\/posts"}],"about":[{"href":"https:\/\/theplayoffs.news\/fr\/wp-json\/wp\/v2\/types\/post"}],"author":[{"embeddable":true,"href":"https:\/\/theplayoffs.news\/fr\/wp-json\/wp\/v2\/users\/180310139"}],"replies":[{"embeddable":true,"href":"https:\/\/theplayoffs.news\/fr\/wp-json\/wp\/v2\/comments?post=520832"}],"version-history":[{"count":3,"href":"https:\/\/theplayoffs.news\/fr\/wp-json\/wp\/v2\/posts\/520832\/revisions"}],"predecessor-version":[{"id":521005,"href":"https:\/\/theplayoffs.news\/fr\/wp-json\/wp\/v2\/posts\/520832\/revisions\/521005"}],"wp:featuredmedia":[{"embeddable":true,"href":"https:\/\/theplayoffs.news\/fr\/wp-json\/wp\/v2\/media\/520895"}],"wp:attachment":[{"href":"https:\/\/theplayoffs.news\/fr\/wp-json\/wp\/v2\/media?parent=520832"}],"wp:term":[{"taxonomy":"category","embeddable":true,"href":"https:\/\/theplayoffs.news\/fr\/wp-json\/wp\/v2\/categories?post=520832"},{"taxonomy":"post_tag","embeddable":true,"href":"https:\/\/theplayoffs.news\/fr\/wp-json\/wp\/v2\/tags?post=520832"},{"taxonomy":"sport","embeddable":true,"href":"https:\/\/theplayoffs.news\/fr\/wp-json\/wp\/v2\/sport?post=520832"},{"taxonomy":"saison","embeddable":true,"href":"https:\/\/theplayoffs.news\/fr\/wp-json\/wp\/v2\/saison?post=520832"}],"curies":[{"name":"wp","href":"https:\/\/api.w.org\/{rel}","templated":true}]}}