{"id":520577,"date":"2023-01-09T10:19:49","date_gmt":"2023-01-09T09:19:49","guid":{"rendered":"https:\/\/theplayoffs.news\/fr\/?p=520577"},"modified":"2023-01-09T10:19:50","modified_gmt":"2023-01-09T09:19:50","slug":"un-record-au-gout-amer-pour-hayes","status":"publish","type":"post","link":"https:\/\/theplayoffs.news\/fr\/actualite-nba\/un-record-au-gout-amer-pour-hayes\/","title":{"rendered":"Un record au go\u00fbt amer pour Hayes"},"content":{"rendered":"<h2>Killian Hayes a &eacute;gal&eacute; son record de points dans un match NBA (26) mais malheureusement cela se produit dans une d&eacute;faite face aux Sixers (111-123).<\/h2><p><a href=\"https:\/\/theplayoffs.news\/fr\/joueur\/killian-hayes-detroit-pistons-nba\/\" class=\"trk-cta-link\" data-cta-trk='{\"ctaType\":\"Link\",\"ctaSubType\":\"main\"}'>Killian Hayes<\/a> ne pourra f&ecirc;ter pleinement <a href=\"https:\/\/twitter.com\/Pistons_PR\/status\/1612231555610730496\" class=\"trk-cta-link\" data-cta-trk='{\"ctaType\":\"Link\",\"ctaSubType\":\"main\"}'>son record de points en carri&egrave;re<\/a>. Il a inscrit, la nuit derni&egrave;re, <strong>26 points<\/strong> et d&eacute;livr&eacute; <strong>6 passes d&eacute;cisives.<\/strong> Il a &eacute;t&eacute; tr&egrave;s propre avec un <strong>11\/17 aux tirs<\/strong> (<strong>64,7%<\/strong>) dont un <strong>4\/8 &agrave; 3 points<\/strong>. Mais c&rsquo;&eacute;tait sans compter sur un <a href=\"https:\/\/theplayoffs.news\/fr\/joueur\/james-harden-philadelphia-76ers-nba\/\" class=\"trk-cta-link\" data-cta-trk='{\"ctaType\":\"Link\",\"ctaSubType\":\"main\"}'>James Harden<\/a> en triple double (<strong>20 points, 11 rebonds, 11 passes<\/strong>) qui vient g&acirc;cher cela avec la victoire de <strong>Philadelphie<\/strong>. <a href=\"https:\/\/theplayoffs.news\/fr\/joueur\/tyrese-maxey-philadelphia-76ers-nba\/\" class=\"trk-cta-link\" data-cta-trk='{\"ctaType\":\"Link\",\"ctaSubType\":\"main\"}'>Tyrese Maxey<\/a> termine meilleur marqueur du match c&ocirc;t&eacute; <strong>Sixers<\/strong> avec <strong>23 points<\/strong>.<a href=\"https:\/\/theplayoffs.news\/fr\/joueur\/montrezl-harrell-nba-5982110\/\" class=\"trk-cta-link\" data-cta-trk='{\"ctaType\":\"Link\",\"ctaSubType\":\"main\"}'> Montrezl Harrell<\/a> a fait le boulot avec 20 points et 6 rebonds.<\/p><p>La premi&egrave;re fois que <strong>Killian Hayes<\/strong> avait &eacute;tabli ce record c&rsquo;&eacute;tait sur le parquet d&rsquo;<strong>Oklahoma City<\/strong>, le 2 avril dernier. <strong>Detroit<\/strong> s&rsquo;&eacute;tait impos&eacute; 110-101 et le Fran&ccedil;ais n&rsquo;&eacute;tait pas loin du triple double (<strong>26 points, 7 rebonds, 8 passes<\/strong>).<\/p><p>Les <strong>Pistons<\/strong> et <strong>Killian Hayes<\/strong> pourront prendre leur revanche face &agrave; ces m&ecirc;mes <strong>Sixers<\/strong> dans deux jours, &agrave; la maison cette fois.<\/p>\n","protected":false},"excerpt":{"rendered":"","protected":false},"author":180310140,"featured_media":520656,"comment_status":"open","ping_status":"closed","sticky":false,"template":"","format":"standard","meta":{"inline_featured_image":false,"kia_subtitle":"","_mux_skip_reasons":[],"proofreadBy":0,"footnotes":""},"categories":[110,10],"tags":[470,559],"sport":[2783],"saison":[],"class_list":["post-520577","post","type-post","status-publish","format-standard","has-post-thumbnail","hentry","category-actualite-nba","category-nba","tag-detroit-pistons","tag-killian-hayes","sport-nba"],"acf":[],"yoast_head":"<!-- This site is optimized with the Yoast SEO plugin v24.2 - https:\/\/yoast.com\/wordpress\/plugins\/seo\/ -->\n<title>Un record au go&ucirc;t amer pour Hayes - The Playoffs FR<\/title>\n<meta name=\"robots\" content=\"index, follow, max-snippet:-1, max-image-preview:large, max-video-preview:-1\" \/>\n<link rel=\"canonical\" href=\"https:\/\/theplayoffs.news\/fr\/actualite-nba\/un-record-au-gout-amer-pour-hayes\/\" \/>\n<meta property=\"og:locale\" content=\"fr_FR\" \/>\n<meta property=\"og:type\" content=\"article\" \/>\n<meta property=\"og:title\" content=\"Un record au go&ucirc;t amer pour Hayes - The Playoffs FR\" \/>\n<meta property=\"og:url\" content=\"https:\/\/theplayoffs.news\/fr\/actualite-nba\/un-record-au-gout-amer-pour-hayes\/\" \/>\n<meta property=\"og:site_name\" content=\"The Playoffs FR\" \/>\n<meta property=\"article:publisher\" content=\"https:\/\/www.facebook.com\/TheFreeAgentFR\/\" \/>\n<meta property=\"article:modified_time\" content=\"2023-01-09T10:19:50+01:00\" \/>\n<meta property=\"og:image\" content=\"https:\/\/theplayoffs.news\/fr\/wp-content\/uploads\/2023\/01\/Hayes.jpeg\" \/>\n\t<meta property=\"og:image:width\" content=\"1200\" \/>\n\t<meta property=\"og:image:height\" content=\"675\" \/>\n\t<meta property=\"og:image:type\" content=\"image\/jpeg\" \/>\n<meta name=\"author\" content=\"Theophile Batica-ferreira\" \/>\n<meta name=\"twitter:card\" content=\"summary_large_image\" \/>\n<meta name=\"twitter:creator\" content=\"@TheFreeAgentFR\" \/>\n<meta name=\"twitter:site\" content=\"@TheFreeAgentFR\" \/>\n<meta name=\"twitter:label1\" content=\"\u00c9crit par\" \/>\n\t<meta name=\"twitter:data1\" content=\"Theophile Batica-ferreira\" \/>\n\t<meta name=\"twitter:label2\" content=\"Dur\u00e9e de lecture estim\u00e9e\" \/>\n\t<meta name=\"twitter:data2\" content=\"1 minute\" \/>\n<script type=\"application\/ld+json\" class=\"yoast-schema-graph\">{\"@context\":\"https:\/\/schema.org\",\"@graph\":[{\"@type\":\"WebPage\",\"@id\":\"https:\/\/theplayoffs.news\/fr\/actualite-nba\/un-record-au-gout-amer-pour-hayes\/\",\"url\":\"https:\/\/theplayoffs.news\/fr\/actualite-nba\/un-record-au-gout-amer-pour-hayes\/\",\"name\":\"Un record au go\u00fbt amer pour Hayes - The Playoffs FR\",\"isPartOf\":{\"@id\":\"https:\/\/theplayoffs.news\/fr\/#website\"},\"primaryImageOfPage\":{\"@id\":\"https:\/\/theplayoffs.news\/fr\/actualite-nba\/un-record-au-gout-amer-pour-hayes\/#primaryimage\"},\"image\":{\"@id\":\"https:\/\/theplayoffs.news\/fr\/actualite-nba\/un-record-au-gout-amer-pour-hayes\/#primaryimage\"},\"thumbnailUrl\":\"https:\/\/theplayoffs.news\/fr\/wp-content\/uploads\/2023\/01\/Hayes.jpeg\",\"datePublished\":\"2023-01-09T09:19:49+00:00\",\"dateModified\":\"2023-01-09T09:19:50+00:00\",\"author\":{\"@id\":\"https:\/\/theplayoffs.news\/fr\/#\/schema\/person\/28782e5d11e28ced1db43166cecdaae9\"},\"breadcrumb\":{\"@id\":\"https:\/\/theplayoffs.news\/fr\/actualite-nba\/un-record-au-gout-amer-pour-hayes\/#breadcrumb\"},\"inLanguage\":\"fr-FR\",\"potentialAction\":[{\"@type\":\"ReadAction\",\"target\":[\"https:\/\/theplayoffs.news\/fr\/actualite-nba\/un-record-au-gout-amer-pour-hayes\/\"]}]},{\"@type\":\"ImageObject\",\"inLanguage\":\"fr-FR\",\"@id\":\"https:\/\/theplayoffs.news\/fr\/actualite-nba\/un-record-au-gout-amer-pour-hayes\/#primaryimage\",\"url\":\"https:\/\/theplayoffs.news\/fr\/wp-content\/uploads\/2023\/01\/Hayes.jpeg\",\"contentUrl\":\"https:\/\/theplayoffs.news\/fr\/wp-content\/uploads\/2023\/01\/Hayes.jpeg\",\"width\":1200,\"height\":675,\"caption\":\"Killian Hayes\"},{\"@type\":\"BreadcrumbList\",\"@id\":\"https:\/\/theplayoffs.news\/fr\/actualite-nba\/un-record-au-gout-amer-pour-hayes\/#breadcrumb\",\"itemListElement\":[{\"@type\":\"ListItem\",\"position\":1,\"name\":\"Accueil\",\"item\":\"https:\/\/theplayoffs.news\/fr\/\"},{\"@type\":\"ListItem\",\"position\":2,\"name\":\"Un record au go\u00fbt amer pour Hayes\"}]},{\"@type\":\"WebSite\",\"@id\":\"https:\/\/theplayoffs.news\/fr\/#website\",\"url\":\"https:\/\/theplayoffs.news\/fr\/\",\"name\":\"The Playoffs FR\",\"description\":\"NBA-NFL-NHL-MLB\",\"potentialAction\":[{\"@type\":\"SearchAction\",\"target\":{\"@type\":\"EntryPoint\",\"urlTemplate\":\"https:\/\/theplayoffs.news\/fr\/?s={search_term_string}\"},\"query-input\":{\"@type\":\"PropertyValueSpecification\",\"valueRequired\":true,\"valueName\":\"search_term_string\"}}],\"inLanguage\":\"fr-FR\"},{\"@type\":\"Person\",\"@id\":\"https:\/\/theplayoffs.news\/fr\/#\/schema\/person\/28782e5d11e28ced1db43166cecdaae9\",\"name\":\"Theophile Batica-ferreira\",\"image\":{\"@type\":\"ImageObject\",\"inLanguage\":\"fr-FR\",\"@id\":\"https:\/\/theplayoffs.news\/fr\/#\/schema\/person\/image\/\",\"url\":\"https:\/\/secure.gravatar.com\/avatar\/2a8200ad0411f8ebd27c6b41622c1d7589cdf53cfc6c271372dbe6fbfd1e8159?s=96&d=mm&r=g\",\"contentUrl\":\"https:\/\/secure.gravatar.com\/avatar\/2a8200ad0411f8ebd27c6b41622c1d7589cdf53cfc6c271372dbe6fbfd1e8159?s=96&d=mm&r=g\",\"caption\":\"Theophile Batica-ferreira\"},\"url\":\"https:\/\/theplayoffs.news\/fr\/author\/theophile-batica-ferreiramediaschool-me\/\"}]}<\/script>\n<!-- \/ Yoast SEO plugin. -->","yoast_head_json":{"title":"Un record au go&ucirc;t amer pour Hayes - The Playoffs FR","robots":{"index":"index","follow":"follow","max-snippet":"max-snippet:-1","max-image-preview":"max-image-preview:large","max-video-preview":"max-video-preview:-1"},"canonical":"https:\/\/theplayoffs.news\/fr\/actualite-nba\/un-record-au-gout-amer-pour-hayes\/","og_locale":"fr_FR","og_type":"article","og_title":"Un record au go&ucirc;t amer pour Hayes - The Playoffs FR","og_url":"https:\/\/theplayoffs.news\/fr\/actualite-nba\/un-record-au-gout-amer-pour-hayes\/","og_site_name":"The Playoffs FR","article_publisher":"https:\/\/www.facebook.com\/TheFreeAgentFR\/","article_modified_time":"2023-01-09T09:19:50+00:00","og_image":[{"width":1200,"height":675,"url":"https:\/\/theplayoffs.news\/fr\/wp-content\/uploads\/2023\/01\/Hayes.jpeg","type":"image\/jpeg"}],"author":"Theophile Batica-ferreira","twitter_card":"summary_large_image","twitter_creator":"@TheFreeAgentFR","twitter_site":"@TheFreeAgentFR","twitter_misc":{"\u00c9crit par":"Theophile Batica-ferreira","Dur\u00e9e de lecture estim\u00e9e":"1 minute"},"schema":{"@context":"https:\/\/schema.org","@graph":[{"@type":"WebPage","@id":"https:\/\/theplayoffs.news\/fr\/actualite-nba\/un-record-au-gout-amer-pour-hayes\/","url":"https:\/\/theplayoffs.news\/fr\/actualite-nba\/un-record-au-gout-amer-pour-hayes\/","name":"Un record au go\u00fbt amer pour Hayes - The Playoffs FR","isPartOf":{"@id":"https:\/\/theplayoffs.news\/fr\/#website"},"primaryImageOfPage":{"@id":"https:\/\/theplayoffs.news\/fr\/actualite-nba\/un-record-au-gout-amer-pour-hayes\/#primaryimage"},"image":{"@id":"https:\/\/theplayoffs.news\/fr\/actualite-nba\/un-record-au-gout-amer-pour-hayes\/#primaryimage"},"thumbnailUrl":"https:\/\/theplayoffs.news\/fr\/wp-content\/uploads\/2023\/01\/Hayes.jpeg","datePublished":"2023-01-09T09:19:49+00:00","dateModified":"2023-01-09T09:19:50+00:00","author":{"@id":"https:\/\/theplayoffs.news\/fr\/#\/schema\/person\/28782e5d11e28ced1db43166cecdaae9"},"breadcrumb":{"@id":"https:\/\/theplayoffs.news\/fr\/actualite-nba\/un-record-au-gout-amer-pour-hayes\/#breadcrumb"},"inLanguage":"fr-FR","potentialAction":[{"@type":"ReadAction","target":["https:\/\/theplayoffs.news\/fr\/actualite-nba\/un-record-au-gout-amer-pour-hayes\/"]}]},{"@type":"ImageObject","inLanguage":"fr-FR","@id":"https:\/\/theplayoffs.news\/fr\/actualite-nba\/un-record-au-gout-amer-pour-hayes\/#primaryimage","url":"https:\/\/theplayoffs.news\/fr\/wp-content\/uploads\/2023\/01\/Hayes.jpeg","contentUrl":"https:\/\/theplayoffs.news\/fr\/wp-content\/uploads\/2023\/01\/Hayes.jpeg","width":1200,"height":675,"caption":"Killian Hayes"},{"@type":"BreadcrumbList","@id":"https:\/\/theplayoffs.news\/fr\/actualite-nba\/un-record-au-gout-amer-pour-hayes\/#breadcrumb","itemListElement":[{"@type":"ListItem","position":1,"name":"Accueil","item":"https:\/\/theplayoffs.news\/fr\/"},{"@type":"ListItem","position":2,"name":"Un record au go\u00fbt amer pour Hayes"}]},{"@type":"WebSite","@id":"https:\/\/theplayoffs.news\/fr\/#website","url":"https:\/\/theplayoffs.news\/fr\/","name":"The Playoffs FR","description":"NBA-NFL-NHL-MLB","potentialAction":[{"@type":"SearchAction","target":{"@type":"EntryPoint","urlTemplate":"https:\/\/theplayoffs.news\/fr\/?s={search_term_string}"},"query-input":{"@type":"PropertyValueSpecification","valueRequired":true,"valueName":"search_term_string"}}],"inLanguage":"fr-FR"},{"@type":"Person","@id":"https:\/\/theplayoffs.news\/fr\/#\/schema\/person\/28782e5d11e28ced1db43166cecdaae9","name":"Theophile Batica-ferreira","image":{"@type":"ImageObject","inLanguage":"fr-FR","@id":"https:\/\/theplayoffs.news\/fr\/#\/schema\/person\/image\/","url":"https:\/\/secure.gravatar.com\/avatar\/2a8200ad0411f8ebd27c6b41622c1d7589cdf53cfc6c271372dbe6fbfd1e8159?s=96&d=mm&r=g","contentUrl":"https:\/\/secure.gravatar.com\/avatar\/2a8200ad0411f8ebd27c6b41622c1d7589cdf53cfc6c271372dbe6fbfd1e8159?s=96&d=mm&r=g","caption":"Theophile Batica-ferreira"},"url":"https:\/\/theplayoffs.news\/fr\/author\/theophile-batica-ferreiramediaschool-me\/"}]}},"_links":{"self":[{"href":"https:\/\/theplayoffs.news\/fr\/wp-json\/wp\/v2\/posts\/520577","targetHints":{"allow":["GET"]}}],"collection":[{"href":"https:\/\/theplayoffs.news\/fr\/wp-json\/wp\/v2\/posts"}],"about":[{"href":"https:\/\/theplayoffs.news\/fr\/wp-json\/wp\/v2\/types\/post"}],"author":[{"embeddable":true,"href":"https:\/\/theplayoffs.news\/fr\/wp-json\/wp\/v2\/users\/180310140"}],"replies":[{"embeddable":true,"href":"https:\/\/theplayoffs.news\/fr\/wp-json\/wp\/v2\/comments?post=520577"}],"version-history":[{"count":2,"href":"https:\/\/theplayoffs.news\/fr\/wp-json\/wp\/v2\/posts\/520577\/revisions"}],"predecessor-version":[{"id":520659,"href":"https:\/\/theplayoffs.news\/fr\/wp-json\/wp\/v2\/posts\/520577\/revisions\/520659"}],"wp:featuredmedia":[{"embeddable":true,"href":"https:\/\/theplayoffs.news\/fr\/wp-json\/wp\/v2\/media\/520656"}],"wp:attachment":[{"href":"https:\/\/theplayoffs.news\/fr\/wp-json\/wp\/v2\/media?parent=520577"}],"wp:term":[{"taxonomy":"category","embeddable":true,"href":"https:\/\/theplayoffs.news\/fr\/wp-json\/wp\/v2\/categories?post=520577"},{"taxonomy":"post_tag","embeddable":true,"href":"https:\/\/theplayoffs.news\/fr\/wp-json\/wp\/v2\/tags?post=520577"},{"taxonomy":"sport","embeddable":true,"href":"https:\/\/theplayoffs.news\/fr\/wp-json\/wp\/v2\/sport?post=520577"},{"taxonomy":"saison","embeddable":true,"href":"https:\/\/theplayoffs.news\/fr\/wp-json\/wp\/v2\/saison?post=520577"}],"curies":[{"name":"wp","href":"https:\/\/api.w.org\/{rel}","templated":true}]}}