{"id":518074,"date":"2023-01-07T14:37:57","date_gmt":"2023-01-07T13:37:57","guid":{"rendered":"https:\/\/theplayoffs.news\/fr\/?p=518074"},"modified":"2023-01-07T14:37:41","modified_gmt":"2023-01-07T13:37:41","slug":"indiana-pacers-la-surprise-du-chef","status":"publish","type":"post","link":"https:\/\/theplayoffs.news\/fr\/actualite-nba\/indiana-pacers-la-surprise-du-chef\/","title":{"rendered":"Indiana Pacers : la surprise du chef"},"content":{"rendered":"<h2>Qui aurait pu pr&eacute;dire une telle saison des Pacers ? Les hommes de Rick Carlisle affichent un bilan de 22 victoires et 18 d&eacute;faites et pointent &agrave; la 7e place de la conf&eacute;rence Est.<\/h2><p>Si on vous avait dit avant le d&eacute;but de la saison que <strong><a href=\"https:\/\/theplayoffs.news\/fr\/equipe\/indiana-pacers-nba\/\" class=\"trk-cta-link\" data-cta-trk='{\"ctaType\":\"Link\",\"ctaSubType\":\"main\"}'>les Pacers<\/a> <\/strong>auraient un meilleur bilan &agrave; la mi-saison que l<strong>es Warriors, les Suns, le Heat<\/strong> ou encore <strong>les Clippers<\/strong>, peu d&rsquo;entre vous auraient pu le croire. Et pourtant, c&rsquo;est bel et bien le cas. Emmen&eacute; par un <strong><a href=\"https:\/\/theplayoffs.news\/fr\/joueur\/tyrese-haliburton-indiana-pacers-nba\/\" class=\"trk-cta-link\" data-cta-trk='{\"ctaType\":\"Link\",\"ctaSubType\":\"main\"}'>Tyrese Haliburton<\/a><\/strong>&nbsp;&agrave; plus de 20 points et 10 passes d&eacute;cisives de moyenne par match, Indiana avance masqu&eacute; et fait preuve de r&eacute;gularit&eacute;. Avec 5 victoires lors des 6 derniers matchs (d&eacute;faite contre <strong>Philadelphie<\/strong> le 4 janvier), les Pacers sont en forme, en t&eacute;moigne <a href=\"https:\/\/twitter.com\/nbafrance\/status\/1611620531115114497?s=61&amp;t=1W-JeNHQSW5rsPMSQGsyNw\" class=\"trk-cta-link\" data-cta-trk='{\"ctaType\":\"Link\",\"ctaSubType\":\"main\"}'>une nouvelle victoire<\/a> la nuit derni&egrave;re &agrave; domicile face &agrave; <strong>Portland 108-99.<\/strong><\/p><blockquote class=\"twitter-tweet\" data-width=\"500\" data-dnt=\"true\">\n<p lang=\"en\" dir=\"ltr\">another balanced scoring effort.&#128079; <a href=\"https:\/\/t.co\/YOvwnIM6lu\" class=\"trk-cta-link\" data-cta-trk='{\"ctaType\":\"Link\",\"ctaSubType\":\"main\"}'>pic.twitter.com\/YOvwnIM6lu<\/a><\/p>\n<p>&mdash; Indiana Pacers (@Pacers) <a href=\"https:\/\/twitter.com\/Pacers\/status\/1611571119206633472?ref_src=twsrc%5Etfw\" class=\"trk-cta-link\" data-cta-trk='{\"ctaType\":\"Link\",\"ctaSubType\":\"main\"}'>January 7, 2023<\/a><\/p><\/blockquote><p><script async src=\"https:\/\/platform.twitter.com\/widgets.js\" charset=\"utf-8\"><\/script><\/p><p><span id=\"p56\">Indiana a bien fini l&rsquo;ann&eacute;e 2022, a bien commenc&eacute; 2023 et esp&egrave;re une qualification en <span id=\"65\" class=\"s-rg-t\">playoffs<\/span> qui serait presque h&eacute;ro&iuml;que tant la concurrence est rude &agrave; l&rsquo;Est.<\/span><span id=\"p57\"> Pour cela, les jaunes et bleus marines pourront compter sur un des meilleurs <span id=\"67\" class=\"s-rg-t\">rookies<\/span> de la ligue cette saison, en la personne de <strong><span id=\"68\" class=\"s-rg-t\">Bennedict<\/span> Mathurin<\/strong>.<\/span><span id=\"p58\"> L&rsquo;ailier canadien de 20 ans, <span id=\"69\" class=\"s-rg-t\">draft&eacute;<\/span> au premier tour en 6e position, s&rsquo;est impos&eacute; comme un des leaders de cette &eacute;quipe avec plus de 17 points de moyenne par match.<\/span><span id=\"p59\"> Mathurin est le 2e meilleur marqueur de la ligue chez les <span id=\"70\" class=\"s-rg-t\">rookies<\/span> derri&egrave;re <strong>Paolo <span id=\"71\" class=\"s-rg-t\">Banchero<\/span> <span id=\"p55\">(21.3 points)<\/span>.<\/strong><\/span><span id=\"p60\"> <\/span><\/p><p><span id=\"p61\">Les <span id=\"72\" class=\"s-rg-t\">Pacers<\/span> s&rsquo;appr&ecirc;tent &agrave; recevoir <strong>Charlotte<\/strong> avant de jouer face &agrave; deux concurrents directs que sont <strong>les <span id=\"73\" class=\"s-rg-t\">Knicks<\/span> et les <span id=\"74\" class=\"s-rg-t\">Hawks<\/span><\/strong>.<\/span><span id=\"p62\"> Reste &agrave; voir si cette belle performance va se poursuivre dans le temps et pourquoi pas esp&eacute;rer grimper au classement.<\/span><span id=\"p63\"><strong> <span id=\"75\" class=\"s-rg-t\">Milwaukee<\/span><\/strong> 3e n&rsquo;a que 3 victoires d&rsquo;avance qui sait&hellip;<\/span><\/p>\n","protected":false},"excerpt":{"rendered":"","protected":false},"author":180310139,"featured_media":518188,"comment_status":"open","ping_status":"closed","sticky":false,"template":"","format":"standard","meta":{"inline_featured_image":false,"kia_subtitle":"","_mux_skip_reasons":[],"proofreadBy":0,"footnotes":""},"categories":[110,10],"tags":[390,617,23],"sport":[2783],"saison":[],"class_list":["post-518074","post","type-post","status-publish","format-standard","has-post-thumbnail","hentry","category-actualite-nba","category-nba","tag-conference-est","tag-indiana-pacers","tag-nba-tag","sport-nba"],"acf":[],"yoast_head":"<!-- This site is optimized with the Yoast SEO plugin v24.2 - https:\/\/yoast.com\/wordpress\/plugins\/seo\/ -->\n<title>Indiana Pacers : la surprise du chef - The Playoffs FR<\/title>\n<meta name=\"robots\" content=\"index, follow, max-snippet:-1, max-image-preview:large, max-video-preview:-1\" \/>\n<link rel=\"canonical\" href=\"https:\/\/theplayoffs.news\/fr\/actualite-nba\/indiana-pacers-la-surprise-du-chef\/\" \/>\n<meta property=\"og:locale\" content=\"fr_FR\" \/>\n<meta property=\"og:type\" content=\"article\" \/>\n<meta property=\"og:title\" content=\"Indiana Pacers : la surprise du chef - The Playoffs FR\" \/>\n<meta property=\"og:url\" content=\"https:\/\/theplayoffs.news\/fr\/actualite-nba\/indiana-pacers-la-surprise-du-chef\/\" \/>\n<meta property=\"og:site_name\" content=\"The Playoffs FR\" \/>\n<meta property=\"article:publisher\" content=\"https:\/\/www.facebook.com\/TheFreeAgentFR\/\" \/>\n<meta property=\"article:modified_time\" content=\"2023-01-07T14:37:57+01:00\" \/>\n<meta property=\"og:image\" content=\"https:\/\/theplayoffs.news\/fr\/wp-content\/uploads\/2023\/01\/40A3933F-B0BD-4A4D-8CD6-D035E04431C7.jpeg\" \/>\n\t<meta property=\"og:image:width\" content=\"675\" \/>\n\t<meta property=\"og:image:height\" content=\"450\" \/>\n\t<meta property=\"og:image:type\" content=\"image\/jpeg\" \/>\n<meta name=\"author\" content=\"Alban Conejero\" \/>\n<meta name=\"twitter:card\" content=\"summary_large_image\" \/>\n<meta name=\"twitter:creator\" content=\"@TheFreeAgentFR\" \/>\n<meta name=\"twitter:site\" content=\"@TheFreeAgentFR\" \/>\n<meta name=\"twitter:label1\" content=\"\u00c9crit par\" \/>\n\t<meta name=\"twitter:data1\" content=\"Alban Conejero\" \/>\n\t<meta name=\"twitter:label2\" content=\"Dur\u00e9e de lecture estim\u00e9e\" \/>\n\t<meta name=\"twitter:data2\" content=\"2 minutes\" \/>\n<script type=\"application\/ld+json\" class=\"yoast-schema-graph\">{\"@context\":\"https:\/\/schema.org\",\"@graph\":[{\"@type\":\"WebPage\",\"@id\":\"https:\/\/theplayoffs.news\/fr\/actualite-nba\/indiana-pacers-la-surprise-du-chef\/\",\"url\":\"https:\/\/theplayoffs.news\/fr\/actualite-nba\/indiana-pacers-la-surprise-du-chef\/\",\"name\":\"Indiana Pacers : la surprise du chef - The Playoffs FR\",\"isPartOf\":{\"@id\":\"https:\/\/theplayoffs.news\/fr\/#website\"},\"primaryImageOfPage\":{\"@id\":\"https:\/\/theplayoffs.news\/fr\/actualite-nba\/indiana-pacers-la-surprise-du-chef\/#primaryimage\"},\"image\":{\"@id\":\"https:\/\/theplayoffs.news\/fr\/actualite-nba\/indiana-pacers-la-surprise-du-chef\/#primaryimage\"},\"thumbnailUrl\":\"https:\/\/theplayoffs.news\/fr\/wp-content\/uploads\/2023\/01\/40A3933F-B0BD-4A4D-8CD6-D035E04431C7.jpeg\",\"datePublished\":\"2023-01-07T13:37:57+00:00\",\"dateModified\":\"2023-01-07T14:37:57+01:00\",\"author\":{\"@id\":\"https:\/\/theplayoffs.news\/fr\/#\/schema\/person\/3dd6319a9057ecd181d2351cdb03ccd2\"},\"breadcrumb\":{\"@id\":\"https:\/\/theplayoffs.news\/fr\/actualite-nba\/indiana-pacers-la-surprise-du-chef\/#breadcrumb\"},\"inLanguage\":\"fr-FR\",\"potentialAction\":[{\"@type\":\"ReadAction\",\"target\":[\"https:\/\/theplayoffs.news\/fr\/actualite-nba\/indiana-pacers-la-surprise-du-chef\/\"]}]},{\"@type\":\"ImageObject\",\"inLanguage\":\"fr-FR\",\"@id\":\"https:\/\/theplayoffs.news\/fr\/actualite-nba\/indiana-pacers-la-surprise-du-chef\/#primaryimage\",\"url\":\"https:\/\/theplayoffs.news\/fr\/wp-content\/uploads\/2023\/01\/40A3933F-B0BD-4A4D-8CD6-D035E04431C7.jpeg\",\"contentUrl\":\"https:\/\/theplayoffs.news\/fr\/wp-content\/uploads\/2023\/01\/40A3933F-B0BD-4A4D-8CD6-D035E04431C7.jpeg\",\"width\":675,\"height\":450,\"caption\":\"Pacers\"},{\"@type\":\"BreadcrumbList\",\"@id\":\"https:\/\/theplayoffs.news\/fr\/actualite-nba\/indiana-pacers-la-surprise-du-chef\/#breadcrumb\",\"itemListElement\":[{\"@type\":\"ListItem\",\"position\":1,\"name\":\"Accueil\",\"item\":\"https:\/\/theplayoffs.news\/fr\/\"},{\"@type\":\"ListItem\",\"position\":2,\"name\":\"Indiana Pacers : la surprise du chef\"}]},{\"@type\":\"WebSite\",\"@id\":\"https:\/\/theplayoffs.news\/fr\/#website\",\"url\":\"https:\/\/theplayoffs.news\/fr\/\",\"name\":\"The Playoffs FR\",\"description\":\"NBA-NFL-NHL-MLB\",\"potentialAction\":[{\"@type\":\"SearchAction\",\"target\":{\"@type\":\"EntryPoint\",\"urlTemplate\":\"https:\/\/theplayoffs.news\/fr\/?s={search_term_string}\"},\"query-input\":{\"@type\":\"PropertyValueSpecification\",\"valueRequired\":true,\"valueName\":\"search_term_string\"}}],\"inLanguage\":\"fr-FR\"},{\"@type\":\"Person\",\"@id\":\"https:\/\/theplayoffs.news\/fr\/#\/schema\/person\/3dd6319a9057ecd181d2351cdb03ccd2\",\"name\":\"Alban Conejero\",\"image\":{\"@type\":\"ImageObject\",\"inLanguage\":\"fr-FR\",\"@id\":\"https:\/\/theplayoffs.news\/fr\/#\/schema\/person\/image\/\",\"url\":\"https:\/\/secure.gravatar.com\/avatar\/ef2d5e8508f59dc7b4e42edb92917fc230c9f46d5eb7ec09de6d5b8e112de01f?s=96&d=mm&r=g\",\"contentUrl\":\"https:\/\/secure.gravatar.com\/avatar\/ef2d5e8508f59dc7b4e42edb92917fc230c9f46d5eb7ec09de6d5b8e112de01f?s=96&d=mm&r=g\",\"caption\":\"Alban Conejero\"},\"url\":\"https:\/\/theplayoffs.news\/fr\/author\/albanconejero26gmail-com\/\"}]}<\/script>\n<!-- \/ Yoast SEO plugin. -->","yoast_head_json":{"title":"Indiana Pacers : la surprise du chef - The Playoffs FR","robots":{"index":"index","follow":"follow","max-snippet":"max-snippet:-1","max-image-preview":"max-image-preview:large","max-video-preview":"max-video-preview:-1"},"canonical":"https:\/\/theplayoffs.news\/fr\/actualite-nba\/indiana-pacers-la-surprise-du-chef\/","og_locale":"fr_FR","og_type":"article","og_title":"Indiana Pacers : la surprise du chef - The Playoffs FR","og_url":"https:\/\/theplayoffs.news\/fr\/actualite-nba\/indiana-pacers-la-surprise-du-chef\/","og_site_name":"The Playoffs FR","article_publisher":"https:\/\/www.facebook.com\/TheFreeAgentFR\/","article_modified_time":"2023-01-07T13:37:41+00:00","og_image":[{"width":675,"height":450,"url":"https:\/\/theplayoffs.news\/fr\/wp-content\/uploads\/2023\/01\/40A3933F-B0BD-4A4D-8CD6-D035E04431C7.jpeg","type":"image\/jpeg"}],"author":"Alban Conejero","twitter_card":"summary_large_image","twitter_creator":"@TheFreeAgentFR","twitter_site":"@TheFreeAgentFR","twitter_misc":{"\u00c9crit par":"Alban Conejero","Dur\u00e9e de lecture estim\u00e9e":"2 minutes"},"schema":{"@context":"https:\/\/schema.org","@graph":[{"@type":"WebPage","@id":"https:\/\/theplayoffs.news\/fr\/actualite-nba\/indiana-pacers-la-surprise-du-chef\/","url":"https:\/\/theplayoffs.news\/fr\/actualite-nba\/indiana-pacers-la-surprise-du-chef\/","name":"Indiana Pacers : la surprise du chef - The Playoffs FR","isPartOf":{"@id":"https:\/\/theplayoffs.news\/fr\/#website"},"primaryImageOfPage":{"@id":"https:\/\/theplayoffs.news\/fr\/actualite-nba\/indiana-pacers-la-surprise-du-chef\/#primaryimage"},"image":{"@id":"https:\/\/theplayoffs.news\/fr\/actualite-nba\/indiana-pacers-la-surprise-du-chef\/#primaryimage"},"thumbnailUrl":"https:\/\/theplayoffs.news\/fr\/wp-content\/uploads\/2023\/01\/40A3933F-B0BD-4A4D-8CD6-D035E04431C7.jpeg","datePublished":"2023-01-07T13:37:57+00:00","dateModified":"2023-01-07T14:37:57+01:00","author":{"@id":"https:\/\/theplayoffs.news\/fr\/#\/schema\/person\/3dd6319a9057ecd181d2351cdb03ccd2"},"breadcrumb":{"@id":"https:\/\/theplayoffs.news\/fr\/actualite-nba\/indiana-pacers-la-surprise-du-chef\/#breadcrumb"},"inLanguage":"fr-FR","potentialAction":[{"@type":"ReadAction","target":["https:\/\/theplayoffs.news\/fr\/actualite-nba\/indiana-pacers-la-surprise-du-chef\/"]}]},{"@type":"ImageObject","inLanguage":"fr-FR","@id":"https:\/\/theplayoffs.news\/fr\/actualite-nba\/indiana-pacers-la-surprise-du-chef\/#primaryimage","url":"https:\/\/theplayoffs.news\/fr\/wp-content\/uploads\/2023\/01\/40A3933F-B0BD-4A4D-8CD6-D035E04431C7.jpeg","contentUrl":"https:\/\/theplayoffs.news\/fr\/wp-content\/uploads\/2023\/01\/40A3933F-B0BD-4A4D-8CD6-D035E04431C7.jpeg","width":675,"height":450,"caption":"Pacers"},{"@type":"BreadcrumbList","@id":"https:\/\/theplayoffs.news\/fr\/actualite-nba\/indiana-pacers-la-surprise-du-chef\/#breadcrumb","itemListElement":[{"@type":"ListItem","position":1,"name":"Accueil","item":"https:\/\/theplayoffs.news\/fr\/"},{"@type":"ListItem","position":2,"name":"Indiana Pacers : la surprise du chef"}]},{"@type":"WebSite","@id":"https:\/\/theplayoffs.news\/fr\/#website","url":"https:\/\/theplayoffs.news\/fr\/","name":"The Playoffs FR","description":"NBA-NFL-NHL-MLB","potentialAction":[{"@type":"SearchAction","target":{"@type":"EntryPoint","urlTemplate":"https:\/\/theplayoffs.news\/fr\/?s={search_term_string}"},"query-input":{"@type":"PropertyValueSpecification","valueRequired":true,"valueName":"search_term_string"}}],"inLanguage":"fr-FR"},{"@type":"Person","@id":"https:\/\/theplayoffs.news\/fr\/#\/schema\/person\/3dd6319a9057ecd181d2351cdb03ccd2","name":"Alban Conejero","image":{"@type":"ImageObject","inLanguage":"fr-FR","@id":"https:\/\/theplayoffs.news\/fr\/#\/schema\/person\/image\/","url":"https:\/\/secure.gravatar.com\/avatar\/ef2d5e8508f59dc7b4e42edb92917fc230c9f46d5eb7ec09de6d5b8e112de01f?s=96&d=mm&r=g","contentUrl":"https:\/\/secure.gravatar.com\/avatar\/ef2d5e8508f59dc7b4e42edb92917fc230c9f46d5eb7ec09de6d5b8e112de01f?s=96&d=mm&r=g","caption":"Alban Conejero"},"url":"https:\/\/theplayoffs.news\/fr\/author\/albanconejero26gmail-com\/"}]}},"_links":{"self":[{"href":"https:\/\/theplayoffs.news\/fr\/wp-json\/wp\/v2\/posts\/518074","targetHints":{"allow":["GET"]}}],"collection":[{"href":"https:\/\/theplayoffs.news\/fr\/wp-json\/wp\/v2\/posts"}],"about":[{"href":"https:\/\/theplayoffs.news\/fr\/wp-json\/wp\/v2\/types\/post"}],"author":[{"embeddable":true,"href":"https:\/\/theplayoffs.news\/fr\/wp-json\/wp\/v2\/users\/180310139"}],"replies":[{"embeddable":true,"href":"https:\/\/theplayoffs.news\/fr\/wp-json\/wp\/v2\/comments?post=518074"}],"version-history":[{"count":2,"href":"https:\/\/theplayoffs.news\/fr\/wp-json\/wp\/v2\/posts\/518074\/revisions"}],"predecessor-version":[{"id":518234,"href":"https:\/\/theplayoffs.news\/fr\/wp-json\/wp\/v2\/posts\/518074\/revisions\/518234"}],"wp:featuredmedia":[{"embeddable":true,"href":"https:\/\/theplayoffs.news\/fr\/wp-json\/wp\/v2\/media\/518188"}],"wp:attachment":[{"href":"https:\/\/theplayoffs.news\/fr\/wp-json\/wp\/v2\/media?parent=518074"}],"wp:term":[{"taxonomy":"category","embeddable":true,"href":"https:\/\/theplayoffs.news\/fr\/wp-json\/wp\/v2\/categories?post=518074"},{"taxonomy":"post_tag","embeddable":true,"href":"https:\/\/theplayoffs.news\/fr\/wp-json\/wp\/v2\/tags?post=518074"},{"taxonomy":"sport","embeddable":true,"href":"https:\/\/theplayoffs.news\/fr\/wp-json\/wp\/v2\/sport?post=518074"},{"taxonomy":"saison","embeddable":true,"href":"https:\/\/theplayoffs.news\/fr\/wp-json\/wp\/v2\/saison?post=518074"}],"curies":[{"name":"wp","href":"https:\/\/api.w.org\/{rel}","templated":true}]}}