{"id":515612,"date":"2023-01-06T06:40:51","date_gmt":"2023-01-06T05:40:51","guid":{"rendered":"https:\/\/theplayoffs.news\/fr\/?p=515612"},"modified":"2023-01-06T09:14:59","modified_gmt":"2023-01-06T08:14:59","slug":"tatum-vs-doncic-ca-a-donne-quoi","status":"publish","type":"post","link":"https:\/\/theplayoffs.news\/fr\/actualite-nba\/tatum-vs-doncic-ca-a-donne-quoi\/","title":{"rendered":"Tatum vs Doncic, \u00e7a a donn\u00e9 quoi ?"},"content":{"rendered":"<h2>Jayson Tatum et Luka Doncic avaient l&rsquo;occasion de montrer qui &eacute;tait le plus fort. Ils sont tous les deux dans la discussion au titre de MVP et ils pouvaient potentiellement se d&eacute;marquer lors de leur duel &agrave; Dallas (victoire de Boston 124-95).<\/h2><p>On attendait avec impatience ce duel mais comment le savourer quand l&rsquo;un n&rsquo;est pas en pleine possession de ces capacit&eacute;s. <a href=\"https:\/\/theplayoffs.news\/fr\/joueur\/jayson-tatum-nba-8131296\/\" class=\"trk-cta-link\" data-cta-trk='{\"ctaType\":\"Link\",\"ctaSubType\":\"main\"}'>Jayson Tatum<\/a> et les <strong>Boston Celtics<\/strong> ont pris le meilleur sur <a href=\"https:\/\/theplayoffs.news\/fr\/joueur\/luka-doncic-dallas-mavericks-nba\/\" class=\"trk-cta-link\" data-cta-trk='{\"ctaType\":\"Link\",\"ctaSubType\":\"main\"}'>Luka Doncic<\/a> et les <strong>Dallas Mavericks<\/strong> la nuit derni&egrave;re dans ce qui devait &ecirc;tre un choc (Boston 124- 95 Dallas). Mais une seule &eacute;quipe a r&eacute;pondu pr&eacute;sente sur le parquet. Et <strong>Jayson Tatum<\/strong> a pris le meilleur sur <strong>Luka Doncic<\/strong> qui avait l&rsquo;air diminu&eacute;.<\/p><p><strong>Jayson Tatum<\/strong> a r&eacute;ussi son deuxi&egrave;me triple double en carri&egrave;re avec 29 points, 14 rebonds et 10 passes. Le plus surprenant dans sa performance, c&rsquo;est qu&rsquo;il n&rsquo;a pas eu un bon pourcentage au shoot avec <strong>36,4% de tirs r&eacute;ussis<\/strong>. En revanche, il a &eacute;t&eacute; agressif poussant la d&eacute;fense texane &agrave; la faute. <strong>Tatum<\/strong> a &eacute;t&eacute; envoy&eacute; <strong>12 fois sur la ligne de lancer franc pour un seul &eacute;chec<\/strong>.<\/p><p><strong>Luka Doncic<\/strong> a &eacute;galement provoqu&eacute; la<strong> d&eacute;fense des Celtics<\/strong> et est all&eacute; <strong>11 fois sur la ligne pour 9 lancers francs convertis<\/strong>. En revanche son efficacit&eacute; au shoot laisse &agrave; d&eacute;sirer. Il termine la partie &agrave; seulement <strong>30,4%<\/strong> avec un vilain <strong>0\/6<\/strong> derri&egrave;re l&rsquo;arc.<\/p><p><strong>Une m&eacute;forme physique rencontr&eacute;e par Doncic<\/strong> <strong>?<\/strong><\/p><p><strong>Luka Doncic<\/strong> n&rsquo;avait pas l&rsquo;air dans son assiette face aux C&rsquo;s. On l&rsquo;a vu boiter &agrave; plusieurs reprises sur les retours d&eacute;fensifs, il &eacute;tait dans l&rsquo;incapacit&eacute; de suivre les mouvements des co&eacute;quipiers de Tatum et s&rsquo;est m&ecirc;me tenu le torse par moment. &Agrave; priori, cette douleur serait d&ucirc; &agrave; un coup qu&rsquo;il a re&ccedil;u pendant la partie. Ce qui est certain, c&rsquo;est que lui et son &eacute;quipe ont pay&eacute; les frais de ces p&eacute;pins physiques subis par le meneur des Mavs. Les Celtics ne se sont pas fait prier.<\/p><p>&laquo;&nbsp;On sait que c&rsquo;est un super talent et qu&rsquo;il peut marquer dans n&rsquo;importe quel position&nbsp;&raquo;, <a href=\"https:\/\/www.youtube.com\/watch?v=kJbSz68P-T0&amp;ab_channel=ESPN\" class=\"trk-cta-link\" data-cta-trk='{\"ctaType\":\"Link\",\"ctaSubType\":\"main\"}'>avoue Tatum au micro de TNT apr&egrave;s le match<\/a>. &laquo;&nbsp;On devait mettre des gars frais sur lui pour contester ses tirs et &ccedil;a nous donne ce r&eacute;sultat&nbsp;&raquo;.<\/p><p><strong>L&rsquo;adaptation de Tatum<\/strong><\/p><p>Certes, son pourcentage aux tirs est douteux mais sa production dans le jeu est un mod&egrave;le dans le genre. Jayson Tatum poss&egrave;de tant de corde &agrave; son arc ce qui lui offre une palette plus que compl&egrave;te que &ccedil;a soit offensivement et d&eacute;fensivement. En plus de son triple double, l&rsquo;ailier des Celtics a r&eacute;alis&eacute; 2 contres et subtilis&eacute; un ballon.<\/p><p>Jayson Tatum repr&eacute;sente une menace qu&rsquo;il polarise l&rsquo;attention de ces adversaires. Mais &laquo;&nbsp;JT&nbsp;&raquo; ne s&rsquo;embarrasse pas et ne force pas son passage dans la raquette, au contraire. Se sachant dangereux, il fixe les joueurs adverses au maximum pour offrir des opportunit&eacute;s de shoot &agrave; ses co&eacute;quipiers. C&rsquo;est l&agrave; qu&rsquo;on reconna&icirc;t l&rsquo;ADN d&rsquo;un (potentiel) MVP.<\/p><p><img loading=\"lazy\" decoding=\"async\" class=\"aligncenter wp-image-515827 \" src=\"https:\/\/theplayoffs.news\/fr\/wp-content\/uploads\/2023\/01\/Tatum-contre-Dallas-1030x644.jpg\" alt=\"Jayson Tatum encercl&eacute; par la d&eacute;fense des Mavericks mais il va permettre &agrave; ses co&eacute;quipiers d'&ecirc;tre libre et donc de leur permettre de shooter\" width=\"800\" height=\"500\" srcset=\"https:\/\/theplayoffs.news\/fr\/wp-content\/uploads\/2023\/01\/Tatum-contre-Dallas-1030x644.jpg 1030w, https:\/\/theplayoffs.news\/fr\/wp-content\/uploads\/2023\/01\/Tatum-contre-Dallas-300x188.jpg 300w, https:\/\/theplayoffs.news\/fr\/wp-content\/uploads\/2023\/01\/Tatum-contre-Dallas-768x480.jpg 768w, https:\/\/theplayoffs.news\/fr\/wp-content\/uploads\/2023\/01\/Tatum-contre-Dallas-705x441.jpg 705w, https:\/\/theplayoffs.news\/fr\/wp-content\/uploads\/2023\/01\/Tatum-contre-Dallas.jpg 1280w\" sizes=\"auto, (max-width: 800px) 100vw, 800px\" \/><\/p><p style=\"text-align: center;\"><em>Jayson Tatum encercl&eacute; par la d&eacute;fense des Mavericks mais il va permettre &agrave; ses co&eacute;quipiers d&rsquo;&ecirc;tre libre et donc l&rsquo;opportunit&eacute;&nbsp;de shooter ou de trouver l&rsquo;extra-passe (Image : TNT)<\/em><\/p><p>On ne peut donner le titre de MVP en ne se basant que sur un match mais des &eacute;l&eacute;ments peuvent ressortir sur diverses performances. Doncic est pass&eacute; &agrave; c&ocirc;t&eacute; aujourd&rsquo;hui mais Tatum peut aussi conna&icirc;tre de telles soir&eacute;es.<\/p><p>Ce qui est certain, c&rsquo;est que leur place pour le All-Star Game &agrave; Utah est quasiment act&eacute;e. Doncic est 3&egrave; des votes des fans (2 388 502 voies) &agrave; l&rsquo;Ouest et Tatum est 4&egrave; &agrave; l&rsquo;Est(2 178 330 voies).<\/p><p>&nbsp;<\/p>\n","protected":false},"excerpt":{"rendered":"","protected":false},"author":180310140,"featured_media":515839,"comment_status":"open","ping_status":"closed","sticky":false,"template":"","format":"standard","meta":{"inline_featured_image":false,"kia_subtitle":"","_mux_skip_reasons":[],"proofreadBy":0,"footnotes":""},"categories":[110,10],"tags":[302,545],"sport":[2783],"saison":[],"class_list":["post-515612","post","type-post","status-publish","format-standard","has-post-thumbnail","hentry","category-actualite-nba","category-nba","tag-jayson-tatum","tag-luka-doncic","sport-nba"],"acf":[],"yoast_head":"<!-- This site is optimized with the Yoast SEO plugin v24.2 - https:\/\/yoast.com\/wordpress\/plugins\/seo\/ -->\n<title>Tatum vs Doncic, &ccedil;a a donn&eacute; quoi ? - The Playoffs FR<\/title>\n<meta name=\"robots\" content=\"index, follow, max-snippet:-1, max-image-preview:large, max-video-preview:-1\" \/>\n<link rel=\"canonical\" href=\"https:\/\/theplayoffs.news\/fr\/actualite-nba\/tatum-vs-doncic-ca-a-donne-quoi\/\" \/>\n<meta property=\"og:locale\" content=\"fr_FR\" \/>\n<meta property=\"og:type\" content=\"article\" \/>\n<meta property=\"og:title\" content=\"Tatum vs Doncic, &ccedil;a a donn&eacute; quoi ? - The Playoffs FR\" \/>\n<meta property=\"og:url\" content=\"https:\/\/theplayoffs.news\/fr\/actualite-nba\/tatum-vs-doncic-ca-a-donne-quoi\/\" \/>\n<meta property=\"og:site_name\" content=\"The Playoffs FR\" \/>\n<meta property=\"article:publisher\" content=\"https:\/\/www.facebook.com\/TheFreeAgentFR\/\" \/>\n<meta property=\"article:modified_time\" content=\"2023-01-06T09:14:59+01:00\" \/>\n<meta property=\"og:image\" content=\"https:\/\/theplayoffs.news\/fr\/wp-content\/uploads\/2023\/01\/Tatum-vs-Doncic.jpg\" \/>\n\t<meta property=\"og:image:width\" content=\"1320\" \/>\n\t<meta property=\"og:image:height\" content=\"879\" \/>\n\t<meta property=\"og:image:type\" content=\"image\/jpeg\" \/>\n<meta name=\"author\" content=\"Theophile Batica-ferreira\" \/>\n<meta name=\"twitter:card\" content=\"summary_large_image\" \/>\n<meta name=\"twitter:creator\" content=\"@TheFreeAgentFR\" \/>\n<meta name=\"twitter:site\" content=\"@TheFreeAgentFR\" \/>\n<meta name=\"twitter:label1\" content=\"\u00c9crit par\" \/>\n\t<meta name=\"twitter:data1\" content=\"Theophile Batica-ferreira\" \/>\n\t<meta name=\"twitter:label2\" content=\"Dur\u00e9e de lecture estim\u00e9e\" \/>\n\t<meta name=\"twitter:data2\" content=\"3 minutes\" \/>\n<script type=\"application\/ld+json\" class=\"yoast-schema-graph\">{\"@context\":\"https:\/\/schema.org\",\"@graph\":[{\"@type\":\"WebPage\",\"@id\":\"https:\/\/theplayoffs.news\/fr\/actualite-nba\/tatum-vs-doncic-ca-a-donne-quoi\/\",\"url\":\"https:\/\/theplayoffs.news\/fr\/actualite-nba\/tatum-vs-doncic-ca-a-donne-quoi\/\",\"name\":\"Tatum vs Doncic, \u00e7a a donn\u00e9 quoi ? - The Playoffs FR\",\"isPartOf\":{\"@id\":\"https:\/\/theplayoffs.news\/fr\/#website\"},\"primaryImageOfPage\":{\"@id\":\"https:\/\/theplayoffs.news\/fr\/actualite-nba\/tatum-vs-doncic-ca-a-donne-quoi\/#primaryimage\"},\"image\":{\"@id\":\"https:\/\/theplayoffs.news\/fr\/actualite-nba\/tatum-vs-doncic-ca-a-donne-quoi\/#primaryimage\"},\"thumbnailUrl\":\"https:\/\/theplayoffs.news\/fr\/wp-content\/uploads\/2023\/01\/Tatum-vs-Doncic.jpg\",\"datePublished\":\"2023-01-06T05:40:51+00:00\",\"dateModified\":\"2023-01-06T08:14:59+00:00\",\"author\":{\"@id\":\"https:\/\/theplayoffs.news\/fr\/#\/schema\/person\/28782e5d11e28ced1db43166cecdaae9\"},\"breadcrumb\":{\"@id\":\"https:\/\/theplayoffs.news\/fr\/actualite-nba\/tatum-vs-doncic-ca-a-donne-quoi\/#breadcrumb\"},\"inLanguage\":\"fr-FR\",\"potentialAction\":[{\"@type\":\"ReadAction\",\"target\":[\"https:\/\/theplayoffs.news\/fr\/actualite-nba\/tatum-vs-doncic-ca-a-donne-quoi\/\"]}]},{\"@type\":\"ImageObject\",\"inLanguage\":\"fr-FR\",\"@id\":\"https:\/\/theplayoffs.news\/fr\/actualite-nba\/tatum-vs-doncic-ca-a-donne-quoi\/#primaryimage\",\"url\":\"https:\/\/theplayoffs.news\/fr\/wp-content\/uploads\/2023\/01\/Tatum-vs-Doncic.jpg\",\"contentUrl\":\"https:\/\/theplayoffs.news\/fr\/wp-content\/uploads\/2023\/01\/Tatum-vs-Doncic.jpg\",\"width\":1320,\"height\":879},{\"@type\":\"BreadcrumbList\",\"@id\":\"https:\/\/theplayoffs.news\/fr\/actualite-nba\/tatum-vs-doncic-ca-a-donne-quoi\/#breadcrumb\",\"itemListElement\":[{\"@type\":\"ListItem\",\"position\":1,\"name\":\"Accueil\",\"item\":\"https:\/\/theplayoffs.news\/fr\/\"},{\"@type\":\"ListItem\",\"position\":2,\"name\":\"Tatum vs Doncic, \u00e7a a donn\u00e9 quoi ?\"}]},{\"@type\":\"WebSite\",\"@id\":\"https:\/\/theplayoffs.news\/fr\/#website\",\"url\":\"https:\/\/theplayoffs.news\/fr\/\",\"name\":\"The Playoffs FR\",\"description\":\"NBA-NFL-NHL-MLB\",\"potentialAction\":[{\"@type\":\"SearchAction\",\"target\":{\"@type\":\"EntryPoint\",\"urlTemplate\":\"https:\/\/theplayoffs.news\/fr\/?s={search_term_string}\"},\"query-input\":{\"@type\":\"PropertyValueSpecification\",\"valueRequired\":true,\"valueName\":\"search_term_string\"}}],\"inLanguage\":\"fr-FR\"},{\"@type\":\"Person\",\"@id\":\"https:\/\/theplayoffs.news\/fr\/#\/schema\/person\/28782e5d11e28ced1db43166cecdaae9\",\"name\":\"Theophile Batica-ferreira\",\"image\":{\"@type\":\"ImageObject\",\"inLanguage\":\"fr-FR\",\"@id\":\"https:\/\/theplayoffs.news\/fr\/#\/schema\/person\/image\/\",\"url\":\"https:\/\/secure.gravatar.com\/avatar\/2a8200ad0411f8ebd27c6b41622c1d7589cdf53cfc6c271372dbe6fbfd1e8159?s=96&d=mm&r=g\",\"contentUrl\":\"https:\/\/secure.gravatar.com\/avatar\/2a8200ad0411f8ebd27c6b41622c1d7589cdf53cfc6c271372dbe6fbfd1e8159?s=96&d=mm&r=g\",\"caption\":\"Theophile Batica-ferreira\"},\"url\":\"https:\/\/theplayoffs.news\/fr\/author\/theophile-batica-ferreiramediaschool-me\/\"}]}<\/script>\n<!-- \/ Yoast SEO plugin. -->","yoast_head_json":{"title":"Tatum vs Doncic, &ccedil;a a donn&eacute; quoi ? - The Playoffs FR","robots":{"index":"index","follow":"follow","max-snippet":"max-snippet:-1","max-image-preview":"max-image-preview:large","max-video-preview":"max-video-preview:-1"},"canonical":"https:\/\/theplayoffs.news\/fr\/actualite-nba\/tatum-vs-doncic-ca-a-donne-quoi\/","og_locale":"fr_FR","og_type":"article","og_title":"Tatum vs Doncic, &ccedil;a a donn&eacute; quoi ? - The Playoffs FR","og_url":"https:\/\/theplayoffs.news\/fr\/actualite-nba\/tatum-vs-doncic-ca-a-donne-quoi\/","og_site_name":"The Playoffs FR","article_publisher":"https:\/\/www.facebook.com\/TheFreeAgentFR\/","article_modified_time":"2023-01-06T08:14:59+00:00","og_image":[{"width":1320,"height":879,"url":"https:\/\/theplayoffs.news\/fr\/wp-content\/uploads\/2023\/01\/Tatum-vs-Doncic.jpg","type":"image\/jpeg"}],"author":"Theophile Batica-ferreira","twitter_card":"summary_large_image","twitter_creator":"@TheFreeAgentFR","twitter_site":"@TheFreeAgentFR","twitter_misc":{"\u00c9crit par":"Theophile Batica-ferreira","Dur\u00e9e de lecture estim\u00e9e":"3 minutes"},"schema":{"@context":"https:\/\/schema.org","@graph":[{"@type":"WebPage","@id":"https:\/\/theplayoffs.news\/fr\/actualite-nba\/tatum-vs-doncic-ca-a-donne-quoi\/","url":"https:\/\/theplayoffs.news\/fr\/actualite-nba\/tatum-vs-doncic-ca-a-donne-quoi\/","name":"Tatum vs Doncic, \u00e7a a donn\u00e9 quoi ? - The Playoffs FR","isPartOf":{"@id":"https:\/\/theplayoffs.news\/fr\/#website"},"primaryImageOfPage":{"@id":"https:\/\/theplayoffs.news\/fr\/actualite-nba\/tatum-vs-doncic-ca-a-donne-quoi\/#primaryimage"},"image":{"@id":"https:\/\/theplayoffs.news\/fr\/actualite-nba\/tatum-vs-doncic-ca-a-donne-quoi\/#primaryimage"},"thumbnailUrl":"https:\/\/theplayoffs.news\/fr\/wp-content\/uploads\/2023\/01\/Tatum-vs-Doncic.jpg","datePublished":"2023-01-06T05:40:51+00:00","dateModified":"2023-01-06T08:14:59+00:00","author":{"@id":"https:\/\/theplayoffs.news\/fr\/#\/schema\/person\/28782e5d11e28ced1db43166cecdaae9"},"breadcrumb":{"@id":"https:\/\/theplayoffs.news\/fr\/actualite-nba\/tatum-vs-doncic-ca-a-donne-quoi\/#breadcrumb"},"inLanguage":"fr-FR","potentialAction":[{"@type":"ReadAction","target":["https:\/\/theplayoffs.news\/fr\/actualite-nba\/tatum-vs-doncic-ca-a-donne-quoi\/"]}]},{"@type":"ImageObject","inLanguage":"fr-FR","@id":"https:\/\/theplayoffs.news\/fr\/actualite-nba\/tatum-vs-doncic-ca-a-donne-quoi\/#primaryimage","url":"https:\/\/theplayoffs.news\/fr\/wp-content\/uploads\/2023\/01\/Tatum-vs-Doncic.jpg","contentUrl":"https:\/\/theplayoffs.news\/fr\/wp-content\/uploads\/2023\/01\/Tatum-vs-Doncic.jpg","width":1320,"height":879},{"@type":"BreadcrumbList","@id":"https:\/\/theplayoffs.news\/fr\/actualite-nba\/tatum-vs-doncic-ca-a-donne-quoi\/#breadcrumb","itemListElement":[{"@type":"ListItem","position":1,"name":"Accueil","item":"https:\/\/theplayoffs.news\/fr\/"},{"@type":"ListItem","position":2,"name":"Tatum vs Doncic, \u00e7a a donn\u00e9 quoi ?"}]},{"@type":"WebSite","@id":"https:\/\/theplayoffs.news\/fr\/#website","url":"https:\/\/theplayoffs.news\/fr\/","name":"The Playoffs FR","description":"NBA-NFL-NHL-MLB","potentialAction":[{"@type":"SearchAction","target":{"@type":"EntryPoint","urlTemplate":"https:\/\/theplayoffs.news\/fr\/?s={search_term_string}"},"query-input":{"@type":"PropertyValueSpecification","valueRequired":true,"valueName":"search_term_string"}}],"inLanguage":"fr-FR"},{"@type":"Person","@id":"https:\/\/theplayoffs.news\/fr\/#\/schema\/person\/28782e5d11e28ced1db43166cecdaae9","name":"Theophile Batica-ferreira","image":{"@type":"ImageObject","inLanguage":"fr-FR","@id":"https:\/\/theplayoffs.news\/fr\/#\/schema\/person\/image\/","url":"https:\/\/secure.gravatar.com\/avatar\/2a8200ad0411f8ebd27c6b41622c1d7589cdf53cfc6c271372dbe6fbfd1e8159?s=96&d=mm&r=g","contentUrl":"https:\/\/secure.gravatar.com\/avatar\/2a8200ad0411f8ebd27c6b41622c1d7589cdf53cfc6c271372dbe6fbfd1e8159?s=96&d=mm&r=g","caption":"Theophile Batica-ferreira"},"url":"https:\/\/theplayoffs.news\/fr\/author\/theophile-batica-ferreiramediaschool-me\/"}]}},"_links":{"self":[{"href":"https:\/\/theplayoffs.news\/fr\/wp-json\/wp\/v2\/posts\/515612","targetHints":{"allow":["GET"]}}],"collection":[{"href":"https:\/\/theplayoffs.news\/fr\/wp-json\/wp\/v2\/posts"}],"about":[{"href":"https:\/\/theplayoffs.news\/fr\/wp-json\/wp\/v2\/types\/post"}],"author":[{"embeddable":true,"href":"https:\/\/theplayoffs.news\/fr\/wp-json\/wp\/v2\/users\/180310140"}],"replies":[{"embeddable":true,"href":"https:\/\/theplayoffs.news\/fr\/wp-json\/wp\/v2\/comments?post=515612"}],"version-history":[{"count":4,"href":"https:\/\/theplayoffs.news\/fr\/wp-json\/wp\/v2\/posts\/515612\/revisions"}],"predecessor-version":[{"id":515849,"href":"https:\/\/theplayoffs.news\/fr\/wp-json\/wp\/v2\/posts\/515612\/revisions\/515849"}],"wp:featuredmedia":[{"embeddable":true,"href":"https:\/\/theplayoffs.news\/fr\/wp-json\/wp\/v2\/media\/515839"}],"wp:attachment":[{"href":"https:\/\/theplayoffs.news\/fr\/wp-json\/wp\/v2\/media?parent=515612"}],"wp:term":[{"taxonomy":"category","embeddable":true,"href":"https:\/\/theplayoffs.news\/fr\/wp-json\/wp\/v2\/categories?post=515612"},{"taxonomy":"post_tag","embeddable":true,"href":"https:\/\/theplayoffs.news\/fr\/wp-json\/wp\/v2\/tags?post=515612"},{"taxonomy":"sport","embeddable":true,"href":"https:\/\/theplayoffs.news\/fr\/wp-json\/wp\/v2\/sport?post=515612"},{"taxonomy":"saison","embeddable":true,"href":"https:\/\/theplayoffs.news\/fr\/wp-json\/wp\/v2\/saison?post=515612"}],"curies":[{"name":"wp","href":"https:\/\/api.w.org\/{rel}","templated":true}]}}