{"id":514952,"date":"2023-01-05T09:54:21","date_gmt":"2023-01-05T08:54:21","guid":{"rendered":"https:\/\/theplayoffs.news\/fr\/?p=514952"},"modified":"2023-01-05T09:54:21","modified_gmt":"2023-01-05T08:54:21","slug":"rafael-devers-red-sox-enorme-contrat","status":"publish","type":"post","link":"https:\/\/theplayoffs.news\/fr\/actualite-mlb\/rafael-devers-red-sox-enorme-contrat\/","title":{"rendered":"Rafael Devers reste chez les Red Sox avec un \u00e9norme contrat"},"content":{"rendered":"<h2>Le joueur de 3e base dominicain des Red Sox Rafael Devers reste &agrave; Boston, avec qui il vient de signer un contrat de 11 ans et 331 millions de dollars.<\/h2><p>Les <strong><a href=\"https:\/\/theplayoffs.news\/fr\/equipe\/boston-red-sox-mlb\/\" class=\"trk-cta-link\" data-cta-trk='{\"ctaType\":\"Link\",\"ctaSubType\":\"main\"}'>Boston Red Sox<\/a><\/strong> viennent d&rsquo;offrir &agrave; <strong><a href=\"https:\/\/theplayoffs.news\/fr\/joueur\/rafael-devers-boston-red-sox-mlb\/\" class=\"trk-cta-link\" data-cta-trk='{\"ctaType\":\"Link\",\"ctaSubType\":\"main\"}'>Rafael Devers<\/a><\/strong> le 6e plus gros contrat de l&rsquo;histoire de la MLB avec une somme de 331 millions de dollars sur 11 ans. Un bonus de 20 millions de dollars a &eacute;galement &eacute;t&eacute; ajout&eacute; &agrave; la transaction. Apr&egrave;s le d&eacute;part de son comp&egrave;re au poste d&rsquo;arr&ecirc;t court <strong><a href=\"https:\/\/theplayoffs.news\/fr\/joueur\/xander-bogaerts-mlb-63212\/\" class=\"trk-cta-link\" data-cta-trk='{\"ctaType\":\"Link\",\"ctaSubType\":\"main\"}'>Xander Bogaerts<\/a><\/strong> pour San Diego il y a plusieurs jours, voil&agrave; que les Red Sox prennent soin de leur p&eacute;pite dominicaine.<\/p><blockquote class=\"twitter-tweet\" data-width=\"500\" data-dnt=\"true\">\n<p lang=\"qme\" dir=\"ltr\">&#128176;&#128176;&#128176; <a href=\"https:\/\/t.co\/VCE5tA38fc\" class=\"trk-cta-link\" data-cta-trk='{\"ctaType\":\"Link\",\"ctaSubType\":\"main\"}'>pic.twitter.com\/VCE5tA38fc<\/a><\/p>\n<p>&mdash; MLB Network (@MLBNetwork) <a href=\"https:\/\/twitter.com\/MLBNetwork\/status\/1610818567926337537?ref_src=twsrc%5Etfw\" class=\"trk-cta-link\" data-cta-trk='{\"ctaType\":\"Link\",\"ctaSubType\":\"main\"}'>January 5, 2023<\/a><\/p><\/blockquote><p><script async src=\"https:\/\/platform.twitter.com\/widgets.js\" charset=\"utf-8\"><\/script><\/p><p>Il s&rsquo;agit du plus gros contrat de l&rsquo;histoire de la franchise et le <a href=\"https:\/\/twitter.com\/ESPNStatsInfo\/status\/1610767179787501568?s=20&amp;t=KVDLlXjMOSlw_59dAEdAwQ\" class=\"trk-cta-link\" data-cta-trk='{\"ctaType\":\"Link\",\"ctaSubType\":\"main\"}'>4e &agrave; plus de 300 millions sur une seule intersaison<\/a>, une premi&egrave;re dans l&rsquo;histoire de la MLB. Son nouveau contrat d&eacute;butera &agrave; partir de 2024, puisqu&rsquo;il venait de signer ces derniers jours un contrat d&rsquo;une saison (saison 2023) pour 17,5 millions de dollars.<\/p><p>Les rumeurs de d&eacute;part au sujet de Devers fusaient depuis quelques jours voire quelques semaines, mais Boston s&rsquo;est refus&eacute; &agrave; laisser partir un tel joueur pour qui, il faudra compter dans l&rsquo;avenir, ce qui ravira les fans du Fenway Park qui ont v&eacute;cu un hiver assez difficile jusque-l&agrave;.<\/p><p>&nbsp;<\/p>\n","protected":false},"excerpt":{"rendered":"","protected":false},"author":180310139,"featured_media":515081,"comment_status":"open","ping_status":"closed","sticky":false,"template":"","format":"standard","meta":{"inline_featured_image":false,"kia_subtitle":"","_mux_skip_reasons":[],"proofreadBy":0,"footnotes":""},"categories":[188,9],"tags":[899,3048,29,5200,465,5124],"sport":[2786],"saison":[],"class_list":["post-514952","post","type-post","status-publish","format-standard","has-post-thumbnail","hentry","category-actualite-mlb","category-mlb","tag-boston-red-sox","tag-contrat","tag-mlb","tag-rafael-devers","tag-san-diego-padres","tag-xander-bogaerts","sport-mlb"],"acf":[],"yoast_head":"<!-- This site is optimized with the Yoast SEO plugin v24.2 - https:\/\/yoast.com\/wordpress\/plugins\/seo\/ -->\n<title>Rafael Devers reste chez les Red Sox avec un &eacute;norme contrat - The Playoffs FR<\/title>\n<meta name=\"robots\" content=\"index, follow, max-snippet:-1, max-image-preview:large, max-video-preview:-1\" \/>\n<link rel=\"canonical\" href=\"https:\/\/theplayoffs.news\/fr\/actualite-mlb\/rafael-devers-red-sox-enorme-contrat\/\" \/>\n<meta property=\"og:locale\" content=\"fr_FR\" \/>\n<meta property=\"og:type\" content=\"article\" \/>\n<meta property=\"og:title\" content=\"Rafael Devers reste chez les Red Sox avec un &eacute;norme contrat - The Playoffs FR\" \/>\n<meta property=\"og:url\" content=\"https:\/\/theplayoffs.news\/fr\/actualite-mlb\/rafael-devers-red-sox-enorme-contrat\/\" \/>\n<meta property=\"og:site_name\" content=\"The Playoffs FR\" \/>\n<meta property=\"article:publisher\" content=\"https:\/\/www.facebook.com\/TheFreeAgentFR\/\" \/>\n<meta property=\"article:modified_time\" content=\"2023-01-05T09:54:21+01:00\" \/>\n<meta property=\"og:image\" content=\"https:\/\/theplayoffs.news\/fr\/wp-content\/uploads\/2023\/01\/FlqTUj7XEAoSrA8.jpg\" \/>\n\t<meta property=\"og:image:width\" content=\"1920\" \/>\n\t<meta property=\"og:image:height\" content=\"1280\" \/>\n\t<meta property=\"og:image:type\" content=\"image\/jpeg\" \/>\n<meta name=\"author\" content=\"Alban Conejero\" \/>\n<meta name=\"twitter:card\" content=\"summary_large_image\" \/>\n<meta name=\"twitter:creator\" content=\"@TheFreeAgentFR\" \/>\n<meta name=\"twitter:site\" content=\"@TheFreeAgentFR\" \/>\n<meta name=\"twitter:label1\" content=\"\u00c9crit par\" \/>\n\t<meta name=\"twitter:data1\" content=\"Alban Conejero\" \/>\n\t<meta name=\"twitter:label2\" content=\"Dur\u00e9e de lecture estim\u00e9e\" \/>\n\t<meta name=\"twitter:data2\" content=\"1 minute\" \/>\n<script type=\"application\/ld+json\" class=\"yoast-schema-graph\">{\"@context\":\"https:\/\/schema.org\",\"@graph\":[{\"@type\":\"WebPage\",\"@id\":\"https:\/\/theplayoffs.news\/fr\/actualite-mlb\/rafael-devers-red-sox-enorme-contrat\/\",\"url\":\"https:\/\/theplayoffs.news\/fr\/actualite-mlb\/rafael-devers-red-sox-enorme-contrat\/\",\"name\":\"Rafael Devers reste chez les Red Sox avec un \u00e9norme contrat - The Playoffs FR\",\"isPartOf\":{\"@id\":\"https:\/\/theplayoffs.news\/fr\/#website\"},\"primaryImageOfPage\":{\"@id\":\"https:\/\/theplayoffs.news\/fr\/actualite-mlb\/rafael-devers-red-sox-enorme-contrat\/#primaryimage\"},\"image\":{\"@id\":\"https:\/\/theplayoffs.news\/fr\/actualite-mlb\/rafael-devers-red-sox-enorme-contrat\/#primaryimage\"},\"thumbnailUrl\":\"https:\/\/theplayoffs.news\/fr\/wp-content\/uploads\/2023\/01\/FlqTUj7XEAoSrA8.jpg\",\"datePublished\":\"2023-01-05T08:54:21+00:00\",\"dateModified\":\"2023-01-05T08:54:21+00:00\",\"author\":{\"@id\":\"https:\/\/theplayoffs.news\/fr\/#\/schema\/person\/3dd6319a9057ecd181d2351cdb03ccd2\"},\"breadcrumb\":{\"@id\":\"https:\/\/theplayoffs.news\/fr\/actualite-mlb\/rafael-devers-red-sox-enorme-contrat\/#breadcrumb\"},\"inLanguage\":\"fr-FR\",\"potentialAction\":[{\"@type\":\"ReadAction\",\"target\":[\"https:\/\/theplayoffs.news\/fr\/actualite-mlb\/rafael-devers-red-sox-enorme-contrat\/\"]}]},{\"@type\":\"ImageObject\",\"inLanguage\":\"fr-FR\",\"@id\":\"https:\/\/theplayoffs.news\/fr\/actualite-mlb\/rafael-devers-red-sox-enorme-contrat\/#primaryimage\",\"url\":\"https:\/\/theplayoffs.news\/fr\/wp-content\/uploads\/2023\/01\/FlqTUj7XEAoSrA8.jpg\",\"contentUrl\":\"https:\/\/theplayoffs.news\/fr\/wp-content\/uploads\/2023\/01\/FlqTUj7XEAoSrA8.jpg\",\"width\":1920,\"height\":1280,\"caption\":\"Devers\"},{\"@type\":\"BreadcrumbList\",\"@id\":\"https:\/\/theplayoffs.news\/fr\/actualite-mlb\/rafael-devers-red-sox-enorme-contrat\/#breadcrumb\",\"itemListElement\":[{\"@type\":\"ListItem\",\"position\":1,\"name\":\"Accueil\",\"item\":\"https:\/\/theplayoffs.news\/fr\/\"},{\"@type\":\"ListItem\",\"position\":2,\"name\":\"Rafael Devers reste chez les Red Sox avec un \u00e9norme contrat\"}]},{\"@type\":\"WebSite\",\"@id\":\"https:\/\/theplayoffs.news\/fr\/#website\",\"url\":\"https:\/\/theplayoffs.news\/fr\/\",\"name\":\"The Playoffs FR\",\"description\":\"NBA-NFL-NHL-MLB\",\"potentialAction\":[{\"@type\":\"SearchAction\",\"target\":{\"@type\":\"EntryPoint\",\"urlTemplate\":\"https:\/\/theplayoffs.news\/fr\/?s={search_term_string}\"},\"query-input\":{\"@type\":\"PropertyValueSpecification\",\"valueRequired\":true,\"valueName\":\"search_term_string\"}}],\"inLanguage\":\"fr-FR\"},{\"@type\":\"Person\",\"@id\":\"https:\/\/theplayoffs.news\/fr\/#\/schema\/person\/3dd6319a9057ecd181d2351cdb03ccd2\",\"name\":\"Alban Conejero\",\"image\":{\"@type\":\"ImageObject\",\"inLanguage\":\"fr-FR\",\"@id\":\"https:\/\/theplayoffs.news\/fr\/#\/schema\/person\/image\/\",\"url\":\"https:\/\/secure.gravatar.com\/avatar\/ef2d5e8508f59dc7b4e42edb92917fc230c9f46d5eb7ec09de6d5b8e112de01f?s=96&d=mm&r=g\",\"contentUrl\":\"https:\/\/secure.gravatar.com\/avatar\/ef2d5e8508f59dc7b4e42edb92917fc230c9f46d5eb7ec09de6d5b8e112de01f?s=96&d=mm&r=g\",\"caption\":\"Alban Conejero\"},\"url\":\"https:\/\/theplayoffs.news\/fr\/author\/albanconejero26gmail-com\/\"}]}<\/script>\n<!-- \/ Yoast SEO plugin. -->","yoast_head_json":{"title":"Rafael Devers reste chez les Red Sox avec un &eacute;norme contrat - The Playoffs FR","robots":{"index":"index","follow":"follow","max-snippet":"max-snippet:-1","max-image-preview":"max-image-preview:large","max-video-preview":"max-video-preview:-1"},"canonical":"https:\/\/theplayoffs.news\/fr\/actualite-mlb\/rafael-devers-red-sox-enorme-contrat\/","og_locale":"fr_FR","og_type":"article","og_title":"Rafael Devers reste chez les Red Sox avec un &eacute;norme contrat - The Playoffs FR","og_url":"https:\/\/theplayoffs.news\/fr\/actualite-mlb\/rafael-devers-red-sox-enorme-contrat\/","og_site_name":"The Playoffs FR","article_publisher":"https:\/\/www.facebook.com\/TheFreeAgentFR\/","og_image":[{"width":1920,"height":1280,"url":"https:\/\/theplayoffs.news\/fr\/wp-content\/uploads\/2023\/01\/FlqTUj7XEAoSrA8.jpg","type":"image\/jpeg"}],"author":"Alban Conejero","twitter_card":"summary_large_image","twitter_creator":"@TheFreeAgentFR","twitter_site":"@TheFreeAgentFR","twitter_misc":{"\u00c9crit par":"Alban Conejero","Dur\u00e9e de lecture estim\u00e9e":"1 minute"},"schema":{"@context":"https:\/\/schema.org","@graph":[{"@type":"WebPage","@id":"https:\/\/theplayoffs.news\/fr\/actualite-mlb\/rafael-devers-red-sox-enorme-contrat\/","url":"https:\/\/theplayoffs.news\/fr\/actualite-mlb\/rafael-devers-red-sox-enorme-contrat\/","name":"Rafael Devers reste chez les Red Sox avec un \u00e9norme contrat - The Playoffs FR","isPartOf":{"@id":"https:\/\/theplayoffs.news\/fr\/#website"},"primaryImageOfPage":{"@id":"https:\/\/theplayoffs.news\/fr\/actualite-mlb\/rafael-devers-red-sox-enorme-contrat\/#primaryimage"},"image":{"@id":"https:\/\/theplayoffs.news\/fr\/actualite-mlb\/rafael-devers-red-sox-enorme-contrat\/#primaryimage"},"thumbnailUrl":"https:\/\/theplayoffs.news\/fr\/wp-content\/uploads\/2023\/01\/FlqTUj7XEAoSrA8.jpg","datePublished":"2023-01-05T08:54:21+00:00","dateModified":"2023-01-05T08:54:21+00:00","author":{"@id":"https:\/\/theplayoffs.news\/fr\/#\/schema\/person\/3dd6319a9057ecd181d2351cdb03ccd2"},"breadcrumb":{"@id":"https:\/\/theplayoffs.news\/fr\/actualite-mlb\/rafael-devers-red-sox-enorme-contrat\/#breadcrumb"},"inLanguage":"fr-FR","potentialAction":[{"@type":"ReadAction","target":["https:\/\/theplayoffs.news\/fr\/actualite-mlb\/rafael-devers-red-sox-enorme-contrat\/"]}]},{"@type":"ImageObject","inLanguage":"fr-FR","@id":"https:\/\/theplayoffs.news\/fr\/actualite-mlb\/rafael-devers-red-sox-enorme-contrat\/#primaryimage","url":"https:\/\/theplayoffs.news\/fr\/wp-content\/uploads\/2023\/01\/FlqTUj7XEAoSrA8.jpg","contentUrl":"https:\/\/theplayoffs.news\/fr\/wp-content\/uploads\/2023\/01\/FlqTUj7XEAoSrA8.jpg","width":1920,"height":1280,"caption":"Devers"},{"@type":"BreadcrumbList","@id":"https:\/\/theplayoffs.news\/fr\/actualite-mlb\/rafael-devers-red-sox-enorme-contrat\/#breadcrumb","itemListElement":[{"@type":"ListItem","position":1,"name":"Accueil","item":"https:\/\/theplayoffs.news\/fr\/"},{"@type":"ListItem","position":2,"name":"Rafael Devers reste chez les Red Sox avec un \u00e9norme contrat"}]},{"@type":"WebSite","@id":"https:\/\/theplayoffs.news\/fr\/#website","url":"https:\/\/theplayoffs.news\/fr\/","name":"The Playoffs FR","description":"NBA-NFL-NHL-MLB","potentialAction":[{"@type":"SearchAction","target":{"@type":"EntryPoint","urlTemplate":"https:\/\/theplayoffs.news\/fr\/?s={search_term_string}"},"query-input":{"@type":"PropertyValueSpecification","valueRequired":true,"valueName":"search_term_string"}}],"inLanguage":"fr-FR"},{"@type":"Person","@id":"https:\/\/theplayoffs.news\/fr\/#\/schema\/person\/3dd6319a9057ecd181d2351cdb03ccd2","name":"Alban Conejero","image":{"@type":"ImageObject","inLanguage":"fr-FR","@id":"https:\/\/theplayoffs.news\/fr\/#\/schema\/person\/image\/","url":"https:\/\/secure.gravatar.com\/avatar\/ef2d5e8508f59dc7b4e42edb92917fc230c9f46d5eb7ec09de6d5b8e112de01f?s=96&d=mm&r=g","contentUrl":"https:\/\/secure.gravatar.com\/avatar\/ef2d5e8508f59dc7b4e42edb92917fc230c9f46d5eb7ec09de6d5b8e112de01f?s=96&d=mm&r=g","caption":"Alban Conejero"},"url":"https:\/\/theplayoffs.news\/fr\/author\/albanconejero26gmail-com\/"}]}},"_links":{"self":[{"href":"https:\/\/theplayoffs.news\/fr\/wp-json\/wp\/v2\/posts\/514952","targetHints":{"allow":["GET"]}}],"collection":[{"href":"https:\/\/theplayoffs.news\/fr\/wp-json\/wp\/v2\/posts"}],"about":[{"href":"https:\/\/theplayoffs.news\/fr\/wp-json\/wp\/v2\/types\/post"}],"author":[{"embeddable":true,"href":"https:\/\/theplayoffs.news\/fr\/wp-json\/wp\/v2\/users\/180310139"}],"replies":[{"embeddable":true,"href":"https:\/\/theplayoffs.news\/fr\/wp-json\/wp\/v2\/comments?post=514952"}],"version-history":[{"count":3,"href":"https:\/\/theplayoffs.news\/fr\/wp-json\/wp\/v2\/posts\/514952\/revisions"}],"predecessor-version":[{"id":515093,"href":"https:\/\/theplayoffs.news\/fr\/wp-json\/wp\/v2\/posts\/514952\/revisions\/515093"}],"wp:featuredmedia":[{"embeddable":true,"href":"https:\/\/theplayoffs.news\/fr\/wp-json\/wp\/v2\/media\/515081"}],"wp:attachment":[{"href":"https:\/\/theplayoffs.news\/fr\/wp-json\/wp\/v2\/media?parent=514952"}],"wp:term":[{"taxonomy":"category","embeddable":true,"href":"https:\/\/theplayoffs.news\/fr\/wp-json\/wp\/v2\/categories?post=514952"},{"taxonomy":"post_tag","embeddable":true,"href":"https:\/\/theplayoffs.news\/fr\/wp-json\/wp\/v2\/tags?post=514952"},{"taxonomy":"sport","embeddable":true,"href":"https:\/\/theplayoffs.news\/fr\/wp-json\/wp\/v2\/sport?post=514952"},{"taxonomy":"saison","embeddable":true,"href":"https:\/\/theplayoffs.news\/fr\/wp-json\/wp\/v2\/saison?post=514952"}],"curies":[{"name":"wp","href":"https:\/\/api.w.org\/{rel}","templated":true}]}}