{"id":393955,"date":"2022-09-26T07:36:24","date_gmt":"2022-09-26T05:36:24","guid":{"rendered":"https:\/\/theplayoffs.news\/fr\/?p=393955"},"modified":"2023-05-23T09:37:16","modified_gmt":"2023-05-23T07:37:16","slug":"pas-de-sacre-francais-en-finale-de-elf","status":"publish","type":"post","link":"https:\/\/theplayoffs.news\/fr\/elf\/pas-de-sacre-francais-en-finale-de-elf\/","title":{"rendered":"Pas de sacre pour les Fran\u00e7ais en finale de l&rsquo;ELF"},"content":{"rendered":"<h2>Finalistes de l&rsquo;ELF ce week-end, les Fran&ccedil;ais Giovanni Nanguy et Kevin Fortes n&rsquo;ont malheureusement pas &eacute;t&eacute; sacr&eacute;s.<\/h2><p>La finale qui s&rsquo;est d&eacute;roul&eacute;e ce dimanche opposait les deux meilleures &eacute;quipes de la saison, les Hamburg Sea Devils aux Vienna Vikings.<\/p><p>La rencontre a rapidement tourn&eacute; &agrave; l&rsquo;avantage du club autrichien qui a pris les commandes du match d&egrave;s le premier quart temps par l&rsquo;interm&eacute;diaire de son receveur Kimi Linnainmaa, auteur du premier touchdown de la rencontre.<\/p><p>Un avantage que les Vikings ne vont faire qu&rsquo;accentuer tout au long du match avec des Sea Devils oblig&eacute;s de s&rsquo;en remettre &agrave; leur kicker Eric Schlomm (3 field goals) pour tenter de rester au contact.<\/p><p>C&ocirc;t&eacute; Fran&ccedil;ais, Giovanni Nanguy auteur de deux sacks et <a href=\"https:\/\/www.instagram.com\/kevin_frts\/\" class=\"trk-cta-link\" data-cta-trk='{\"ctaType\":\"Link\",\"ctaSubType\":\"main\"}'>Kevin Fortes<\/a> auteur de cinq plaquages et un plaquage pour perte ont tout tent&eacute; pour stopper la machine Vikings mais sans succ&egrave;s.<\/p><p>Le club autrichien l&rsquo;emporte finalement 27 &agrave; 15 gr&acirc;ce &agrave; son jeu de passes et &agrave; un Linnainmaa qui termine &agrave; 125 yards dans les airs.<\/p><p>Aucun joueur fran&ccedil;ais ne sera sacr&eacute; cette saison en ELF mais ce n&rsquo;est que partie remise avec <a href=\"https:\/\/theplayoffs.news\/fr\/nfl\/equipe-paris-european-league-of-football\/\" class=\"trk-cta-link\" data-cta-trk='{\"ctaType\":\"Link\",\"ctaSubType\":\"main\"}'>l&rsquo;arriv&eacute;e d&rsquo;un club parisien d&egrave;s la saison prochaine dans la comp&eacute;tition<\/a>.<\/p>\n","protected":false},"excerpt":{"rendered":"","protected":false},"author":180309812,"featured_media":390553,"comment_status":"open","ping_status":"closed","sticky":false,"template":"","format":"standard","meta":{"inline_featured_image":false,"kia_subtitle":"","_mux_skip_reasons":[],"proofreadBy":0,"footnotes":""},"categories":[5964],"tags":[],"sport":[2785],"saison":[2791],"class_list":["post-393955","post","type-post","status-publish","format-standard","has-post-thumbnail","hentry","category-elf","sport-nfl","saison-2791"],"acf":[],"yoast_head":"<!-- This site is optimized with the Yoast SEO plugin v24.2 - https:\/\/yoast.com\/wordpress\/plugins\/seo\/ -->\n<title>Pas de sacre pour les Fran&ccedil;ais en finale de l&#039;ELF - The Playoffs FR<\/title>\n<meta name=\"robots\" content=\"index, follow, max-snippet:-1, max-image-preview:large, max-video-preview:-1\" \/>\n<link rel=\"canonical\" href=\"https:\/\/theplayoffs.news\/fr\/elf\/pas-de-sacre-francais-en-finale-de-elf\/\" \/>\n<meta property=\"og:locale\" content=\"fr_FR\" \/>\n<meta property=\"og:type\" content=\"article\" \/>\n<meta property=\"og:title\" content=\"Pas de sacre pour les Fran&ccedil;ais en finale de l&#039;ELF - The Playoffs FR\" \/>\n<meta property=\"og:url\" content=\"https:\/\/theplayoffs.news\/fr\/elf\/pas-de-sacre-francais-en-finale-de-elf\/\" \/>\n<meta property=\"og:site_name\" content=\"The Playoffs FR\" \/>\n<meta property=\"article:publisher\" content=\"https:\/\/www.facebook.com\/TheFreeAgentFR\/\" \/>\n<meta property=\"article:modified_time\" content=\"2023-05-23T09:37:16+02:00\" \/>\n<meta property=\"og:image\" content=\"https:\/\/theplayoffs.news\/fr\/wp-content\/uploads\/2022\/09\/289999579_1694358667579359_4100995435541692967_n.jpg\" \/>\n\t<meta property=\"og:image:width\" content=\"1080\" \/>\n\t<meta property=\"og:image:height\" content=\"541\" \/>\n\t<meta property=\"og:image:type\" content=\"image\/jpeg\" \/>\n<meta name=\"author\" content=\"Mickael Machado\" \/>\n<meta name=\"twitter:card\" content=\"summary_large_image\" \/>\n<meta name=\"twitter:creator\" content=\"@TheFreeAgentFR\" \/>\n<meta name=\"twitter:site\" content=\"@TheFreeAgentFR\" \/>\n<meta name=\"twitter:label1\" content=\"\u00c9crit par\" \/>\n\t<meta name=\"twitter:data1\" content=\"Mickael Machado\" \/>\n\t<meta name=\"twitter:label2\" content=\"Dur\u00e9e de lecture estim\u00e9e\" \/>\n\t<meta name=\"twitter:data2\" content=\"1 minute\" \/>\n<script type=\"application\/ld+json\" class=\"yoast-schema-graph\">{\"@context\":\"https:\/\/schema.org\",\"@graph\":[{\"@type\":\"WebPage\",\"@id\":\"https:\/\/theplayoffs.news\/fr\/elf\/pas-de-sacre-francais-en-finale-de-elf\/\",\"url\":\"https:\/\/theplayoffs.news\/fr\/elf\/pas-de-sacre-francais-en-finale-de-elf\/\",\"name\":\"Pas de sacre pour les Fran\u00e7ais en finale de l\\\\'ELF - The Playoffs FR\",\"isPartOf\":{\"@id\":\"https:\/\/theplayoffs.news\/fr\/#website\"},\"primaryImageOfPage\":{\"@id\":\"https:\/\/theplayoffs.news\/fr\/elf\/pas-de-sacre-francais-en-finale-de-elf\/#primaryimage\"},\"image\":{\"@id\":\"https:\/\/theplayoffs.news\/fr\/elf\/pas-de-sacre-francais-en-finale-de-elf\/#primaryimage\"},\"thumbnailUrl\":\"https:\/\/theplayoffs.news\/fr\/wp-content\/uploads\/2022\/09\/289999579_1694358667579359_4100995435541692967_n.jpg\",\"datePublished\":\"2022-09-26T05:36:24+00:00\",\"dateModified\":\"2023-05-23T07:37:16+00:00\",\"author\":{\"@id\":\"https:\/\/theplayoffs.news\/fr\/#\/schema\/person\/4b19e0bb30f7ec77bf11ed88fb595883\"},\"breadcrumb\":{\"@id\":\"https:\/\/theplayoffs.news\/fr\/elf\/pas-de-sacre-francais-en-finale-de-elf\/#breadcrumb\"},\"inLanguage\":\"fr-FR\",\"potentialAction\":[{\"@type\":\"ReadAction\",\"target\":[\"https:\/\/theplayoffs.news\/fr\/elf\/pas-de-sacre-francais-en-finale-de-elf\/\"]}]},{\"@type\":\"ImageObject\",\"inLanguage\":\"fr-FR\",\"@id\":\"https:\/\/theplayoffs.news\/fr\/elf\/pas-de-sacre-francais-en-finale-de-elf\/#primaryimage\",\"url\":\"https:\/\/theplayoffs.news\/fr\/wp-content\/uploads\/2022\/09\/289999579_1694358667579359_4100995435541692967_n.jpg\",\"contentUrl\":\"https:\/\/theplayoffs.news\/fr\/wp-content\/uploads\/2022\/09\/289999579_1694358667579359_4100995435541692967_n.jpg\",\"width\":1080,\"height\":541,\"caption\":\"elf\"},{\"@type\":\"BreadcrumbList\",\"@id\":\"https:\/\/theplayoffs.news\/fr\/elf\/pas-de-sacre-francais-en-finale-de-elf\/#breadcrumb\",\"itemListElement\":[{\"@type\":\"ListItem\",\"position\":1,\"name\":\"Accueil\",\"item\":\"https:\/\/theplayoffs.news\/fr\/\"},{\"@type\":\"ListItem\",\"position\":2,\"name\":\"Pas de sacre pour les Fran\u00e7ais en finale de l&rsquo;ELF\"}]},{\"@type\":\"WebSite\",\"@id\":\"https:\/\/theplayoffs.news\/fr\/#website\",\"url\":\"https:\/\/theplayoffs.news\/fr\/\",\"name\":\"The Playoffs FR\",\"description\":\"NBA-NFL-NHL-MLB\",\"potentialAction\":[{\"@type\":\"SearchAction\",\"target\":{\"@type\":\"EntryPoint\",\"urlTemplate\":\"https:\/\/theplayoffs.news\/fr\/?s={search_term_string}\"},\"query-input\":{\"@type\":\"PropertyValueSpecification\",\"valueRequired\":true,\"valueName\":\"search_term_string\"}}],\"inLanguage\":\"fr-FR\"},{\"@type\":\"Person\",\"@id\":\"https:\/\/theplayoffs.news\/fr\/#\/schema\/person\/4b19e0bb30f7ec77bf11ed88fb595883\",\"name\":\"Mickael Machado\",\"image\":{\"@type\":\"ImageObject\",\"inLanguage\":\"fr-FR\",\"@id\":\"https:\/\/theplayoffs.news\/fr\/#\/schema\/person\/image\/\",\"url\":\"https:\/\/secure.gravatar.com\/avatar\/59fbd48e80f3b8470438f60648d6e750ad7a232311b0f71e9a96dc0501623125?s=96&d=mm&r=g\",\"contentUrl\":\"https:\/\/secure.gravatar.com\/avatar\/59fbd48e80f3b8470438f60648d6e750ad7a232311b0f71e9a96dc0501623125?s=96&d=mm&r=g\",\"caption\":\"Mickael Machado\"},\"url\":\"https:\/\/theplayoffs.news\/fr\/author\/legato13\/\"}]}<\/script>\n<!-- \/ Yoast SEO plugin. -->","yoast_head_json":{"title":"Pas de sacre pour les Fran&ccedil;ais en finale de l&#039;ELF - The Playoffs FR","robots":{"index":"index","follow":"follow","max-snippet":"max-snippet:-1","max-image-preview":"max-image-preview:large","max-video-preview":"max-video-preview:-1"},"canonical":"https:\/\/theplayoffs.news\/fr\/elf\/pas-de-sacre-francais-en-finale-de-elf\/","og_locale":"fr_FR","og_type":"article","og_title":"Pas de sacre pour les Fran&ccedil;ais en finale de l&#039;ELF - The Playoffs FR","og_url":"https:\/\/theplayoffs.news\/fr\/elf\/pas-de-sacre-francais-en-finale-de-elf\/","og_site_name":"The Playoffs FR","article_publisher":"https:\/\/www.facebook.com\/TheFreeAgentFR\/","article_modified_time":"2023-05-23T07:37:16+00:00","og_image":[{"width":1080,"height":541,"url":"https:\/\/theplayoffs.news\/fr\/wp-content\/uploads\/2022\/09\/289999579_1694358667579359_4100995435541692967_n.jpg","type":"image\/jpeg"}],"author":"Mickael Machado","twitter_card":"summary_large_image","twitter_creator":"@TheFreeAgentFR","twitter_site":"@TheFreeAgentFR","twitter_misc":{"\u00c9crit par":"Mickael Machado","Dur\u00e9e de lecture estim\u00e9e":"1 minute"},"schema":{"@context":"https:\/\/schema.org","@graph":[{"@type":"WebPage","@id":"https:\/\/theplayoffs.news\/fr\/elf\/pas-de-sacre-francais-en-finale-de-elf\/","url":"https:\/\/theplayoffs.news\/fr\/elf\/pas-de-sacre-francais-en-finale-de-elf\/","name":"Pas de sacre pour les Fran\u00e7ais en finale de l\\'ELF - The Playoffs FR","isPartOf":{"@id":"https:\/\/theplayoffs.news\/fr\/#website"},"primaryImageOfPage":{"@id":"https:\/\/theplayoffs.news\/fr\/elf\/pas-de-sacre-francais-en-finale-de-elf\/#primaryimage"},"image":{"@id":"https:\/\/theplayoffs.news\/fr\/elf\/pas-de-sacre-francais-en-finale-de-elf\/#primaryimage"},"thumbnailUrl":"https:\/\/theplayoffs.news\/fr\/wp-content\/uploads\/2022\/09\/289999579_1694358667579359_4100995435541692967_n.jpg","datePublished":"2022-09-26T05:36:24+00:00","dateModified":"2023-05-23T07:37:16+00:00","author":{"@id":"https:\/\/theplayoffs.news\/fr\/#\/schema\/person\/4b19e0bb30f7ec77bf11ed88fb595883"},"breadcrumb":{"@id":"https:\/\/theplayoffs.news\/fr\/elf\/pas-de-sacre-francais-en-finale-de-elf\/#breadcrumb"},"inLanguage":"fr-FR","potentialAction":[{"@type":"ReadAction","target":["https:\/\/theplayoffs.news\/fr\/elf\/pas-de-sacre-francais-en-finale-de-elf\/"]}]},{"@type":"ImageObject","inLanguage":"fr-FR","@id":"https:\/\/theplayoffs.news\/fr\/elf\/pas-de-sacre-francais-en-finale-de-elf\/#primaryimage","url":"https:\/\/theplayoffs.news\/fr\/wp-content\/uploads\/2022\/09\/289999579_1694358667579359_4100995435541692967_n.jpg","contentUrl":"https:\/\/theplayoffs.news\/fr\/wp-content\/uploads\/2022\/09\/289999579_1694358667579359_4100995435541692967_n.jpg","width":1080,"height":541,"caption":"elf"},{"@type":"BreadcrumbList","@id":"https:\/\/theplayoffs.news\/fr\/elf\/pas-de-sacre-francais-en-finale-de-elf\/#breadcrumb","itemListElement":[{"@type":"ListItem","position":1,"name":"Accueil","item":"https:\/\/theplayoffs.news\/fr\/"},{"@type":"ListItem","position":2,"name":"Pas de sacre pour les Fran\u00e7ais en finale de l&rsquo;ELF"}]},{"@type":"WebSite","@id":"https:\/\/theplayoffs.news\/fr\/#website","url":"https:\/\/theplayoffs.news\/fr\/","name":"The Playoffs FR","description":"NBA-NFL-NHL-MLB","potentialAction":[{"@type":"SearchAction","target":{"@type":"EntryPoint","urlTemplate":"https:\/\/theplayoffs.news\/fr\/?s={search_term_string}"},"query-input":{"@type":"PropertyValueSpecification","valueRequired":true,"valueName":"search_term_string"}}],"inLanguage":"fr-FR"},{"@type":"Person","@id":"https:\/\/theplayoffs.news\/fr\/#\/schema\/person\/4b19e0bb30f7ec77bf11ed88fb595883","name":"Mickael Machado","image":{"@type":"ImageObject","inLanguage":"fr-FR","@id":"https:\/\/theplayoffs.news\/fr\/#\/schema\/person\/image\/","url":"https:\/\/secure.gravatar.com\/avatar\/59fbd48e80f3b8470438f60648d6e750ad7a232311b0f71e9a96dc0501623125?s=96&d=mm&r=g","contentUrl":"https:\/\/secure.gravatar.com\/avatar\/59fbd48e80f3b8470438f60648d6e750ad7a232311b0f71e9a96dc0501623125?s=96&d=mm&r=g","caption":"Mickael Machado"},"url":"https:\/\/theplayoffs.news\/fr\/author\/legato13\/"}]}},"_links":{"self":[{"href":"https:\/\/theplayoffs.news\/fr\/wp-json\/wp\/v2\/posts\/393955","targetHints":{"allow":["GET"]}}],"collection":[{"href":"https:\/\/theplayoffs.news\/fr\/wp-json\/wp\/v2\/posts"}],"about":[{"href":"https:\/\/theplayoffs.news\/fr\/wp-json\/wp\/v2\/types\/post"}],"author":[{"embeddable":true,"href":"https:\/\/theplayoffs.news\/fr\/wp-json\/wp\/v2\/users\/180309812"}],"replies":[{"embeddable":true,"href":"https:\/\/theplayoffs.news\/fr\/wp-json\/wp\/v2\/comments?post=393955"}],"version-history":[{"count":0,"href":"https:\/\/theplayoffs.news\/fr\/wp-json\/wp\/v2\/posts\/393955\/revisions"}],"wp:featuredmedia":[{"embeddable":true,"href":"https:\/\/theplayoffs.news\/fr\/wp-json\/wp\/v2\/media\/390553"}],"wp:attachment":[{"href":"https:\/\/theplayoffs.news\/fr\/wp-json\/wp\/v2\/media?parent=393955"}],"wp:term":[{"taxonomy":"category","embeddable":true,"href":"https:\/\/theplayoffs.news\/fr\/wp-json\/wp\/v2\/categories?post=393955"},{"taxonomy":"post_tag","embeddable":true,"href":"https:\/\/theplayoffs.news\/fr\/wp-json\/wp\/v2\/tags?post=393955"},{"taxonomy":"sport","embeddable":true,"href":"https:\/\/theplayoffs.news\/fr\/wp-json\/wp\/v2\/sport?post=393955"},{"taxonomy":"saison","embeddable":true,"href":"https:\/\/theplayoffs.news\/fr\/wp-json\/wp\/v2\/saison?post=393955"}],"curies":[{"name":"wp","href":"https:\/\/api.w.org\/{rel}","templated":true}]}}