{"id":390552,"date":"2022-09-16T08:00:44","date_gmt":"2022-09-16T06:00:44","guid":{"rendered":"https:\/\/theplayoffs.news\/fr\/?p=390552"},"modified":"2023-05-23T09:38:29","modified_gmt":"2023-05-23T07:38:29","slug":"elf-giovanni-nanguy-kevin-fortes-en-finale","status":"publish","type":"post","link":"https:\/\/theplayoffs.news\/fr\/elf\/elf-giovanni-nanguy-kevin-fortes-en-finale\/","title":{"rendered":"ELF : Giovanni Nanguy et Kevin Fortes en finale de l&rsquo;ELF avec les Hamburg Sea Devils"},"content":{"rendered":"<h2>Les deux fran&ccedil;ais Giovanni Nanguy et Kevin Fortes seront en finale de l&rsquo;ELF le 25 septembre prochain face aux Vienna Vikings.<\/h2><p>Les Hamburg Sea Devils et leurs deux joueurs fran&ccedil;ais Kevin Fortes et Giovanni Nanguy sont parvenus &agrave; se qualifier pour la finale de <a href=\"https:\/\/theplayoffs.news\/fr\/nfl\/football-americain-france\/\" class=\"trk-cta-link\" data-cta-trk='{\"ctaType\":\"Link\",\"ctaSubType\":\"main\"}'>l&rsquo;ELF<\/a> le week-end dernier.<\/p><p>Le club d&rsquo;Hamburg est parvenu &agrave; battre les Raiders Tirol lors de la demi-finale sur le score de 19 &agrave; 7 gr&acirc;ce notamment &agrave; son running back Glenn Toonga auteur de 178 yards en 33 courses.<\/p><p>Le safety Kevin Fortes et le linebacker Giovanni Nanguy ont aussi contribu&eacute; au succ&egrave;s de leur &eacute;quipe avec quatre plaquages pour le premier et un plaquage pour le second.<\/p><p>Surtout, les deux Fran&ccedil;ais ont fait en sorte de limiter le Tirol &agrave; seulement neuf points dans un match assez ferm&eacute;.<\/p><p>En finale, le club retrouvera l&rsquo;autre grand favori de la comp&eacute;tition, les Vienna Vikings. Le club autrichien a surclass&eacute; les Dragons de Barcelone en demi-finale sur le score de 39 &agrave; 12 avec une grosse d&eacute;monstration de jeu au sol (197 yards).<\/p><p>L&rsquo;opposition entre les deux formations sera in&eacute;dite dans cette &eacute;dition de <a href=\"https:\/\/europeanleague.football\/\" class=\"trk-cta-link\" data-cta-trk='{\"ctaType\":\"Link\",\"ctaSubType\":\"main\"}'>l&rsquo;ELF<\/a>, les deux &eacute;quipes ne s&rsquo;&eacute;tant pas encore crois&eacute;es cette saison. Rendez-vous le 25 septembre pour ce match entre l&rsquo;&eacute;lite des clubs europ&eacute;ens.<\/p>\n","protected":false},"excerpt":{"rendered":"","protected":false},"author":180309812,"featured_media":390553,"comment_status":"open","ping_status":"closed","sticky":false,"template":"","format":"standard","meta":{"inline_featured_image":false,"kia_subtitle":"","_mux_skip_reasons":[],"proofreadBy":0,"footnotes":""},"categories":[5964],"tags":[],"sport":[2785],"saison":[2791],"class_list":["post-390552","post","type-post","status-publish","format-standard","has-post-thumbnail","hentry","category-elf","sport-nfl","saison-2791"],"acf":[],"yoast_head":"<!-- This site is optimized with the Yoast SEO plugin v24.2 - https:\/\/yoast.com\/wordpress\/plugins\/seo\/ -->\n<title>ELF : Giovanni Nanguy et Kevin Fortes en finale de l&#039;ELF avec les Hamburg Sea Devils - The Playoffs FR<\/title>\n<meta name=\"robots\" content=\"index, follow, max-snippet:-1, max-image-preview:large, max-video-preview:-1\" \/>\n<link rel=\"canonical\" href=\"https:\/\/theplayoffs.news\/fr\/elf\/elf-giovanni-nanguy-kevin-fortes-en-finale\/\" \/>\n<meta property=\"og:locale\" content=\"fr_FR\" \/>\n<meta property=\"og:type\" content=\"article\" \/>\n<meta property=\"og:title\" content=\"ELF : Giovanni Nanguy et Kevin Fortes en finale de l&#039;ELF avec les Hamburg Sea Devils - The Playoffs FR\" \/>\n<meta property=\"og:url\" content=\"https:\/\/theplayoffs.news\/fr\/elf\/elf-giovanni-nanguy-kevin-fortes-en-finale\/\" \/>\n<meta property=\"og:site_name\" content=\"The Playoffs FR\" \/>\n<meta property=\"article:publisher\" content=\"https:\/\/www.facebook.com\/TheFreeAgentFR\/\" \/>\n<meta property=\"article:modified_time\" content=\"2023-05-23T09:38:29+02:00\" \/>\n<meta property=\"og:image\" content=\"https:\/\/theplayoffs.news\/fr\/wp-content\/uploads\/2022\/09\/289999579_1694358667579359_4100995435541692967_n.jpg\" \/>\n\t<meta property=\"og:image:width\" content=\"1080\" \/>\n\t<meta property=\"og:image:height\" content=\"541\" \/>\n\t<meta property=\"og:image:type\" content=\"image\/jpeg\" \/>\n<meta name=\"author\" content=\"Mickael Machado\" \/>\n<meta name=\"twitter:card\" content=\"summary_large_image\" \/>\n<meta name=\"twitter:creator\" content=\"@TheFreeAgentFR\" \/>\n<meta name=\"twitter:site\" content=\"@TheFreeAgentFR\" \/>\n<meta name=\"twitter:label1\" content=\"\u00c9crit par\" \/>\n\t<meta name=\"twitter:data1\" content=\"Mickael Machado\" \/>\n\t<meta name=\"twitter:label2\" content=\"Dur\u00e9e de lecture estim\u00e9e\" \/>\n\t<meta name=\"twitter:data2\" content=\"1 minute\" \/>\n<script type=\"application\/ld+json\" class=\"yoast-schema-graph\">{\"@context\":\"https:\/\/schema.org\",\"@graph\":[{\"@type\":\"WebPage\",\"@id\":\"https:\/\/theplayoffs.news\/fr\/elf\/elf-giovanni-nanguy-kevin-fortes-en-finale\/\",\"url\":\"https:\/\/theplayoffs.news\/fr\/elf\/elf-giovanni-nanguy-kevin-fortes-en-finale\/\",\"name\":\"ELF : Giovanni Nanguy et Kevin Fortes en finale de l\\\\'ELF avec les Hamburg Sea Devils - The Playoffs FR\",\"isPartOf\":{\"@id\":\"https:\/\/theplayoffs.news\/fr\/#website\"},\"primaryImageOfPage\":{\"@id\":\"https:\/\/theplayoffs.news\/fr\/elf\/elf-giovanni-nanguy-kevin-fortes-en-finale\/#primaryimage\"},\"image\":{\"@id\":\"https:\/\/theplayoffs.news\/fr\/elf\/elf-giovanni-nanguy-kevin-fortes-en-finale\/#primaryimage\"},\"thumbnailUrl\":\"https:\/\/theplayoffs.news\/fr\/wp-content\/uploads\/2022\/09\/289999579_1694358667579359_4100995435541692967_n.jpg\",\"datePublished\":\"2022-09-16T06:00:44+00:00\",\"dateModified\":\"2023-05-23T07:38:29+00:00\",\"author\":{\"@id\":\"https:\/\/theplayoffs.news\/fr\/#\/schema\/person\/4b19e0bb30f7ec77bf11ed88fb595883\"},\"breadcrumb\":{\"@id\":\"https:\/\/theplayoffs.news\/fr\/elf\/elf-giovanni-nanguy-kevin-fortes-en-finale\/#breadcrumb\"},\"inLanguage\":\"fr-FR\",\"potentialAction\":[{\"@type\":\"ReadAction\",\"target\":[\"https:\/\/theplayoffs.news\/fr\/elf\/elf-giovanni-nanguy-kevin-fortes-en-finale\/\"]}]},{\"@type\":\"ImageObject\",\"inLanguage\":\"fr-FR\",\"@id\":\"https:\/\/theplayoffs.news\/fr\/elf\/elf-giovanni-nanguy-kevin-fortes-en-finale\/#primaryimage\",\"url\":\"https:\/\/theplayoffs.news\/fr\/wp-content\/uploads\/2022\/09\/289999579_1694358667579359_4100995435541692967_n.jpg\",\"contentUrl\":\"https:\/\/theplayoffs.news\/fr\/wp-content\/uploads\/2022\/09\/289999579_1694358667579359_4100995435541692967_n.jpg\",\"width\":1080,\"height\":541,\"caption\":\"elf\"},{\"@type\":\"BreadcrumbList\",\"@id\":\"https:\/\/theplayoffs.news\/fr\/elf\/elf-giovanni-nanguy-kevin-fortes-en-finale\/#breadcrumb\",\"itemListElement\":[{\"@type\":\"ListItem\",\"position\":1,\"name\":\"Accueil\",\"item\":\"https:\/\/theplayoffs.news\/fr\/\"},{\"@type\":\"ListItem\",\"position\":2,\"name\":\"ELF : Giovanni Nanguy et Kevin Fortes en finale de l&rsquo;ELF avec les Hamburg Sea Devils\"}]},{\"@type\":\"WebSite\",\"@id\":\"https:\/\/theplayoffs.news\/fr\/#website\",\"url\":\"https:\/\/theplayoffs.news\/fr\/\",\"name\":\"The Playoffs FR\",\"description\":\"NBA-NFL-NHL-MLB\",\"potentialAction\":[{\"@type\":\"SearchAction\",\"target\":{\"@type\":\"EntryPoint\",\"urlTemplate\":\"https:\/\/theplayoffs.news\/fr\/?s={search_term_string}\"},\"query-input\":{\"@type\":\"PropertyValueSpecification\",\"valueRequired\":true,\"valueName\":\"search_term_string\"}}],\"inLanguage\":\"fr-FR\"},{\"@type\":\"Person\",\"@id\":\"https:\/\/theplayoffs.news\/fr\/#\/schema\/person\/4b19e0bb30f7ec77bf11ed88fb595883\",\"name\":\"Mickael Machado\",\"image\":{\"@type\":\"ImageObject\",\"inLanguage\":\"fr-FR\",\"@id\":\"https:\/\/theplayoffs.news\/fr\/#\/schema\/person\/image\/\",\"url\":\"https:\/\/secure.gravatar.com\/avatar\/59fbd48e80f3b8470438f60648d6e750ad7a232311b0f71e9a96dc0501623125?s=96&d=mm&r=g\",\"contentUrl\":\"https:\/\/secure.gravatar.com\/avatar\/59fbd48e80f3b8470438f60648d6e750ad7a232311b0f71e9a96dc0501623125?s=96&d=mm&r=g\",\"caption\":\"Mickael Machado\"},\"url\":\"https:\/\/theplayoffs.news\/fr\/author\/legato13\/\"}]}<\/script>\n<!-- \/ Yoast SEO plugin. -->","yoast_head_json":{"title":"ELF : Giovanni Nanguy et Kevin Fortes en finale de l&#039;ELF avec les Hamburg Sea Devils - The Playoffs FR","robots":{"index":"index","follow":"follow","max-snippet":"max-snippet:-1","max-image-preview":"max-image-preview:large","max-video-preview":"max-video-preview:-1"},"canonical":"https:\/\/theplayoffs.news\/fr\/elf\/elf-giovanni-nanguy-kevin-fortes-en-finale\/","og_locale":"fr_FR","og_type":"article","og_title":"ELF : Giovanni Nanguy et Kevin Fortes en finale de l&#039;ELF avec les Hamburg Sea Devils - The Playoffs FR","og_url":"https:\/\/theplayoffs.news\/fr\/elf\/elf-giovanni-nanguy-kevin-fortes-en-finale\/","og_site_name":"The Playoffs FR","article_publisher":"https:\/\/www.facebook.com\/TheFreeAgentFR\/","article_modified_time":"2023-05-23T07:38:29+00:00","og_image":[{"width":1080,"height":541,"url":"https:\/\/theplayoffs.news\/fr\/wp-content\/uploads\/2022\/09\/289999579_1694358667579359_4100995435541692967_n.jpg","type":"image\/jpeg"}],"author":"Mickael Machado","twitter_card":"summary_large_image","twitter_creator":"@TheFreeAgentFR","twitter_site":"@TheFreeAgentFR","twitter_misc":{"\u00c9crit par":"Mickael Machado","Dur\u00e9e de lecture estim\u00e9e":"1 minute"},"schema":{"@context":"https:\/\/schema.org","@graph":[{"@type":"WebPage","@id":"https:\/\/theplayoffs.news\/fr\/elf\/elf-giovanni-nanguy-kevin-fortes-en-finale\/","url":"https:\/\/theplayoffs.news\/fr\/elf\/elf-giovanni-nanguy-kevin-fortes-en-finale\/","name":"ELF : Giovanni Nanguy et Kevin Fortes en finale de l\\'ELF avec les Hamburg Sea Devils - The Playoffs FR","isPartOf":{"@id":"https:\/\/theplayoffs.news\/fr\/#website"},"primaryImageOfPage":{"@id":"https:\/\/theplayoffs.news\/fr\/elf\/elf-giovanni-nanguy-kevin-fortes-en-finale\/#primaryimage"},"image":{"@id":"https:\/\/theplayoffs.news\/fr\/elf\/elf-giovanni-nanguy-kevin-fortes-en-finale\/#primaryimage"},"thumbnailUrl":"https:\/\/theplayoffs.news\/fr\/wp-content\/uploads\/2022\/09\/289999579_1694358667579359_4100995435541692967_n.jpg","datePublished":"2022-09-16T06:00:44+00:00","dateModified":"2023-05-23T07:38:29+00:00","author":{"@id":"https:\/\/theplayoffs.news\/fr\/#\/schema\/person\/4b19e0bb30f7ec77bf11ed88fb595883"},"breadcrumb":{"@id":"https:\/\/theplayoffs.news\/fr\/elf\/elf-giovanni-nanguy-kevin-fortes-en-finale\/#breadcrumb"},"inLanguage":"fr-FR","potentialAction":[{"@type":"ReadAction","target":["https:\/\/theplayoffs.news\/fr\/elf\/elf-giovanni-nanguy-kevin-fortes-en-finale\/"]}]},{"@type":"ImageObject","inLanguage":"fr-FR","@id":"https:\/\/theplayoffs.news\/fr\/elf\/elf-giovanni-nanguy-kevin-fortes-en-finale\/#primaryimage","url":"https:\/\/theplayoffs.news\/fr\/wp-content\/uploads\/2022\/09\/289999579_1694358667579359_4100995435541692967_n.jpg","contentUrl":"https:\/\/theplayoffs.news\/fr\/wp-content\/uploads\/2022\/09\/289999579_1694358667579359_4100995435541692967_n.jpg","width":1080,"height":541,"caption":"elf"},{"@type":"BreadcrumbList","@id":"https:\/\/theplayoffs.news\/fr\/elf\/elf-giovanni-nanguy-kevin-fortes-en-finale\/#breadcrumb","itemListElement":[{"@type":"ListItem","position":1,"name":"Accueil","item":"https:\/\/theplayoffs.news\/fr\/"},{"@type":"ListItem","position":2,"name":"ELF : Giovanni Nanguy et Kevin Fortes en finale de l&rsquo;ELF avec les Hamburg Sea Devils"}]},{"@type":"WebSite","@id":"https:\/\/theplayoffs.news\/fr\/#website","url":"https:\/\/theplayoffs.news\/fr\/","name":"The Playoffs FR","description":"NBA-NFL-NHL-MLB","potentialAction":[{"@type":"SearchAction","target":{"@type":"EntryPoint","urlTemplate":"https:\/\/theplayoffs.news\/fr\/?s={search_term_string}"},"query-input":{"@type":"PropertyValueSpecification","valueRequired":true,"valueName":"search_term_string"}}],"inLanguage":"fr-FR"},{"@type":"Person","@id":"https:\/\/theplayoffs.news\/fr\/#\/schema\/person\/4b19e0bb30f7ec77bf11ed88fb595883","name":"Mickael Machado","image":{"@type":"ImageObject","inLanguage":"fr-FR","@id":"https:\/\/theplayoffs.news\/fr\/#\/schema\/person\/image\/","url":"https:\/\/secure.gravatar.com\/avatar\/59fbd48e80f3b8470438f60648d6e750ad7a232311b0f71e9a96dc0501623125?s=96&d=mm&r=g","contentUrl":"https:\/\/secure.gravatar.com\/avatar\/59fbd48e80f3b8470438f60648d6e750ad7a232311b0f71e9a96dc0501623125?s=96&d=mm&r=g","caption":"Mickael Machado"},"url":"https:\/\/theplayoffs.news\/fr\/author\/legato13\/"}]}},"_links":{"self":[{"href":"https:\/\/theplayoffs.news\/fr\/wp-json\/wp\/v2\/posts\/390552","targetHints":{"allow":["GET"]}}],"collection":[{"href":"https:\/\/theplayoffs.news\/fr\/wp-json\/wp\/v2\/posts"}],"about":[{"href":"https:\/\/theplayoffs.news\/fr\/wp-json\/wp\/v2\/types\/post"}],"author":[{"embeddable":true,"href":"https:\/\/theplayoffs.news\/fr\/wp-json\/wp\/v2\/users\/180309812"}],"replies":[{"embeddable":true,"href":"https:\/\/theplayoffs.news\/fr\/wp-json\/wp\/v2\/comments?post=390552"}],"version-history":[{"count":0,"href":"https:\/\/theplayoffs.news\/fr\/wp-json\/wp\/v2\/posts\/390552\/revisions"}],"wp:featuredmedia":[{"embeddable":true,"href":"https:\/\/theplayoffs.news\/fr\/wp-json\/wp\/v2\/media\/390553"}],"wp:attachment":[{"href":"https:\/\/theplayoffs.news\/fr\/wp-json\/wp\/v2\/media?parent=390552"}],"wp:term":[{"taxonomy":"category","embeddable":true,"href":"https:\/\/theplayoffs.news\/fr\/wp-json\/wp\/v2\/categories?post=390552"},{"taxonomy":"post_tag","embeddable":true,"href":"https:\/\/theplayoffs.news\/fr\/wp-json\/wp\/v2\/tags?post=390552"},{"taxonomy":"sport","embeddable":true,"href":"https:\/\/theplayoffs.news\/fr\/wp-json\/wp\/v2\/sport?post=390552"},{"taxonomy":"saison","embeddable":true,"href":"https:\/\/theplayoffs.news\/fr\/wp-json\/wp\/v2\/saison?post=390552"}],"curies":[{"name":"wp","href":"https:\/\/api.w.org\/{rel}","templated":true}]}}