{"id":1511741,"date":"2026-02-23T13:26:00","date_gmt":"2026-02-23T12:26:00","guid":{"rendered":"https:\/\/theplayoffs.news\/fr\/uncategorized\/\/"},"modified":"2026-02-23T14:15:45","modified_gmt":"2026-02-23T13:15:45","slug":"derek-carr-retour-nfl-2026-cotes","status":"publish","type":"post","link":"https:\/\/theplayoffs.news\/fr\/actualite-nfl\/derek-carr-retour-nfl-2026-cotes\/","title":{"rendered":"Derek Carr: un retour sur les terrains en 2026?"},"content":{"rendered":"<p>Apr&egrave;s une ann&eacute;e sabbatique forc&eacute;e par les blessures, la rumeur d&rsquo;un retour de Derek Carr sur les terrains de la NFL prend une ampleur consid&eacute;rable en ce mois de f&eacute;vrier 2026. Le quarterback, qui f&ecirc;tera ses 35 ans en mars, semble avoir retrouv&eacute; la sant&eacute; et l&rsquo;envie, au point de poser ses conditions: il ne reviendra que pour un pr&eacute;tendant s&eacute;rieux au Super Bowl.<\/p><h2 class=\"wp-block-heading\">L&rsquo;heure du comeback pour Derek Carr?<\/h2><p>La d&eacute;cision de <a href=\"https:\/\/www.pro-football-reference.com\/players\/C\/CarrDe02.htm\" class=\"trk-cta-link\" data-cta-trk='{\"ctaType\":\"Link\",\"ctaSubType\":\"main\"}'>Derek Carr<\/a> de prendre sa retraite en mai 2025, apr&egrave;s une saison 2024 &eacute;prouvante avec les New Orleans Saints, n&rsquo;&eacute;tait pas un choix de c&oelig;ur, mais de raison m&eacute;dicale. &Agrave; l&rsquo;&eacute;poque, les examens avaient r&eacute;v&eacute;l&eacute; une d&eacute;chirure du labrum et des dommages d&eacute;g&eacute;n&eacute;ratifs importants &agrave; la coiffe des rotateurs de son &eacute;paule droite. Refusant une op&eacute;ration qui aurait compromis toute sa saison 2025 sans garantie de retrouver son niveau, Carr avait pr&eacute;f&eacute;r&eacute; se retirer.<\/p><figure class=\"wp-block-image size-large\"><img loading=\"lazy\" decoding=\"async\" width=\"1200\" height=\"800\" src=\"https:\/\/theplayoffs.news\/fr\/wp-content\/uploads\/2026\/02\/USATSI_24942711-1200x800.jpg\" alt=\"\" class=\"wp-image-1511742\" srcset=\"https:\/\/theplayoffs.news\/fr\/wp-content\/uploads\/2026\/02\/USATSI_24942711-1200x800.jpg 1200w, https:\/\/theplayoffs.news\/fr\/wp-content\/uploads\/2026\/02\/USATSI_24942711-600x400.jpg 600w, https:\/\/theplayoffs.news\/fr\/wp-content\/uploads\/2026\/02\/USATSI_24942711-768x512.jpg 768w, https:\/\/theplayoffs.news\/fr\/wp-content\/uploads\/2026\/02\/USATSI_24942711-1536x1024.jpg 1536w, https:\/\/theplayoffs.news\/fr\/wp-content\/uploads\/2026\/02\/USATSI_24942711-1320x880.jpg 1320w, https:\/\/theplayoffs.news\/fr\/wp-content\/uploads\/2026\/02\/USATSI_24942711.jpg 1920w\" sizes=\"auto, (max-width: 1200px) 100vw, 1200px\" \/><figcaption class=\"wp-element-caption\">&copy; Kevin R. Wexler-NorthJersey.com \/ USA TODAY NETWORK via Imagn Images<\/figcaption><\/figure><p>Il laissait derri&egrave;re lui une carri&egrave;re solide: 41 245 yards, 257 touchdowns et 4 s&eacute;lections au Pro Bowl, principalement sous les couleurs des Raiders. Mais apr&egrave;s neuf mois de repos total et une r&eacute;&eacute;ducation intensive, les informateurs d&rsquo;NFL Network rapportent que Carr ne pr&eacute;sente plus aucune limitation physique. &laquo;&nbsp;Je ne dirais jamais jamais&nbsp;&raquo;, a-t-il gliss&eacute; r&eacute;cemment, ouvrant la porte &agrave; un retour imminent.<\/p><h2 class=\"wp-block-heading\">Le march&eacute; des quarterbacks: Qui pour accueillir Carr ?<\/h2><p>La saison 2025 a &eacute;t&eacute; marqu&eacute;e par une h&eacute;catombe au poste de quarterback, laissant plusieurs franchises comp&eacute;titives dans l&rsquo;impasse. Pour Carr, l&rsquo;objectif est simple: rejoindre une &eacute;quipe qui se trouve &laquo;&nbsp;&agrave; un quarterback pr&egrave;s&nbsp;&raquo; du titre.<\/p><p>Parmi les destinations les plus cr&eacute;dibles, les Pittsburgh Steelers figurent en t&ecirc;te de liste. Apr&egrave;s une saison 2025 r&eacute;ussie gr&acirc;ce &agrave; la pige d&rsquo;Aaron Rodgers (vainqueur de l&rsquo;AFC Nord), la franchise se retrouve dans l&rsquo;incertitude alors que le v&eacute;t&eacute;ran de 42 ans h&eacute;site &agrave; rempiler. Mike McCarthy, le nouvel entra&icirc;neur, pourrait voir en Carr le profil id&eacute;al pour stabiliser une attaque comptant d&eacute;j&agrave; des talents comme DK Metcalf.<\/p><figure class=\"wp-block-image size-large\"><img loading=\"lazy\" decoding=\"async\" width=\"1200\" height=\"800\" src=\"https:\/\/theplayoffs.news\/fr\/wp-content\/uploads\/2026\/02\/USATSI_27485399-1200x800.jpg\" alt=\"\" class=\"wp-image-1511743\" srcset=\"https:\/\/theplayoffs.news\/fr\/wp-content\/uploads\/2026\/02\/USATSI_27485399-1200x800.jpg 1200w, https:\/\/theplayoffs.news\/fr\/wp-content\/uploads\/2026\/02\/USATSI_27485399-600x400.jpg 600w, https:\/\/theplayoffs.news\/fr\/wp-content\/uploads\/2026\/02\/USATSI_27485399-768x512.jpg 768w, https:\/\/theplayoffs.news\/fr\/wp-content\/uploads\/2026\/02\/USATSI_27485399-1536x1024.jpg 1536w, https:\/\/theplayoffs.news\/fr\/wp-content\/uploads\/2026\/02\/USATSI_27485399-1320x880.jpg 1320w, https:\/\/theplayoffs.news\/fr\/wp-content\/uploads\/2026\/02\/USATSI_27485399.jpg 1920w\" sizes=\"auto, (max-width: 1200px) 100vw, 1200px\" \/><figcaption class=\"wp-element-caption\">Mandatory Credit: Lon Horwedel-Imagn Images<\/figcaption><\/figure><p>Les Minnesota Vikings surveillent &eacute;galement le dossier de pr&egrave;s. J.J. McCarthy n&rsquo;a pas encore totalement convaincu lors de sa premi&egrave;re saison (plus ou moins) compl&egrave;te comme titulaire, et l&rsquo;entra&icirc;neur Kevin O&rsquo;Connell a martel&eacute; vouloir instaurer une &laquo;&nbsp;vraie comp&eacute;tition&nbsp;&raquo; dans son vestiaire. Avec Justin Jefferson et Jordan Addison, le potentiel offensif du Minnesota est un argument de poids pour s&eacute;duire Carr. Enfin, les Miami Dolphins, engag&eacute;s dans une transition post-Tua Tagovailoa, cherchent un leader d&rsquo;exp&eacute;rience, m&ecirc;me si le statut de &laquo;&nbsp;pr&eacute;tendant au Super Bowl&nbsp;&raquo; de la franchise floridienne reste &agrave; prouver en 2026.<\/p><h2 class=\"wp-block-heading\">Retour de Derek Carr: l&rsquo;avis des bookmakers<\/h2><p>Voici les cotes propos&eacute;es par les <a href=\"https:\/\/theplayoffs.news\/fr\/paris-sportifs\/meilleurs-sites-paris-sportifs\/\" class=\"trk-cta-link\" data-cta-trk='{\"ctaType\":\"Link\",\"ctaSubType\":\"main\"}'>bookmakers<\/a> pour un &eacute;ventuel retour sur les terrains de Derek Carr avant la saison 2026 de NFL.<\/p><figure class=\"wp-block-table\"><table class=\"has-fixed-layout\"><thead><tr><td class=\"has-text-align-center\" data-align=\"center\"><strong>Equipe<\/strong><\/td><td class=\"has-text-align-center\" data-align=\"center\"><strong>Cotes<\/strong><\/td><td class=\"has-text-align-center\" data-align=\"center\"><strong>Probabilit&eacute;s<\/strong><\/td><\/tr><\/thead><tbody><tr><td class=\"has-text-align-center\" data-align=\"center\"><strong>Rester retrait&eacute; \/ Aucune &eacute;quipe<\/strong><\/td><td class=\"has-text-align-center\" data-align=\"center\">2.40<\/td><td class=\"has-text-align-center\" data-align=\"center\">41,7 %<\/td><\/tr><tr><td class=\"has-text-align-center\" data-align=\"center\"><strong>Pittsburgh Steelers<\/strong><\/td><td class=\"has-text-align-center\" data-align=\"center\">5.50<\/td><td class=\"has-text-align-center\" data-align=\"center\">18,2 %<\/td><\/tr><tr><td class=\"has-text-align-center\" data-align=\"center\"><strong>Minnesota Vikings<\/strong><\/td><td class=\"has-text-align-center\" data-align=\"center\">6.50<\/td><td class=\"has-text-align-center\" data-align=\"center\">15,4 %<\/td><\/tr><tr><td class=\"has-text-align-center\" data-align=\"center\"><strong>Miami Dolphins<\/strong><\/td><td class=\"has-text-align-center\" data-align=\"center\">7.50<\/td><td class=\"has-text-align-center\" data-align=\"center\">13,3 %<\/td><\/tr><tr><td class=\"has-text-align-center\" data-align=\"center\"><strong>New York Jets<\/strong><\/td><td class=\"has-text-align-center\" data-align=\"center\">16.00<\/td><td class=\"has-text-align-center\" data-align=\"center\">6,3 %<\/td><\/tr><\/tbody><\/table><\/figure><p>Bien &eacute;videmment, le fait que Derek Carr retrouve les terrains en 2026 est loin d&rsquo;&ecirc;tre une certitude. Cependant, les chances sont aujourd&rsquo;hui bien plus &eacute;lev&eacute;es qu&rsquo;elles ne l&rsquo;&eacute;taient il y a encore 3 mois de cela.<\/p><p>Cr&eacute;dit photo: &copy; Brad Penner-Imagn Images<\/p>\n","protected":false},"excerpt":{"rendered":"<p>Derek Carr va-t-il retrouver la comp\u00e9tition en 2026?<\/p>\n","protected":false},"author":180309964,"featured_media":1511744,"comment_status":"closed","ping_status":"closed","sticky":false,"template":"","format":"standard","meta":{"inline_featured_image":false,"kia_subtitle":"Derek Carr va-t-il retrouver la comp\u00e9tition en 2026?","_mux_skip_reasons":[],"proofreadBy":0,"footnotes":""},"categories":[118,8410,40,8408],"tags":[956,9901],"sport":[2785],"saison":[7884],"class_list":["post-1511741","post","type-post","status-publish","format-standard","has-post-thumbnail","hentry","category-actualite-nfl","category-football-americain","category-nfl","category-sports","tag-derek-carr","tag-nfl-2026","sport-nfl","saison-7884"],"acf":[],"yoast_head":"<!-- This site is optimized with the Yoast SEO plugin v24.2 - https:\/\/yoast.com\/wordpress\/plugins\/seo\/ -->\n<title>Derek Carr: un retour sur les terrains en 2026? - The Playoffs FR<\/title>\n<meta name=\"description\" content=\"L&#039;ancien quarterback des Las Vegas Raiders et des New Orleans Saints, Derek Carr, va-t-il sortir de sa retraite avant la saison 2026?\" \/>\n<meta name=\"robots\" content=\"index, follow, max-snippet:-1, max-image-preview:large, max-video-preview:-1\" \/>\n<link rel=\"canonical\" href=\"https:\/\/theplayoffs.news\/fr\/actualite-nfl\/derek-carr-retour-nfl-2026-cotes\/\" \/>\n<meta property=\"og:locale\" content=\"fr_FR\" \/>\n<meta property=\"og:type\" content=\"article\" \/>\n<meta property=\"og:title\" content=\"Derek Carr: un retour sur les terrains en 2026? - The Playoffs FR\" \/>\n<meta property=\"og:description\" content=\"L&#039;ancien quarterback des Las Vegas Raiders et des New Orleans Saints, Derek Carr, va-t-il sortir de sa retraite avant la saison 2026?\" \/>\n<meta property=\"og:url\" content=\"https:\/\/theplayoffs.news\/fr\/actualite-nfl\/derek-carr-retour-nfl-2026-cotes\/\" \/>\n<meta property=\"og:site_name\" content=\"The Playoffs FR\" \/>\n<meta property=\"article:publisher\" content=\"https:\/\/www.facebook.com\/TheFreeAgentFR\/\" \/>\n<meta property=\"article:modified_time\" content=\"2026-02-23T14:15:45+01:00\" \/>\n<meta property=\"og:image\" content=\"https:\/\/theplayoffs.news\/fr\/wp-content\/uploads\/2026\/02\/USATSI_24946629.jpg\" \/>\n\t<meta property=\"og:image:width\" content=\"1920\" \/>\n\t<meta property=\"og:image:height\" content=\"1280\" \/>\n\t<meta property=\"og:image:type\" content=\"image\/jpeg\" \/>\n<meta name=\"author\" content=\"Flavien Jumeau\" \/>\n<meta name=\"twitter:card\" content=\"summary_large_image\" \/>\n<meta name=\"twitter:creator\" content=\"@TheFreeAgentFR\" \/>\n<meta name=\"twitter:site\" content=\"@TheFreeAgentFR\" \/>\n<meta name=\"twitter:label1\" content=\"\u00c9crit par\" \/>\n\t<meta name=\"twitter:data1\" content=\"Flavien Jumeau\" \/>\n\t<meta name=\"twitter:label2\" content=\"Dur\u00e9e de lecture estim\u00e9e\" \/>\n\t<meta name=\"twitter:data2\" content=\"4 minutes\" \/>\n<script type=\"application\/ld+json\" class=\"yoast-schema-graph\">{\"@context\":\"https:\/\/schema.org\",\"@graph\":[{\"@type\":\"WebPage\",\"@id\":\"https:\/\/theplayoffs.news\/fr\/actualite-nfl\/derek-carr-retour-nfl-2026-cotes\/\",\"url\":\"https:\/\/theplayoffs.news\/fr\/actualite-nfl\/derek-carr-retour-nfl-2026-cotes\/\",\"name\":\"Derek Carr: un retour sur les terrains en 2026? - The Playoffs FR\",\"isPartOf\":{\"@id\":\"https:\/\/theplayoffs.news\/fr\/#website\"},\"primaryImageOfPage\":{\"@id\":\"https:\/\/theplayoffs.news\/fr\/actualite-nfl\/derek-carr-retour-nfl-2026-cotes\/#primaryimage\"},\"image\":{\"@id\":\"https:\/\/theplayoffs.news\/fr\/actualite-nfl\/derek-carr-retour-nfl-2026-cotes\/#primaryimage\"},\"thumbnailUrl\":\"https:\/\/theplayoffs.news\/fr\/wp-content\/uploads\/2026\/02\/USATSI_24946629.jpg\",\"datePublished\":\"2026-02-23T12:26:00+00:00\",\"dateModified\":\"2026-02-23T13:15:45+00:00\",\"author\":{\"@id\":\"https:\/\/theplayoffs.news\/fr\/#\/schema\/person\/def63bc6746dc5957469b75feb99e66d\"},\"description\":\"L\\\\'ancien quarterback des Las Vegas Raiders et des New Orleans Saints, Derek Carr, va-t-il sortir de sa retraite avant la saison 2026?\",\"breadcrumb\":{\"@id\":\"https:\/\/theplayoffs.news\/fr\/actualite-nfl\/derek-carr-retour-nfl-2026-cotes\/#breadcrumb\"},\"inLanguage\":\"fr-FR\",\"potentialAction\":[{\"@type\":\"ReadAction\",\"target\":[\"https:\/\/theplayoffs.news\/fr\/actualite-nfl\/derek-carr-retour-nfl-2026-cotes\/\"]}]},{\"@type\":\"ImageObject\",\"inLanguage\":\"fr-FR\",\"@id\":\"https:\/\/theplayoffs.news\/fr\/actualite-nfl\/derek-carr-retour-nfl-2026-cotes\/#primaryimage\",\"url\":\"https:\/\/theplayoffs.news\/fr\/wp-content\/uploads\/2026\/02\/USATSI_24946629.jpg\",\"contentUrl\":\"https:\/\/theplayoffs.news\/fr\/wp-content\/uploads\/2026\/02\/USATSI_24946629.jpg\",\"width\":1920,\"height\":1280,\"caption\":\"Dec 8, 2024; East Rutherford, New Jersey, USA; New Orleans Saints quarterback Derek Carr (4) drops back to pass against the New York Giants during the first quarter at MetLife Stadium. Mandatory Credit: Brad Penner-Imagn Images\"},{\"@type\":\"BreadcrumbList\",\"@id\":\"https:\/\/theplayoffs.news\/fr\/actualite-nfl\/derek-carr-retour-nfl-2026-cotes\/#breadcrumb\",\"itemListElement\":[{\"@type\":\"ListItem\",\"position\":1,\"name\":\"Accueil\",\"item\":\"https:\/\/theplayoffs.news\/fr\/\"},{\"@type\":\"ListItem\",\"position\":2,\"name\":\"Derek Carr: un retour sur les terrains en 2026?\"}]},{\"@type\":\"WebSite\",\"@id\":\"https:\/\/theplayoffs.news\/fr\/#website\",\"url\":\"https:\/\/theplayoffs.news\/fr\/\",\"name\":\"The Playoffs FR\",\"description\":\"NBA-NFL-NHL-MLB\",\"potentialAction\":[{\"@type\":\"SearchAction\",\"target\":{\"@type\":\"EntryPoint\",\"urlTemplate\":\"https:\/\/theplayoffs.news\/fr\/?s={search_term_string}\"},\"query-input\":{\"@type\":\"PropertyValueSpecification\",\"valueRequired\":true,\"valueName\":\"search_term_string\"}}],\"inLanguage\":\"fr-FR\"},{\"@type\":\"Person\",\"@id\":\"https:\/\/theplayoffs.news\/fr\/#\/schema\/person\/def63bc6746dc5957469b75feb99e66d\",\"name\":\"Flavien Jumeau\",\"image\":{\"@type\":\"ImageObject\",\"inLanguage\":\"fr-FR\",\"@id\":\"https:\/\/theplayoffs.news\/fr\/#\/schema\/person\/image\/\",\"url\":\"https:\/\/secure.gravatar.com\/avatar\/e7fa8ba5a4b7e4ce35fe152f083f352db28ad0acce692004ed88a7a7d78893f7?s=96&d=mm&r=g\",\"contentUrl\":\"https:\/\/secure.gravatar.com\/avatar\/e7fa8ba5a4b7e4ce35fe152f083f352db28ad0acce692004ed88a7a7d78893f7?s=96&d=mm&r=g\",\"caption\":\"Flavien Jumeau\"},\"description\":\"Amoureux du sport (et de vraiment tous les sports) depuis mon plus jeune \u00e2ge, j\u2019ai longtemps h\u00e9site entre le snooker et le curling. Finalement c\u2019est le foot US que j\u2019ai d\u00e9cid\u00e9 de choisir! Responsable foot US sur TPO et animateur du podcast Tailgate j\u2019ai pour mission de vous faire d\u00e9couvrir ce sport passionnant si ce n\u2019est pas encore fait et de vous donner les derni\u00e8res actus. Le tout dans la bonne humeur et avec toujours un jeu de mots ou deux savamment distill\u00e9s! Fan des Saints, pour moi Drew Brees est le vrai GOAT!\",\"url\":\"https:\/\/theplayoffs.news\/fr\/author\/flavien-jumeaugmail-com\/\"}]}<\/script>\n<!-- \/ Yoast SEO plugin. -->","yoast_head_json":{"title":"Derek Carr: un retour sur les terrains en 2026? - The Playoffs FR","description":"L&#039;ancien quarterback des Las Vegas Raiders et des New Orleans Saints, Derek Carr, va-t-il sortir de sa retraite avant la saison 2026?","robots":{"index":"index","follow":"follow","max-snippet":"max-snippet:-1","max-image-preview":"max-image-preview:large","max-video-preview":"max-video-preview:-1"},"canonical":"https:\/\/theplayoffs.news\/fr\/actualite-nfl\/derek-carr-retour-nfl-2026-cotes\/","og_locale":"fr_FR","og_type":"article","og_title":"Derek Carr: un retour sur les terrains en 2026? - The Playoffs FR","og_description":"L&#039;ancien quarterback des Las Vegas Raiders et des New Orleans Saints, Derek Carr, va-t-il sortir de sa retraite avant la saison 2026?","og_url":"https:\/\/theplayoffs.news\/fr\/actualite-nfl\/derek-carr-retour-nfl-2026-cotes\/","og_site_name":"The Playoffs FR","article_publisher":"https:\/\/www.facebook.com\/TheFreeAgentFR\/","article_modified_time":"2026-02-23T13:15:45+00:00","og_image":[{"width":1920,"height":1280,"url":"https:\/\/theplayoffs.news\/fr\/wp-content\/uploads\/2026\/02\/USATSI_24946629.jpg","type":"image\/jpeg"}],"author":"Flavien Jumeau","twitter_card":"summary_large_image","twitter_creator":"@TheFreeAgentFR","twitter_site":"@TheFreeAgentFR","twitter_misc":{"\u00c9crit par":"Flavien Jumeau","Dur\u00e9e de lecture estim\u00e9e":"4 minutes"},"schema":{"@context":"https:\/\/schema.org","@graph":[{"@type":"WebPage","@id":"https:\/\/theplayoffs.news\/fr\/actualite-nfl\/derek-carr-retour-nfl-2026-cotes\/","url":"https:\/\/theplayoffs.news\/fr\/actualite-nfl\/derek-carr-retour-nfl-2026-cotes\/","name":"Derek Carr: un retour sur les terrains en 2026? - The Playoffs FR","isPartOf":{"@id":"https:\/\/theplayoffs.news\/fr\/#website"},"primaryImageOfPage":{"@id":"https:\/\/theplayoffs.news\/fr\/actualite-nfl\/derek-carr-retour-nfl-2026-cotes\/#primaryimage"},"image":{"@id":"https:\/\/theplayoffs.news\/fr\/actualite-nfl\/derek-carr-retour-nfl-2026-cotes\/#primaryimage"},"thumbnailUrl":"https:\/\/theplayoffs.news\/fr\/wp-content\/uploads\/2026\/02\/USATSI_24946629.jpg","datePublished":"2026-02-23T12:26:00+00:00","dateModified":"2026-02-23T13:15:45+00:00","author":{"@id":"https:\/\/theplayoffs.news\/fr\/#\/schema\/person\/def63bc6746dc5957469b75feb99e66d"},"description":"L\\'ancien quarterback des Las Vegas Raiders et des New Orleans Saints, Derek Carr, va-t-il sortir de sa retraite avant la saison 2026?","breadcrumb":{"@id":"https:\/\/theplayoffs.news\/fr\/actualite-nfl\/derek-carr-retour-nfl-2026-cotes\/#breadcrumb"},"inLanguage":"fr-FR","potentialAction":[{"@type":"ReadAction","target":["https:\/\/theplayoffs.news\/fr\/actualite-nfl\/derek-carr-retour-nfl-2026-cotes\/"]}]},{"@type":"ImageObject","inLanguage":"fr-FR","@id":"https:\/\/theplayoffs.news\/fr\/actualite-nfl\/derek-carr-retour-nfl-2026-cotes\/#primaryimage","url":"https:\/\/theplayoffs.news\/fr\/wp-content\/uploads\/2026\/02\/USATSI_24946629.jpg","contentUrl":"https:\/\/theplayoffs.news\/fr\/wp-content\/uploads\/2026\/02\/USATSI_24946629.jpg","width":1920,"height":1280,"caption":"Dec 8, 2024; East Rutherford, New Jersey, USA; New Orleans Saints quarterback Derek Carr (4) drops back to pass against the New York Giants during the first quarter at MetLife Stadium. Mandatory Credit: Brad Penner-Imagn Images"},{"@type":"BreadcrumbList","@id":"https:\/\/theplayoffs.news\/fr\/actualite-nfl\/derek-carr-retour-nfl-2026-cotes\/#breadcrumb","itemListElement":[{"@type":"ListItem","position":1,"name":"Accueil","item":"https:\/\/theplayoffs.news\/fr\/"},{"@type":"ListItem","position":2,"name":"Derek Carr: un retour sur les terrains en 2026?"}]},{"@type":"WebSite","@id":"https:\/\/theplayoffs.news\/fr\/#website","url":"https:\/\/theplayoffs.news\/fr\/","name":"The Playoffs FR","description":"NBA-NFL-NHL-MLB","potentialAction":[{"@type":"SearchAction","target":{"@type":"EntryPoint","urlTemplate":"https:\/\/theplayoffs.news\/fr\/?s={search_term_string}"},"query-input":{"@type":"PropertyValueSpecification","valueRequired":true,"valueName":"search_term_string"}}],"inLanguage":"fr-FR"},{"@type":"Person","@id":"https:\/\/theplayoffs.news\/fr\/#\/schema\/person\/def63bc6746dc5957469b75feb99e66d","name":"Flavien Jumeau","image":{"@type":"ImageObject","inLanguage":"fr-FR","@id":"https:\/\/theplayoffs.news\/fr\/#\/schema\/person\/image\/","url":"https:\/\/secure.gravatar.com\/avatar\/e7fa8ba5a4b7e4ce35fe152f083f352db28ad0acce692004ed88a7a7d78893f7?s=96&d=mm&r=g","contentUrl":"https:\/\/secure.gravatar.com\/avatar\/e7fa8ba5a4b7e4ce35fe152f083f352db28ad0acce692004ed88a7a7d78893f7?s=96&d=mm&r=g","caption":"Flavien Jumeau"},"description":"Amoureux du sport (et de vraiment tous les sports) depuis mon plus jeune \u00e2ge, j\u2019ai longtemps h\u00e9site entre le snooker et le curling. Finalement c\u2019est le foot US que j\u2019ai d\u00e9cid\u00e9 de choisir! Responsable foot US sur TPO et animateur du podcast Tailgate j\u2019ai pour mission de vous faire d\u00e9couvrir ce sport passionnant si ce n\u2019est pas encore fait et de vous donner les derni\u00e8res actus. Le tout dans la bonne humeur et avec toujours un jeu de mots ou deux savamment distill\u00e9s! Fan des Saints, pour moi Drew Brees est le vrai GOAT!","url":"https:\/\/theplayoffs.news\/fr\/author\/flavien-jumeaugmail-com\/"}]}},"_links":{"self":[{"href":"https:\/\/theplayoffs.news\/fr\/wp-json\/wp\/v2\/posts\/1511741","targetHints":{"allow":["GET"]}}],"collection":[{"href":"https:\/\/theplayoffs.news\/fr\/wp-json\/wp\/v2\/posts"}],"about":[{"href":"https:\/\/theplayoffs.news\/fr\/wp-json\/wp\/v2\/types\/post"}],"author":[{"embeddable":true,"href":"https:\/\/theplayoffs.news\/fr\/wp-json\/wp\/v2\/users\/180309964"}],"replies":[{"embeddable":true,"href":"https:\/\/theplayoffs.news\/fr\/wp-json\/wp\/v2\/comments?post=1511741"}],"version-history":[{"count":1,"href":"https:\/\/theplayoffs.news\/fr\/wp-json\/wp\/v2\/posts\/1511741\/revisions"}],"predecessor-version":[{"id":1511745,"href":"https:\/\/theplayoffs.news\/fr\/wp-json\/wp\/v2\/posts\/1511741\/revisions\/1511745"}],"wp:featuredmedia":[{"embeddable":true,"href":"https:\/\/theplayoffs.news\/fr\/wp-json\/wp\/v2\/media\/1511744"}],"wp:attachment":[{"href":"https:\/\/theplayoffs.news\/fr\/wp-json\/wp\/v2\/media?parent=1511741"}],"wp:term":[{"taxonomy":"category","embeddable":true,"href":"https:\/\/theplayoffs.news\/fr\/wp-json\/wp\/v2\/categories?post=1511741"},{"taxonomy":"post_tag","embeddable":true,"href":"https:\/\/theplayoffs.news\/fr\/wp-json\/wp\/v2\/tags?post=1511741"},{"taxonomy":"sport","embeddable":true,"href":"https:\/\/theplayoffs.news\/fr\/wp-json\/wp\/v2\/sport?post=1511741"},{"taxonomy":"saison","embeddable":true,"href":"https:\/\/theplayoffs.news\/fr\/wp-json\/wp\/v2\/saison?post=1511741"}],"curies":[{"name":"wp","href":"https:\/\/api.w.org\/{rel}","templated":true}]}}