{"id":1511717,"date":"2026-02-22T10:39:22","date_gmt":"2026-02-22T09:39:22","guid":{"rendered":"https:\/\/theplayoffs.news\/fr\/uncategorized\/\/"},"modified":"2026-02-22T10:39:28","modified_gmt":"2026-02-22T09:39:28","slug":"kenneth-walker-iii-destination-2026","status":"publish","type":"post","link":"https:\/\/theplayoffs.news\/fr\/actualite-nfl\/kenneth-walker-iii-destination-2026\/","title":{"rendered":"Kenneth Walker III: Un MVP du Super Bowl bient\u00f4t sur le march\u00e9?"},"content":{"rendered":"<p>Le 8 f&eacute;vrier 2026 restera grav&eacute; dans l&rsquo;histoire de la NFL. En terrassant les Patriots sur le score de 29 &agrave; 13, les Seattle Seahawks ont d&eacute;croch&eacute; leur deuxi&egrave;me titre de <a href=\"https:\/\/theplayoffs.news\/fr\/actualite-nfl\/podcast-nfl-debriefing-super-bowl-lx-les-seahawks-sont-champions\/\" class=\"trk-cta-link\" data-cta-trk='{\"ctaType\":\"Link\",\"ctaSubType\":\"main\"}'>vainqueur du Super Bowl<\/a>, port&eacute;s par un Kenneth Walker III &eacute;tincelant. Premier running back sacr&eacute; MVP du Super Bowl depuis Terrell Davis en 1998, Walker a prouv&eacute; qu&rsquo;il &eacute;tait un moteur capable de porter une franchise sur ses &eacute;paules. Pourtant, &agrave; peine les confettis ramass&eacute;s, une question br&ucirc;le les l&egrave;vres des observateurs: o&ugrave; jouera-t-il la saison prochaine?<\/p><h2 class=\"wp-block-heading\">Une saison historique et un dilemme financier<\/h2><p><a href=\"https:\/\/www.pro-football-reference.com\/players\/W\/WalkKe00.htm\" class=\"trk-cta-link\" data-cta-trk='{\"ctaType\":\"Link\",\"ctaSubType\":\"main\"}'>Kenneth Walker III<\/a> sort de sa campagne la plus aboutie, ayant disput&eacute; pour la premi&egrave;re fois l&rsquo;int&eacute;gralit&eacute; des 17 matchs de saison r&eacute;guli&egrave;re. Durant cette p&eacute;riode, il a franchi la barre symbolique des 1 000 yards au sol avec une moyenne solide de 4,6 yards par port&eacute;e. Mais c&rsquo;est v&eacute;ritablement lors des phases finales qu&rsquo;il a chang&eacute; de dimension. Apr&egrave;s avoir martyris&eacute; les 49ers et les Rams, il a conclu son &eacute;pop&eacute;e par une performance de titan au Super Bowl LX en accumulant 135 yards &agrave; la course. Son bilan en quatre saisons &agrave; Seattle est vertigineux avec 3 555 yards au sol pour 29 touchdowns, auxquels s&rsquo;ajoutent plus de 1 000 yards gagn&eacute;s dans les airs.<\/p><figure class=\"wp-block-image size-large\"><img loading=\"lazy\" decoding=\"async\" width=\"1200\" height=\"800\" src=\"https:\/\/theplayoffs.news\/fr\/wp-content\/uploads\/2026\/02\/USATSI_28206719-1200x800.jpg\" alt=\"\" class=\"wp-image-1511719\" srcset=\"https:\/\/theplayoffs.news\/fr\/wp-content\/uploads\/2026\/02\/USATSI_28206719-1200x800.jpg 1200w, https:\/\/theplayoffs.news\/fr\/wp-content\/uploads\/2026\/02\/USATSI_28206719-600x400.jpg 600w, https:\/\/theplayoffs.news\/fr\/wp-content\/uploads\/2026\/02\/USATSI_28206719-768x512.jpg 768w, https:\/\/theplayoffs.news\/fr\/wp-content\/uploads\/2026\/02\/USATSI_28206719-1536x1024.jpg 1536w, https:\/\/theplayoffs.news\/fr\/wp-content\/uploads\/2026\/02\/USATSI_28206719-1320x880.jpg 1320w, https:\/\/theplayoffs.news\/fr\/wp-content\/uploads\/2026\/02\/USATSI_28206719.jpg 1920w\" sizes=\"auto, (max-width: 1200px) 100vw, 1200px\" \/><figcaption class=\"wp-element-caption\">Mandatory Credit: Darren Yamashita-Imagn Images<\/figcaption><\/figure><p>Malgr&eacute; ce statut, Seattle se retrouve face &agrave; un mur financier. Le franchise tag pour un running back en 2026 est estim&eacute; &agrave; 14,5 millions de dollars, un montant que le manager g&eacute;n&eacute;ral John Schneider rechigne &agrave; investir sur cette position. Parall&egrave;lement, la franchise doit imp&eacute;rativement prolonger d&rsquo;autres piliers et non des moindres comme Jaxon Smith-Njigba. Pour Walker, l&rsquo;envie de tester le march&eacute; afin de d&eacute;crocher un contrat &agrave; long terme, estim&eacute; entre 12 et 14 millions annuels, pourrait donc l&rsquo;&eacute;loigner d&eacute;finitivement de l&rsquo;&eacute;tat de Washington.<\/p><h2 class=\"wp-block-heading\">Kenneth Walker III: quelle destination pour 2026?<\/h2><p>Bien que la continuit&eacute; &agrave; Seattle reste l&rsquo;option la plus logique sur le papier, surtout apr&egrave;s la blessure de Zach Charbonnet qui laisse un vide dans le backfield, plusieurs concurrents sont pr&ecirc;ts &agrave; sortir le carnet de ch&egrave;ques. Les Houston Texans apparaissent comme les favoris en cas de d&eacute;part; ils cherchent d&eacute;sesp&eacute;r&eacute;ment un rempla&ccedil;ant d&rsquo;&eacute;lite &agrave; Joe Mixon et poss&egrave;dent l&rsquo;espace salarial n&eacute;cessaire pour &eacute;pauler C.J. Stroud avec un coureur de ce calibre.<\/p><p>Du c&ocirc;t&eacute; du Colorado, Sean Payton pourrait voir en Walker le profil polyvalent id&eacute;al pour dynamiser l&rsquo;attaque des Denver Broncos. Les Los Angeles Chargers sont &eacute;galement &agrave; surveiller de pr&egrave;s puisque l&rsquo;arriv&eacute;e de Mike McDaniel comme coordinateur offensif sugg&egrave;re une utilisation accrue de la vitesse au sol, rappelant ses sch&eacute;mas parfois victorieux &agrave; Miami. Enfin, les Chicago Bears pourraient cr&eacute;er la surprise s&rsquo;ils d&eacute;cident de se s&eacute;parer de leurs v&eacute;t&eacute;rans pour entourer Caleb Williams d&rsquo;une arme fatale. De nombreux candidats donc pour accueillir ce joueur de talent. <\/p><div class=\"related-slider related-slider--loading\">\n    <div class=\"related-slider__header\">\n        <div class=\"related-slider__header__title\">Tous nos pronostics &#128071;&#127995;<\/div>\n        <div class=\"related-slider__header__buttons\">\n            <div class=\"swiper-button-prev\"><\/div>\n            <div class=\"swiper-button-next\"><\/div>\n        <\/div>\n    <\/div>\n    <div class=\"swiper-container\">\n        <div class=\"swiper-wrapper\">\n                            <div class=\"swiper-slide\">\n                    <a class=\"related-slider-card  trk-cta-img\" href=\"https:\/\/theplayoffs.news\/fr\/foot\/aston-villa-vs-arsenal-pronostic-et-cotes-premier-league-31-08-2026\/\" title=\"Aston Villa vs Arsenal : Pronostic et Cotes, Premier League, 31\/08\/2026\" data-cta-trk='{\"ctaType\":\"Image\",\"ctaSubType\":\"main\"}'>\n    <div class=\"related-slider-card__image\">\n        <img loading=\"lazy\" decoding=\"async\" width=\"600\" height=\"314\" src=\"https:\/\/theplayoffs.news\/fr\/wp-content\/uploads\/2026\/08\/aston-villa-x-arsenal-600x314.jpg\" class=\"attachment-medium size-medium wp-post-image\" alt=\"Aston Villa vs Arsenal\" srcset=\"https:\/\/theplayoffs.news\/fr\/wp-content\/uploads\/2026\/08\/aston-villa-x-arsenal-600x314.jpg 600w, https:\/\/theplayoffs.news\/fr\/wp-content\/uploads\/2026\/08\/aston-villa-x-arsenal-768x402.jpg 768w, https:\/\/theplayoffs.news\/fr\/wp-content\/uploads\/2026\/08\/aston-villa-x-arsenal.jpg 1200w\" sizes=\"auto, (max-width: 600px) 100vw, 600px\">\n                            <\/div>\n    <div class=\"related-slider-card__content\">\n        <div class=\"related-slider-card__content__tags\">\n                            <div class=\"related-slider-card__content__tags__category\">\n                    Football\n                <\/div>\n                        <div class=\"related-slider-card__content__tags__date\" data-dynamic-date=\"2026-08-29T21:00:00+02:00\">\n                29 ao&ucirc;t 2026\n            <\/div>\n        <\/div>\n        <div class=\"related-slider-card__content__title\">\n            Aston Villa vs Arsenal : Pronostic et Cotes, Premier League, 31\/08\/2026\n        <\/div>\n                    <div class=\"related-slider-card__content__read-more\">\n                Voir plus\n                <i>\n                    <svg width=\"17\" height=\"15\" viewbox=\"0 0 17 15\" fill=\"none\" xmlns=\"http:\/\/www.w3.org\/2000\/svg\">\n<path d=\"M1 6.5C0.447715 6.5 0 6.94772 0 7.5C0 8.05228 0.447715 8.5 1 8.5V6.5ZM16.7071 8.20711C17.0976 7.81658 17.0976 7.18342 16.7071 6.79289L10.3431 0.428932C9.95262 0.0384078 9.31946 0.0384078 8.92893 0.428932C8.53841 0.819457 8.53841 1.45262 8.92893 1.84315L14.5858 7.5L8.92893 13.1569C8.53841 13.5474 8.53841 14.1805 8.92893 14.5711C9.31946 14.9616 9.95262 14.9616 10.3431 14.5711L16.7071 8.20711ZM1 7.5V8.5H8.5V7.5V6.5H1V7.5ZM8.5 7.5V8.5H16V7.5V6.5H8.5V7.5Z\" fill=\"white\"><\/path>\n<\/svg>\n\n                <\/i>\n            <\/div>\n            <\/div>\n<\/a>\n\n                <\/div>\n                            <div class=\"swiper-slide\">\n                    <a class=\"related-slider-card  trk-cta-img\" href=\"https:\/\/theplayoffs.news\/fr\/foot\/getafe-vs-racing-santander-pronostic-et-cotes-la-liga-23-08-2026\/\" title=\"Getafe vs Racing Santander : Pronostic et Cotes, La Liga, 23\/08\/2026\" data-cta-trk='{\"ctaType\":\"Image\",\"ctaSubType\":\"main\"}'>\n    <div class=\"related-slider-card__image\">\n        <img loading=\"lazy\" decoding=\"async\" width=\"600\" height=\"314\" src=\"https:\/\/theplayoffs.news\/fr\/wp-content\/uploads\/2026\/08\/getafe-x-racing-santander-600x314.jpg\" class=\"attachment-medium size-medium wp-post-image\" alt=\"Getafe vs Racing Santander\" srcset=\"https:\/\/theplayoffs.news\/fr\/wp-content\/uploads\/2026\/08\/getafe-x-racing-santander-600x314.jpg 600w, https:\/\/theplayoffs.news\/fr\/wp-content\/uploads\/2026\/08\/getafe-x-racing-santander-768x402.jpg 768w, https:\/\/theplayoffs.news\/fr\/wp-content\/uploads\/2026\/08\/getafe-x-racing-santander.jpg 1200w\" sizes=\"auto, (max-width: 600px) 100vw, 600px\">\n                            <\/div>\n    <div class=\"related-slider-card__content\">\n        <div class=\"related-slider-card__content__tags\">\n                            <div class=\"related-slider-card__content__tags__category\">\n                    Football\n                <\/div>\n                        <div class=\"related-slider-card__content__tags__date\" data-dynamic-date=\"2026-08-21T19:30:00+02:00\">\n                21 ao&ucirc;t 2026\n            <\/div>\n        <\/div>\n        <div class=\"related-slider-card__content__title\">\n            Getafe vs Racing Santander : Pronostic et Cotes, La Liga, 23\/08\/2026\n        <\/div>\n                    <div class=\"related-slider-card__content__read-more\">\n                Voir plus\n                <i>\n                    <svg width=\"17\" height=\"15\" viewbox=\"0 0 17 15\" fill=\"none\" xmlns=\"http:\/\/www.w3.org\/2000\/svg\">\n<path d=\"M1 6.5C0.447715 6.5 0 6.94772 0 7.5C0 8.05228 0.447715 8.5 1 8.5V6.5ZM16.7071 8.20711C17.0976 7.81658 17.0976 7.18342 16.7071 6.79289L10.3431 0.428932C9.95262 0.0384078 9.31946 0.0384078 8.92893 0.428932C8.53841 0.819457 8.53841 1.45262 8.92893 1.84315L14.5858 7.5L8.92893 13.1569C8.53841 13.5474 8.53841 14.1805 8.92893 14.5711C9.31946 14.9616 9.95262 14.9616 10.3431 14.5711L16.7071 8.20711ZM1 7.5V8.5H8.5V7.5V6.5H1V7.5ZM8.5 7.5V8.5H16V7.5V6.5H8.5V7.5Z\" fill=\"white\"><\/path>\n<\/svg>\n\n                <\/i>\n            <\/div>\n            <\/div>\n<\/a>\n\n                <\/div>\n                            <div class=\"swiper-slide\">\n                    <a class=\"related-slider-card  trk-cta-img\" href=\"https:\/\/theplayoffs.news\/fr\/foot\/newcastle-united-vs-liverpool-pronostic-et-cotes-premier-league-23-08-2026\/\" title=\"Newcastle United vs Liverpool : Pronostic et Cotes, Premier League, 23\/08\/2026\" data-cta-trk='{\"ctaType\":\"Image\",\"ctaSubType\":\"main\"}'>\n    <div class=\"related-slider-card__image\">\n        <img loading=\"lazy\" decoding=\"async\" width=\"600\" height=\"314\" src=\"https:\/\/theplayoffs.news\/fr\/wp-content\/uploads\/2026\/08\/newcastle-united-x-liverpool-600x314.jpg\" class=\"attachment-medium size-medium wp-post-image\" alt=\"Newcastle United vs Liverpool\" srcset=\"https:\/\/theplayoffs.news\/fr\/wp-content\/uploads\/2026\/08\/newcastle-united-x-liverpool-600x314.jpg 600w, https:\/\/theplayoffs.news\/fr\/wp-content\/uploads\/2026\/08\/newcastle-united-x-liverpool-768x402.jpg 768w, https:\/\/theplayoffs.news\/fr\/wp-content\/uploads\/2026\/08\/newcastle-united-x-liverpool.jpg 1200w\" sizes=\"auto, (max-width: 600px) 100vw, 600px\">\n                            <\/div>\n    <div class=\"related-slider-card__content\">\n        <div class=\"related-slider-card__content__tags\">\n                            <div class=\"related-slider-card__content__tags__category\">\n                    Football\n                <\/div>\n                        <div class=\"related-slider-card__content__tags__date\" data-dynamic-date=\"2026-08-21T17:30:00+02:00\">\n                21 ao&ucirc;t 2026\n            <\/div>\n        <\/div>\n        <div class=\"related-slider-card__content__title\">\n            Newcastle United vs Liverpool : Pronostic et Cotes, Premier League, 23\/08\/2026\n        <\/div>\n                    <div class=\"related-slider-card__content__read-more\">\n                Voir plus\n                <i>\n                    <svg width=\"17\" height=\"15\" viewbox=\"0 0 17 15\" fill=\"none\" xmlns=\"http:\/\/www.w3.org\/2000\/svg\">\n<path d=\"M1 6.5C0.447715 6.5 0 6.94772 0 7.5C0 8.05228 0.447715 8.5 1 8.5V6.5ZM16.7071 8.20711C17.0976 7.81658 17.0976 7.18342 16.7071 6.79289L10.3431 0.428932C9.95262 0.0384078 9.31946 0.0384078 8.92893 0.428932C8.53841 0.819457 8.53841 1.45262 8.92893 1.84315L14.5858 7.5L8.92893 13.1569C8.53841 13.5474 8.53841 14.1805 8.92893 14.5711C9.31946 14.9616 9.95262 14.9616 10.3431 14.5711L16.7071 8.20711ZM1 7.5V8.5H8.5V7.5V6.5H1V7.5ZM8.5 7.5V8.5H16V7.5V6.5H8.5V7.5Z\" fill=\"white\"><\/path>\n<\/svg>\n\n                <\/i>\n            <\/div>\n            <\/div>\n<\/a>\n\n                <\/div>\n                            <div class=\"swiper-slide\">\n                    <a class=\"related-slider-card  trk-cta-img\" href=\"https:\/\/theplayoffs.news\/fr\/foot\/le-havre-vs-monaco-pronostic-et-cotes-ligue-1-23-08-2026\/\" title=\"Le Havre vs Monaco : Pronostic et Cotes, Ligue 1, 23\/08\/2026\" data-cta-trk='{\"ctaType\":\"Image\",\"ctaSubType\":\"main\"}'>\n    <div class=\"related-slider-card__image\">\n        <img loading=\"lazy\" decoding=\"async\" width=\"600\" height=\"314\" src=\"https:\/\/theplayoffs.news\/fr\/wp-content\/uploads\/2026\/08\/le-havre-x-monaco-600x314.jpg\" class=\"attachment-medium size-medium wp-post-image\" alt=\"Le Havre vs Monaco\" srcset=\"https:\/\/theplayoffs.news\/fr\/wp-content\/uploads\/2026\/08\/le-havre-x-monaco-600x314.jpg 600w, https:\/\/theplayoffs.news\/fr\/wp-content\/uploads\/2026\/08\/le-havre-x-monaco-768x402.jpg 768w, https:\/\/theplayoffs.news\/fr\/wp-content\/uploads\/2026\/08\/le-havre-x-monaco.jpg 1200w\" sizes=\"auto, (max-width: 600px) 100vw, 600px\">\n                            <\/div>\n    <div class=\"related-slider-card__content\">\n        <div class=\"related-slider-card__content__tags\">\n                            <div class=\"related-slider-card__content__tags__category\">\n                    Football\n                <\/div>\n                        <div class=\"related-slider-card__content__tags__date\" data-dynamic-date=\"2026-08-21T17:15:00+02:00\">\n                21 ao&ucirc;t 2026\n            <\/div>\n        <\/div>\n        <div class=\"related-slider-card__content__title\">\n            Le Havre vs Monaco : Pronostic et Cotes, Ligue 1, 23\/08\/2026\n        <\/div>\n                    <div class=\"related-slider-card__content__read-more\">\n                Voir plus\n                <i>\n                    <svg width=\"17\" height=\"15\" viewbox=\"0 0 17 15\" fill=\"none\" xmlns=\"http:\/\/www.w3.org\/2000\/svg\">\n<path d=\"M1 6.5C0.447715 6.5 0 6.94772 0 7.5C0 8.05228 0.447715 8.5 1 8.5V6.5ZM16.7071 8.20711C17.0976 7.81658 17.0976 7.18342 16.7071 6.79289L10.3431 0.428932C9.95262 0.0384078 9.31946 0.0384078 8.92893 0.428932C8.53841 0.819457 8.53841 1.45262 8.92893 1.84315L14.5858 7.5L8.92893 13.1569C8.53841 13.5474 8.53841 14.1805 8.92893 14.5711C9.31946 14.9616 9.95262 14.9616 10.3431 14.5711L16.7071 8.20711ZM1 7.5V8.5H8.5V7.5V6.5H1V7.5ZM8.5 7.5V8.5H16V7.5V6.5H8.5V7.5Z\" fill=\"white\"><\/path>\n<\/svg>\n\n                <\/i>\n            <\/div>\n            <\/div>\n<\/a>\n\n                <\/div>\n                    <\/div>\n    <\/div>\n<\/div><h2 class=\"wp-block-heading\">L&rsquo;avis des bookmakers sur la destination de Kenneth Walker III<\/h2><p>Comme pour de nombreux sujets concernant les prolongations de contrat, les <a href=\"https:\/\/theplayoffs.news\/fr\/paris-sportifs\/meilleurs-sites-paris-sportifs\/\" class=\"trk-cta-link\" data-cta-trk='{\"ctaType\":\"Link\",\"ctaSubType\":\"main\"}'>bookmakers<\/a> se sont empar&eacute;s du sujet. Pour eux, Seattle tient encore la corde pour conserver Kenneth Walker III. Mais la lutte s&rsquo;annonce intense.<\/p><figure class=\"wp-block-table\"><table class=\"has-fixed-layout\"><thead><tr><td class=\"has-text-align-center\" data-align=\"center\"><strong>&Eacute;quipe<\/strong><\/td><td class=\"has-text-align-center\" data-align=\"center\"><strong>Cotes <\/strong><\/td><td class=\"has-text-align-center\" data-align=\"center\"><strong>Probabilit&eacute;s<\/strong><\/td><\/tr><\/thead><tbody><tr><td class=\"has-text-align-center\" data-align=\"center\"><strong>Seattle Seahawks<\/strong><\/td><td class=\"has-text-align-center\" data-align=\"center\">3.50<\/td><td class=\"has-text-align-center\" data-align=\"center\">28,6 %<\/td><\/tr><tr><td class=\"has-text-align-center\" data-align=\"center\"><strong>Houston Texans<\/strong><\/td><td class=\"has-text-align-center\" data-align=\"center\">7.00<\/td><td class=\"has-text-align-center\" data-align=\"center\">14,3 %<\/td><\/tr><tr><td class=\"has-text-align-center\" data-align=\"center\"><strong>Denver Broncos<\/strong><\/td><td class=\"has-text-align-center\" data-align=\"center\">9.00<\/td><td class=\"has-text-align-center\" data-align=\"center\">11,1 %<\/td><\/tr><tr><td class=\"has-text-align-center\" data-align=\"center\"><strong>Los Angeles Chargers<\/strong><\/td><td class=\"has-text-align-center\" data-align=\"center\">10.00<\/td><td class=\"has-text-align-center\" data-align=\"center\">10,0 %<\/td><\/tr><tr><td class=\"has-text-align-center\" data-align=\"center\"><strong>Chicago Bears<\/strong><\/td><td class=\"has-text-align-center\" data-align=\"center\">12.00<\/td><td class=\"has-text-align-center\" data-align=\"center\">8,3 %<\/td><\/tr><\/tbody><\/table><\/figure><p>Cr&eacute;dit photo: &copy; Mark J. Rebilas-Imagn Images<\/p>\n","protected":false},"excerpt":{"rendered":"<p>O\u00f9 Kenneth Walker jouera-t-il lors de la saison 2026?<\/p>\n","protected":false},"author":180309964,"featured_media":1511718,"comment_status":"closed","ping_status":"closed","sticky":false,"template":"","format":"standard","meta":{"inline_featured_image":false,"kia_subtitle":"O\u00f9 Kenneth Walker jouera-t-il lors de la saison 2026?","_mux_skip_reasons":[],"proofreadBy":0,"footnotes":""},"categories":[118,8410,40,8408],"tags":[2938,733],"sport":[2785],"saison":[7884],"class_list":["post-1511717","post","type-post","status-publish","format-standard","has-post-thumbnail","hentry","category-actualite-nfl","category-football-americain","category-nfl","category-sports","tag-kenneth-walker-iii","tag-seattle-seahawks","sport-nfl","saison-7884"],"acf":[],"yoast_head":"<!-- This site is optimized with the Yoast SEO plugin v24.2 - https:\/\/yoast.com\/wordpress\/plugins\/seo\/ -->\n<title>Kenneth Walker III: Un MVP du Super Bowl bient&ocirc;t sur le march&eacute;? - The Playoffs FR<\/title>\n<meta name=\"description\" content=\"Apr&egrave;s un triomphe lors du Super Bowl LX, l&#039;incertitude plane toujours sur la future destination de Kenneth Walker III\" \/>\n<meta name=\"robots\" content=\"index, follow, max-snippet:-1, max-image-preview:large, max-video-preview:-1\" \/>\n<link rel=\"canonical\" href=\"https:\/\/theplayoffs.news\/fr\/actualite-nfl\/kenneth-walker-iii-destination-2026\/\" \/>\n<meta property=\"og:locale\" content=\"fr_FR\" \/>\n<meta property=\"og:type\" content=\"article\" \/>\n<meta property=\"og:title\" content=\"Kenneth Walker III: Un MVP du Super Bowl bient&ocirc;t sur le march&eacute;? - The Playoffs FR\" \/>\n<meta property=\"og:description\" content=\"Apr&egrave;s un triomphe lors du Super Bowl LX, l&#039;incertitude plane toujours sur la future destination de Kenneth Walker III\" \/>\n<meta property=\"og:url\" content=\"https:\/\/theplayoffs.news\/fr\/actualite-nfl\/kenneth-walker-iii-destination-2026\/\" \/>\n<meta property=\"og:site_name\" content=\"The Playoffs FR\" \/>\n<meta property=\"article:publisher\" content=\"https:\/\/www.facebook.com\/TheFreeAgentFR\/\" \/>\n<meta property=\"article:modified_time\" content=\"2026-02-22T10:39:28+01:00\" \/>\n<meta property=\"og:image\" content=\"https:\/\/theplayoffs.news\/fr\/wp-content\/uploads\/2026\/02\/USATSI_28190914.jpg\" \/>\n\t<meta property=\"og:image:width\" content=\"1920\" \/>\n\t<meta property=\"og:image:height\" content=\"1280\" \/>\n\t<meta property=\"og:image:type\" content=\"image\/jpeg\" \/>\n<meta name=\"author\" content=\"Flavien Jumeau\" \/>\n<meta name=\"twitter:card\" content=\"summary_large_image\" \/>\n<meta name=\"twitter:creator\" content=\"@TheFreeAgentFR\" \/>\n<meta name=\"twitter:site\" content=\"@TheFreeAgentFR\" \/>\n<meta name=\"twitter:label1\" content=\"\u00c9crit par\" \/>\n\t<meta name=\"twitter:data1\" content=\"Flavien Jumeau\" \/>\n\t<meta name=\"twitter:label2\" content=\"Dur\u00e9e de lecture estim\u00e9e\" \/>\n\t<meta name=\"twitter:data2\" content=\"4 minutes\" \/>\n<script type=\"application\/ld+json\" class=\"yoast-schema-graph\">{\"@context\":\"https:\/\/schema.org\",\"@graph\":[{\"@type\":\"WebPage\",\"@id\":\"https:\/\/theplayoffs.news\/fr\/actualite-nfl\/kenneth-walker-iii-destination-2026\/\",\"url\":\"https:\/\/theplayoffs.news\/fr\/actualite-nfl\/kenneth-walker-iii-destination-2026\/\",\"name\":\"Kenneth Walker III: Un MVP du Super Bowl bient\u00f4t sur le march\u00e9? - The Playoffs FR\",\"isPartOf\":{\"@id\":\"https:\/\/theplayoffs.news\/fr\/#website\"},\"primaryImageOfPage\":{\"@id\":\"https:\/\/theplayoffs.news\/fr\/actualite-nfl\/kenneth-walker-iii-destination-2026\/#primaryimage\"},\"image\":{\"@id\":\"https:\/\/theplayoffs.news\/fr\/actualite-nfl\/kenneth-walker-iii-destination-2026\/#primaryimage\"},\"thumbnailUrl\":\"https:\/\/theplayoffs.news\/fr\/wp-content\/uploads\/2026\/02\/USATSI_28190914.jpg\",\"datePublished\":\"2026-02-22T09:39:22+00:00\",\"dateModified\":\"2026-02-22T09:39:28+00:00\",\"author\":{\"@id\":\"https:\/\/theplayoffs.news\/fr\/#\/schema\/person\/def63bc6746dc5957469b75feb99e66d\"},\"description\":\"Apr\u00e8s un triomphe lors du Super Bowl LX, l\\\\'incertitude plane toujours sur la future destination de Kenneth Walker III\",\"breadcrumb\":{\"@id\":\"https:\/\/theplayoffs.news\/fr\/actualite-nfl\/kenneth-walker-iii-destination-2026\/#breadcrumb\"},\"inLanguage\":\"fr-FR\",\"potentialAction\":[{\"@type\":\"ReadAction\",\"target\":[\"https:\/\/theplayoffs.news\/fr\/actualite-nfl\/kenneth-walker-iii-destination-2026\/\"]}]},{\"@type\":\"ImageObject\",\"inLanguage\":\"fr-FR\",\"@id\":\"https:\/\/theplayoffs.news\/fr\/actualite-nfl\/kenneth-walker-iii-destination-2026\/#primaryimage\",\"url\":\"https:\/\/theplayoffs.news\/fr\/wp-content\/uploads\/2026\/02\/USATSI_28190914.jpg\",\"contentUrl\":\"https:\/\/theplayoffs.news\/fr\/wp-content\/uploads\/2026\/02\/USATSI_28190914.jpg\",\"width\":1920,\"height\":1280,\"caption\":\"Feb 8, 2026; Santa Clara, CA, USA; Seattle Seahawks head coach Mike MacDonald and running back Kenneth Walker III (9) celebrate with the Vince Lombardi trophy after defeating the New England Patriots in Super Bowl LX at Levi\\\\'s Stadium. Mandatory Credit: Mark J. Rebilas-Imagn Images\"},{\"@type\":\"BreadcrumbList\",\"@id\":\"https:\/\/theplayoffs.news\/fr\/actualite-nfl\/kenneth-walker-iii-destination-2026\/#breadcrumb\",\"itemListElement\":[{\"@type\":\"ListItem\",\"position\":1,\"name\":\"Accueil\",\"item\":\"https:\/\/theplayoffs.news\/fr\/\"},{\"@type\":\"ListItem\",\"position\":2,\"name\":\"Kenneth Walker III: Un MVP du Super Bowl bient\u00f4t sur le march\u00e9?\"}]},{\"@type\":\"WebSite\",\"@id\":\"https:\/\/theplayoffs.news\/fr\/#website\",\"url\":\"https:\/\/theplayoffs.news\/fr\/\",\"name\":\"The Playoffs FR\",\"description\":\"NBA-NFL-NHL-MLB\",\"potentialAction\":[{\"@type\":\"SearchAction\",\"target\":{\"@type\":\"EntryPoint\",\"urlTemplate\":\"https:\/\/theplayoffs.news\/fr\/?s={search_term_string}\"},\"query-input\":{\"@type\":\"PropertyValueSpecification\",\"valueRequired\":true,\"valueName\":\"search_term_string\"}}],\"inLanguage\":\"fr-FR\"},{\"@type\":\"Person\",\"@id\":\"https:\/\/theplayoffs.news\/fr\/#\/schema\/person\/def63bc6746dc5957469b75feb99e66d\",\"name\":\"Flavien Jumeau\",\"image\":{\"@type\":\"ImageObject\",\"inLanguage\":\"fr-FR\",\"@id\":\"https:\/\/theplayoffs.news\/fr\/#\/schema\/person\/image\/\",\"url\":\"https:\/\/secure.gravatar.com\/avatar\/e7fa8ba5a4b7e4ce35fe152f083f352db28ad0acce692004ed88a7a7d78893f7?s=96&d=mm&r=g\",\"contentUrl\":\"https:\/\/secure.gravatar.com\/avatar\/e7fa8ba5a4b7e4ce35fe152f083f352db28ad0acce692004ed88a7a7d78893f7?s=96&d=mm&r=g\",\"caption\":\"Flavien Jumeau\"},\"description\":\"Amoureux du sport (et de vraiment tous les sports) depuis mon plus jeune \u00e2ge, j\u2019ai longtemps h\u00e9site entre le snooker et le curling. Finalement c\u2019est le foot US que j\u2019ai d\u00e9cid\u00e9 de choisir! Responsable foot US sur TPO et animateur du podcast Tailgate j\u2019ai pour mission de vous faire d\u00e9couvrir ce sport passionnant si ce n\u2019est pas encore fait et de vous donner les derni\u00e8res actus. Le tout dans la bonne humeur et avec toujours un jeu de mots ou deux savamment distill\u00e9s! Fan des Saints, pour moi Drew Brees est le vrai GOAT!\",\"url\":\"https:\/\/theplayoffs.news\/fr\/author\/flavien-jumeaugmail-com\/\"}]}<\/script>\n<!-- \/ Yoast SEO plugin. -->","yoast_head_json":{"title":"Kenneth Walker III: Un MVP du Super Bowl bient&ocirc;t sur le march&eacute;? - The Playoffs FR","description":"Apr&egrave;s un triomphe lors du Super Bowl LX, l&#039;incertitude plane toujours sur la future destination de Kenneth Walker III","robots":{"index":"index","follow":"follow","max-snippet":"max-snippet:-1","max-image-preview":"max-image-preview:large","max-video-preview":"max-video-preview:-1"},"canonical":"https:\/\/theplayoffs.news\/fr\/actualite-nfl\/kenneth-walker-iii-destination-2026\/","og_locale":"fr_FR","og_type":"article","og_title":"Kenneth Walker III: Un MVP du Super Bowl bient&ocirc;t sur le march&eacute;? - The Playoffs FR","og_description":"Apr&egrave;s un triomphe lors du Super Bowl LX, l&#039;incertitude plane toujours sur la future destination de Kenneth Walker III","og_url":"https:\/\/theplayoffs.news\/fr\/actualite-nfl\/kenneth-walker-iii-destination-2026\/","og_site_name":"The Playoffs FR","article_publisher":"https:\/\/www.facebook.com\/TheFreeAgentFR\/","article_modified_time":"2026-02-22T09:39:28+00:00","og_image":[{"width":1920,"height":1280,"url":"https:\/\/theplayoffs.news\/fr\/wp-content\/uploads\/2026\/02\/USATSI_28190914.jpg","type":"image\/jpeg"}],"author":"Flavien Jumeau","twitter_card":"summary_large_image","twitter_creator":"@TheFreeAgentFR","twitter_site":"@TheFreeAgentFR","twitter_misc":{"\u00c9crit par":"Flavien Jumeau","Dur\u00e9e de lecture estim\u00e9e":"4 minutes"},"schema":{"@context":"https:\/\/schema.org","@graph":[{"@type":"WebPage","@id":"https:\/\/theplayoffs.news\/fr\/actualite-nfl\/kenneth-walker-iii-destination-2026\/","url":"https:\/\/theplayoffs.news\/fr\/actualite-nfl\/kenneth-walker-iii-destination-2026\/","name":"Kenneth Walker III: Un MVP du Super Bowl bient\u00f4t sur le march\u00e9? - The Playoffs FR","isPartOf":{"@id":"https:\/\/theplayoffs.news\/fr\/#website"},"primaryImageOfPage":{"@id":"https:\/\/theplayoffs.news\/fr\/actualite-nfl\/kenneth-walker-iii-destination-2026\/#primaryimage"},"image":{"@id":"https:\/\/theplayoffs.news\/fr\/actualite-nfl\/kenneth-walker-iii-destination-2026\/#primaryimage"},"thumbnailUrl":"https:\/\/theplayoffs.news\/fr\/wp-content\/uploads\/2026\/02\/USATSI_28190914.jpg","datePublished":"2026-02-22T09:39:22+00:00","dateModified":"2026-02-22T09:39:28+00:00","author":{"@id":"https:\/\/theplayoffs.news\/fr\/#\/schema\/person\/def63bc6746dc5957469b75feb99e66d"},"description":"Apr\u00e8s un triomphe lors du Super Bowl LX, l\\'incertitude plane toujours sur la future destination de Kenneth Walker III","breadcrumb":{"@id":"https:\/\/theplayoffs.news\/fr\/actualite-nfl\/kenneth-walker-iii-destination-2026\/#breadcrumb"},"inLanguage":"fr-FR","potentialAction":[{"@type":"ReadAction","target":["https:\/\/theplayoffs.news\/fr\/actualite-nfl\/kenneth-walker-iii-destination-2026\/"]}]},{"@type":"ImageObject","inLanguage":"fr-FR","@id":"https:\/\/theplayoffs.news\/fr\/actualite-nfl\/kenneth-walker-iii-destination-2026\/#primaryimage","url":"https:\/\/theplayoffs.news\/fr\/wp-content\/uploads\/2026\/02\/USATSI_28190914.jpg","contentUrl":"https:\/\/theplayoffs.news\/fr\/wp-content\/uploads\/2026\/02\/USATSI_28190914.jpg","width":1920,"height":1280,"caption":"Feb 8, 2026; Santa Clara, CA, USA; Seattle Seahawks head coach Mike MacDonald and running back Kenneth Walker III (9) celebrate with the Vince Lombardi trophy after defeating the New England Patriots in Super Bowl LX at Levi\\'s Stadium. Mandatory Credit: Mark J. Rebilas-Imagn Images"},{"@type":"BreadcrumbList","@id":"https:\/\/theplayoffs.news\/fr\/actualite-nfl\/kenneth-walker-iii-destination-2026\/#breadcrumb","itemListElement":[{"@type":"ListItem","position":1,"name":"Accueil","item":"https:\/\/theplayoffs.news\/fr\/"},{"@type":"ListItem","position":2,"name":"Kenneth Walker III: Un MVP du Super Bowl bient\u00f4t sur le march\u00e9?"}]},{"@type":"WebSite","@id":"https:\/\/theplayoffs.news\/fr\/#website","url":"https:\/\/theplayoffs.news\/fr\/","name":"The Playoffs FR","description":"NBA-NFL-NHL-MLB","potentialAction":[{"@type":"SearchAction","target":{"@type":"EntryPoint","urlTemplate":"https:\/\/theplayoffs.news\/fr\/?s={search_term_string}"},"query-input":{"@type":"PropertyValueSpecification","valueRequired":true,"valueName":"search_term_string"}}],"inLanguage":"fr-FR"},{"@type":"Person","@id":"https:\/\/theplayoffs.news\/fr\/#\/schema\/person\/def63bc6746dc5957469b75feb99e66d","name":"Flavien Jumeau","image":{"@type":"ImageObject","inLanguage":"fr-FR","@id":"https:\/\/theplayoffs.news\/fr\/#\/schema\/person\/image\/","url":"https:\/\/secure.gravatar.com\/avatar\/e7fa8ba5a4b7e4ce35fe152f083f352db28ad0acce692004ed88a7a7d78893f7?s=96&d=mm&r=g","contentUrl":"https:\/\/secure.gravatar.com\/avatar\/e7fa8ba5a4b7e4ce35fe152f083f352db28ad0acce692004ed88a7a7d78893f7?s=96&d=mm&r=g","caption":"Flavien Jumeau"},"description":"Amoureux du sport (et de vraiment tous les sports) depuis mon plus jeune \u00e2ge, j\u2019ai longtemps h\u00e9site entre le snooker et le curling. Finalement c\u2019est le foot US que j\u2019ai d\u00e9cid\u00e9 de choisir! Responsable foot US sur TPO et animateur du podcast Tailgate j\u2019ai pour mission de vous faire d\u00e9couvrir ce sport passionnant si ce n\u2019est pas encore fait et de vous donner les derni\u00e8res actus. Le tout dans la bonne humeur et avec toujours un jeu de mots ou deux savamment distill\u00e9s! Fan des Saints, pour moi Drew Brees est le vrai GOAT!","url":"https:\/\/theplayoffs.news\/fr\/author\/flavien-jumeaugmail-com\/"}]}},"_links":{"self":[{"href":"https:\/\/theplayoffs.news\/fr\/wp-json\/wp\/v2\/posts\/1511717","targetHints":{"allow":["GET"]}}],"collection":[{"href":"https:\/\/theplayoffs.news\/fr\/wp-json\/wp\/v2\/posts"}],"about":[{"href":"https:\/\/theplayoffs.news\/fr\/wp-json\/wp\/v2\/types\/post"}],"author":[{"embeddable":true,"href":"https:\/\/theplayoffs.news\/fr\/wp-json\/wp\/v2\/users\/180309964"}],"replies":[{"embeddable":true,"href":"https:\/\/theplayoffs.news\/fr\/wp-json\/wp\/v2\/comments?post=1511717"}],"version-history":[{"count":1,"href":"https:\/\/theplayoffs.news\/fr\/wp-json\/wp\/v2\/posts\/1511717\/revisions"}],"predecessor-version":[{"id":1511720,"href":"https:\/\/theplayoffs.news\/fr\/wp-json\/wp\/v2\/posts\/1511717\/revisions\/1511720"}],"wp:featuredmedia":[{"embeddable":true,"href":"https:\/\/theplayoffs.news\/fr\/wp-json\/wp\/v2\/media\/1511718"}],"wp:attachment":[{"href":"https:\/\/theplayoffs.news\/fr\/wp-json\/wp\/v2\/media?parent=1511717"}],"wp:term":[{"taxonomy":"category","embeddable":true,"href":"https:\/\/theplayoffs.news\/fr\/wp-json\/wp\/v2\/categories?post=1511717"},{"taxonomy":"post_tag","embeddable":true,"href":"https:\/\/theplayoffs.news\/fr\/wp-json\/wp\/v2\/tags?post=1511717"},{"taxonomy":"sport","embeddable":true,"href":"https:\/\/theplayoffs.news\/fr\/wp-json\/wp\/v2\/sport?post=1511717"},{"taxonomy":"saison","embeddable":true,"href":"https:\/\/theplayoffs.news\/fr\/wp-json\/wp\/v2\/saison?post=1511717"}],"curies":[{"name":"wp","href":"https:\/\/api.w.org\/{rel}","templated":true}]}}