{"id":1508953,"date":"2025-12-08T14:20:00","date_gmt":"2025-12-08T13:20:00","guid":{"rendered":"https:\/\/theplayoffs.news\/fr\/uncategorized\/\/"},"modified":"2025-12-08T14:20:56","modified_gmt":"2025-12-08T13:20:56","slug":"indianapolis-colts-fin-conte-de-fee","status":"publish","type":"post","link":"https:\/\/theplayoffs.news\/fr\/actualite-nfl\/indianapolis-colts-fin-conte-de-fee\/","title":{"rendered":"Indianapolis Colts: la fin du conte de f\u00e9e?"},"content":{"rendered":"<p>Il &eacute;tait une fois, une franchise de l&rsquo;AFC Sud, les Indianapolis Colts, qui arrivaient dans cette saison 2025 sans faire de bruit. Avec une choix audacieux au niveau du poste de quarterback, en titularisant Daniel Jones, les Colts commencent &agrave; gagner. Jonathan Taylor prend feu, l&rsquo;attaque domine et les succ&egrave;s s&rsquo;encha&icirc;nent. Pendant quelques jours, les joueurs de l&rsquo;Indiana font partie des <a href=\"https:\/\/theplayoffs.news\/fr\/pronostics-nfl\/cotes-super-bowl-lx-quelle-equipe-est-favorite-pour-remporter-le-super-bowl-lx\/\" class=\"trk-cta-link\" data-cta-trk='{\"ctaType\":\"Link\",\"ctaSubType\":\"main\"}'>favoris pour aller au Super Bowl<\/a>. Mais malheureusement pour les Indianapolis Colts, le conte de f&eacute;e pourrait tr&egrave;s mal se terminer.<\/p><h2 class=\"wp-block-heading\">Indianapolis Colts, la mauvaise s&eacute;rie qui redonne espoir aux adversaires<\/h2><p>Pendant plusieurs semaines, les Indianapolis Colts vont tr&ocirc;ner sur le classement de leur division AFC Sud. A un tel point que l&rsquo;on se demande &agrave; mi-saison si les carottes ne sont pas d&eacute;j&agrave; cuites. Mais en NFL tout peut aller tr&egrave;s vite. Et cette saison 2025 des Colts est en train d&rsquo;en devenir la d&eacute;monstration parfaite.<\/p><p>Depuis d&eacute;but novembre, la tendance n&rsquo;est clairement plus favorable aux Indianapolis Colts. La franchise de l&rsquo;Indiana vient de perdre 4 de ses 5 derniers matchs alors qu&rsquo;elle n&rsquo;en avait perdu qu&rsquo;un seul sur ses huit premi&egrave;res sorties. Il faudra mettre au cr&eacute;dit des Colts que ces d&eacute;faites n&rsquo;ont pas lieu contre des &eacute;quipes &laquo;&nbsp;faciles&nbsp;&raquo; &agrave; battre. Les hommes de Shane Steichen ont c&eacute;d&eacute; face aux Steelers (leaders de l&rsquo;AFC Nord), face aux Texans et aux Jaguars (deux rivaux de division) et face aux Chiefs (vice-champion en titre).<\/p><p>Cependant, la dynamique s&rsquo;est clairement invers&eacute;e. D&rsquo;autant plus que les autres &eacute;quipes de leur division AFC Sud sont eux sur une dynamique positive. Les Jacksonville Jaguars sont sur une s&eacute;rie de 5 succ&egrave;s lors des 6 derniers matchs. Les Houston Texans ont eux remport&eacute; leurs 5 derni&egrave;res rencontres jou&eacute;es. Ce dimanche, apr&egrave;s une nouvelle d&eacute;faite face aux Jaguars, les Indianapolis Colts ont perdu la t&ecirc;te de leur division. Et peut-&ecirc;tre pour toujours!<\/p><h2 class=\"wp-block-heading\">Une qualification en playoffs compromise?<\/h2><p>Si le mauvais &eacute;tat de forme se limitait &agrave; des r&eacute;sultats n&eacute;gatifs, cela ne serait encore pas trop grave. Chaque &eacute;quipe peut faire face, au cours de la saison, &agrave; un passage &agrave; vide. Mais pour les Indianapolis Colts cela va bien au-del&agrave;. La ligne offensive peine &agrave; ouvrir des espaces &agrave; Jonathan Taylor qui ne r&eacute;alise plus d&rsquo;aussi bonnes performances qu&rsquo;en d&eacute;but de saison. Comble du malheur, les Colts ont perdu ce dimanche pour tout le reste de la saison leur quarterback Daniel Jones victime d&rsquo;une rupture du tendon d&rsquo;Achille. L&rsquo;avenir de la franchise est donc dans les mains de Riley Leonard, quarterback rookie s&eacute;lectionn&eacute; au 6e tour de la derni&egrave;re draft.<\/p><blockquote class=\"twitter-tweet\"><p lang=\"en\" dir=\"ltr\">Daniel Jones just blew out his Achilles on a non-contact injury.<br><br>The Colts just traded two first-round picks last month going all-in on Jones.<br><br>An absolute disaster scenario for Indianapolis, wow.<a href=\"https:\/\/t.co\/lcLweQMNSN\" class=\"trk-cta-link\" data-cta-trk='{\"ctaType\":\"Link\",\"ctaSubType\":\"main\"}'>pic.twitter.com\/lcLweQMNSN<\/a><\/p>&mdash; Evan Sidery (@esidery) <a href=\"https:\/\/twitter.com\/esidery\/status\/1997739192239993004?ref_src=twsrc%5Etfw\" class=\"trk-cta-link\" data-cta-trk='{\"ctaType\":\"Link\",\"ctaSubType\":\"main\"}'>December 7, 2025<\/a><\/blockquote><script async src=\"https:\/\/platform.twitter.com\/widgets.js\" charset=\"utf-8\"><\/script><p>Pour ne rien arranger &agrave; l&rsquo;affaire, les Indianapolis Colts vont devoir faire face &agrave; un calendrier bien charg&eacute; jusqu&rsquo;&agrave; la fin de saison. Les Colts se d&eacute;placeront &agrave; Seattle puis recevront San Francisco avant d&rsquo;accueillir les Jaguars et de finir &agrave; Houston. 4 matchs contre 4 &eacute;quipes en lutte pour les playoffs. Pas le meilleur des programmes pour une &eacute;quipe en manque de confiance qui vient de perdre son quarterback titulaire.<\/p><div class=\"related-slider related-slider--loading\">\n    <div class=\"related-slider__header\">\n        <div class=\"related-slider__header__title\">Tous nos pronostics &#128071;&#127995;<\/div>\n        <div class=\"related-slider__header__buttons\">\n            <div class=\"swiper-button-prev\"><\/div>\n            <div class=\"swiper-button-next\"><\/div>\n        <\/div>\n    <\/div>\n    <div class=\"swiper-container\">\n        <div class=\"swiper-wrapper\">\n                            <div class=\"swiper-slide\">\n                    <a class=\"related-slider-card  trk-cta-img\" href=\"https:\/\/theplayoffs.news\/fr\/foot\/aston-villa-vs-arsenal-pronostic-et-cotes-premier-league-31-08-2026\/\" title=\"Aston Villa vs Arsenal : Pronostic et Cotes, Premier League, 31\/08\/2026\" data-cta-trk='{\"ctaType\":\"Image\",\"ctaSubType\":\"main\"}'>\n    <div class=\"related-slider-card__image\">\n        <img loading=\"lazy\" decoding=\"async\" width=\"600\" height=\"314\" src=\"https:\/\/theplayoffs.news\/fr\/wp-content\/uploads\/2026\/08\/aston-villa-x-arsenal-600x314.jpg\" class=\"attachment-medium size-medium wp-post-image\" alt=\"Aston Villa vs Arsenal\" srcset=\"https:\/\/theplayoffs.news\/fr\/wp-content\/uploads\/2026\/08\/aston-villa-x-arsenal-600x314.jpg 600w, https:\/\/theplayoffs.news\/fr\/wp-content\/uploads\/2026\/08\/aston-villa-x-arsenal-768x402.jpg 768w, https:\/\/theplayoffs.news\/fr\/wp-content\/uploads\/2026\/08\/aston-villa-x-arsenal.jpg 1200w\" sizes=\"auto, (max-width: 600px) 100vw, 600px\">\n                            <\/div>\n    <div class=\"related-slider-card__content\">\n        <div class=\"related-slider-card__content__tags\">\n                            <div class=\"related-slider-card__content__tags__category\">\n                    Football\n                <\/div>\n                        <div class=\"related-slider-card__content__tags__date\" data-dynamic-date=\"2026-08-29T21:00:00+02:00\">\n                29 ao&ucirc;t 2026\n            <\/div>\n        <\/div>\n        <div class=\"related-slider-card__content__title\">\n            Aston Villa vs Arsenal : Pronostic et Cotes, Premier League, 31\/08\/2026\n        <\/div>\n                    <div class=\"related-slider-card__content__read-more\">\n                Voir plus\n                <i>\n                    <svg width=\"17\" height=\"15\" viewbox=\"0 0 17 15\" fill=\"none\" xmlns=\"http:\/\/www.w3.org\/2000\/svg\">\n<path d=\"M1 6.5C0.447715 6.5 0 6.94772 0 7.5C0 8.05228 0.447715 8.5 1 8.5V6.5ZM16.7071 8.20711C17.0976 7.81658 17.0976 7.18342 16.7071 6.79289L10.3431 0.428932C9.95262 0.0384078 9.31946 0.0384078 8.92893 0.428932C8.53841 0.819457 8.53841 1.45262 8.92893 1.84315L14.5858 7.5L8.92893 13.1569C8.53841 13.5474 8.53841 14.1805 8.92893 14.5711C9.31946 14.9616 9.95262 14.9616 10.3431 14.5711L16.7071 8.20711ZM1 7.5V8.5H8.5V7.5V6.5H1V7.5ZM8.5 7.5V8.5H16V7.5V6.5H8.5V7.5Z\" fill=\"white\"><\/path>\n<\/svg>\n\n                <\/i>\n            <\/div>\n            <\/div>\n<\/a>\n\n                <\/div>\n                            <div class=\"swiper-slide\">\n                    <a class=\"related-slider-card  trk-cta-img\" href=\"https:\/\/theplayoffs.news\/fr\/foot\/getafe-vs-racing-santander-pronostic-et-cotes-la-liga-23-08-2026\/\" title=\"Getafe vs Racing Santander : Pronostic et Cotes, La Liga, 23\/08\/2026\" data-cta-trk='{\"ctaType\":\"Image\",\"ctaSubType\":\"main\"}'>\n    <div class=\"related-slider-card__image\">\n        <img loading=\"lazy\" decoding=\"async\" width=\"600\" height=\"314\" src=\"https:\/\/theplayoffs.news\/fr\/wp-content\/uploads\/2026\/08\/getafe-x-racing-santander-600x314.jpg\" class=\"attachment-medium size-medium wp-post-image\" alt=\"Getafe vs Racing Santander\" srcset=\"https:\/\/theplayoffs.news\/fr\/wp-content\/uploads\/2026\/08\/getafe-x-racing-santander-600x314.jpg 600w, https:\/\/theplayoffs.news\/fr\/wp-content\/uploads\/2026\/08\/getafe-x-racing-santander-768x402.jpg 768w, https:\/\/theplayoffs.news\/fr\/wp-content\/uploads\/2026\/08\/getafe-x-racing-santander.jpg 1200w\" sizes=\"auto, (max-width: 600px) 100vw, 600px\">\n                            <\/div>\n    <div class=\"related-slider-card__content\">\n        <div class=\"related-slider-card__content__tags\">\n                            <div class=\"related-slider-card__content__tags__category\">\n                    Football\n                <\/div>\n                        <div class=\"related-slider-card__content__tags__date\" data-dynamic-date=\"2026-08-21T19:30:00+02:00\">\n                21 ao&ucirc;t 2026\n            <\/div>\n        <\/div>\n        <div class=\"related-slider-card__content__title\">\n            Getafe vs Racing Santander : Pronostic et Cotes, La Liga, 23\/08\/2026\n        <\/div>\n                    <div class=\"related-slider-card__content__read-more\">\n                Voir plus\n                <i>\n                    <svg width=\"17\" height=\"15\" viewbox=\"0 0 17 15\" fill=\"none\" xmlns=\"http:\/\/www.w3.org\/2000\/svg\">\n<path d=\"M1 6.5C0.447715 6.5 0 6.94772 0 7.5C0 8.05228 0.447715 8.5 1 8.5V6.5ZM16.7071 8.20711C17.0976 7.81658 17.0976 7.18342 16.7071 6.79289L10.3431 0.428932C9.95262 0.0384078 9.31946 0.0384078 8.92893 0.428932C8.53841 0.819457 8.53841 1.45262 8.92893 1.84315L14.5858 7.5L8.92893 13.1569C8.53841 13.5474 8.53841 14.1805 8.92893 14.5711C9.31946 14.9616 9.95262 14.9616 10.3431 14.5711L16.7071 8.20711ZM1 7.5V8.5H8.5V7.5V6.5H1V7.5ZM8.5 7.5V8.5H16V7.5V6.5H8.5V7.5Z\" fill=\"white\"><\/path>\n<\/svg>\n\n                <\/i>\n            <\/div>\n            <\/div>\n<\/a>\n\n                <\/div>\n                            <div class=\"swiper-slide\">\n                    <a class=\"related-slider-card  trk-cta-img\" href=\"https:\/\/theplayoffs.news\/fr\/foot\/newcastle-united-vs-liverpool-pronostic-et-cotes-premier-league-23-08-2026\/\" title=\"Newcastle United vs Liverpool : Pronostic et Cotes, Premier League, 23\/08\/2026\" data-cta-trk='{\"ctaType\":\"Image\",\"ctaSubType\":\"main\"}'>\n    <div class=\"related-slider-card__image\">\n        <img loading=\"lazy\" decoding=\"async\" width=\"600\" height=\"314\" src=\"https:\/\/theplayoffs.news\/fr\/wp-content\/uploads\/2026\/08\/newcastle-united-x-liverpool-600x314.jpg\" class=\"attachment-medium size-medium wp-post-image\" alt=\"Newcastle United vs Liverpool\" srcset=\"https:\/\/theplayoffs.news\/fr\/wp-content\/uploads\/2026\/08\/newcastle-united-x-liverpool-600x314.jpg 600w, https:\/\/theplayoffs.news\/fr\/wp-content\/uploads\/2026\/08\/newcastle-united-x-liverpool-768x402.jpg 768w, https:\/\/theplayoffs.news\/fr\/wp-content\/uploads\/2026\/08\/newcastle-united-x-liverpool.jpg 1200w\" sizes=\"auto, (max-width: 600px) 100vw, 600px\">\n                            <\/div>\n    <div class=\"related-slider-card__content\">\n        <div class=\"related-slider-card__content__tags\">\n                            <div class=\"related-slider-card__content__tags__category\">\n                    Football\n                <\/div>\n                        <div class=\"related-slider-card__content__tags__date\" data-dynamic-date=\"2026-08-21T17:30:00+02:00\">\n                21 ao&ucirc;t 2026\n            <\/div>\n        <\/div>\n        <div class=\"related-slider-card__content__title\">\n            Newcastle United vs Liverpool : Pronostic et Cotes, Premier League, 23\/08\/2026\n        <\/div>\n                    <div class=\"related-slider-card__content__read-more\">\n                Voir plus\n                <i>\n                    <svg width=\"17\" height=\"15\" viewbox=\"0 0 17 15\" fill=\"none\" xmlns=\"http:\/\/www.w3.org\/2000\/svg\">\n<path d=\"M1 6.5C0.447715 6.5 0 6.94772 0 7.5C0 8.05228 0.447715 8.5 1 8.5V6.5ZM16.7071 8.20711C17.0976 7.81658 17.0976 7.18342 16.7071 6.79289L10.3431 0.428932C9.95262 0.0384078 9.31946 0.0384078 8.92893 0.428932C8.53841 0.819457 8.53841 1.45262 8.92893 1.84315L14.5858 7.5L8.92893 13.1569C8.53841 13.5474 8.53841 14.1805 8.92893 14.5711C9.31946 14.9616 9.95262 14.9616 10.3431 14.5711L16.7071 8.20711ZM1 7.5V8.5H8.5V7.5V6.5H1V7.5ZM8.5 7.5V8.5H16V7.5V6.5H8.5V7.5Z\" fill=\"white\"><\/path>\n<\/svg>\n\n                <\/i>\n            <\/div>\n            <\/div>\n<\/a>\n\n                <\/div>\n                            <div class=\"swiper-slide\">\n                    <a class=\"related-slider-card  trk-cta-img\" href=\"https:\/\/theplayoffs.news\/fr\/foot\/le-havre-vs-monaco-pronostic-et-cotes-ligue-1-23-08-2026\/\" title=\"Le Havre vs Monaco : Pronostic et Cotes, Ligue 1, 23\/08\/2026\" data-cta-trk='{\"ctaType\":\"Image\",\"ctaSubType\":\"main\"}'>\n    <div class=\"related-slider-card__image\">\n        <img loading=\"lazy\" decoding=\"async\" width=\"600\" height=\"314\" src=\"https:\/\/theplayoffs.news\/fr\/wp-content\/uploads\/2026\/08\/le-havre-x-monaco-600x314.jpg\" class=\"attachment-medium size-medium wp-post-image\" alt=\"Le Havre vs Monaco\" srcset=\"https:\/\/theplayoffs.news\/fr\/wp-content\/uploads\/2026\/08\/le-havre-x-monaco-600x314.jpg 600w, https:\/\/theplayoffs.news\/fr\/wp-content\/uploads\/2026\/08\/le-havre-x-monaco-768x402.jpg 768w, https:\/\/theplayoffs.news\/fr\/wp-content\/uploads\/2026\/08\/le-havre-x-monaco.jpg 1200w\" sizes=\"auto, (max-width: 600px) 100vw, 600px\">\n                            <\/div>\n    <div class=\"related-slider-card__content\">\n        <div class=\"related-slider-card__content__tags\">\n                            <div class=\"related-slider-card__content__tags__category\">\n                    Football\n                <\/div>\n                        <div class=\"related-slider-card__content__tags__date\" data-dynamic-date=\"2026-08-21T17:15:00+02:00\">\n                21 ao&ucirc;t 2026\n            <\/div>\n        <\/div>\n        <div class=\"related-slider-card__content__title\">\n            Le Havre vs Monaco : Pronostic et Cotes, Ligue 1, 23\/08\/2026\n        <\/div>\n                    <div class=\"related-slider-card__content__read-more\">\n                Voir plus\n                <i>\n                    <svg width=\"17\" height=\"15\" viewbox=\"0 0 17 15\" fill=\"none\" xmlns=\"http:\/\/www.w3.org\/2000\/svg\">\n<path d=\"M1 6.5C0.447715 6.5 0 6.94772 0 7.5C0 8.05228 0.447715 8.5 1 8.5V6.5ZM16.7071 8.20711C17.0976 7.81658 17.0976 7.18342 16.7071 6.79289L10.3431 0.428932C9.95262 0.0384078 9.31946 0.0384078 8.92893 0.428932C8.53841 0.819457 8.53841 1.45262 8.92893 1.84315L14.5858 7.5L8.92893 13.1569C8.53841 13.5474 8.53841 14.1805 8.92893 14.5711C9.31946 14.9616 9.95262 14.9616 10.3431 14.5711L16.7071 8.20711ZM1 7.5V8.5H8.5V7.5V6.5H1V7.5ZM8.5 7.5V8.5H16V7.5V6.5H8.5V7.5Z\" fill=\"white\"><\/path>\n<\/svg>\n\n                <\/i>\n            <\/div>\n            <\/div>\n<\/a>\n\n                <\/div>\n                    <\/div>\n    <\/div>\n<\/div><p>Chez les bookmakers non plus l&rsquo;heure n&rsquo;est pas &agrave; l&rsquo;optimisme pour les Colts. Les co&eacute;quipiers de Jonathan Taylor sont aujourd&rsquo;hui <a href=\"https:\/\/theplayoffs.news\/fr\/go-betclic-prono-fr-fr\" rel=\"nofollow noindex noreferrer noopener\" target=\"_blank\" aria-label=\"c&ocirc;t&eacute; &agrave; 22 (opens in a new tab)\" class=\"trk-cta-link\" data-cta-trk='{\"ctaType\":\"Link\",\"ctaSubType\":\"main\"}'>c&ocirc;t&eacute; &agrave; 22<\/a> pour le titre de division AFC Sud. Une chute impressionnante lorsque l&rsquo;on sait qu&rsquo;ils furent &agrave; moins de 2 pendant plusieurs semaines. Mais que voulez-vous, tous les contes de f&eacute;e ne se terminent pas toujours bien&hellip;<\/p><p>Cr&eacute;dit photo: &copy; Doug Engle\/Florida Times-Union \/ USA TODAY NETWORK via Imagn Images<\/p>\n","protected":false},"excerpt":{"rendered":"","protected":false},"author":180309964,"featured_media":1508957,"comment_status":"closed","ping_status":"closed","sticky":false,"template":"","format":"standard","meta":{"inline_featured_image":false,"kia_subtitle":"","_mux_skip_reasons":[],"proofreadBy":0,"footnotes":""},"categories":[118,8410,40,8408],"tags":[814,509],"sport":[2785],"saison":[7475],"class_list":["post-1508953","post","type-post","status-publish","format-standard","has-post-thumbnail","hentry","category-actualite-nfl","category-football-americain","category-nfl","category-sports","tag-daniel-jones","tag-indianapolis-colts","sport-nfl","saison-7475"],"acf":[],"yoast_head":"<!-- This site is optimized with the Yoast SEO plugin v24.2 - https:\/\/yoast.com\/wordpress\/plugins\/seo\/ -->\n<title>Indianapolis Colts: la fin du conte de f&eacute;e? - The Playoffs FR<\/title>\n<meta name=\"description\" content=\"Retour sur le passage compliqu&eacute;e des Indianapolis Colts qui viennent de perdre Daniel Jones pour le reste de la saison.\" \/>\n<meta name=\"robots\" content=\"index, follow, max-snippet:-1, max-image-preview:large, max-video-preview:-1\" \/>\n<link rel=\"canonical\" href=\"https:\/\/theplayoffs.news\/fr\/actualite-nfl\/indianapolis-colts-fin-conte-de-fee\/\" \/>\n<meta property=\"og:locale\" content=\"fr_FR\" \/>\n<meta property=\"og:type\" content=\"article\" \/>\n<meta property=\"og:title\" content=\"Indianapolis Colts: la fin du conte de f&eacute;e? - The Playoffs FR\" \/>\n<meta property=\"og:description\" content=\"Retour sur le passage compliqu&eacute;e des Indianapolis Colts qui viennent de perdre Daniel Jones pour le reste de la saison.\" \/>\n<meta property=\"og:url\" content=\"https:\/\/theplayoffs.news\/fr\/actualite-nfl\/indianapolis-colts-fin-conte-de-fee\/\" \/>\n<meta property=\"og:site_name\" content=\"The Playoffs FR\" \/>\n<meta property=\"article:publisher\" content=\"https:\/\/www.facebook.com\/TheFreeAgentFR\/\" \/>\n<meta property=\"article:modified_time\" content=\"2025-12-08T14:20:56+01:00\" \/>\n<meta property=\"og:image\" content=\"https:\/\/theplayoffs.news\/fr\/wp-content\/uploads\/2025\/12\/USATSI_27765955.jpg\" \/>\n\t<meta property=\"og:image:width\" content=\"1920\" \/>\n\t<meta property=\"og:image:height\" content=\"1083\" \/>\n\t<meta property=\"og:image:type\" content=\"image\/jpeg\" \/>\n<meta name=\"author\" content=\"Flavien Jumeau\" \/>\n<meta name=\"twitter:card\" content=\"summary_large_image\" \/>\n<meta name=\"twitter:creator\" content=\"@TheFreeAgentFR\" \/>\n<meta name=\"twitter:site\" content=\"@TheFreeAgentFR\" \/>\n<meta name=\"twitter:label1\" content=\"\u00c9crit par\" \/>\n\t<meta name=\"twitter:data1\" content=\"Flavien Jumeau\" \/>\n\t<meta name=\"twitter:label2\" content=\"Dur\u00e9e de lecture estim\u00e9e\" \/>\n\t<meta name=\"twitter:data2\" content=\"4 minutes\" \/>\n<script type=\"application\/ld+json\" class=\"yoast-schema-graph\">{\"@context\":\"https:\/\/schema.org\",\"@graph\":[{\"@type\":\"WebPage\",\"@id\":\"https:\/\/theplayoffs.news\/fr\/actualite-nfl\/indianapolis-colts-fin-conte-de-fee\/\",\"url\":\"https:\/\/theplayoffs.news\/fr\/actualite-nfl\/indianapolis-colts-fin-conte-de-fee\/\",\"name\":\"Indianapolis Colts: la fin du conte de f\u00e9e? - The Playoffs FR\",\"isPartOf\":{\"@id\":\"https:\/\/theplayoffs.news\/fr\/#website\"},\"primaryImageOfPage\":{\"@id\":\"https:\/\/theplayoffs.news\/fr\/actualite-nfl\/indianapolis-colts-fin-conte-de-fee\/#primaryimage\"},\"image\":{\"@id\":\"https:\/\/theplayoffs.news\/fr\/actualite-nfl\/indianapolis-colts-fin-conte-de-fee\/#primaryimage\"},\"thumbnailUrl\":\"https:\/\/theplayoffs.news\/fr\/wp-content\/uploads\/2025\/12\/USATSI_27765955.jpg\",\"datePublished\":\"2025-12-08T13:20:00+00:00\",\"dateModified\":\"2025-12-08T13:20:56+00:00\",\"author\":{\"@id\":\"https:\/\/theplayoffs.news\/fr\/#\/schema\/person\/def63bc6746dc5957469b75feb99e66d\"},\"description\":\"Retour sur le passage compliqu\u00e9e des Indianapolis Colts qui viennent de perdre Daniel Jones pour le reste de la saison.\",\"breadcrumb\":{\"@id\":\"https:\/\/theplayoffs.news\/fr\/actualite-nfl\/indianapolis-colts-fin-conte-de-fee\/#breadcrumb\"},\"inLanguage\":\"fr-FR\",\"potentialAction\":[{\"@type\":\"ReadAction\",\"target\":[\"https:\/\/theplayoffs.news\/fr\/actualite-nfl\/indianapolis-colts-fin-conte-de-fee\/\"]}]},{\"@type\":\"ImageObject\",\"inLanguage\":\"fr-FR\",\"@id\":\"https:\/\/theplayoffs.news\/fr\/actualite-nfl\/indianapolis-colts-fin-conte-de-fee\/#primaryimage\",\"url\":\"https:\/\/theplayoffs.news\/fr\/wp-content\/uploads\/2025\/12\/USATSI_27765955.jpg\",\"contentUrl\":\"https:\/\/theplayoffs.news\/fr\/wp-content\/uploads\/2025\/12\/USATSI_27765955.jpg\",\"width\":1920,\"height\":1083,\"caption\":\"Indianapolis Colts quarterback Daniel Jones (17) gets up off the turf after being injured in a play in the first quarter during an NFL football game at EverBank Stadium, Sunday, Dec. 7, 2025, in Jacksonville, Fla. [Doug Engle\/Florida Times-Union]before an NFL football game at EverBank Stadium, Sunday, Dec. 7, 2025, in Jacksonville, Fla. [Doug Engle\/Florida Times-Union]\"},{\"@type\":\"BreadcrumbList\",\"@id\":\"https:\/\/theplayoffs.news\/fr\/actualite-nfl\/indianapolis-colts-fin-conte-de-fee\/#breadcrumb\",\"itemListElement\":[{\"@type\":\"ListItem\",\"position\":1,\"name\":\"Accueil\",\"item\":\"https:\/\/theplayoffs.news\/fr\/\"},{\"@type\":\"ListItem\",\"position\":2,\"name\":\"Indianapolis Colts: la fin du conte de f\u00e9e?\"}]},{\"@type\":\"WebSite\",\"@id\":\"https:\/\/theplayoffs.news\/fr\/#website\",\"url\":\"https:\/\/theplayoffs.news\/fr\/\",\"name\":\"The Playoffs FR\",\"description\":\"NBA-NFL-NHL-MLB\",\"potentialAction\":[{\"@type\":\"SearchAction\",\"target\":{\"@type\":\"EntryPoint\",\"urlTemplate\":\"https:\/\/theplayoffs.news\/fr\/?s={search_term_string}\"},\"query-input\":{\"@type\":\"PropertyValueSpecification\",\"valueRequired\":true,\"valueName\":\"search_term_string\"}}],\"inLanguage\":\"fr-FR\"},{\"@type\":\"Person\",\"@id\":\"https:\/\/theplayoffs.news\/fr\/#\/schema\/person\/def63bc6746dc5957469b75feb99e66d\",\"name\":\"Flavien Jumeau\",\"image\":{\"@type\":\"ImageObject\",\"inLanguage\":\"fr-FR\",\"@id\":\"https:\/\/theplayoffs.news\/fr\/#\/schema\/person\/image\/\",\"url\":\"https:\/\/secure.gravatar.com\/avatar\/e7fa8ba5a4b7e4ce35fe152f083f352db28ad0acce692004ed88a7a7d78893f7?s=96&d=mm&r=g\",\"contentUrl\":\"https:\/\/secure.gravatar.com\/avatar\/e7fa8ba5a4b7e4ce35fe152f083f352db28ad0acce692004ed88a7a7d78893f7?s=96&d=mm&r=g\",\"caption\":\"Flavien Jumeau\"},\"description\":\"Amoureux du sport (et de vraiment tous les sports) depuis mon plus jeune \u00e2ge, j\u2019ai longtemps h\u00e9site entre le snooker et le curling. Finalement c\u2019est le foot US que j\u2019ai d\u00e9cid\u00e9 de choisir! Responsable foot US sur TPO et animateur du podcast Tailgate j\u2019ai pour mission de vous faire d\u00e9couvrir ce sport passionnant si ce n\u2019est pas encore fait et de vous donner les derni\u00e8res actus. Le tout dans la bonne humeur et avec toujours un jeu de mots ou deux savamment distill\u00e9s! Fan des Saints, pour moi Drew Brees est le vrai GOAT!\",\"url\":\"https:\/\/theplayoffs.news\/fr\/author\/flavien-jumeaugmail-com\/\"}]}<\/script>\n<!-- \/ Yoast SEO plugin. -->","yoast_head_json":{"title":"Indianapolis Colts: la fin du conte de f&eacute;e? - The Playoffs FR","description":"Retour sur le passage compliqu&eacute;e des Indianapolis Colts qui viennent de perdre Daniel Jones pour le reste de la saison.","robots":{"index":"index","follow":"follow","max-snippet":"max-snippet:-1","max-image-preview":"max-image-preview:large","max-video-preview":"max-video-preview:-1"},"canonical":"https:\/\/theplayoffs.news\/fr\/actualite-nfl\/indianapolis-colts-fin-conte-de-fee\/","og_locale":"fr_FR","og_type":"article","og_title":"Indianapolis Colts: la fin du conte de f&eacute;e? - The Playoffs FR","og_description":"Retour sur le passage compliqu&eacute;e des Indianapolis Colts qui viennent de perdre Daniel Jones pour le reste de la saison.","og_url":"https:\/\/theplayoffs.news\/fr\/actualite-nfl\/indianapolis-colts-fin-conte-de-fee\/","og_site_name":"The Playoffs FR","article_publisher":"https:\/\/www.facebook.com\/TheFreeAgentFR\/","article_modified_time":"2025-12-08T13:20:56+00:00","og_image":[{"width":1920,"height":1083,"url":"https:\/\/theplayoffs.news\/fr\/wp-content\/uploads\/2025\/12\/USATSI_27765955.jpg","type":"image\/jpeg"}],"author":"Flavien Jumeau","twitter_card":"summary_large_image","twitter_creator":"@TheFreeAgentFR","twitter_site":"@TheFreeAgentFR","twitter_misc":{"\u00c9crit par":"Flavien Jumeau","Dur\u00e9e de lecture estim\u00e9e":"4 minutes"},"schema":{"@context":"https:\/\/schema.org","@graph":[{"@type":"WebPage","@id":"https:\/\/theplayoffs.news\/fr\/actualite-nfl\/indianapolis-colts-fin-conte-de-fee\/","url":"https:\/\/theplayoffs.news\/fr\/actualite-nfl\/indianapolis-colts-fin-conte-de-fee\/","name":"Indianapolis Colts: la fin du conte de f\u00e9e? - The Playoffs FR","isPartOf":{"@id":"https:\/\/theplayoffs.news\/fr\/#website"},"primaryImageOfPage":{"@id":"https:\/\/theplayoffs.news\/fr\/actualite-nfl\/indianapolis-colts-fin-conte-de-fee\/#primaryimage"},"image":{"@id":"https:\/\/theplayoffs.news\/fr\/actualite-nfl\/indianapolis-colts-fin-conte-de-fee\/#primaryimage"},"thumbnailUrl":"https:\/\/theplayoffs.news\/fr\/wp-content\/uploads\/2025\/12\/USATSI_27765955.jpg","datePublished":"2025-12-08T13:20:00+00:00","dateModified":"2025-12-08T13:20:56+00:00","author":{"@id":"https:\/\/theplayoffs.news\/fr\/#\/schema\/person\/def63bc6746dc5957469b75feb99e66d"},"description":"Retour sur le passage compliqu\u00e9e des Indianapolis Colts qui viennent de perdre Daniel Jones pour le reste de la saison.","breadcrumb":{"@id":"https:\/\/theplayoffs.news\/fr\/actualite-nfl\/indianapolis-colts-fin-conte-de-fee\/#breadcrumb"},"inLanguage":"fr-FR","potentialAction":[{"@type":"ReadAction","target":["https:\/\/theplayoffs.news\/fr\/actualite-nfl\/indianapolis-colts-fin-conte-de-fee\/"]}]},{"@type":"ImageObject","inLanguage":"fr-FR","@id":"https:\/\/theplayoffs.news\/fr\/actualite-nfl\/indianapolis-colts-fin-conte-de-fee\/#primaryimage","url":"https:\/\/theplayoffs.news\/fr\/wp-content\/uploads\/2025\/12\/USATSI_27765955.jpg","contentUrl":"https:\/\/theplayoffs.news\/fr\/wp-content\/uploads\/2025\/12\/USATSI_27765955.jpg","width":1920,"height":1083,"caption":"Indianapolis Colts quarterback Daniel Jones (17) gets up off the turf after being injured in a play in the first quarter during an NFL football game at EverBank Stadium, Sunday, Dec. 7, 2025, in Jacksonville, Fla. [Doug Engle\/Florida Times-Union]before an NFL football game at EverBank Stadium, Sunday, Dec. 7, 2025, in Jacksonville, Fla. [Doug Engle\/Florida Times-Union]"},{"@type":"BreadcrumbList","@id":"https:\/\/theplayoffs.news\/fr\/actualite-nfl\/indianapolis-colts-fin-conte-de-fee\/#breadcrumb","itemListElement":[{"@type":"ListItem","position":1,"name":"Accueil","item":"https:\/\/theplayoffs.news\/fr\/"},{"@type":"ListItem","position":2,"name":"Indianapolis Colts: la fin du conte de f\u00e9e?"}]},{"@type":"WebSite","@id":"https:\/\/theplayoffs.news\/fr\/#website","url":"https:\/\/theplayoffs.news\/fr\/","name":"The Playoffs FR","description":"NBA-NFL-NHL-MLB","potentialAction":[{"@type":"SearchAction","target":{"@type":"EntryPoint","urlTemplate":"https:\/\/theplayoffs.news\/fr\/?s={search_term_string}"},"query-input":{"@type":"PropertyValueSpecification","valueRequired":true,"valueName":"search_term_string"}}],"inLanguage":"fr-FR"},{"@type":"Person","@id":"https:\/\/theplayoffs.news\/fr\/#\/schema\/person\/def63bc6746dc5957469b75feb99e66d","name":"Flavien Jumeau","image":{"@type":"ImageObject","inLanguage":"fr-FR","@id":"https:\/\/theplayoffs.news\/fr\/#\/schema\/person\/image\/","url":"https:\/\/secure.gravatar.com\/avatar\/e7fa8ba5a4b7e4ce35fe152f083f352db28ad0acce692004ed88a7a7d78893f7?s=96&d=mm&r=g","contentUrl":"https:\/\/secure.gravatar.com\/avatar\/e7fa8ba5a4b7e4ce35fe152f083f352db28ad0acce692004ed88a7a7d78893f7?s=96&d=mm&r=g","caption":"Flavien Jumeau"},"description":"Amoureux du sport (et de vraiment tous les sports) depuis mon plus jeune \u00e2ge, j\u2019ai longtemps h\u00e9site entre le snooker et le curling. Finalement c\u2019est le foot US que j\u2019ai d\u00e9cid\u00e9 de choisir! Responsable foot US sur TPO et animateur du podcast Tailgate j\u2019ai pour mission de vous faire d\u00e9couvrir ce sport passionnant si ce n\u2019est pas encore fait et de vous donner les derni\u00e8res actus. Le tout dans la bonne humeur et avec toujours un jeu de mots ou deux savamment distill\u00e9s! Fan des Saints, pour moi Drew Brees est le vrai GOAT!","url":"https:\/\/theplayoffs.news\/fr\/author\/flavien-jumeaugmail-com\/"}]}},"_links":{"self":[{"href":"https:\/\/theplayoffs.news\/fr\/wp-json\/wp\/v2\/posts\/1508953","targetHints":{"allow":["GET"]}}],"collection":[{"href":"https:\/\/theplayoffs.news\/fr\/wp-json\/wp\/v2\/posts"}],"about":[{"href":"https:\/\/theplayoffs.news\/fr\/wp-json\/wp\/v2\/types\/post"}],"author":[{"embeddable":true,"href":"https:\/\/theplayoffs.news\/fr\/wp-json\/wp\/v2\/users\/180309964"}],"replies":[{"embeddable":true,"href":"https:\/\/theplayoffs.news\/fr\/wp-json\/wp\/v2\/comments?post=1508953"}],"version-history":[{"count":1,"href":"https:\/\/theplayoffs.news\/fr\/wp-json\/wp\/v2\/posts\/1508953\/revisions"}],"predecessor-version":[{"id":1508958,"href":"https:\/\/theplayoffs.news\/fr\/wp-json\/wp\/v2\/posts\/1508953\/revisions\/1508958"}],"wp:featuredmedia":[{"embeddable":true,"href":"https:\/\/theplayoffs.news\/fr\/wp-json\/wp\/v2\/media\/1508957"}],"wp:attachment":[{"href":"https:\/\/theplayoffs.news\/fr\/wp-json\/wp\/v2\/media?parent=1508953"}],"wp:term":[{"taxonomy":"category","embeddable":true,"href":"https:\/\/theplayoffs.news\/fr\/wp-json\/wp\/v2\/categories?post=1508953"},{"taxonomy":"post_tag","embeddable":true,"href":"https:\/\/theplayoffs.news\/fr\/wp-json\/wp\/v2\/tags?post=1508953"},{"taxonomy":"sport","embeddable":true,"href":"https:\/\/theplayoffs.news\/fr\/wp-json\/wp\/v2\/sport?post=1508953"},{"taxonomy":"saison","embeddable":true,"href":"https:\/\/theplayoffs.news\/fr\/wp-json\/wp\/v2\/saison?post=1508953"}],"curies":[{"name":"wp","href":"https:\/\/api.w.org\/{rel}","templated":true}]}}