{"id":1508462,"date":"2025-11-27T16:55:19","date_gmt":"2025-11-27T15:55:19","guid":{"rendered":"https:\/\/theplayoffs.news\/fr\/uncategorized\/\/"},"modified":"2025-11-27T16:55:25","modified_gmt":"2025-11-27T15:55:25","slug":"anthony-davis-surpris-du-depart-de-nico-harrison","status":"publish","type":"post","link":"https:\/\/theplayoffs.news\/fr\/actualite-nba\/anthony-davis-surpris-du-depart-de-nico-harrison\/","title":{"rendered":"Anthony Davis \u00ab\u00a0surpris\u00a0\u00bb du d\u00e9part de Nico Harrison"},"content":{"rendered":"<p>Echang&eacute; contre <strong>Luka Doncic<\/strong> par Nico Harrison en f&eacute;vrier dernier, <strong>Anthony Davis<\/strong> a v&eacute;cu le plus incroyable des trades jamais vu en NBA de l&rsquo;int&eacute;rieur. Le 1st pick de la Draft 2012 &eacute;tait encore aux premi&egrave;res loges lorsque son d&eacute;sormais Ex-GM a &eacute;t&eacute; &eacute;vinc&eacute; de la franchise texane en d&eacute;but de mois. Une d&eacute;cision plus ou moins attendue des observateurs, qui plus est au regard du d&eacute;but de campagne catastrophique des <strong>Mavs<\/strong>, sur laquelle Unibrow est revenu mercredi lors d&rsquo;un point presse.<\/p><p>Interrog&eacute; sur le renvoi de Nico Harrison par la franchise de Big D, <a href=\"https:\/\/www.basketball-reference.com\/players\/d\/davisan02.html\" target=\"_blank\" rel=\"noreferrer noopener\" class=\"trk-cta-link\" data-cta-trk='{\"ctaType\":\"Link\",\"ctaSubType\":\"main\"}'>Anthony Davis<\/a> s&rsquo;avouait d&rsquo;abord &eacute;tonn&eacute;.<\/p><blockquote class=\"wp-block-quote is-layout-flow wp-block-quote-is-layout-flow\">\n<p>Plus que tout autre chose, j&rsquo;ai &eacute;t&eacute; surpris. Nico c&rsquo;est mon gars. Il a jou&eacute; un r&ocirc;le immense dans mon arriv&eacute;e ici, voyant en moi la pi&egrave;ce ma&icirc;tresse de son projet. <\/p>\n<\/blockquote><figure class=\"wp-block-embed is-type-rich is-provider-twitter wp-block-embed-twitter\"><div class=\"wp-block-embed__wrapper\">\n<blockquote class=\"twitter-tweet\" data-width=\"500\" data-dnt=\"true\"><p lang=\"en\" dir=\"ltr\">Asked Anthony Davis about his reaction to Nico Harrison&rsquo;s firing:<br><br>&ldquo;It was surprising more than anything. Nico&rsquo;s my guy. He played a huge part in getting me here &amp; wanting me to fulfill his vision that he saw. It was definitely tough. Me &amp; him had a conversation. Me &amp; (Mavs&hellip; <a href=\"https:\/\/t.co\/E2aKNR9kma\" class=\"trk-cta-link\" data-cta-trk='{\"ctaType\":\"Link\",\"ctaSubType\":\"main\"}'>pic.twitter.com\/E2aKNR9kma<\/a><\/p>&mdash; Mike Curtis (@MikeACurtis2) <a href=\"https:\/\/twitter.com\/MikeACurtis2\/status\/1993749365681168755?ref_src=twsrc%5Etfw\" class=\"trk-cta-link\" data-cta-trk='{\"ctaType\":\"Link\",\"ctaSubType\":\"main\"}'>November 26, 2025<\/a><\/blockquote><script async src=\"https:\/\/platform.twitter.com\/widgets.js\" charset=\"utf-8\"><\/script>\n<\/div><\/figure><p>Continuant l&rsquo;analyse, le m&eacute;daill&eacute; d&rsquo;or aux jeux de Londres sous le maillot de <strong>Team USA<\/strong> se montrait pour le moins sensible au d&eacute;part de l&rsquo;ancien dirigeant.<\/p><blockquote class=\"wp-block-quote is-layout-flow wp-block-quote-is-layout-flow\">\n<p>Ca n&rsquo;a vraiment pas &eacute;t&eacute; facile. Patrick Dumont (propri&eacute;taire majoritaire) et moi en avons discut&eacute; ensemble. C&rsquo;est le business. Et ces &eacute;changes m&rsquo;ont permis d&rsquo;avancer et de continuer ma r&eacute;&eacute;ducation pour &ecirc;tre capable de revenir &agrave; la comp&eacute;tition. Et faire ce pourquoi Nico Harrison nous a r&eacute;unis ici : gagner un titre NBA.<\/p>\n<\/blockquote><p>Visiblement touch&eacute; par le d&eacute;part de son ancien <strong>General Manager<\/strong>, Anthony Davis n&rsquo;en oubliait donc pas l&rsquo;objectif ultime de Nico Harrison. Et si la d&eacute;marche est louable, l&rsquo;ambition affich&eacute;e par <strong>Anthony Davis<\/strong> peine clairement &agrave; convaincre alors que les Mavs occupent la 14&egrave;me place de la conf&eacute;rence Ouest.<\/p><div class=\"related-slider related-slider--loading\">\n    <div class=\"related-slider__header\">\n        <div class=\"related-slider__header__title\">Ce que vous devriez lire ensuite &#128071;&#127995;<\/div>\n        <div class=\"related-slider__header__buttons\">\n            <div class=\"swiper-button-prev\"><\/div>\n            <div class=\"swiper-button-next\"><\/div>\n        <\/div>\n    <\/div>\n    <div class=\"swiper-container\">\n        <div class=\"swiper-wrapper\">\n                            <div class=\"swiper-slide\">\n                    <a class=\"related-slider-card  trk-cta-img\" href=\"https:\/\/theplayoffs.news\/fr\/sports\/pronostic-nba-les-cavaliers-de-nouveau-parmi-les-favoris\/\" title=\"Pronostic NBA : les Cavaliers de nouveau parmi les favoris ?\" data-cta-trk='{\"ctaType\":\"Image\",\"ctaSubType\":\"main\"}'>\n    <div class=\"related-slider-card__image\">\n        <img loading=\"lazy\" decoding=\"async\" width=\"600\" height=\"400\" src=\"https:\/\/theplayoffs.news\/fr\/wp-content\/uploads\/2026\/02\/USATSI_25807878_168419921_lowres-600x400.jpg\" class=\"attachment-medium size-medium wp-post-image\" alt=\"Cavaliers\" srcset=\"https:\/\/theplayoffs.news\/fr\/wp-content\/uploads\/2026\/02\/USATSI_25807878_168419921_lowres-600x400.jpg 600w, https:\/\/theplayoffs.news\/fr\/wp-content\/uploads\/2026\/02\/USATSI_25807878_168419921_lowres-1200x800.jpg 1200w, https:\/\/theplayoffs.news\/fr\/wp-content\/uploads\/2026\/02\/USATSI_25807878_168419921_lowres-768x512.jpg 768w, https:\/\/theplayoffs.news\/fr\/wp-content\/uploads\/2026\/02\/USATSI_25807878_168419921_lowres-1536x1024.jpg 1536w, https:\/\/theplayoffs.news\/fr\/wp-content\/uploads\/2026\/02\/USATSI_25807878_168419921_lowres-1320x880.jpg 1320w, https:\/\/theplayoffs.news\/fr\/wp-content\/uploads\/2026\/02\/USATSI_25807878_168419921_lowres.jpg 1920w\" sizes=\"auto, (max-width: 600px) 100vw, 600px\">\n                            <\/div>\n    <div class=\"related-slider-card__content\">\n        <div class=\"related-slider-card__content__tags\">\n                            <div class=\"related-slider-card__content__tags__category\">\n                    NBA\n                <\/div>\n                        <div class=\"related-slider-card__content__tags__date\" data-dynamic-date=\"2026-02-11T10:05:28+01:00\">\n                11 f&eacute;vrier 2026\n            <\/div>\n        <\/div>\n        <div class=\"related-slider-card__content__title\">\n            Pronostic NBA : les Cavaliers de nouveau parmi les favoris ?\n        <\/div>\n                    <div class=\"related-slider-card__content__read-more\">\n                Voir plus\n                <i>\n                    <svg width=\"17\" height=\"15\" viewbox=\"0 0 17 15\" fill=\"none\" xmlns=\"http:\/\/www.w3.org\/2000\/svg\">\n<path d=\"M1 6.5C0.447715 6.5 0 6.94772 0 7.5C0 8.05228 0.447715 8.5 1 8.5V6.5ZM16.7071 8.20711C17.0976 7.81658 17.0976 7.18342 16.7071 6.79289L10.3431 0.428932C9.95262 0.0384078 9.31946 0.0384078 8.92893 0.428932C8.53841 0.819457 8.53841 1.45262 8.92893 1.84315L14.5858 7.5L8.92893 13.1569C8.53841 13.5474 8.53841 14.1805 8.92893 14.5711C9.31946 14.9616 9.95262 14.9616 10.3431 14.5711L16.7071 8.20711ZM1 7.5V8.5H8.5V7.5V6.5H1V7.5ZM8.5 7.5V8.5H16V7.5V6.5H8.5V7.5Z\" fill=\"white\"><\/path>\n<\/svg>\n\n                <\/i>\n            <\/div>\n            <\/div>\n<\/a>\n\n                <\/div>\n                            <div class=\"swiper-slide\">\n                    <a class=\"related-slider-card  trk-cta-img\" href=\"https:\/\/theplayoffs.news\/fr\/actualite-nba\/resultats-nba-18-12-les-mavs-douchent-les-pistons-maxime-raynaud-superstar\/\" title=\"R&eacute;sultats NBA (18\/12): les Mavs douchent les Pistons, Maxime Raynaud superstar !\" data-cta-trk='{\"ctaType\":\"Image\",\"ctaSubType\":\"main\"}'>\n    <div class=\"related-slider-card__image\">\n        <img loading=\"lazy\" decoding=\"async\" width=\"600\" height=\"400\" src=\"https:\/\/theplayoffs.news\/fr\/wp-content\/uploads\/2025\/12\/USATSI_27848729_168402440_lowres-600x400.jpg\" class=\"attachment-medium size-medium wp-post-image\" alt=\"NBA Cooper Flagg Nikola Jokic Maxime Raynaud Cade Cunningham\" srcset=\"https:\/\/theplayoffs.news\/fr\/wp-content\/uploads\/2025\/12\/USATSI_27848729_168402440_lowres-600x400.jpg 600w, https:\/\/theplayoffs.news\/fr\/wp-content\/uploads\/2025\/12\/USATSI_27848729_168402440_lowres-1200x800.jpg 1200w, https:\/\/theplayoffs.news\/fr\/wp-content\/uploads\/2025\/12\/USATSI_27848729_168402440_lowres-768x512.jpg 768w, https:\/\/theplayoffs.news\/fr\/wp-content\/uploads\/2025\/12\/USATSI_27848729_168402440_lowres-1536x1024.jpg 1536w, https:\/\/theplayoffs.news\/fr\/wp-content\/uploads\/2025\/12\/USATSI_27848729_168402440_lowres-1320x880.jpg 1320w, https:\/\/theplayoffs.news\/fr\/wp-content\/uploads\/2025\/12\/USATSI_27848729_168402440_lowres.jpg 1920w\" sizes=\"auto, (max-width: 600px) 100vw, 600px\">\n                            <\/div>\n    <div class=\"related-slider-card__content\">\n        <div class=\"related-slider-card__content__tags\">\n                            <div class=\"related-slider-card__content__tags__category\">\n                    Actualit&eacute; NBA\n                <\/div>\n                        <div class=\"related-slider-card__content__tags__date\" data-dynamic-date=\"2025-12-19T09:45:57+01:00\">\n                19 d&eacute;cembre 2025\n            <\/div>\n        <\/div>\n        <div class=\"related-slider-card__content__title\">\n            R&eacute;sultats NBA (18\/12): les Mavs douchent les Pistons, Maxime Raynaud superstar !\n        <\/div>\n                    <div class=\"related-slider-card__content__read-more\">\n                Voir plus\n                <i>\n                    <svg width=\"17\" height=\"15\" viewbox=\"0 0 17 15\" fill=\"none\" xmlns=\"http:\/\/www.w3.org\/2000\/svg\">\n<path d=\"M1 6.5C0.447715 6.5 0 6.94772 0 7.5C0 8.05228 0.447715 8.5 1 8.5V6.5ZM16.7071 8.20711C17.0976 7.81658 17.0976 7.18342 16.7071 6.79289L10.3431 0.428932C9.95262 0.0384078 9.31946 0.0384078 8.92893 0.428932C8.53841 0.819457 8.53841 1.45262 8.92893 1.84315L14.5858 7.5L8.92893 13.1569C8.53841 13.5474 8.53841 14.1805 8.92893 14.5711C9.31946 14.9616 9.95262 14.9616 10.3431 14.5711L16.7071 8.20711ZM1 7.5V8.5H8.5V7.5V6.5H1V7.5ZM8.5 7.5V8.5H16V7.5V6.5H8.5V7.5Z\" fill=\"white\"><\/path>\n<\/svg>\n\n                <\/i>\n            <\/div>\n            <\/div>\n<\/a>\n\n                <\/div>\n                            <div class=\"swiper-slide\">\n                    <a class=\"related-slider-card  trk-cta-img\" href=\"https:\/\/theplayoffs.news\/fr\/actualite-nba\/resultats-nba-17-12-chicago-enfonce-les-cavs-memphis-en-patron-dans-le-minnesota\/\" title=\"R&eacute;sultats NBA (17\/12): Chicago enfonce les Cavs, Memphis en patron dans le Minnesota !\" data-cta-trk='{\"ctaType\":\"Image\",\"ctaSubType\":\"main\"}'>\n    <div class=\"related-slider-card__image\">\n        <img loading=\"lazy\" decoding=\"async\" width=\"600\" height=\"400\" src=\"https:\/\/theplayoffs.news\/fr\/wp-content\/uploads\/2025\/12\/USATSI_27840419_168402440_lowres-600x400.jpg\" class=\"attachment-medium size-medium wp-post-image\" alt=\"NBA Minnesota Timberwolves Ja Morant Anthony Edwards Rudy Gobert Julius Randle Josh Giddey\" srcset=\"https:\/\/theplayoffs.news\/fr\/wp-content\/uploads\/2025\/12\/USATSI_27840419_168402440_lowres-600x400.jpg 600w, https:\/\/theplayoffs.news\/fr\/wp-content\/uploads\/2025\/12\/USATSI_27840419_168402440_lowres-1200x799.jpg 1200w, https:\/\/theplayoffs.news\/fr\/wp-content\/uploads\/2025\/12\/USATSI_27840419_168402440_lowres-768x512.jpg 768w, https:\/\/theplayoffs.news\/fr\/wp-content\/uploads\/2025\/12\/USATSI_27840419_168402440_lowres-1536x1023.jpg 1536w, https:\/\/theplayoffs.news\/fr\/wp-content\/uploads\/2025\/12\/USATSI_27840419_168402440_lowres-1320x879.jpg 1320w, https:\/\/theplayoffs.news\/fr\/wp-content\/uploads\/2025\/12\/USATSI_27840419_168402440_lowres.jpg 1920w\" sizes=\"auto, (max-width: 600px) 100vw, 600px\">\n                            <\/div>\n    <div class=\"related-slider-card__content\">\n        <div class=\"related-slider-card__content__tags\">\n                            <div class=\"related-slider-card__content__tags__category\">\n                    Actualit&eacute; NBA\n                <\/div>\n                        <div class=\"related-slider-card__content__tags__date\" data-dynamic-date=\"2025-12-18T14:27:38+01:00\">\n                18 d&eacute;cembre 2025\n            <\/div>\n        <\/div>\n        <div class=\"related-slider-card__content__title\">\n            R&eacute;sultats NBA (17\/12): Chicago enfonce les Cavs, Memphis en patron dans le Minnesota !\n        <\/div>\n                    <div class=\"related-slider-card__content__read-more\">\n                Voir plus\n                <i>\n                    <svg width=\"17\" height=\"15\" viewbox=\"0 0 17 15\" fill=\"none\" xmlns=\"http:\/\/www.w3.org\/2000\/svg\">\n<path d=\"M1 6.5C0.447715 6.5 0 6.94772 0 7.5C0 8.05228 0.447715 8.5 1 8.5V6.5ZM16.7071 8.20711C17.0976 7.81658 17.0976 7.18342 16.7071 6.79289L10.3431 0.428932C9.95262 0.0384078 9.31946 0.0384078 8.92893 0.428932C8.53841 0.819457 8.53841 1.45262 8.92893 1.84315L14.5858 7.5L8.92893 13.1569C8.53841 13.5474 8.53841 14.1805 8.92893 14.5711C9.31946 14.9616 9.95262 14.9616 10.3431 14.5711L16.7071 8.20711ZM1 7.5V8.5H8.5V7.5V6.5H1V7.5ZM8.5 7.5V8.5H16V7.5V6.5H8.5V7.5Z\" fill=\"white\"><\/path>\n<\/svg>\n\n                <\/i>\n            <\/div>\n            <\/div>\n<\/a>\n\n                <\/div>\n                            <div class=\"swiper-slide\">\n                    <a class=\"related-slider-card  trk-cta-img\" href=\"https:\/\/theplayoffs.news\/fr\/actualite-nba\/resultats-nba-cup-16-12-jalen-brunson-mvp-les-knicks-soffrent-un-premier-trophee-depuis-1973\/\" title=\"R&eacute;sultats NBA Cup (16\/12): Jalen Brunson MVP, les Knicks s&rsquo;offrent un premier troph&eacute;e depuis 1973 !\" data-cta-trk='{\"ctaType\":\"Image\",\"ctaSubType\":\"main\"}'>\n    <div class=\"related-slider-card__image\">\n        <img loading=\"lazy\" decoding=\"async\" width=\"600\" height=\"450\" src=\"https:\/\/theplayoffs.news\/fr\/wp-content\/uploads\/2025\/12\/USATSI_27835319_168402440_lowres-600x450.jpg\" class=\"attachment-medium size-medium wp-post-image\" alt=\"Jalen Brunson Victor Wembanyama Knicks Spurs NBA Cup\" srcset=\"https:\/\/theplayoffs.news\/fr\/wp-content\/uploads\/2025\/12\/USATSI_27835319_168402440_lowres-600x450.jpg 600w, https:\/\/theplayoffs.news\/fr\/wp-content\/uploads\/2025\/12\/USATSI_27835319_168402440_lowres-1200x900.jpg 1200w, https:\/\/theplayoffs.news\/fr\/wp-content\/uploads\/2025\/12\/USATSI_27835319_168402440_lowres-768x576.jpg 768w, https:\/\/theplayoffs.news\/fr\/wp-content\/uploads\/2025\/12\/USATSI_27835319_168402440_lowres-1536x1152.jpg 1536w, https:\/\/theplayoffs.news\/fr\/wp-content\/uploads\/2025\/12\/USATSI_27835319_168402440_lowres-1320x990.jpg 1320w, https:\/\/theplayoffs.news\/fr\/wp-content\/uploads\/2025\/12\/USATSI_27835319_168402440_lowres.jpg 1920w\" sizes=\"auto, (max-width: 600px) 100vw, 600px\">\n                            <\/div>\n    <div class=\"related-slider-card__content\">\n        <div class=\"related-slider-card__content__tags\">\n                            <div class=\"related-slider-card__content__tags__category\">\n                    Actualit&eacute; NBA\n                <\/div>\n                        <div class=\"related-slider-card__content__tags__date\" data-dynamic-date=\"2025-12-17T09:44:05+01:00\">\n                17 d&eacute;cembre 2025\n            <\/div>\n        <\/div>\n        <div class=\"related-slider-card__content__title\">\n            R&eacute;sultats NBA Cup (16\/12): Jalen Brunson MVP, les Knicks s&rsquo;offrent un premier troph&eacute;e depuis 1973 !\n        <\/div>\n                    <div class=\"related-slider-card__content__read-more\">\n                Voir plus\n                <i>\n                    <svg width=\"17\" height=\"15\" viewbox=\"0 0 17 15\" fill=\"none\" xmlns=\"http:\/\/www.w3.org\/2000\/svg\">\n<path d=\"M1 6.5C0.447715 6.5 0 6.94772 0 7.5C0 8.05228 0.447715 8.5 1 8.5V6.5ZM16.7071 8.20711C17.0976 7.81658 17.0976 7.18342 16.7071 6.79289L10.3431 0.428932C9.95262 0.0384078 9.31946 0.0384078 8.92893 0.428932C8.53841 0.819457 8.53841 1.45262 8.92893 1.84315L14.5858 7.5L8.92893 13.1569C8.53841 13.5474 8.53841 14.1805 8.92893 14.5711C9.31946 14.9616 9.95262 14.9616 10.3431 14.5711L16.7071 8.20711ZM1 7.5V8.5H8.5V7.5V6.5H1V7.5ZM8.5 7.5V8.5H16V7.5V6.5H8.5V7.5Z\" fill=\"white\"><\/path>\n<\/svg>\n\n                <\/i>\n            <\/div>\n            <\/div>\n<\/a>\n\n                <\/div>\n                    <\/div>\n    <\/div>\n<\/div><p>Outre le classement de la franchise, l&rsquo;incapacit&eacute; des prot&eacute;g&eacute;s de <strong>Jason Kidd<\/strong> &agrave; mettre un pied devant l&rsquo;autre en attaque (30&egrave;me et dernier &agrave; l&rsquo;Offensive rating cette saison) semble &agrave; ce stade r&eacute;dhibitoire pour esp&eacute;rer autre chose qu&rsquo;une bonne place &agrave; la prochaine <em>lottery<\/em> alors qu&rsquo;une superbe cuv&eacute;e de rookies se profile &agrave; l&rsquo;horizon (Darryn Peterson, <strong>Cameron Boozer<\/strong>, A.J. Dybantsa&hellip;).<\/p><p>A moins que le retour de blessure de <strong>Kyrie Irving<\/strong>, attendu d&rsquo;ici &agrave; la fin d&rsquo;ann&eacute;e, ne relance pleinement les co&eacute;quipiers de Cooper Flagg ?<\/p><p>Credit : &copy; Jerome Miron-Imagn Images<\/p>\n","protected":false},"excerpt":{"rendered":"","protected":false},"author":180310263,"featured_media":1508463,"comment_status":"closed","ping_status":"closed","sticky":false,"template":"","format":"standard","meta":{"inline_featured_image":false,"kia_subtitle":"","_mux_skip_reasons":[],"proofreadBy":0,"footnotes":""},"categories":[110],"tags":[763,7511,595,1073,23,8044],"sport":[2783],"saison":[],"class_list":["post-1508462","post","type-post","status-publish","format-standard","has-post-thumbnail","hentry","category-actualite-nba","tag-anthony-davis","tag-cooper-flagg","tag-dallas-mavericks","tag-kyrie-irving","tag-nba-tag","tag-nico-harrison","sport-nba"],"acf":[],"yoast_head":"<!-- This site is optimized with the Yoast SEO plugin v24.2 - https:\/\/yoast.com\/wordpress\/plugins\/seo\/ -->\n<title>Anthony Davis &quot;surpris&quot; du d&eacute;part de Nico Harrison<\/title>\n<meta name=\"description\" content=\"Monnaie d&#039;&eacute;change dans le cadre du trade de Luka Doncic, Anthony Davis s&#039;est exprim&eacute; mercredi sur le renvoi de Nico Harrison &agrave; Dallas.\" \/>\n<meta name=\"robots\" content=\"index, follow, max-snippet:-1, max-image-preview:large, max-video-preview:-1\" \/>\n<link rel=\"canonical\" href=\"https:\/\/theplayoffs.news\/fr\/actualite-nba\/anthony-davis-surpris-du-depart-de-nico-harrison\/\" \/>\n<meta property=\"og:locale\" content=\"fr_FR\" \/>\n<meta property=\"og:type\" content=\"article\" \/>\n<meta property=\"og:title\" content=\"Anthony Davis &quot;surpris&quot; du d&eacute;part de Nico Harrison\" \/>\n<meta property=\"og:description\" content=\"Monnaie d&#039;&eacute;change dans le cadre du trade de Luka Doncic, Anthony Davis s&#039;est exprim&eacute; mercredi sur le renvoi de Nico Harrison &agrave; Dallas.\" \/>\n<meta property=\"og:url\" content=\"https:\/\/theplayoffs.news\/fr\/actualite-nba\/anthony-davis-surpris-du-depart-de-nico-harrison\/\" \/>\n<meta property=\"og:site_name\" content=\"The Playoffs FR\" \/>\n<meta property=\"article:publisher\" content=\"https:\/\/www.facebook.com\/TheFreeAgentFR\/\" \/>\n<meta property=\"article:modified_time\" content=\"2025-11-27T16:55:25+01:00\" \/>\n<meta property=\"og:image\" content=\"https:\/\/theplayoffs.news\/fr\/wp-content\/uploads\/2025\/11\/USATSI_27582606_168402440_lowres.jpg\" \/>\n\t<meta property=\"og:image:width\" content=\"1920\" \/>\n\t<meta property=\"og:image:height\" content=\"1280\" \/>\n\t<meta property=\"og:image:type\" content=\"image\/jpeg\" \/>\n<meta name=\"author\" content=\"Maxime Bodilis\" \/>\n<meta name=\"twitter:card\" content=\"summary_large_image\" \/>\n<meta name=\"twitter:creator\" content=\"@TheFreeAgentFR\" \/>\n<meta name=\"twitter:site\" content=\"@TheFreeAgentFR\" \/>\n<meta name=\"twitter:label1\" content=\"\u00c9crit par\" \/>\n\t<meta name=\"twitter:data1\" content=\"Maxime Bodilis\" \/>\n\t<meta name=\"twitter:label2\" content=\"Dur\u00e9e de lecture estim\u00e9e\" \/>\n\t<meta name=\"twitter:data2\" content=\"2 minutes\" \/>\n<script type=\"application\/ld+json\" class=\"yoast-schema-graph\">{\"@context\":\"https:\/\/schema.org\",\"@graph\":[{\"@type\":\"WebPage\",\"@id\":\"https:\/\/theplayoffs.news\/fr\/actualite-nba\/anthony-davis-surpris-du-depart-de-nico-harrison\/\",\"url\":\"https:\/\/theplayoffs.news\/fr\/actualite-nba\/anthony-davis-surpris-du-depart-de-nico-harrison\/\",\"name\":\"Anthony Davis \\\\\\\"surpris\\\\\\\" du d\u00e9part de Nico Harrison\",\"isPartOf\":{\"@id\":\"https:\/\/theplayoffs.news\/fr\/#website\"},\"primaryImageOfPage\":{\"@id\":\"https:\/\/theplayoffs.news\/fr\/actualite-nba\/anthony-davis-surpris-du-depart-de-nico-harrison\/#primaryimage\"},\"image\":{\"@id\":\"https:\/\/theplayoffs.news\/fr\/actualite-nba\/anthony-davis-surpris-du-depart-de-nico-harrison\/#primaryimage\"},\"thumbnailUrl\":\"https:\/\/theplayoffs.news\/fr\/wp-content\/uploads\/2025\/11\/USATSI_27582606_168402440_lowres.jpg\",\"datePublished\":\"2025-11-27T15:55:19+00:00\",\"dateModified\":\"2025-11-27T15:55:25+00:00\",\"author\":{\"@id\":\"https:\/\/theplayoffs.news\/fr\/#\/schema\/person\/d871768c70a3f830131ee72b74bbd11d\"},\"description\":\"Monnaie d\\\\'\u00e9change dans le cadre du trade de Luka Doncic, Anthony Davis s\\\\'est exprim\u00e9 mercredi sur le renvoi de Nico Harrison \u00e0 Dallas.\",\"breadcrumb\":{\"@id\":\"https:\/\/theplayoffs.news\/fr\/actualite-nba\/anthony-davis-surpris-du-depart-de-nico-harrison\/#breadcrumb\"},\"inLanguage\":\"fr-FR\",\"potentialAction\":[{\"@type\":\"ReadAction\",\"target\":[\"https:\/\/theplayoffs.news\/fr\/actualite-nba\/anthony-davis-surpris-du-depart-de-nico-harrison\/\"]}]},{\"@type\":\"ImageObject\",\"inLanguage\":\"fr-FR\",\"@id\":\"https:\/\/theplayoffs.news\/fr\/actualite-nba\/anthony-davis-surpris-du-depart-de-nico-harrison\/#primaryimage\",\"url\":\"https:\/\/theplayoffs.news\/fr\/wp-content\/uploads\/2025\/11\/USATSI_27582606_168402440_lowres.jpg\",\"contentUrl\":\"https:\/\/theplayoffs.news\/fr\/wp-content\/uploads\/2025\/11\/USATSI_27582606_168402440_lowres.jpg\",\"width\":1920,\"height\":1280,\"caption\":\"NBA Dallas Mavericks Anthony Davis Kyrie Irving Nico Harrison Cooper Flagg\"},{\"@type\":\"BreadcrumbList\",\"@id\":\"https:\/\/theplayoffs.news\/fr\/actualite-nba\/anthony-davis-surpris-du-depart-de-nico-harrison\/#breadcrumb\",\"itemListElement\":[{\"@type\":\"ListItem\",\"position\":1,\"name\":\"Accueil\",\"item\":\"https:\/\/theplayoffs.news\/fr\/\"},{\"@type\":\"ListItem\",\"position\":2,\"name\":\"Anthony Davis &#8220;surpris&#8221; du d\u00e9part de Nico Harrison\"}]},{\"@type\":\"WebSite\",\"@id\":\"https:\/\/theplayoffs.news\/fr\/#website\",\"url\":\"https:\/\/theplayoffs.news\/fr\/\",\"name\":\"The Playoffs FR\",\"description\":\"NBA-NFL-NHL-MLB\",\"potentialAction\":[{\"@type\":\"SearchAction\",\"target\":{\"@type\":\"EntryPoint\",\"urlTemplate\":\"https:\/\/theplayoffs.news\/fr\/?s={search_term_string}\"},\"query-input\":{\"@type\":\"PropertyValueSpecification\",\"valueRequired\":true,\"valueName\":\"search_term_string\"}}],\"inLanguage\":\"fr-FR\"},{\"@type\":\"Person\",\"@id\":\"https:\/\/theplayoffs.news\/fr\/#\/schema\/person\/d871768c70a3f830131ee72b74bbd11d\",\"name\":\"Maxime Bodilis\",\"image\":{\"@type\":\"ImageObject\",\"inLanguage\":\"fr-FR\",\"@id\":\"https:\/\/theplayoffs.news\/fr\/#\/schema\/person\/image\/\",\"url\":\"https:\/\/secure.gravatar.com\/avatar\/5e151acde6515a05571e0035bf803336362ba4f5e565dba89323f14d014ea180?s=96&d=mm&r=g\",\"contentUrl\":\"https:\/\/secure.gravatar.com\/avatar\/5e151acde6515a05571e0035bf803336362ba4f5e565dba89323f14d014ea180?s=96&d=mm&r=g\",\"caption\":\"Maxime Bodilis\"},\"description\":\"R\u00e9dac\\\\' Chef \u00ab Basket \u00bb charg\u00e9 de la qualit\u00e9 des contenus et du respect de notre ligne \u00e9ditoriale. Ancien joueur de la SIG Strasbourg reconverti dans le journalisme. Pass\u00e9 par les centres de formation BeBasket, Reverse et Skweek avant de rejoindre The Playoffs. Biberonn\u00e9 aux dunks de Shawn Kemp et aux duels Pau-Limoges. Fan inconditionnel de Damian Lillard et Laurent Sciarra. Les highlights de Wemby illuminent mes journ\u00e9es. Et le shoot de Diamantidis continue de hanter mes nuits.\",\"sameAs\":[\"https:\/\/www.linkedin.com\/in\/maxime-bodilis-766a04153\/\"],\"url\":\"https:\/\/theplayoffs.news\/fr\/author\/maximebodilis\/\"}]}<\/script>\n<!-- \/ Yoast SEO plugin. -->","yoast_head_json":{"title":"Anthony Davis &quot;surpris&quot; du d&eacute;part de Nico Harrison","description":"Monnaie d&#039;&eacute;change dans le cadre du trade de Luka Doncic, Anthony Davis s&#039;est exprim&eacute; mercredi sur le renvoi de Nico Harrison &agrave; Dallas.","robots":{"index":"index","follow":"follow","max-snippet":"max-snippet:-1","max-image-preview":"max-image-preview:large","max-video-preview":"max-video-preview:-1"},"canonical":"https:\/\/theplayoffs.news\/fr\/actualite-nba\/anthony-davis-surpris-du-depart-de-nico-harrison\/","og_locale":"fr_FR","og_type":"article","og_title":"Anthony Davis &quot;surpris&quot; du d&eacute;part de Nico Harrison","og_description":"Monnaie d&#039;&eacute;change dans le cadre du trade de Luka Doncic, Anthony Davis s&#039;est exprim&eacute; mercredi sur le renvoi de Nico Harrison &agrave; Dallas.","og_url":"https:\/\/theplayoffs.news\/fr\/actualite-nba\/anthony-davis-surpris-du-depart-de-nico-harrison\/","og_site_name":"The Playoffs FR","article_publisher":"https:\/\/www.facebook.com\/TheFreeAgentFR\/","article_modified_time":"2025-11-27T15:55:25+00:00","og_image":[{"width":1920,"height":1280,"url":"https:\/\/theplayoffs.news\/fr\/wp-content\/uploads\/2025\/11\/USATSI_27582606_168402440_lowres.jpg","type":"image\/jpeg"}],"author":"Maxime Bodilis","twitter_card":"summary_large_image","twitter_creator":"@TheFreeAgentFR","twitter_site":"@TheFreeAgentFR","twitter_misc":{"\u00c9crit par":"Maxime Bodilis","Dur\u00e9e de lecture estim\u00e9e":"2 minutes"},"schema":{"@context":"https:\/\/schema.org","@graph":[{"@type":"WebPage","@id":"https:\/\/theplayoffs.news\/fr\/actualite-nba\/anthony-davis-surpris-du-depart-de-nico-harrison\/","url":"https:\/\/theplayoffs.news\/fr\/actualite-nba\/anthony-davis-surpris-du-depart-de-nico-harrison\/","name":"Anthony Davis \\\"surpris\\\" du d\u00e9part de Nico Harrison","isPartOf":{"@id":"https:\/\/theplayoffs.news\/fr\/#website"},"primaryImageOfPage":{"@id":"https:\/\/theplayoffs.news\/fr\/actualite-nba\/anthony-davis-surpris-du-depart-de-nico-harrison\/#primaryimage"},"image":{"@id":"https:\/\/theplayoffs.news\/fr\/actualite-nba\/anthony-davis-surpris-du-depart-de-nico-harrison\/#primaryimage"},"thumbnailUrl":"https:\/\/theplayoffs.news\/fr\/wp-content\/uploads\/2025\/11\/USATSI_27582606_168402440_lowres.jpg","datePublished":"2025-11-27T15:55:19+00:00","dateModified":"2025-11-27T15:55:25+00:00","author":{"@id":"https:\/\/theplayoffs.news\/fr\/#\/schema\/person\/d871768c70a3f830131ee72b74bbd11d"},"description":"Monnaie d\\'\u00e9change dans le cadre du trade de Luka Doncic, Anthony Davis s\\'est exprim\u00e9 mercredi sur le renvoi de Nico Harrison \u00e0 Dallas.","breadcrumb":{"@id":"https:\/\/theplayoffs.news\/fr\/actualite-nba\/anthony-davis-surpris-du-depart-de-nico-harrison\/#breadcrumb"},"inLanguage":"fr-FR","potentialAction":[{"@type":"ReadAction","target":["https:\/\/theplayoffs.news\/fr\/actualite-nba\/anthony-davis-surpris-du-depart-de-nico-harrison\/"]}]},{"@type":"ImageObject","inLanguage":"fr-FR","@id":"https:\/\/theplayoffs.news\/fr\/actualite-nba\/anthony-davis-surpris-du-depart-de-nico-harrison\/#primaryimage","url":"https:\/\/theplayoffs.news\/fr\/wp-content\/uploads\/2025\/11\/USATSI_27582606_168402440_lowres.jpg","contentUrl":"https:\/\/theplayoffs.news\/fr\/wp-content\/uploads\/2025\/11\/USATSI_27582606_168402440_lowres.jpg","width":1920,"height":1280,"caption":"NBA Dallas Mavericks Anthony Davis Kyrie Irving Nico Harrison Cooper Flagg"},{"@type":"BreadcrumbList","@id":"https:\/\/theplayoffs.news\/fr\/actualite-nba\/anthony-davis-surpris-du-depart-de-nico-harrison\/#breadcrumb","itemListElement":[{"@type":"ListItem","position":1,"name":"Accueil","item":"https:\/\/theplayoffs.news\/fr\/"},{"@type":"ListItem","position":2,"name":"Anthony Davis &#8220;surpris&#8221; du d\u00e9part de Nico Harrison"}]},{"@type":"WebSite","@id":"https:\/\/theplayoffs.news\/fr\/#website","url":"https:\/\/theplayoffs.news\/fr\/","name":"The Playoffs FR","description":"NBA-NFL-NHL-MLB","potentialAction":[{"@type":"SearchAction","target":{"@type":"EntryPoint","urlTemplate":"https:\/\/theplayoffs.news\/fr\/?s={search_term_string}"},"query-input":{"@type":"PropertyValueSpecification","valueRequired":true,"valueName":"search_term_string"}}],"inLanguage":"fr-FR"},{"@type":"Person","@id":"https:\/\/theplayoffs.news\/fr\/#\/schema\/person\/d871768c70a3f830131ee72b74bbd11d","name":"Maxime Bodilis","image":{"@type":"ImageObject","inLanguage":"fr-FR","@id":"https:\/\/theplayoffs.news\/fr\/#\/schema\/person\/image\/","url":"https:\/\/secure.gravatar.com\/avatar\/5e151acde6515a05571e0035bf803336362ba4f5e565dba89323f14d014ea180?s=96&d=mm&r=g","contentUrl":"https:\/\/secure.gravatar.com\/avatar\/5e151acde6515a05571e0035bf803336362ba4f5e565dba89323f14d014ea180?s=96&d=mm&r=g","caption":"Maxime Bodilis"},"description":"R\u00e9dac\\' Chef \u00ab Basket \u00bb charg\u00e9 de la qualit\u00e9 des contenus et du respect de notre ligne \u00e9ditoriale. Ancien joueur de la SIG Strasbourg reconverti dans le journalisme. Pass\u00e9 par les centres de formation BeBasket, Reverse et Skweek avant de rejoindre The Playoffs. Biberonn\u00e9 aux dunks de Shawn Kemp et aux duels Pau-Limoges. Fan inconditionnel de Damian Lillard et Laurent Sciarra. Les highlights de Wemby illuminent mes journ\u00e9es. Et le shoot de Diamantidis continue de hanter mes nuits.","sameAs":["https:\/\/www.linkedin.com\/in\/maxime-bodilis-766a04153\/"],"url":"https:\/\/theplayoffs.news\/fr\/author\/maximebodilis\/"}]}},"_links":{"self":[{"href":"https:\/\/theplayoffs.news\/fr\/wp-json\/wp\/v2\/posts\/1508462","targetHints":{"allow":["GET"]}}],"collection":[{"href":"https:\/\/theplayoffs.news\/fr\/wp-json\/wp\/v2\/posts"}],"about":[{"href":"https:\/\/theplayoffs.news\/fr\/wp-json\/wp\/v2\/types\/post"}],"author":[{"embeddable":true,"href":"https:\/\/theplayoffs.news\/fr\/wp-json\/wp\/v2\/users\/180310263"}],"replies":[{"embeddable":true,"href":"https:\/\/theplayoffs.news\/fr\/wp-json\/wp\/v2\/comments?post=1508462"}],"version-history":[{"count":1,"href":"https:\/\/theplayoffs.news\/fr\/wp-json\/wp\/v2\/posts\/1508462\/revisions"}],"predecessor-version":[{"id":1508464,"href":"https:\/\/theplayoffs.news\/fr\/wp-json\/wp\/v2\/posts\/1508462\/revisions\/1508464"}],"wp:featuredmedia":[{"embeddable":true,"href":"https:\/\/theplayoffs.news\/fr\/wp-json\/wp\/v2\/media\/1508463"}],"wp:attachment":[{"href":"https:\/\/theplayoffs.news\/fr\/wp-json\/wp\/v2\/media?parent=1508462"}],"wp:term":[{"taxonomy":"category","embeddable":true,"href":"https:\/\/theplayoffs.news\/fr\/wp-json\/wp\/v2\/categories?post=1508462"},{"taxonomy":"post_tag","embeddable":true,"href":"https:\/\/theplayoffs.news\/fr\/wp-json\/wp\/v2\/tags?post=1508462"},{"taxonomy":"sport","embeddable":true,"href":"https:\/\/theplayoffs.news\/fr\/wp-json\/wp\/v2\/sport?post=1508462"},{"taxonomy":"saison","embeddable":true,"href":"https:\/\/theplayoffs.news\/fr\/wp-json\/wp\/v2\/saison?post=1508462"}],"curies":[{"name":"wp","href":"https:\/\/api.w.org\/{rel}","templated":true}]}}