{"id":1508379,"date":"2025-11-26T12:19:31","date_gmt":"2025-11-26T11:19:31","guid":{"rendered":"https:\/\/theplayoffs.news\/fr\/uncategorized\/\/"},"modified":"2025-11-26T12:20:07","modified_gmt":"2025-11-26T11:20:07","slug":"du-mouvement-dans-la-raquette-des-lakers","status":"publish","type":"post","link":"https:\/\/theplayoffs.news\/fr\/actualite-nba\/du-mouvement-dans-la-raquette-des-lakers\/","title":{"rendered":"Du mouvement dans la raquette des Lakers !"},"content":{"rendered":"<p>Principal chantier de l&rsquo;intersaison chez les Lakers, le secteur int&eacute;rieur est de nouveau en &eacute;volution ! Suite &agrave; un d&eacute;but de saison canon avec les South Bay Lakers (25.5 points, 8 rebonds et 4 passes de moyennne), l&rsquo;ancien Net Drew Timme<a href=\"https:\/\/theplayoffs.news\/fr\/actualite-nba\/ajustements-en-vue-pour-les-lakers\/\" target=\"_blank\" rel=\"noreferrer noopener\" class=\"trk-cta-link\" data-cta-trk='{\"ctaType\":\"Link\",\"ctaSubType\":\"main\"}'> a sign&eacute; un two-way contract en d&eacute;but de semaine<\/a>. <\/p><p>Pour pouvoir officialiser cette signature, les Angelinos devaient se s&eacute;parer d&rsquo;un joueur. Le sacrifi&eacute; se nomme <a href=\"https:\/\/www.basketball-reference.com\/players\/k\/kolokch01.html\" target=\"_blank\" rel=\"noreferrer noopener\" class=\"trk-cta-link\" data-cta-trk='{\"ctaType\":\"Link\",\"ctaSubType\":\"main\"}'>Christian Koloko<\/a>. C&rsquo;est Chris Manon qui va pouvoir souffler ! L&rsquo;arri&egrave;re &eacute;tait &eacute;galement list&eacute; parmi les joueurs susceptibles de quitter le navire. Le cut de l&rsquo;int&eacute;rieur camerounais a &eacute;t&eacute; confirm&eacute; par Shams Charania.  <\/p><figure class=\"wp-block-embed is-type-rich is-provider-twitter wp-block-embed-twitter\"><div class=\"wp-block-embed__wrapper\">\n<blockquote class=\"twitter-tweet\" data-width=\"500\" data-dnt=\"true\"><p lang=\"en\" dir=\"ltr\">The Lakers are waiving center Christian Koloko to create roster space for Timme, sources said. <a href=\"https:\/\/t.co\/X6LCmeXx4D\" class=\"trk-cta-link\" data-cta-trk='{\"ctaType\":\"Link\",\"ctaSubType\":\"main\"}'>https:\/\/t.co\/X6LCmeXx4D<\/a><\/p>&mdash; Shams Charania (@ShamsCharania) <a href=\"https:\/\/twitter.com\/ShamsCharania\/status\/1993114091133558949?ref_src=twsrc%5Etfw\" class=\"trk-cta-link\" data-cta-trk='{\"ctaType\":\"Link\",\"ctaSubType\":\"main\"}'>November 25, 2025<\/a><\/blockquote><script async src=\"https:\/\/platform.twitter.com\/widgets.js\" charset=\"utf-8\"><\/script>\n<\/div><\/figure><p>Avec seulement deux petites apparitions cette saison et 0 point au compteur, son d&eacute;part ne devrait pas chambouler le roster angelino. Le nouvel arrivant devrait, quant &agrave; lui, avoir du temps de jeu assez rapidement, car <a href=\"https:\/\/www.basketball-reference.com\/players\/a\/aytonde01.html\" target=\"_blank\" rel=\"noreferrer noopener\" class=\"trk-cta-link\" data-cta-trk='{\"ctaType\":\"Link\",\"ctaSubType\":\"main\"}'>DeAndre Ayton<\/a> est incertain jusqu&rsquo;&agrave; la fin de semaine ! <\/p><p>Touch&eacute; au genou droit lors de la difficile victoire des Lakers face au Jazz le week-end dernier (108-106) <em>Dominayton<\/em> n&rsquo;est pas revenu sur les parquets depuis. Ce mercredi les r&eacute;sultats de son IRM se sont r&eacute;v&eacute;l&eacute;s plut&ocirc;t encourageants, puisqu&rsquo;aucune l&eacute;sion n&rsquo;a &eacute;t&eacute; d&eacute;cel&eacute;e. Seul un &oelig;d&egrave;me et une l&eacute;g&egrave;re contusion ont &eacute;t&eacute; marqu&eacute;es dans le diagnostic.<\/p><figure class=\"wp-block-embed is-type-rich is-provider-twitter wp-block-embed-twitter\"><div class=\"wp-block-embed__wrapper\">\n<blockquote class=\"twitter-tweet\" data-width=\"500\" data-dnt=\"true\"><p lang=\"en\" dir=\"ltr\">Deandre Ayton did have a MRI but the results were clean. Ayton is &ldquo;game to game,&rdquo; Redick says<\/p>&mdash; Dan Woike (@DanWoikeSports) <a href=\"https:\/\/twitter.com\/DanWoikeSports\/status\/1993504104073818248?ref_src=twsrc%5Etfw\" class=\"trk-cta-link\" data-cta-trk='{\"ctaType\":\"Link\",\"ctaSubType\":\"main\"}'>November 26, 2025<\/a><\/blockquote><script async src=\"https:\/\/platform.twitter.com\/widgets.js\" charset=\"utf-8\"><\/script>\n<\/div><\/figure><p>Son coach, JJ Redick, a affirm&eacute; que son &eacute;tat &eacute;tait stable et esp&egrave;re le voir en tenue d&rsquo;ici la fin de semaine. Mais avec DeAndre Ayton, rien n&rsquo;est jamais garanti. Except&eacute; son contrat, qui court jusqu&rsquo;en 2027. <\/p><figure class=\"wp-block-embed is-type-rich is-provider-twitter wp-block-embed-twitter\"><div class=\"wp-block-embed__wrapper\">\n<blockquote class=\"twitter-tweet\" data-width=\"500\" data-dnt=\"true\"><p lang=\"en\" dir=\"ltr\">BREAKING: Deandre Ayton's MRI results came back clean. JJ Redick hopes Ayton can return by end of the week.<br><br>(via <a href=\"https:\/\/twitter.com\/mcten?ref_src=twsrc%5Etfw\" class=\"trk-cta-link\" data-cta-trk='{\"ctaType\":\"Link\",\"ctaSubType\":\"main\"}'>@mcten<\/a>) <a href=\"https:\/\/t.co\/54tuT7PKxx\" class=\"trk-cta-link\" data-cta-trk='{\"ctaType\":\"Link\",\"ctaSubType\":\"main\"}'>pic.twitter.com\/54tuT7PKxx<\/a><\/p>&mdash; BronMuse (@BronMuse) <a href=\"https:\/\/twitter.com\/BronMuse\/status\/1993505227341959426?ref_src=twsrc%5Etfw\" class=\"trk-cta-link\" data-cta-trk='{\"ctaType\":\"Link\",\"ctaSubType\":\"main\"}'>November 26, 2025<\/a><\/blockquote><script async src=\"https:\/\/platform.twitter.com\/widgets.js\" charset=\"utf-8\"><\/script>\n<\/div><\/figure><p>Les statistiques de DeAndre Ayton sur cette saison 2025\/26 : 15.5 points \/ 8.4 rebonds \/ 0.9 contre. <\/p><p>Cr&eacute;dit : &copy; Stephen Lew-Imagn Images<\/p>\n","protected":false},"excerpt":{"rendered":"","protected":false},"author":180310274,"featured_media":1508380,"comment_status":"closed","ping_status":"closed","sticky":false,"template":"","format":"standard","meta":{"inline_featured_image":false,"kia_subtitle":"","_mux_skip_reasons":[],"proofreadBy":0,"footnotes":""},"categories":[110,8414,10],"tags":[4216,9509,2681,5719,43,117],"sport":[],"saison":[],"class_list":["post-1508379","post","type-post","status-publish","format-standard","has-post-thumbnail","hentry","category-actualite-nba","category-basketball-sports","category-nba","tag-ayton","tag-christian-koloko","tag-deandre-ayton","tag-drew-timme","tag-lakers","tag-los-angeles-lakers"],"acf":[],"yoast_head":"<!-- This site is optimized with the Yoast SEO plugin v24.2 - https:\/\/yoast.com\/wordpress\/plugins\/seo\/ -->\n<title>Du mouvement dans la raquette des Lakers ! - The Playoffs FR<\/title>\n<meta name=\"description\" content=\"Alors que DeAndre Ayton est incertain jusqu&#039;&agrave; la fin de semaine, un turnover &agrave; &eacute;t&eacute; effectu&eacute; par le front office des Lakers !\" \/>\n<meta name=\"robots\" content=\"index, follow, max-snippet:-1, max-image-preview:large, max-video-preview:-1\" \/>\n<link rel=\"canonical\" href=\"https:\/\/theplayoffs.news\/fr\/actualite-nba\/du-mouvement-dans-la-raquette-des-lakers\/\" \/>\n<meta property=\"og:locale\" content=\"fr_FR\" \/>\n<meta property=\"og:type\" content=\"article\" \/>\n<meta property=\"og:title\" content=\"Du mouvement dans la raquette des Lakers ! - The Playoffs FR\" \/>\n<meta property=\"og:description\" content=\"Alors que DeAndre Ayton est incertain jusqu&#039;&agrave; la fin de semaine, un turnover &agrave; &eacute;t&eacute; effectu&eacute; par le front office des Lakers !\" \/>\n<meta property=\"og:url\" content=\"https:\/\/theplayoffs.news\/fr\/actualite-nba\/du-mouvement-dans-la-raquette-des-lakers\/\" \/>\n<meta property=\"og:site_name\" content=\"The Playoffs FR\" \/>\n<meta property=\"article:publisher\" content=\"https:\/\/www.facebook.com\/TheFreeAgentFR\/\" \/>\n<meta property=\"article:modified_time\" content=\"2025-11-26T12:20:07+01:00\" \/>\n<meta property=\"og:image\" content=\"https:\/\/theplayoffs.news\/fr\/wp-content\/uploads\/2025\/11\/USATSI_27589589_168419921_lowres.jpg\" \/>\n\t<meta property=\"og:image:width\" content=\"1280\" \/>\n\t<meta property=\"og:image:height\" content=\"1920\" \/>\n\t<meta property=\"og:image:type\" content=\"image\/jpeg\" \/>\n<meta name=\"author\" content=\"Alvin Tourdes\" \/>\n<meta name=\"twitter:card\" content=\"summary_large_image\" \/>\n<meta name=\"twitter:creator\" content=\"@TheFreeAgentFR\" \/>\n<meta name=\"twitter:site\" content=\"@TheFreeAgentFR\" \/>\n<meta name=\"twitter:label1\" content=\"\u00c9crit par\" \/>\n\t<meta name=\"twitter:data1\" content=\"Alvin Tourdes\" \/>\n\t<meta name=\"twitter:label2\" content=\"Dur\u00e9e de lecture estim\u00e9e\" \/>\n\t<meta name=\"twitter:data2\" content=\"2 minutes\" \/>\n<script type=\"application\/ld+json\" class=\"yoast-schema-graph\">{\"@context\":\"https:\/\/schema.org\",\"@graph\":[{\"@type\":\"WebPage\",\"@id\":\"https:\/\/theplayoffs.news\/fr\/actualite-nba\/du-mouvement-dans-la-raquette-des-lakers\/\",\"url\":\"https:\/\/theplayoffs.news\/fr\/actualite-nba\/du-mouvement-dans-la-raquette-des-lakers\/\",\"name\":\"Du mouvement dans la raquette des Lakers ! - The Playoffs FR\",\"isPartOf\":{\"@id\":\"https:\/\/theplayoffs.news\/fr\/#website\"},\"primaryImageOfPage\":{\"@id\":\"https:\/\/theplayoffs.news\/fr\/actualite-nba\/du-mouvement-dans-la-raquette-des-lakers\/#primaryimage\"},\"image\":{\"@id\":\"https:\/\/theplayoffs.news\/fr\/actualite-nba\/du-mouvement-dans-la-raquette-des-lakers\/#primaryimage\"},\"thumbnailUrl\":\"https:\/\/theplayoffs.news\/fr\/wp-content\/uploads\/2025\/11\/USATSI_27589589_168419921_lowres.jpg\",\"datePublished\":\"2025-11-26T11:19:31+00:00\",\"dateModified\":\"2025-11-26T11:20:07+00:00\",\"author\":{\"@id\":\"https:\/\/theplayoffs.news\/fr\/#\/schema\/person\/60ebe784567388a1a222e0c302c1c514\"},\"description\":\"Alors que DeAndre Ayton est incertain jusqu\\\\'\u00e0 la fin de semaine, un turnover \u00e0 \u00e9t\u00e9 effectu\u00e9 par le front office des Lakers !\",\"breadcrumb\":{\"@id\":\"https:\/\/theplayoffs.news\/fr\/actualite-nba\/du-mouvement-dans-la-raquette-des-lakers\/#breadcrumb\"},\"inLanguage\":\"fr-FR\",\"potentialAction\":[{\"@type\":\"ReadAction\",\"target\":[\"https:\/\/theplayoffs.news\/fr\/actualite-nba\/du-mouvement-dans-la-raquette-des-lakers\/\"]}]},{\"@type\":\"ImageObject\",\"inLanguage\":\"fr-FR\",\"@id\":\"https:\/\/theplayoffs.news\/fr\/actualite-nba\/du-mouvement-dans-la-raquette-des-lakers\/#primaryimage\",\"url\":\"https:\/\/theplayoffs.news\/fr\/wp-content\/uploads\/2025\/11\/USATSI_27589589_168419921_lowres.jpg\",\"contentUrl\":\"https:\/\/theplayoffs.news\/fr\/wp-content\/uploads\/2025\/11\/USATSI_27589589_168419921_lowres.jpg\",\"width\":1280,\"height\":1920,\"caption\":\"Nov 14, 2025; New Orleans, Louisiana, USA; Los Angeles Lakers center Deandre Ayton (5) grabs a rebound against the New Orleans Pelicans during the second half at Smoothie King Center. Mandatory Credit: Stephen Lew-Imagn Images\"},{\"@type\":\"BreadcrumbList\",\"@id\":\"https:\/\/theplayoffs.news\/fr\/actualite-nba\/du-mouvement-dans-la-raquette-des-lakers\/#breadcrumb\",\"itemListElement\":[{\"@type\":\"ListItem\",\"position\":1,\"name\":\"Accueil\",\"item\":\"https:\/\/theplayoffs.news\/fr\/\"},{\"@type\":\"ListItem\",\"position\":2,\"name\":\"Du mouvement dans la raquette des Lakers !\"}]},{\"@type\":\"WebSite\",\"@id\":\"https:\/\/theplayoffs.news\/fr\/#website\",\"url\":\"https:\/\/theplayoffs.news\/fr\/\",\"name\":\"The Playoffs FR\",\"description\":\"NBA-NFL-NHL-MLB\",\"potentialAction\":[{\"@type\":\"SearchAction\",\"target\":{\"@type\":\"EntryPoint\",\"urlTemplate\":\"https:\/\/theplayoffs.news\/fr\/?s={search_term_string}\"},\"query-input\":{\"@type\":\"PropertyValueSpecification\",\"valueRequired\":true,\"valueName\":\"search_term_string\"}}],\"inLanguage\":\"fr-FR\"},{\"@type\":\"Person\",\"@id\":\"https:\/\/theplayoffs.news\/fr\/#\/schema\/person\/60ebe784567388a1a222e0c302c1c514\",\"name\":\"Alvin Tourdes\",\"image\":{\"@type\":\"ImageObject\",\"inLanguage\":\"fr-FR\",\"@id\":\"https:\/\/theplayoffs.news\/fr\/#\/schema\/person\/image\/\",\"url\":\"https:\/\/secure.gravatar.com\/avatar\/5e85bdfb29cd7e652130a9539636b182dff1b3578a259497a7a37e3944f4fe0a?s=96&d=mm&r=g\",\"contentUrl\":\"https:\/\/secure.gravatar.com\/avatar\/5e85bdfb29cd7e652130a9539636b182dff1b3578a259497a7a37e3944f4fe0a?s=96&d=mm&r=g\",\"caption\":\"Alvin Tourdes\"},\"url\":\"https:\/\/theplayoffs.news\/fr\/author\/alvin\/\"}]}<\/script>\n<!-- \/ Yoast SEO plugin. -->","yoast_head_json":{"title":"Du mouvement dans la raquette des Lakers ! - The Playoffs FR","description":"Alors que DeAndre Ayton est incertain jusqu&#039;&agrave; la fin de semaine, un turnover &agrave; &eacute;t&eacute; effectu&eacute; par le front office des Lakers !","robots":{"index":"index","follow":"follow","max-snippet":"max-snippet:-1","max-image-preview":"max-image-preview:large","max-video-preview":"max-video-preview:-1"},"canonical":"https:\/\/theplayoffs.news\/fr\/actualite-nba\/du-mouvement-dans-la-raquette-des-lakers\/","og_locale":"fr_FR","og_type":"article","og_title":"Du mouvement dans la raquette des Lakers ! - The Playoffs FR","og_description":"Alors que DeAndre Ayton est incertain jusqu&#039;&agrave; la fin de semaine, un turnover &agrave; &eacute;t&eacute; effectu&eacute; par le front office des Lakers !","og_url":"https:\/\/theplayoffs.news\/fr\/actualite-nba\/du-mouvement-dans-la-raquette-des-lakers\/","og_site_name":"The Playoffs FR","article_publisher":"https:\/\/www.facebook.com\/TheFreeAgentFR\/","article_modified_time":"2025-11-26T11:20:07+00:00","og_image":[{"width":1280,"height":1920,"url":"https:\/\/theplayoffs.news\/fr\/wp-content\/uploads\/2025\/11\/USATSI_27589589_168419921_lowres.jpg","type":"image\/jpeg"}],"author":"Alvin Tourdes","twitter_card":"summary_large_image","twitter_creator":"@TheFreeAgentFR","twitter_site":"@TheFreeAgentFR","twitter_misc":{"\u00c9crit par":"Alvin Tourdes","Dur\u00e9e de lecture estim\u00e9e":"2 minutes"},"schema":{"@context":"https:\/\/schema.org","@graph":[{"@type":"WebPage","@id":"https:\/\/theplayoffs.news\/fr\/actualite-nba\/du-mouvement-dans-la-raquette-des-lakers\/","url":"https:\/\/theplayoffs.news\/fr\/actualite-nba\/du-mouvement-dans-la-raquette-des-lakers\/","name":"Du mouvement dans la raquette des Lakers ! - The Playoffs FR","isPartOf":{"@id":"https:\/\/theplayoffs.news\/fr\/#website"},"primaryImageOfPage":{"@id":"https:\/\/theplayoffs.news\/fr\/actualite-nba\/du-mouvement-dans-la-raquette-des-lakers\/#primaryimage"},"image":{"@id":"https:\/\/theplayoffs.news\/fr\/actualite-nba\/du-mouvement-dans-la-raquette-des-lakers\/#primaryimage"},"thumbnailUrl":"https:\/\/theplayoffs.news\/fr\/wp-content\/uploads\/2025\/11\/USATSI_27589589_168419921_lowres.jpg","datePublished":"2025-11-26T11:19:31+00:00","dateModified":"2025-11-26T11:20:07+00:00","author":{"@id":"https:\/\/theplayoffs.news\/fr\/#\/schema\/person\/60ebe784567388a1a222e0c302c1c514"},"description":"Alors que DeAndre Ayton est incertain jusqu\\'\u00e0 la fin de semaine, un turnover \u00e0 \u00e9t\u00e9 effectu\u00e9 par le front office des Lakers !","breadcrumb":{"@id":"https:\/\/theplayoffs.news\/fr\/actualite-nba\/du-mouvement-dans-la-raquette-des-lakers\/#breadcrumb"},"inLanguage":"fr-FR","potentialAction":[{"@type":"ReadAction","target":["https:\/\/theplayoffs.news\/fr\/actualite-nba\/du-mouvement-dans-la-raquette-des-lakers\/"]}]},{"@type":"ImageObject","inLanguage":"fr-FR","@id":"https:\/\/theplayoffs.news\/fr\/actualite-nba\/du-mouvement-dans-la-raquette-des-lakers\/#primaryimage","url":"https:\/\/theplayoffs.news\/fr\/wp-content\/uploads\/2025\/11\/USATSI_27589589_168419921_lowres.jpg","contentUrl":"https:\/\/theplayoffs.news\/fr\/wp-content\/uploads\/2025\/11\/USATSI_27589589_168419921_lowres.jpg","width":1280,"height":1920,"caption":"Nov 14, 2025; New Orleans, Louisiana, USA; Los Angeles Lakers center Deandre Ayton (5) grabs a rebound against the New Orleans Pelicans during the second half at Smoothie King Center. Mandatory Credit: Stephen Lew-Imagn Images"},{"@type":"BreadcrumbList","@id":"https:\/\/theplayoffs.news\/fr\/actualite-nba\/du-mouvement-dans-la-raquette-des-lakers\/#breadcrumb","itemListElement":[{"@type":"ListItem","position":1,"name":"Accueil","item":"https:\/\/theplayoffs.news\/fr\/"},{"@type":"ListItem","position":2,"name":"Du mouvement dans la raquette des Lakers !"}]},{"@type":"WebSite","@id":"https:\/\/theplayoffs.news\/fr\/#website","url":"https:\/\/theplayoffs.news\/fr\/","name":"The Playoffs FR","description":"NBA-NFL-NHL-MLB","potentialAction":[{"@type":"SearchAction","target":{"@type":"EntryPoint","urlTemplate":"https:\/\/theplayoffs.news\/fr\/?s={search_term_string}"},"query-input":{"@type":"PropertyValueSpecification","valueRequired":true,"valueName":"search_term_string"}}],"inLanguage":"fr-FR"},{"@type":"Person","@id":"https:\/\/theplayoffs.news\/fr\/#\/schema\/person\/60ebe784567388a1a222e0c302c1c514","name":"Alvin Tourdes","image":{"@type":"ImageObject","inLanguage":"fr-FR","@id":"https:\/\/theplayoffs.news\/fr\/#\/schema\/person\/image\/","url":"https:\/\/secure.gravatar.com\/avatar\/5e85bdfb29cd7e652130a9539636b182dff1b3578a259497a7a37e3944f4fe0a?s=96&d=mm&r=g","contentUrl":"https:\/\/secure.gravatar.com\/avatar\/5e85bdfb29cd7e652130a9539636b182dff1b3578a259497a7a37e3944f4fe0a?s=96&d=mm&r=g","caption":"Alvin Tourdes"},"url":"https:\/\/theplayoffs.news\/fr\/author\/alvin\/"}]}},"_links":{"self":[{"href":"https:\/\/theplayoffs.news\/fr\/wp-json\/wp\/v2\/posts\/1508379","targetHints":{"allow":["GET"]}}],"collection":[{"href":"https:\/\/theplayoffs.news\/fr\/wp-json\/wp\/v2\/posts"}],"about":[{"href":"https:\/\/theplayoffs.news\/fr\/wp-json\/wp\/v2\/types\/post"}],"author":[{"embeddable":true,"href":"https:\/\/theplayoffs.news\/fr\/wp-json\/wp\/v2\/users\/180310274"}],"replies":[{"embeddable":true,"href":"https:\/\/theplayoffs.news\/fr\/wp-json\/wp\/v2\/comments?post=1508379"}],"version-history":[{"count":2,"href":"https:\/\/theplayoffs.news\/fr\/wp-json\/wp\/v2\/posts\/1508379\/revisions"}],"predecessor-version":[{"id":1508382,"href":"https:\/\/theplayoffs.news\/fr\/wp-json\/wp\/v2\/posts\/1508379\/revisions\/1508382"}],"wp:featuredmedia":[{"embeddable":true,"href":"https:\/\/theplayoffs.news\/fr\/wp-json\/wp\/v2\/media\/1508380"}],"wp:attachment":[{"href":"https:\/\/theplayoffs.news\/fr\/wp-json\/wp\/v2\/media?parent=1508379"}],"wp:term":[{"taxonomy":"category","embeddable":true,"href":"https:\/\/theplayoffs.news\/fr\/wp-json\/wp\/v2\/categories?post=1508379"},{"taxonomy":"post_tag","embeddable":true,"href":"https:\/\/theplayoffs.news\/fr\/wp-json\/wp\/v2\/tags?post=1508379"},{"taxonomy":"sport","embeddable":true,"href":"https:\/\/theplayoffs.news\/fr\/wp-json\/wp\/v2\/sport?post=1508379"},{"taxonomy":"saison","embeddable":true,"href":"https:\/\/theplayoffs.news\/fr\/wp-json\/wp\/v2\/saison?post=1508379"}],"curies":[{"name":"wp","href":"https:\/\/api.w.org\/{rel}","templated":true}]}}