{"id":1507765,"date":"2025-11-17T17:45:22","date_gmt":"2025-11-17T16:45:22","guid":{"rendered":"https:\/\/theplayoffs.news\/fr\/uncategorized\/\/"},"modified":"2025-11-17T17:45:27","modified_gmt":"2025-11-17T16:45:27","slug":"falcons-fin-de-saison-pour-penix-jr","status":"publish","type":"post","link":"https:\/\/theplayoffs.news\/fr\/actualite-nfl\/falcons-fin-de-saison-pour-penix-jr\/","title":{"rendered":"Falcons : fin de saison pour Penix Jr ?"},"content":{"rendered":"<p>Hier soir, les Atlanta Falcons se sont inclin&eacute;s contre les Carolina Panthers en prolongation, de quoi enterrer d&eacute;finitivement les espoirs de playoffs. Durant cette d&eacute;faite, Atlanta <a href=\"https:\/\/theplayoffs.news\/fr\/actualite-nfl\/nfl-semaine-11-michael-penix-jr-blesse\/\" class=\"trk-cta-link\" data-cta-trk='{\"ctaType\":\"Link\",\"ctaSubType\":\"main\"}'>a perdu son quarterback<\/a> de deuxi&egrave;me ann&eacute;e, Michael Penix Jr. <\/p><p>Selon Adam Schefter <a href=\"https:\/\/www.espn.co.uk\/\" class=\"trk-cta-link\" data-cta-trk='{\"ctaType\":\"Link\",\"ctaSubType\":\"main\"}'>d&rsquo;ESPN<\/a>, la saison de Penix pourrait bien &ecirc;tre arriv&eacute;e &agrave; son terme, avec une blessure &agrave; la cheville qui devrait l&rsquo;&eacute;carter des terrains jusqu&rsquo;&agrave; la fin de la saison, au minimum. De nouveaux examens sont &agrave; pr&eacute;voir, afin d&rsquo;avoir un deuxi&egrave;me avis sur la situation, mais la situation semble compliqu&eacute;e pour le joueur de 25 ans.<\/p><p>Ce n&rsquo;est pas la premi&egrave;re fois que le jeune quarterback des Falcons subi des probl&egrave;mes aux genoux. En effet, lors de sa carri&egrave;re universitaire, ce dernier a &eacute;t&eacute; victime &agrave; deux reprises de ruptures du ligament crois&eacute; ant&eacute;rieur du genou droit, avant de se blesser en d&eacute;but de saison au genou oppos&eacute;. Il s&rsquo;av&egrave;re que cette blessure a pris de l&rsquo;ampleur.<\/p><p>Pour les Falcons, c&rsquo;est un coup dur, mais pas de panique, car ceux-ci disposent du v&eacute;t&eacute;ran Kirk Cousins. Ce dernier est dans la derni&egrave;re ann&eacute;e de son contrat de deux ans, pour 90 millions de dollars avec Atlanta. Cousins aura l&rsquo;occasion de montrer la raison pour laquelle les Falcons l&rsquo;ont pay&eacute; autant, d&rsquo;autant plus qu&rsquo;il sera &agrave; la recherche d&rsquo;une &eacute;quipe la saison prochaine, avec un contrat bien moins volumineux &agrave; la cl&eacute;.<\/p><p>Lors de son apparition &agrave; partir du quatri&egrave;me quart temps, Kirk Cousins a compl&eacute;t&eacute; six de ses quatorze passes tent&eacute;es, pour 48 yards. Il a men&eacute; les Falcons jusqu&rsquo;&agrave; la d&eacute;faite, en prolongation.<\/p><p>Apr&egrave;s tout, au vu du r&eacute;sultat d&rsquo;hier face aux Panthers, les Falcons sont d&eacute;sormais &agrave; 3-7. La saison est dor&eacute;navant termin&eacute;e donc les prochains r&eacute;sultats importent peu la franchise. Malgr&eacute; tout, Atlanta aura l&rsquo;occasion de se rattraper ce dimanche, face aux Saints, dans un autre duel de la NFC South.<\/p><p>Credit: Dale Zanine-Imagn Images<\/p>\n","protected":false},"excerpt":{"rendered":"<p>NFL &#8211; Nouveau coup dur pour les Falcons, qui perde probablement leur quarterback titulaire Michael Penix pour la saison<\/p>\n","protected":false},"author":180310178,"featured_media":1507766,"comment_status":"closed","ping_status":"closed","sticky":false,"template":"","format":"standard","meta":{"inline_featured_image":false,"kia_subtitle":"NFL - Nouveau coup dur pour les Falcons, qui perde probablement leur quarterback titulaire Michael Penix pour la saison","_mux_skip_reasons":[],"proofreadBy":0,"footnotes":""},"categories":[118,8410,40,8408],"tags":[920,1430],"sport":[],"saison":[],"class_list":["post-1507765","post","type-post","status-publish","format-standard","has-post-thumbnail","hentry","category-actualite-nfl","category-football-americain","category-nfl","category-sports","tag-atlanta-falcons","tag-michael-penix-jr"],"acf":[],"yoast_head":"<!-- This site is optimized with the Yoast SEO plugin v24.2 - https:\/\/yoast.com\/wordpress\/plugins\/seo\/ -->\n<title>Falcons : fin de saison pour Penix Jr ? - The Playoffs FR<\/title>\n<meta name=\"description\" content=\"NFL - Nouveau coup dur pour les Falcons, qui perde probablement leur quarterback titulaire Michael Penix pour la saison\" \/>\n<meta name=\"robots\" content=\"index, follow, max-snippet:-1, max-image-preview:large, max-video-preview:-1\" \/>\n<link rel=\"canonical\" href=\"https:\/\/theplayoffs.news\/fr\/actualite-nfl\/falcons-fin-de-saison-pour-penix-jr\/\" \/>\n<meta property=\"og:locale\" content=\"fr_FR\" \/>\n<meta property=\"og:type\" content=\"article\" \/>\n<meta property=\"og:title\" content=\"Falcons : fin de saison pour Penix Jr ? - The Playoffs FR\" \/>\n<meta property=\"og:description\" content=\"NFL - Nouveau coup dur pour les Falcons, qui perde probablement leur quarterback titulaire Michael Penix pour la saison\" \/>\n<meta property=\"og:url\" content=\"https:\/\/theplayoffs.news\/fr\/actualite-nfl\/falcons-fin-de-saison-pour-penix-jr\/\" \/>\n<meta property=\"og:site_name\" content=\"The Playoffs FR\" \/>\n<meta property=\"article:publisher\" content=\"https:\/\/www.facebook.com\/TheFreeAgentFR\/\" \/>\n<meta property=\"article:modified_time\" content=\"2025-11-17T17:45:27+01:00\" \/>\n<meta property=\"og:image\" content=\"https:\/\/theplayoffs.news\/fr\/wp-content\/uploads\/2025\/11\/USATSI_27608085.jpg\" \/>\n\t<meta property=\"og:image:width\" content=\"1920\" \/>\n\t<meta property=\"og:image:height\" content=\"1280\" \/>\n\t<meta property=\"og:image:type\" content=\"image\/jpeg\" \/>\n<meta name=\"author\" content=\"Arthur Berlemont\" \/>\n<meta name=\"twitter:card\" content=\"summary_large_image\" \/>\n<meta name=\"twitter:creator\" content=\"@TheFreeAgentFR\" \/>\n<meta name=\"twitter:site\" content=\"@TheFreeAgentFR\" \/>\n<meta name=\"twitter:label1\" content=\"\u00c9crit par\" \/>\n\t<meta name=\"twitter:data1\" content=\"Arthur Berlemont\" \/>\n\t<meta name=\"twitter:label2\" content=\"Dur\u00e9e de lecture estim\u00e9e\" \/>\n\t<meta name=\"twitter:data2\" content=\"2 minutes\" \/>\n<script type=\"application\/ld+json\" class=\"yoast-schema-graph\">{\"@context\":\"https:\/\/schema.org\",\"@graph\":[{\"@type\":\"WebPage\",\"@id\":\"https:\/\/theplayoffs.news\/fr\/actualite-nfl\/falcons-fin-de-saison-pour-penix-jr\/\",\"url\":\"https:\/\/theplayoffs.news\/fr\/actualite-nfl\/falcons-fin-de-saison-pour-penix-jr\/\",\"name\":\"Falcons : fin de saison pour Penix Jr ? - The Playoffs FR\",\"isPartOf\":{\"@id\":\"https:\/\/theplayoffs.news\/fr\/#website\"},\"primaryImageOfPage\":{\"@id\":\"https:\/\/theplayoffs.news\/fr\/actualite-nfl\/falcons-fin-de-saison-pour-penix-jr\/#primaryimage\"},\"image\":{\"@id\":\"https:\/\/theplayoffs.news\/fr\/actualite-nfl\/falcons-fin-de-saison-pour-penix-jr\/#primaryimage\"},\"thumbnailUrl\":\"https:\/\/theplayoffs.news\/fr\/wp-content\/uploads\/2025\/11\/USATSI_27608085.jpg\",\"datePublished\":\"2025-11-17T16:45:22+00:00\",\"dateModified\":\"2025-11-17T16:45:27+00:00\",\"author\":{\"@id\":\"https:\/\/theplayoffs.news\/fr\/#\/schema\/person\/b6b04a451dab03a5ab75cec8912e8942\"},\"description\":\"NFL - Nouveau coup dur pour les Falcons, qui perde probablement leur quarterback titulaire Michael Penix pour la saison\",\"breadcrumb\":{\"@id\":\"https:\/\/theplayoffs.news\/fr\/actualite-nfl\/falcons-fin-de-saison-pour-penix-jr\/#breadcrumb\"},\"inLanguage\":\"fr-FR\",\"potentialAction\":[{\"@type\":\"ReadAction\",\"target\":[\"https:\/\/theplayoffs.news\/fr\/actualite-nfl\/falcons-fin-de-saison-pour-penix-jr\/\"]}]},{\"@type\":\"ImageObject\",\"inLanguage\":\"fr-FR\",\"@id\":\"https:\/\/theplayoffs.news\/fr\/actualite-nfl\/falcons-fin-de-saison-pour-penix-jr\/#primaryimage\",\"url\":\"https:\/\/theplayoffs.news\/fr\/wp-content\/uploads\/2025\/11\/USATSI_27608085.jpg\",\"contentUrl\":\"https:\/\/theplayoffs.news\/fr\/wp-content\/uploads\/2025\/11\/USATSI_27608085.jpg\",\"width\":1920,\"height\":1280,\"caption\":\"Nov 16, 2025; Atlanta, Georgia, USA; Atlanta Falcons quarterback Michael Penix Jr. (9) looks for an open receiver in the second half against the Carolina Panthers at Mercedes-Benz Stadium. Mandatory Credit: Dale Zanine-Imagn Images\"},{\"@type\":\"BreadcrumbList\",\"@id\":\"https:\/\/theplayoffs.news\/fr\/actualite-nfl\/falcons-fin-de-saison-pour-penix-jr\/#breadcrumb\",\"itemListElement\":[{\"@type\":\"ListItem\",\"position\":1,\"name\":\"Accueil\",\"item\":\"https:\/\/theplayoffs.news\/fr\/\"},{\"@type\":\"ListItem\",\"position\":2,\"name\":\"Falcons : fin de saison pour Penix Jr ?\"}]},{\"@type\":\"WebSite\",\"@id\":\"https:\/\/theplayoffs.news\/fr\/#website\",\"url\":\"https:\/\/theplayoffs.news\/fr\/\",\"name\":\"The Playoffs FR\",\"description\":\"NBA-NFL-NHL-MLB\",\"potentialAction\":[{\"@type\":\"SearchAction\",\"target\":{\"@type\":\"EntryPoint\",\"urlTemplate\":\"https:\/\/theplayoffs.news\/fr\/?s={search_term_string}\"},\"query-input\":{\"@type\":\"PropertyValueSpecification\",\"valueRequired\":true,\"valueName\":\"search_term_string\"}}],\"inLanguage\":\"fr-FR\"},{\"@type\":\"Person\",\"@id\":\"https:\/\/theplayoffs.news\/fr\/#\/schema\/person\/b6b04a451dab03a5ab75cec8912e8942\",\"name\":\"Arthur Berlemont\",\"image\":{\"@type\":\"ImageObject\",\"inLanguage\":\"fr-FR\",\"@id\":\"https:\/\/theplayoffs.news\/fr\/#\/schema\/person\/image\/\",\"url\":\"https:\/\/secure.gravatar.com\/avatar\/19ddab1d62ab0a19b186b86cee130432b120dd6f085625a6a6757dd1aa90a5f3?s=96&d=mm&r=g\",\"contentUrl\":\"https:\/\/secure.gravatar.com\/avatar\/19ddab1d62ab0a19b186b86cee130432b120dd6f085625a6a6757dd1aa90a5f3?s=96&d=mm&r=g\",\"caption\":\"Arthur Berlemont\"},\"description\":\"Etudiant passionn\u00e9 de sport, avant tout m\u00e9caniques, j\\\\'ai d\u00e9couvert les sports US il y a quelques ann\u00e9es. J\\\\'ai tout de suite accroch\u00e9 pour la ville de Cincinnati et ses franchises de NFL et MLB. Aujourd\\\\'hui, je suis l\u00e0 par passion dans la r\u00e9daction d\\\\'articles sur divers sports que j\\\\'affectionne.\",\"url\":\"https:\/\/theplayoffs.news\/fr\/author\/arthur-berlemontgmail-com\/\"}]}<\/script>\n<!-- \/ Yoast SEO plugin. -->","yoast_head_json":{"title":"Falcons : fin de saison pour Penix Jr ? - The Playoffs FR","description":"NFL - Nouveau coup dur pour les Falcons, qui perde probablement leur quarterback titulaire Michael Penix pour la saison","robots":{"index":"index","follow":"follow","max-snippet":"max-snippet:-1","max-image-preview":"max-image-preview:large","max-video-preview":"max-video-preview:-1"},"canonical":"https:\/\/theplayoffs.news\/fr\/actualite-nfl\/falcons-fin-de-saison-pour-penix-jr\/","og_locale":"fr_FR","og_type":"article","og_title":"Falcons : fin de saison pour Penix Jr ? - The Playoffs FR","og_description":"NFL - Nouveau coup dur pour les Falcons, qui perde probablement leur quarterback titulaire Michael Penix pour la saison","og_url":"https:\/\/theplayoffs.news\/fr\/actualite-nfl\/falcons-fin-de-saison-pour-penix-jr\/","og_site_name":"The Playoffs FR","article_publisher":"https:\/\/www.facebook.com\/TheFreeAgentFR\/","article_modified_time":"2025-11-17T16:45:27+00:00","og_image":[{"width":1920,"height":1280,"url":"https:\/\/theplayoffs.news\/fr\/wp-content\/uploads\/2025\/11\/USATSI_27608085.jpg","type":"image\/jpeg"}],"author":"Arthur Berlemont","twitter_card":"summary_large_image","twitter_creator":"@TheFreeAgentFR","twitter_site":"@TheFreeAgentFR","twitter_misc":{"\u00c9crit par":"Arthur Berlemont","Dur\u00e9e de lecture estim\u00e9e":"2 minutes"},"schema":{"@context":"https:\/\/schema.org","@graph":[{"@type":"WebPage","@id":"https:\/\/theplayoffs.news\/fr\/actualite-nfl\/falcons-fin-de-saison-pour-penix-jr\/","url":"https:\/\/theplayoffs.news\/fr\/actualite-nfl\/falcons-fin-de-saison-pour-penix-jr\/","name":"Falcons : fin de saison pour Penix Jr ? - The Playoffs FR","isPartOf":{"@id":"https:\/\/theplayoffs.news\/fr\/#website"},"primaryImageOfPage":{"@id":"https:\/\/theplayoffs.news\/fr\/actualite-nfl\/falcons-fin-de-saison-pour-penix-jr\/#primaryimage"},"image":{"@id":"https:\/\/theplayoffs.news\/fr\/actualite-nfl\/falcons-fin-de-saison-pour-penix-jr\/#primaryimage"},"thumbnailUrl":"https:\/\/theplayoffs.news\/fr\/wp-content\/uploads\/2025\/11\/USATSI_27608085.jpg","datePublished":"2025-11-17T16:45:22+00:00","dateModified":"2025-11-17T16:45:27+00:00","author":{"@id":"https:\/\/theplayoffs.news\/fr\/#\/schema\/person\/b6b04a451dab03a5ab75cec8912e8942"},"description":"NFL - Nouveau coup dur pour les Falcons, qui perde probablement leur quarterback titulaire Michael Penix pour la saison","breadcrumb":{"@id":"https:\/\/theplayoffs.news\/fr\/actualite-nfl\/falcons-fin-de-saison-pour-penix-jr\/#breadcrumb"},"inLanguage":"fr-FR","potentialAction":[{"@type":"ReadAction","target":["https:\/\/theplayoffs.news\/fr\/actualite-nfl\/falcons-fin-de-saison-pour-penix-jr\/"]}]},{"@type":"ImageObject","inLanguage":"fr-FR","@id":"https:\/\/theplayoffs.news\/fr\/actualite-nfl\/falcons-fin-de-saison-pour-penix-jr\/#primaryimage","url":"https:\/\/theplayoffs.news\/fr\/wp-content\/uploads\/2025\/11\/USATSI_27608085.jpg","contentUrl":"https:\/\/theplayoffs.news\/fr\/wp-content\/uploads\/2025\/11\/USATSI_27608085.jpg","width":1920,"height":1280,"caption":"Nov 16, 2025; Atlanta, Georgia, USA; Atlanta Falcons quarterback Michael Penix Jr. (9) looks for an open receiver in the second half against the Carolina Panthers at Mercedes-Benz Stadium. Mandatory Credit: Dale Zanine-Imagn Images"},{"@type":"BreadcrumbList","@id":"https:\/\/theplayoffs.news\/fr\/actualite-nfl\/falcons-fin-de-saison-pour-penix-jr\/#breadcrumb","itemListElement":[{"@type":"ListItem","position":1,"name":"Accueil","item":"https:\/\/theplayoffs.news\/fr\/"},{"@type":"ListItem","position":2,"name":"Falcons : fin de saison pour Penix Jr ?"}]},{"@type":"WebSite","@id":"https:\/\/theplayoffs.news\/fr\/#website","url":"https:\/\/theplayoffs.news\/fr\/","name":"The Playoffs FR","description":"NBA-NFL-NHL-MLB","potentialAction":[{"@type":"SearchAction","target":{"@type":"EntryPoint","urlTemplate":"https:\/\/theplayoffs.news\/fr\/?s={search_term_string}"},"query-input":{"@type":"PropertyValueSpecification","valueRequired":true,"valueName":"search_term_string"}}],"inLanguage":"fr-FR"},{"@type":"Person","@id":"https:\/\/theplayoffs.news\/fr\/#\/schema\/person\/b6b04a451dab03a5ab75cec8912e8942","name":"Arthur Berlemont","image":{"@type":"ImageObject","inLanguage":"fr-FR","@id":"https:\/\/theplayoffs.news\/fr\/#\/schema\/person\/image\/","url":"https:\/\/secure.gravatar.com\/avatar\/19ddab1d62ab0a19b186b86cee130432b120dd6f085625a6a6757dd1aa90a5f3?s=96&d=mm&r=g","contentUrl":"https:\/\/secure.gravatar.com\/avatar\/19ddab1d62ab0a19b186b86cee130432b120dd6f085625a6a6757dd1aa90a5f3?s=96&d=mm&r=g","caption":"Arthur Berlemont"},"description":"Etudiant passionn\u00e9 de sport, avant tout m\u00e9caniques, j\\'ai d\u00e9couvert les sports US il y a quelques ann\u00e9es. J\\'ai tout de suite accroch\u00e9 pour la ville de Cincinnati et ses franchises de NFL et MLB. Aujourd\\'hui, je suis l\u00e0 par passion dans la r\u00e9daction d\\'articles sur divers sports que j\\'affectionne.","url":"https:\/\/theplayoffs.news\/fr\/author\/arthur-berlemontgmail-com\/"}]}},"_links":{"self":[{"href":"https:\/\/theplayoffs.news\/fr\/wp-json\/wp\/v2\/posts\/1507765","targetHints":{"allow":["GET"]}}],"collection":[{"href":"https:\/\/theplayoffs.news\/fr\/wp-json\/wp\/v2\/posts"}],"about":[{"href":"https:\/\/theplayoffs.news\/fr\/wp-json\/wp\/v2\/types\/post"}],"author":[{"embeddable":true,"href":"https:\/\/theplayoffs.news\/fr\/wp-json\/wp\/v2\/users\/180310178"}],"replies":[{"embeddable":true,"href":"https:\/\/theplayoffs.news\/fr\/wp-json\/wp\/v2\/comments?post=1507765"}],"version-history":[{"count":2,"href":"https:\/\/theplayoffs.news\/fr\/wp-json\/wp\/v2\/posts\/1507765\/revisions"}],"predecessor-version":[{"id":1507774,"href":"https:\/\/theplayoffs.news\/fr\/wp-json\/wp\/v2\/posts\/1507765\/revisions\/1507774"}],"wp:featuredmedia":[{"embeddable":true,"href":"https:\/\/theplayoffs.news\/fr\/wp-json\/wp\/v2\/media\/1507766"}],"wp:attachment":[{"href":"https:\/\/theplayoffs.news\/fr\/wp-json\/wp\/v2\/media?parent=1507765"}],"wp:term":[{"taxonomy":"category","embeddable":true,"href":"https:\/\/theplayoffs.news\/fr\/wp-json\/wp\/v2\/categories?post=1507765"},{"taxonomy":"post_tag","embeddable":true,"href":"https:\/\/theplayoffs.news\/fr\/wp-json\/wp\/v2\/tags?post=1507765"},{"taxonomy":"sport","embeddable":true,"href":"https:\/\/theplayoffs.news\/fr\/wp-json\/wp\/v2\/sport?post=1507765"},{"taxonomy":"saison","embeddable":true,"href":"https:\/\/theplayoffs.news\/fr\/wp-json\/wp\/v2\/saison?post=1507765"}],"curies":[{"name":"wp","href":"https:\/\/api.w.org\/{rel}","templated":true}]}}