{"id":1507719,"date":"2025-11-17T12:52:14","date_gmt":"2025-11-17T11:52:14","guid":{"rendered":"https:\/\/theplayoffs.news\/fr\/uncategorized\/\/"},"modified":"2025-11-18T13:28:46","modified_gmt":"2025-11-18T12:28:46","slug":"daniel-gafford-de-retour-a-linfirmerie-et-bientot-sur-le-depart","status":"publish","type":"post","link":"https:\/\/theplayoffs.news\/fr\/actualite-nba\/daniel-gafford-de-retour-a-linfirmerie-et-bientot-sur-le-depart\/","title":{"rendered":"Daniel Gafford de retour \u00e0 l&rsquo;infirmerie, et bient\u00f4t sur le d\u00e9part ?"},"content":{"rendered":"<p>A Dallas, la victoire &agrave; un prix ! Dans les choux depuis le d&eacute;but de saison, les <a href=\"https:\/\/theplayoffs.news\/fr\/sports\/dallas-mavericks\/\" target=\"_blank\" rel=\"noreferrer noopener\" class=\"trk-cta-link\" data-cta-trk='{\"ctaType\":\"Link\",\"ctaSubType\":\"main\"}'>Dallas Mavericks<\/a> croyaient enfin avoir d&eacute;crocher une soir&eacute;e de r&eacute;pit, avec une victoire arrch&eacute;e aux forceps, en prolongation, face aux Blazers (138-133). <\/p><p>Oui mais voil&agrave;, pour d&eacute;crocher cette victoire, le pivot <a href=\"https:\/\/www.basketball-reference.com\/players\/g\/gaffoda01.html\" target=\"_blank\" rel=\"noreferrer noopener\" class=\"trk-cta-link\" data-cta-trk='{\"ctaType\":\"Link\",\"ctaSubType\":\"main\"}'>Daniel Gafford<\/a> a d&ucirc; tirer sur la corde, un peu trop&hellip;. Ecart&eacute; des terrains lors des cinq premiers matchs &agrave; cause d&rsquo;une entorse &agrave; la cheville droite, l&rsquo;ancien Wizard a finalement d&eacute;but&eacute; sa saison le 1er novembre, lors d&rsquo;une d&eacute;faite &agrave; Detroit (122-110).<\/p><p>Hier soir, le pivot a livr&eacute; un match plein, avec 20 points, 6 rebonds et 3 contres. Pour la premi&egrave;re fois cette saison, Gafford a pass&eacute; plus d&rsquo;une demi-heure sur le terrain. Un temps de jeu qui aura &eacute;t&eacute; fatal &agrave; sa cheville, puisque le <em>Landlord <\/em>a aggrav&eacute; son p&eacute;pin physique&hellip; Les int&eacute;rieurs texans ont d&eacute;cid&eacute;ment les jambes tr&egrave;s fragiles !<\/p><p>Interrog&eacute; apr&egrave;s coup par le journaliste local Mike Curtis, le pivot se veut optimiste <\/p><blockquote class=\"wp-block-quote is-layout-flow wp-block-quote-is-layout-flow\">\n<p>Ce n&rsquo;est pas id&eacute;al, mais je suis un gars de l&rsquo;Arkansas. On va juste mettre &ccedil;a de c&ocirc;t&eacute; et revenir &agrave; la charge demain.<\/p>\n<\/blockquote><p>Le timing est effectivement loin d&rsquo;&ecirc;tre id&eacute;al, puisque Dallas va jouer en back-to-back ce soir face aux Wolves. M&ecirc;me diminu&eacute;, Gafford semble motiv&eacute; &agrave; faire le d&eacute;placement avec ses co&eacute;quipiers.<\/p><blockquote class=\"wp-block-quote is-layout-flow wp-block-quote-is-layout-flow\">\n<p>Oui, c&rsquo;est l&rsquo;id&eacute;e. Chaque jour est un jour important. Que je sois l&agrave; ou non, je m&rsquo;assure simplement de faire tout mon possible pour motiver l&rsquo;&eacute;quipe&hellip; que je sois loin de l&rsquo;&eacute;quipe ou avec l&rsquo;&eacute;quipe. Nous verrons bien.<\/p>\n<\/blockquote><div class=\"related-slider related-slider--loading\">\n    <div class=\"related-slider__header\">\n        <div class=\"related-slider__header__title\">Ce que vous devriez lire ensuite &#128071;&#127995;<\/div>\n        <div class=\"related-slider__header__buttons\">\n            <div class=\"swiper-button-prev\"><\/div>\n            <div class=\"swiper-button-next\"><\/div>\n        <\/div>\n    <\/div>\n    <div class=\"swiper-container\">\n        <div class=\"swiper-wrapper\">\n                            <div class=\"swiper-slide\">\n                    <a class=\"related-slider-card  trk-cta-img\" href=\"https:\/\/theplayoffs.news\/fr\/sports\/pronostic-nba-les-cavaliers-de-nouveau-parmi-les-favoris\/\" title=\"Pronostic NBA : les Cavaliers de nouveau parmi les favoris ?\" data-cta-trk='{\"ctaType\":\"Image\",\"ctaSubType\":\"main\"}'>\n    <div class=\"related-slider-card__image\">\n        <img loading=\"lazy\" decoding=\"async\" width=\"600\" height=\"400\" src=\"https:\/\/theplayoffs.news\/fr\/wp-content\/uploads\/2026\/02\/USATSI_25807878_168419921_lowres-600x400.jpg\" class=\"attachment-medium size-medium wp-post-image\" alt=\"Cavaliers\" srcset=\"https:\/\/theplayoffs.news\/fr\/wp-content\/uploads\/2026\/02\/USATSI_25807878_168419921_lowres-600x400.jpg 600w, https:\/\/theplayoffs.news\/fr\/wp-content\/uploads\/2026\/02\/USATSI_25807878_168419921_lowres-1200x800.jpg 1200w, https:\/\/theplayoffs.news\/fr\/wp-content\/uploads\/2026\/02\/USATSI_25807878_168419921_lowres-768x512.jpg 768w, https:\/\/theplayoffs.news\/fr\/wp-content\/uploads\/2026\/02\/USATSI_25807878_168419921_lowres-1536x1024.jpg 1536w, https:\/\/theplayoffs.news\/fr\/wp-content\/uploads\/2026\/02\/USATSI_25807878_168419921_lowres-1320x880.jpg 1320w, https:\/\/theplayoffs.news\/fr\/wp-content\/uploads\/2026\/02\/USATSI_25807878_168419921_lowres.jpg 1920w\" sizes=\"auto, (max-width: 600px) 100vw, 600px\">\n                            <\/div>\n    <div class=\"related-slider-card__content\">\n        <div class=\"related-slider-card__content__tags\">\n                            <div class=\"related-slider-card__content__tags__category\">\n                    NBA\n                <\/div>\n                        <div class=\"related-slider-card__content__tags__date\" data-dynamic-date=\"2026-02-11T10:05:28+01:00\">\n                11 f&eacute;vrier 2026\n            <\/div>\n        <\/div>\n        <div class=\"related-slider-card__content__title\">\n            Pronostic NBA : les Cavaliers de nouveau parmi les favoris ?\n        <\/div>\n                    <div class=\"related-slider-card__content__read-more\">\n                Voir plus\n                <i>\n                    <svg width=\"17\" height=\"15\" viewbox=\"0 0 17 15\" fill=\"none\" xmlns=\"http:\/\/www.w3.org\/2000\/svg\">\n<path d=\"M1 6.5C0.447715 6.5 0 6.94772 0 7.5C0 8.05228 0.447715 8.5 1 8.5V6.5ZM16.7071 8.20711C17.0976 7.81658 17.0976 7.18342 16.7071 6.79289L10.3431 0.428932C9.95262 0.0384078 9.31946 0.0384078 8.92893 0.428932C8.53841 0.819457 8.53841 1.45262 8.92893 1.84315L14.5858 7.5L8.92893 13.1569C8.53841 13.5474 8.53841 14.1805 8.92893 14.5711C9.31946 14.9616 9.95262 14.9616 10.3431 14.5711L16.7071 8.20711ZM1 7.5V8.5H8.5V7.5V6.5H1V7.5ZM8.5 7.5V8.5H16V7.5V6.5H8.5V7.5Z\" fill=\"white\"><\/path>\n<\/svg>\n\n                <\/i>\n            <\/div>\n            <\/div>\n<\/a>\n\n                <\/div>\n                            <div class=\"swiper-slide\">\n                    <a class=\"related-slider-card  trk-cta-img\" href=\"https:\/\/theplayoffs.news\/fr\/actualite-nba\/resultats-nba-18-12-les-mavs-douchent-les-pistons-maxime-raynaud-superstar\/\" title=\"R&eacute;sultats NBA (18\/12): les Mavs douchent les Pistons, Maxime Raynaud superstar !\" data-cta-trk='{\"ctaType\":\"Image\",\"ctaSubType\":\"main\"}'>\n    <div class=\"related-slider-card__image\">\n        <img loading=\"lazy\" decoding=\"async\" width=\"600\" height=\"400\" src=\"https:\/\/theplayoffs.news\/fr\/wp-content\/uploads\/2025\/12\/USATSI_27848729_168402440_lowres-600x400.jpg\" class=\"attachment-medium size-medium wp-post-image\" alt=\"NBA Cooper Flagg Nikola Jokic Maxime Raynaud Cade Cunningham\" srcset=\"https:\/\/theplayoffs.news\/fr\/wp-content\/uploads\/2025\/12\/USATSI_27848729_168402440_lowres-600x400.jpg 600w, https:\/\/theplayoffs.news\/fr\/wp-content\/uploads\/2025\/12\/USATSI_27848729_168402440_lowres-1200x800.jpg 1200w, https:\/\/theplayoffs.news\/fr\/wp-content\/uploads\/2025\/12\/USATSI_27848729_168402440_lowres-768x512.jpg 768w, https:\/\/theplayoffs.news\/fr\/wp-content\/uploads\/2025\/12\/USATSI_27848729_168402440_lowres-1536x1024.jpg 1536w, https:\/\/theplayoffs.news\/fr\/wp-content\/uploads\/2025\/12\/USATSI_27848729_168402440_lowres-1320x880.jpg 1320w, https:\/\/theplayoffs.news\/fr\/wp-content\/uploads\/2025\/12\/USATSI_27848729_168402440_lowres.jpg 1920w\" sizes=\"auto, (max-width: 600px) 100vw, 600px\">\n                            <\/div>\n    <div class=\"related-slider-card__content\">\n        <div class=\"related-slider-card__content__tags\">\n                            <div class=\"related-slider-card__content__tags__category\">\n                    Actualit&eacute; NBA\n                <\/div>\n                        <div class=\"related-slider-card__content__tags__date\" data-dynamic-date=\"2025-12-19T09:45:57+01:00\">\n                19 d&eacute;cembre 2025\n            <\/div>\n        <\/div>\n        <div class=\"related-slider-card__content__title\">\n            R&eacute;sultats NBA (18\/12): les Mavs douchent les Pistons, Maxime Raynaud superstar !\n        <\/div>\n                    <div class=\"related-slider-card__content__read-more\">\n                Voir plus\n                <i>\n                    <svg width=\"17\" height=\"15\" viewbox=\"0 0 17 15\" fill=\"none\" xmlns=\"http:\/\/www.w3.org\/2000\/svg\">\n<path d=\"M1 6.5C0.447715 6.5 0 6.94772 0 7.5C0 8.05228 0.447715 8.5 1 8.5V6.5ZM16.7071 8.20711C17.0976 7.81658 17.0976 7.18342 16.7071 6.79289L10.3431 0.428932C9.95262 0.0384078 9.31946 0.0384078 8.92893 0.428932C8.53841 0.819457 8.53841 1.45262 8.92893 1.84315L14.5858 7.5L8.92893 13.1569C8.53841 13.5474 8.53841 14.1805 8.92893 14.5711C9.31946 14.9616 9.95262 14.9616 10.3431 14.5711L16.7071 8.20711ZM1 7.5V8.5H8.5V7.5V6.5H1V7.5ZM8.5 7.5V8.5H16V7.5V6.5H8.5V7.5Z\" fill=\"white\"><\/path>\n<\/svg>\n\n                <\/i>\n            <\/div>\n            <\/div>\n<\/a>\n\n                <\/div>\n                            <div class=\"swiper-slide\">\n                    <a class=\"related-slider-card  trk-cta-img\" href=\"https:\/\/theplayoffs.news\/fr\/actualite-nba\/resultats-nba-17-12-chicago-enfonce-les-cavs-memphis-en-patron-dans-le-minnesota\/\" title=\"R&eacute;sultats NBA (17\/12): Chicago enfonce les Cavs, Memphis en patron dans le Minnesota !\" data-cta-trk='{\"ctaType\":\"Image\",\"ctaSubType\":\"main\"}'>\n    <div class=\"related-slider-card__image\">\n        <img loading=\"lazy\" decoding=\"async\" width=\"600\" height=\"400\" src=\"https:\/\/theplayoffs.news\/fr\/wp-content\/uploads\/2025\/12\/USATSI_27840419_168402440_lowres-600x400.jpg\" class=\"attachment-medium size-medium wp-post-image\" alt=\"NBA Minnesota Timberwolves Ja Morant Anthony Edwards Rudy Gobert Julius Randle Josh Giddey\" srcset=\"https:\/\/theplayoffs.news\/fr\/wp-content\/uploads\/2025\/12\/USATSI_27840419_168402440_lowres-600x400.jpg 600w, https:\/\/theplayoffs.news\/fr\/wp-content\/uploads\/2025\/12\/USATSI_27840419_168402440_lowres-1200x799.jpg 1200w, https:\/\/theplayoffs.news\/fr\/wp-content\/uploads\/2025\/12\/USATSI_27840419_168402440_lowres-768x512.jpg 768w, https:\/\/theplayoffs.news\/fr\/wp-content\/uploads\/2025\/12\/USATSI_27840419_168402440_lowres-1536x1023.jpg 1536w, https:\/\/theplayoffs.news\/fr\/wp-content\/uploads\/2025\/12\/USATSI_27840419_168402440_lowres-1320x879.jpg 1320w, https:\/\/theplayoffs.news\/fr\/wp-content\/uploads\/2025\/12\/USATSI_27840419_168402440_lowres.jpg 1920w\" sizes=\"auto, (max-width: 600px) 100vw, 600px\">\n                            <\/div>\n    <div class=\"related-slider-card__content\">\n        <div class=\"related-slider-card__content__tags\">\n                            <div class=\"related-slider-card__content__tags__category\">\n                    Actualit&eacute; NBA\n                <\/div>\n                        <div class=\"related-slider-card__content__tags__date\" data-dynamic-date=\"2025-12-18T14:27:38+01:00\">\n                18 d&eacute;cembre 2025\n            <\/div>\n        <\/div>\n        <div class=\"related-slider-card__content__title\">\n            R&eacute;sultats NBA (17\/12): Chicago enfonce les Cavs, Memphis en patron dans le Minnesota !\n        <\/div>\n                    <div class=\"related-slider-card__content__read-more\">\n                Voir plus\n                <i>\n                    <svg width=\"17\" height=\"15\" viewbox=\"0 0 17 15\" fill=\"none\" xmlns=\"http:\/\/www.w3.org\/2000\/svg\">\n<path d=\"M1 6.5C0.447715 6.5 0 6.94772 0 7.5C0 8.05228 0.447715 8.5 1 8.5V6.5ZM16.7071 8.20711C17.0976 7.81658 17.0976 7.18342 16.7071 6.79289L10.3431 0.428932C9.95262 0.0384078 9.31946 0.0384078 8.92893 0.428932C8.53841 0.819457 8.53841 1.45262 8.92893 1.84315L14.5858 7.5L8.92893 13.1569C8.53841 13.5474 8.53841 14.1805 8.92893 14.5711C9.31946 14.9616 9.95262 14.9616 10.3431 14.5711L16.7071 8.20711ZM1 7.5V8.5H8.5V7.5V6.5H1V7.5ZM8.5 7.5V8.5H16V7.5V6.5H8.5V7.5Z\" fill=\"white\"><\/path>\n<\/svg>\n\n                <\/i>\n            <\/div>\n            <\/div>\n<\/a>\n\n                <\/div>\n                            <div class=\"swiper-slide\">\n                    <a class=\"related-slider-card  trk-cta-img\" href=\"https:\/\/theplayoffs.news\/fr\/actualite-nba\/resultats-nba-cup-16-12-jalen-brunson-mvp-les-knicks-soffrent-un-premier-trophee-depuis-1973\/\" title=\"R&eacute;sultats NBA Cup (16\/12): Jalen Brunson MVP, les Knicks s&rsquo;offrent un premier troph&eacute;e depuis 1973 !\" data-cta-trk='{\"ctaType\":\"Image\",\"ctaSubType\":\"main\"}'>\n    <div class=\"related-slider-card__image\">\n        <img loading=\"lazy\" decoding=\"async\" width=\"600\" height=\"450\" src=\"https:\/\/theplayoffs.news\/fr\/wp-content\/uploads\/2025\/12\/USATSI_27835319_168402440_lowres-600x450.jpg\" class=\"attachment-medium size-medium wp-post-image\" alt=\"Jalen Brunson Victor Wembanyama Knicks Spurs NBA Cup\" srcset=\"https:\/\/theplayoffs.news\/fr\/wp-content\/uploads\/2025\/12\/USATSI_27835319_168402440_lowres-600x450.jpg 600w, https:\/\/theplayoffs.news\/fr\/wp-content\/uploads\/2025\/12\/USATSI_27835319_168402440_lowres-1200x900.jpg 1200w, https:\/\/theplayoffs.news\/fr\/wp-content\/uploads\/2025\/12\/USATSI_27835319_168402440_lowres-768x576.jpg 768w, https:\/\/theplayoffs.news\/fr\/wp-content\/uploads\/2025\/12\/USATSI_27835319_168402440_lowres-1536x1152.jpg 1536w, https:\/\/theplayoffs.news\/fr\/wp-content\/uploads\/2025\/12\/USATSI_27835319_168402440_lowres-1320x990.jpg 1320w, https:\/\/theplayoffs.news\/fr\/wp-content\/uploads\/2025\/12\/USATSI_27835319_168402440_lowres.jpg 1920w\" sizes=\"auto, (max-width: 600px) 100vw, 600px\">\n                            <\/div>\n    <div class=\"related-slider-card__content\">\n        <div class=\"related-slider-card__content__tags\">\n                            <div class=\"related-slider-card__content__tags__category\">\n                    Actualit&eacute; NBA\n                <\/div>\n                        <div class=\"related-slider-card__content__tags__date\" data-dynamic-date=\"2025-12-17T09:44:05+01:00\">\n                17 d&eacute;cembre 2025\n            <\/div>\n        <\/div>\n        <div class=\"related-slider-card__content__title\">\n            R&eacute;sultats NBA Cup (16\/12): Jalen Brunson MVP, les Knicks s&rsquo;offrent un premier troph&eacute;e depuis 1973 !\n        <\/div>\n                    <div class=\"related-slider-card__content__read-more\">\n                Voir plus\n                <i>\n                    <svg width=\"17\" height=\"15\" viewbox=\"0 0 17 15\" fill=\"none\" xmlns=\"http:\/\/www.w3.org\/2000\/svg\">\n<path d=\"M1 6.5C0.447715 6.5 0 6.94772 0 7.5C0 8.05228 0.447715 8.5 1 8.5V6.5ZM16.7071 8.20711C17.0976 7.81658 17.0976 7.18342 16.7071 6.79289L10.3431 0.428932C9.95262 0.0384078 9.31946 0.0384078 8.92893 0.428932C8.53841 0.819457 8.53841 1.45262 8.92893 1.84315L14.5858 7.5L8.92893 13.1569C8.53841 13.5474 8.53841 14.1805 8.92893 14.5711C9.31946 14.9616 9.95262 14.9616 10.3431 14.5711L16.7071 8.20711ZM1 7.5V8.5H8.5V7.5V6.5H1V7.5ZM8.5 7.5V8.5H16V7.5V6.5H8.5V7.5Z\" fill=\"white\"><\/path>\n<\/svg>\n\n                <\/i>\n            <\/div>\n            <\/div>\n<\/a>\n\n                <\/div>\n                    <\/div>\n    <\/div>\n<\/div><p>Vrai amour pour son maillot ou volont&eacute; de faire bonne figure en vue d&rsquo;un potentiel trade ? D&rsquo;apr&egrave;s le journaliste Marc Stein, Daniel Gafford serait le premier boulon &agrave; sauter d&rsquo;ici la deadline &agrave; Dallas ! <\/p><figure class=\"wp-block-embed is-type-rich is-provider-twitter wp-block-embed-twitter\"><div class=\"wp-block-embed__wrapper\">\n<blockquote class=\"twitter-tweet\" data-width=\"500\" data-dnt=\"true\"><p lang=\"en\" dir=\"ltr\">Daniel Gafford is widely regarded as the most tradeable Maverick between now and the trade deadline, per <a href=\"https:\/\/twitter.com\/TheSteinLine?ref_src=twsrc%5Etfw\" class=\"trk-cta-link\" data-cta-trk='{\"ctaType\":\"Link\",\"ctaSubType\":\"main\"}'>@TheSteinLine<\/a> <a href=\"https:\/\/t.co\/hRRJZr1Mqa\" class=\"trk-cta-link\" data-cta-trk='{\"ctaType\":\"Link\",\"ctaSubType\":\"main\"}'>pic.twitter.com\/hRRJZr1Mqa<\/a><\/p>&mdash; Fullcourtpass (@Fullcourtpass) <a href=\"https:\/\/twitter.com\/Fullcourtpass\/status\/1990249061920940184?ref_src=twsrc%5Etfw\" class=\"trk-cta-link\" data-cta-trk='{\"ctaType\":\"Link\",\"ctaSubType\":\"main\"}'>November 17, 2025<\/a><\/blockquote><script async src=\"https:\/\/platform.twitter.com\/widgets.js\" charset=\"utf-8\"><\/script>\n<\/div><\/figure><p>Un statut qui ne devrait pas plaire &agrave; tout le monde au sein du vestiaire, en effet, le num&eacute;ro 21 semble appr&eacute;ci&eacute; de ses co&eacute;quipiers, notamment du rookie Cooper Flagg qui ne tarit pas d&rsquo;&eacute;loges&agrave; l&rsquo;&eacute;agrd de son interieur <\/p><blockquote class=\"wp-block-quote is-layout-flow wp-block-quote-is-layout-flow\">\n<p>(Daniel) Gafford a &eacute;t&eacute; tr&egrave;s important pour moi. C&rsquo;est quelqu&rsquo;un de vraiment bien en dehors du terrain. Il a une personnalit&eacute; formidable, c&rsquo;est quelqu&rsquo;un de g&eacute;nial, quelqu&rsquo;un &agrave; qui je peux parler de tout. Il m&rsquo;a donn&eacute; de tr&egrave;s bons conseils pour rester concentr&eacute;&hellip;<\/p>\n<\/blockquote><figure class=\"wp-block-embed is-type-rich is-provider-twitter wp-block-embed-twitter\"><div class=\"wp-block-embed__wrapper\">\n<blockquote class=\"twitter-tweet\" data-width=\"500\" data-dnt=\"true\"><p lang=\"en\" dir=\"ltr\">Cooper Flagg on Daniel Gafford:<br><br>&ldquo;Gafford has been huge for me. He&rsquo;s just such a good guy off the court. Has a great personality, he&rsquo;s a great person, he&rsquo;s somebody that I know I can go talk to about anything. He&rsquo;s given me really good advice throughout everything about staying&hellip; <a href=\"https:\/\/t.co\/mlkYCfuNHG\" class=\"trk-cta-link\" data-cta-trk='{\"ctaType\":\"Link\",\"ctaSubType\":\"main\"}'>pic.twitter.com\/mlkYCfuNHG<\/a><\/p>&mdash; Noah Weber (@noahweber00) <a href=\"https:\/\/twitter.com\/noahweber00\/status\/1990282913158451513?ref_src=twsrc%5Etfw\" class=\"trk-cta-link\" data-cta-trk='{\"ctaType\":\"Link\",\"ctaSubType\":\"main\"}'>November 17, 2025<\/a><\/blockquote><script async src=\"https:\/\/platform.twitter.com\/widgets.js\" charset=\"utf-8\"><\/script>\n<\/div><\/figure><p>La NBA est un microcosme impitoyable ! <\/p><p>Les statistiques de Daniel Gafford sur cette saison 2025\/26 : 10.7 points \/ 5.9 rebonds \/ 1.1 assist \/ 1.7 contre<\/p><p>Cr&eacute;dit : &copy; Kevin Jairaj-Imagn Images<\/p>\n","protected":false},"excerpt":{"rendered":"","protected":false},"author":180310274,"featured_media":1507720,"comment_status":"closed","ping_status":"closed","sticky":false,"template":"","format":"standard","meta":{"inline_featured_image":false,"kia_subtitle":"","_mux_skip_reasons":[],"proofreadBy":0,"footnotes":""},"categories":[110,8414,10],"tags":[7511,595,2904,8146,1520],"sport":[],"saison":[],"class_list":["post-1507719","post","type-post","status-publish","format-standard","has-post-thumbnail","hentry","category-actualite-nba","category-basketball-sports","category-nba","tag-cooper-flagg","tag-dallas-mavericks","tag-daniel-gafford","tag-mavericks-2","tag-mavs"],"acf":[],"yoast_head":"<!-- This site is optimized with the Yoast SEO plugin v24.2 - https:\/\/yoast.com\/wordpress\/plugins\/seo\/ -->\n<title>Daniel Gafford de retour &agrave; l&#039;infirmerie, et bient&ocirc;t sur le d&eacute;part ? - The Playoffs FR<\/title>\n<meta name=\"description\" content=\"Vainqueurs des Blazers 138-133 apr&egrave;s prolongation, Dallas a perdu Daniel Gafford dans la bataille. Le pivot ayant aggrav&eacute; sa blessure !\" \/>\n<meta name=\"robots\" content=\"index, follow, max-snippet:-1, max-image-preview:large, max-video-preview:-1\" \/>\n<link rel=\"canonical\" href=\"https:\/\/theplayoffs.news\/fr\/actualite-nba\/daniel-gafford-de-retour-a-linfirmerie-et-bientot-sur-le-depart\/\" \/>\n<meta property=\"og:locale\" content=\"fr_FR\" \/>\n<meta property=\"og:type\" content=\"article\" \/>\n<meta property=\"og:title\" content=\"Daniel Gafford de retour &agrave; l&#039;infirmerie, et bient&ocirc;t sur le d&eacute;part ? - The Playoffs FR\" \/>\n<meta property=\"og:description\" content=\"Vainqueurs des Blazers 138-133 apr&egrave;s prolongation, Dallas a perdu Daniel Gafford dans la bataille. Le pivot ayant aggrav&eacute; sa blessure !\" \/>\n<meta property=\"og:url\" content=\"https:\/\/theplayoffs.news\/fr\/actualite-nba\/daniel-gafford-de-retour-a-linfirmerie-et-bientot-sur-le-depart\/\" \/>\n<meta property=\"og:site_name\" content=\"The Playoffs FR\" \/>\n<meta property=\"article:publisher\" content=\"https:\/\/www.facebook.com\/TheFreeAgentFR\/\" \/>\n<meta property=\"article:modified_time\" content=\"2025-11-18T13:28:46+01:00\" \/>\n<meta property=\"og:image\" content=\"https:\/\/theplayoffs.news\/fr\/wp-content\/uploads\/2025\/11\/USATSI_27609898_168419921_lowres.jpg\" \/>\n\t<meta property=\"og:image:width\" content=\"1728\" \/>\n\t<meta property=\"og:image:height\" content=\"1095\" \/>\n\t<meta property=\"og:image:type\" content=\"image\/jpeg\" \/>\n<meta name=\"author\" content=\"Alvin Tourdes\" \/>\n<meta name=\"twitter:card\" content=\"summary_large_image\" \/>\n<meta name=\"twitter:creator\" content=\"@TheFreeAgentFR\" \/>\n<meta name=\"twitter:site\" content=\"@TheFreeAgentFR\" \/>\n<meta name=\"twitter:label1\" content=\"\u00c9crit par\" \/>\n\t<meta name=\"twitter:data1\" content=\"Alvin Tourdes\" \/>\n\t<meta name=\"twitter:label2\" content=\"Dur\u00e9e de lecture estim\u00e9e\" \/>\n\t<meta name=\"twitter:data2\" content=\"2 minutes\" \/>\n<script type=\"application\/ld+json\" class=\"yoast-schema-graph\">{\"@context\":\"https:\/\/schema.org\",\"@graph\":[{\"@type\":\"WebPage\",\"@id\":\"https:\/\/theplayoffs.news\/fr\/actualite-nba\/daniel-gafford-de-retour-a-linfirmerie-et-bientot-sur-le-depart\/\",\"url\":\"https:\/\/theplayoffs.news\/fr\/actualite-nba\/daniel-gafford-de-retour-a-linfirmerie-et-bientot-sur-le-depart\/\",\"name\":\"Daniel Gafford de retour \u00e0 l\\\\'infirmerie, et bient\u00f4t sur le d\u00e9part ? - The Playoffs FR\",\"isPartOf\":{\"@id\":\"https:\/\/theplayoffs.news\/fr\/#website\"},\"primaryImageOfPage\":{\"@id\":\"https:\/\/theplayoffs.news\/fr\/actualite-nba\/daniel-gafford-de-retour-a-linfirmerie-et-bientot-sur-le-depart\/#primaryimage\"},\"image\":{\"@id\":\"https:\/\/theplayoffs.news\/fr\/actualite-nba\/daniel-gafford-de-retour-a-linfirmerie-et-bientot-sur-le-depart\/#primaryimage\"},\"thumbnailUrl\":\"https:\/\/theplayoffs.news\/fr\/wp-content\/uploads\/2025\/11\/USATSI_27609898_168419921_lowres.jpg\",\"datePublished\":\"2025-11-17T11:52:14+00:00\",\"dateModified\":\"2025-11-18T12:28:46+00:00\",\"author\":{\"@id\":\"https:\/\/theplayoffs.news\/fr\/#\/schema\/person\/60ebe784567388a1a222e0c302c1c514\"},\"description\":\"Vainqueurs des Blazers 138-133 apr\u00e8s prolongation, Dallas a perdu Daniel Gafford dans la bataille. Le pivot ayant aggrav\u00e9 sa blessure !\",\"breadcrumb\":{\"@id\":\"https:\/\/theplayoffs.news\/fr\/actualite-nba\/daniel-gafford-de-retour-a-linfirmerie-et-bientot-sur-le-depart\/#breadcrumb\"},\"inLanguage\":\"fr-FR\",\"potentialAction\":[{\"@type\":\"ReadAction\",\"target\":[\"https:\/\/theplayoffs.news\/fr\/actualite-nba\/daniel-gafford-de-retour-a-linfirmerie-et-bientot-sur-le-depart\/\"]}]},{\"@type\":\"ImageObject\",\"inLanguage\":\"fr-FR\",\"@id\":\"https:\/\/theplayoffs.news\/fr\/actualite-nba\/daniel-gafford-de-retour-a-linfirmerie-et-bientot-sur-le-depart\/#primaryimage\",\"url\":\"https:\/\/theplayoffs.news\/fr\/wp-content\/uploads\/2025\/11\/USATSI_27609898_168419921_lowres.jpg\",\"contentUrl\":\"https:\/\/theplayoffs.news\/fr\/wp-content\/uploads\/2025\/11\/USATSI_27609898_168419921_lowres.jpg\",\"width\":1728,\"height\":1095,\"caption\":\"Nov 16, 2025; Dallas, Texas, USA; Dallas Mavericks forward Daniel Gafford (21) reacts against the Portland Trail Blazers in overtime at American Airlines Center. Mandatory Credit: Kevin Jairaj-Imagn Images\"},{\"@type\":\"BreadcrumbList\",\"@id\":\"https:\/\/theplayoffs.news\/fr\/actualite-nba\/daniel-gafford-de-retour-a-linfirmerie-et-bientot-sur-le-depart\/#breadcrumb\",\"itemListElement\":[{\"@type\":\"ListItem\",\"position\":1,\"name\":\"Accueil\",\"item\":\"https:\/\/theplayoffs.news\/fr\/\"},{\"@type\":\"ListItem\",\"position\":2,\"name\":\"Daniel Gafford de retour \u00e0 l&#8217;infirmerie, et bient\u00f4t sur le d\u00e9part ?\"}]},{\"@type\":\"WebSite\",\"@id\":\"https:\/\/theplayoffs.news\/fr\/#website\",\"url\":\"https:\/\/theplayoffs.news\/fr\/\",\"name\":\"The Playoffs FR\",\"description\":\"NBA-NFL-NHL-MLB\",\"potentialAction\":[{\"@type\":\"SearchAction\",\"target\":{\"@type\":\"EntryPoint\",\"urlTemplate\":\"https:\/\/theplayoffs.news\/fr\/?s={search_term_string}\"},\"query-input\":{\"@type\":\"PropertyValueSpecification\",\"valueRequired\":true,\"valueName\":\"search_term_string\"}}],\"inLanguage\":\"fr-FR\"},{\"@type\":\"Person\",\"@id\":\"https:\/\/theplayoffs.news\/fr\/#\/schema\/person\/60ebe784567388a1a222e0c302c1c514\",\"name\":\"Alvin Tourdes\",\"image\":{\"@type\":\"ImageObject\",\"inLanguage\":\"fr-FR\",\"@id\":\"https:\/\/theplayoffs.news\/fr\/#\/schema\/person\/image\/\",\"url\":\"https:\/\/secure.gravatar.com\/avatar\/5e85bdfb29cd7e652130a9539636b182dff1b3578a259497a7a37e3944f4fe0a?s=96&d=mm&r=g\",\"contentUrl\":\"https:\/\/secure.gravatar.com\/avatar\/5e85bdfb29cd7e652130a9539636b182dff1b3578a259497a7a37e3944f4fe0a?s=96&d=mm&r=g\",\"caption\":\"Alvin Tourdes\"},\"url\":\"https:\/\/theplayoffs.news\/fr\/author\/alvin\/\"}]}<\/script>\n<!-- \/ Yoast SEO plugin. -->","yoast_head_json":{"title":"Daniel Gafford de retour &agrave; l&#039;infirmerie, et bient&ocirc;t sur le d&eacute;part ? - The Playoffs FR","description":"Vainqueurs des Blazers 138-133 apr&egrave;s prolongation, Dallas a perdu Daniel Gafford dans la bataille. Le pivot ayant aggrav&eacute; sa blessure !","robots":{"index":"index","follow":"follow","max-snippet":"max-snippet:-1","max-image-preview":"max-image-preview:large","max-video-preview":"max-video-preview:-1"},"canonical":"https:\/\/theplayoffs.news\/fr\/actualite-nba\/daniel-gafford-de-retour-a-linfirmerie-et-bientot-sur-le-depart\/","og_locale":"fr_FR","og_type":"article","og_title":"Daniel Gafford de retour &agrave; l&#039;infirmerie, et bient&ocirc;t sur le d&eacute;part ? - The Playoffs FR","og_description":"Vainqueurs des Blazers 138-133 apr&egrave;s prolongation, Dallas a perdu Daniel Gafford dans la bataille. Le pivot ayant aggrav&eacute; sa blessure !","og_url":"https:\/\/theplayoffs.news\/fr\/actualite-nba\/daniel-gafford-de-retour-a-linfirmerie-et-bientot-sur-le-depart\/","og_site_name":"The Playoffs FR","article_publisher":"https:\/\/www.facebook.com\/TheFreeAgentFR\/","article_modified_time":"2025-11-18T12:28:46+00:00","og_image":[{"width":1728,"height":1095,"url":"https:\/\/theplayoffs.news\/fr\/wp-content\/uploads\/2025\/11\/USATSI_27609898_168419921_lowres.jpg","type":"image\/jpeg"}],"author":"Alvin Tourdes","twitter_card":"summary_large_image","twitter_creator":"@TheFreeAgentFR","twitter_site":"@TheFreeAgentFR","twitter_misc":{"\u00c9crit par":"Alvin Tourdes","Dur\u00e9e de lecture estim\u00e9e":"2 minutes"},"schema":{"@context":"https:\/\/schema.org","@graph":[{"@type":"WebPage","@id":"https:\/\/theplayoffs.news\/fr\/actualite-nba\/daniel-gafford-de-retour-a-linfirmerie-et-bientot-sur-le-depart\/","url":"https:\/\/theplayoffs.news\/fr\/actualite-nba\/daniel-gafford-de-retour-a-linfirmerie-et-bientot-sur-le-depart\/","name":"Daniel Gafford de retour \u00e0 l\\'infirmerie, et bient\u00f4t sur le d\u00e9part ? - The Playoffs FR","isPartOf":{"@id":"https:\/\/theplayoffs.news\/fr\/#website"},"primaryImageOfPage":{"@id":"https:\/\/theplayoffs.news\/fr\/actualite-nba\/daniel-gafford-de-retour-a-linfirmerie-et-bientot-sur-le-depart\/#primaryimage"},"image":{"@id":"https:\/\/theplayoffs.news\/fr\/actualite-nba\/daniel-gafford-de-retour-a-linfirmerie-et-bientot-sur-le-depart\/#primaryimage"},"thumbnailUrl":"https:\/\/theplayoffs.news\/fr\/wp-content\/uploads\/2025\/11\/USATSI_27609898_168419921_lowres.jpg","datePublished":"2025-11-17T11:52:14+00:00","dateModified":"2025-11-18T12:28:46+00:00","author":{"@id":"https:\/\/theplayoffs.news\/fr\/#\/schema\/person\/60ebe784567388a1a222e0c302c1c514"},"description":"Vainqueurs des Blazers 138-133 apr\u00e8s prolongation, Dallas a perdu Daniel Gafford dans la bataille. Le pivot ayant aggrav\u00e9 sa blessure !","breadcrumb":{"@id":"https:\/\/theplayoffs.news\/fr\/actualite-nba\/daniel-gafford-de-retour-a-linfirmerie-et-bientot-sur-le-depart\/#breadcrumb"},"inLanguage":"fr-FR","potentialAction":[{"@type":"ReadAction","target":["https:\/\/theplayoffs.news\/fr\/actualite-nba\/daniel-gafford-de-retour-a-linfirmerie-et-bientot-sur-le-depart\/"]}]},{"@type":"ImageObject","inLanguage":"fr-FR","@id":"https:\/\/theplayoffs.news\/fr\/actualite-nba\/daniel-gafford-de-retour-a-linfirmerie-et-bientot-sur-le-depart\/#primaryimage","url":"https:\/\/theplayoffs.news\/fr\/wp-content\/uploads\/2025\/11\/USATSI_27609898_168419921_lowres.jpg","contentUrl":"https:\/\/theplayoffs.news\/fr\/wp-content\/uploads\/2025\/11\/USATSI_27609898_168419921_lowres.jpg","width":1728,"height":1095,"caption":"Nov 16, 2025; Dallas, Texas, USA; Dallas Mavericks forward Daniel Gafford (21) reacts against the Portland Trail Blazers in overtime at American Airlines Center. Mandatory Credit: Kevin Jairaj-Imagn Images"},{"@type":"BreadcrumbList","@id":"https:\/\/theplayoffs.news\/fr\/actualite-nba\/daniel-gafford-de-retour-a-linfirmerie-et-bientot-sur-le-depart\/#breadcrumb","itemListElement":[{"@type":"ListItem","position":1,"name":"Accueil","item":"https:\/\/theplayoffs.news\/fr\/"},{"@type":"ListItem","position":2,"name":"Daniel Gafford de retour \u00e0 l&#8217;infirmerie, et bient\u00f4t sur le d\u00e9part ?"}]},{"@type":"WebSite","@id":"https:\/\/theplayoffs.news\/fr\/#website","url":"https:\/\/theplayoffs.news\/fr\/","name":"The Playoffs FR","description":"NBA-NFL-NHL-MLB","potentialAction":[{"@type":"SearchAction","target":{"@type":"EntryPoint","urlTemplate":"https:\/\/theplayoffs.news\/fr\/?s={search_term_string}"},"query-input":{"@type":"PropertyValueSpecification","valueRequired":true,"valueName":"search_term_string"}}],"inLanguage":"fr-FR"},{"@type":"Person","@id":"https:\/\/theplayoffs.news\/fr\/#\/schema\/person\/60ebe784567388a1a222e0c302c1c514","name":"Alvin Tourdes","image":{"@type":"ImageObject","inLanguage":"fr-FR","@id":"https:\/\/theplayoffs.news\/fr\/#\/schema\/person\/image\/","url":"https:\/\/secure.gravatar.com\/avatar\/5e85bdfb29cd7e652130a9539636b182dff1b3578a259497a7a37e3944f4fe0a?s=96&d=mm&r=g","contentUrl":"https:\/\/secure.gravatar.com\/avatar\/5e85bdfb29cd7e652130a9539636b182dff1b3578a259497a7a37e3944f4fe0a?s=96&d=mm&r=g","caption":"Alvin Tourdes"},"url":"https:\/\/theplayoffs.news\/fr\/author\/alvin\/"}]}},"_links":{"self":[{"href":"https:\/\/theplayoffs.news\/fr\/wp-json\/wp\/v2\/posts\/1507719","targetHints":{"allow":["GET"]}}],"collection":[{"href":"https:\/\/theplayoffs.news\/fr\/wp-json\/wp\/v2\/posts"}],"about":[{"href":"https:\/\/theplayoffs.news\/fr\/wp-json\/wp\/v2\/types\/post"}],"author":[{"embeddable":true,"href":"https:\/\/theplayoffs.news\/fr\/wp-json\/wp\/v2\/users\/180310274"}],"replies":[{"embeddable":true,"href":"https:\/\/theplayoffs.news\/fr\/wp-json\/wp\/v2\/comments?post=1507719"}],"version-history":[{"count":2,"href":"https:\/\/theplayoffs.news\/fr\/wp-json\/wp\/v2\/posts\/1507719\/revisions"}],"predecessor-version":[{"id":1507847,"href":"https:\/\/theplayoffs.news\/fr\/wp-json\/wp\/v2\/posts\/1507719\/revisions\/1507847"}],"wp:featuredmedia":[{"embeddable":true,"href":"https:\/\/theplayoffs.news\/fr\/wp-json\/wp\/v2\/media\/1507720"}],"wp:attachment":[{"href":"https:\/\/theplayoffs.news\/fr\/wp-json\/wp\/v2\/media?parent=1507719"}],"wp:term":[{"taxonomy":"category","embeddable":true,"href":"https:\/\/theplayoffs.news\/fr\/wp-json\/wp\/v2\/categories?post=1507719"},{"taxonomy":"post_tag","embeddable":true,"href":"https:\/\/theplayoffs.news\/fr\/wp-json\/wp\/v2\/tags?post=1507719"},{"taxonomy":"sport","embeddable":true,"href":"https:\/\/theplayoffs.news\/fr\/wp-json\/wp\/v2\/sport?post=1507719"},{"taxonomy":"saison","embeddable":true,"href":"https:\/\/theplayoffs.news\/fr\/wp-json\/wp\/v2\/saison?post=1507719"}],"curies":[{"name":"wp","href":"https:\/\/api.w.org\/{rel}","templated":true}]}}