{"id":1507596,"date":"2025-11-15T08:25:07","date_gmt":"2025-11-15T07:25:07","guid":{"rendered":"https:\/\/theplayoffs.news\/fr\/uncategorized\/\/"},"modified":"2025-11-15T08:25:15","modified_gmt":"2025-11-15T07:25:15","slug":"bill-belichick-ne-veut-pas-revenir-en-nfl","status":"publish","type":"post","link":"https:\/\/theplayoffs.news\/fr\/actualite-nfl\/bill-belichick-ne-veut-pas-revenir-en-nfl\/","title":{"rendered":"Bill Belichick ne veut pas revenir en NFL"},"content":{"rendered":"<p>La rumeur enflait depuis plusieurs jours : Bill Belichick, d&eacute;sormais entra&icirc;neur &agrave; l&rsquo;universit&eacute; de North Carolina, allait-il saisir l&rsquo;occasion de renouer avec la NFL apr&egrave;s le <a href=\"https:\/\/theplayoffs.news\/fr\/actualite-nfl\/podcast-nfl-brian-daboll-renvoye-par-les-giants-la-bonne-solution\/\" class=\"trk-cta-link\" data-cta-trk='{\"ctaType\":\"Link\",\"ctaSubType\":\"main\"}'>licenciement de Brian Daboll chez les Giants<\/a>? Apr&egrave;s avoir laiss&eacute; planer un l&eacute;ger doute en d&eacute;but de semaine, le l&eacute;gendaire coach a finalement referm&eacute; la porte avec fermet&eacute; vendredi soir.<\/p><blockquote class=\"twitter-tweet\"><p lang=\"en\" dir=\"ltr\">A statement from Bill Belichick, who definitely posted this himself on Instagram, saying &ldquo;I have not and will not pursue any NFL head coaching vacancies.&rdquo; <a href=\"https:\/\/t.co\/YMgxgkldAk\" class=\"trk-cta-link\" data-cta-trk='{\"ctaType\":\"Link\",\"ctaSubType\":\"main\"}'>pic.twitter.com\/YMgxgkldAk<\/a><\/p>&mdash; Tom Pelissero (@TomPelissero) <a href=\"https:\/\/twitter.com\/TomPelissero\/status\/1989499497874165913?ref_src=twsrc%5Etfw\" class=\"trk-cta-link\" data-cta-trk='{\"ctaType\":\"Link\",\"ctaSubType\":\"main\"}'>November 15, 2025<\/a><\/blockquote><script async src=\"https:\/\/platform.twitter.com\/widgets.js\" charset=\"utf-8\"><\/script><h2 class=\"wp-block-heading\">Bill Belichick &eacute;carte un possible retour en NFL<\/h2><p>Dans un communiqu&eacute; diffus&eacute; par le programme de UNC, Belichick a tenu &agrave; clarifier sa position. Il y exprime un profond respect pour l&rsquo;organisation des Giants et pour les familles Mara et Tisch, rappelant l&rsquo;importance qu&rsquo;a eue New York dans son parcours. &Agrave; l&rsquo;&eacute;poque, sous Bill Parcells, il y avait fa&ccedil;onn&eacute; la d&eacute;fense qui l&rsquo;avait ensuite propuls&eacute; vers une carri&egrave;re exceptionnelle. Mais &agrave; 73 ans, il affirme ne plus avoir l&rsquo;intention de briguer le moindre poste de head coach en NFL. <\/p><p>&laquo; Je n&rsquo;ai pas, et je ne poursuivrai pas de postes vacants dans la ligue &raquo; <a href=\"https:\/\/www.nbcsports.com\/nfl\/profootballtalk\/rumor-mill\/news\/bill-belichick-says-he-will-not-pursue-any-nfl-head-coaching-vacancies\" class=\"trk-cta-link\" data-cta-trk='{\"ctaType\":\"Link\",\"ctaSubType\":\"main\"}'>assure-t-il.<\/a><\/p><p>Belichick insiste plut&ocirc;t sur l&rsquo;engagement total qu&rsquo;il dit avoir envers North Carolina, o&ugrave; il entame sa premi&egrave;re saison universitaire. Malgr&eacute; un bilan encore irr&eacute;gulier (4-5), il affirme vouloir continuer &agrave; b&acirc;tir un programme solide et d&eacute;velopper ses joueurs, soutenu par l&rsquo;universit&eacute; et la communaut&eacute; des Tar Heels.<\/p><h2 class=\"wp-block-heading\">Un poste qui ne l&rsquo;int&eacute;resse pas chez les Giants?<\/h2><p>Reste que ce revirement soudain interroge. Les conditions contractuelles de Belichick lui permettaient de rejoindre une franchise NFL contre un simple million de dollars, une formalit&eacute; pour n&rsquo;importe quel propri&eacute;taire de franchise NFL. Difficile donc d&rsquo;imaginer qu&rsquo;aucun contact indirect n&rsquo;ait circul&eacute; apr&egrave;s l&rsquo;ouverture du poste chez les Giants. Peut-&ecirc;tre a-t-il constat&eacute; que l&rsquo;option n&rsquo;&eacute;tait finalement pas envisageable, choisissant alors d&rsquo;affirmer sa loyaut&eacute; envers UNC.<\/p><p>Quoi qu&rsquo;il en soit, la messe est dite: celui qui demeure l&rsquo;un des plus grands entra&icirc;neurs de l&rsquo;histoire ne reviendra pas, du moins pour l&rsquo;instant, sur les bancs de la NFL.<\/p><p>Cr&eacute;dit photo: &copy; Mark Konezny-Imagn Images<\/p>\n","protected":false},"excerpt":{"rendered":"<p>NFL &#8211; Bill Belichick ne veut pas revenir en NFL<\/p>\n","protected":false},"author":180309964,"featured_media":1507597,"comment_status":"closed","ping_status":"closed","sticky":false,"template":"","format":"standard","meta":{"inline_featured_image":false,"kia_subtitle":"NFL - Bill Belichick ne veut pas revenir en NFL","_mux_skip_reasons":[],"proofreadBy":0,"footnotes":""},"categories":[118,8410,40,8408],"tags":[879,816,1191],"sport":[2785],"saison":[7475],"class_list":["post-1507596","post","type-post","status-publish","format-standard","has-post-thumbnail","hentry","category-actualite-nfl","category-football-americain","category-nfl","category-sports","tag-bill-belichick","tag-new-york-giants","tag-north-carolina","sport-nfl","saison-7475"],"acf":[],"yoast_head":"<!-- This site is optimized with the Yoast SEO plugin v24.2 - https:\/\/yoast.com\/wordpress\/plugins\/seo\/ -->\n<title>Bill Belichick ne veut pas revenir en NFL - The Playoffs FR<\/title>\n<meta name=\"description\" content=\"L&#039;entra&icirc;neur de l&#039;universit&eacute; de North Carolina, Bill Belichick, a ferm&eacute; la porte pour un retour en NFL dans un avenir proche\" \/>\n<meta name=\"robots\" content=\"index, follow, max-snippet:-1, max-image-preview:large, max-video-preview:-1\" \/>\n<link rel=\"canonical\" href=\"https:\/\/theplayoffs.news\/fr\/actualite-nfl\/bill-belichick-ne-veut-pas-revenir-en-nfl\/\" \/>\n<meta property=\"og:locale\" content=\"fr_FR\" \/>\n<meta property=\"og:type\" content=\"article\" \/>\n<meta property=\"og:title\" content=\"Bill Belichick ne veut pas revenir en NFL - The Playoffs FR\" \/>\n<meta property=\"og:description\" content=\"L&#039;entra&icirc;neur de l&#039;universit&eacute; de North Carolina, Bill Belichick, a ferm&eacute; la porte pour un retour en NFL dans un avenir proche\" \/>\n<meta property=\"og:url\" content=\"https:\/\/theplayoffs.news\/fr\/actualite-nfl\/bill-belichick-ne-veut-pas-revenir-en-nfl\/\" \/>\n<meta property=\"og:site_name\" content=\"The Playoffs FR\" \/>\n<meta property=\"article:publisher\" content=\"https:\/\/www.facebook.com\/TheFreeAgentFR\/\" \/>\n<meta property=\"article:modified_time\" content=\"2025-11-15T08:25:15+01:00\" \/>\n<meta property=\"og:image\" content=\"https:\/\/theplayoffs.news\/fr\/wp-content\/uploads\/2025\/11\/USATSI_27468919.jpg\" \/>\n\t<meta property=\"og:image:width\" content=\"1920\" \/>\n\t<meta property=\"og:image:height\" content=\"1431\" \/>\n\t<meta property=\"og:image:type\" content=\"image\/jpeg\" \/>\n<meta name=\"author\" content=\"Flavien Jumeau\" \/>\n<meta name=\"twitter:card\" content=\"summary_large_image\" \/>\n<meta name=\"twitter:creator\" content=\"@TheFreeAgentFR\" \/>\n<meta name=\"twitter:site\" content=\"@TheFreeAgentFR\" \/>\n<meta name=\"twitter:label1\" content=\"\u00c9crit par\" \/>\n\t<meta name=\"twitter:data1\" content=\"Flavien Jumeau\" \/>\n\t<meta name=\"twitter:label2\" content=\"Dur\u00e9e de lecture estim\u00e9e\" \/>\n\t<meta name=\"twitter:data2\" content=\"2 minutes\" \/>\n<script type=\"application\/ld+json\" class=\"yoast-schema-graph\">{\"@context\":\"https:\/\/schema.org\",\"@graph\":[{\"@type\":\"WebPage\",\"@id\":\"https:\/\/theplayoffs.news\/fr\/actualite-nfl\/bill-belichick-ne-veut-pas-revenir-en-nfl\/\",\"url\":\"https:\/\/theplayoffs.news\/fr\/actualite-nfl\/bill-belichick-ne-veut-pas-revenir-en-nfl\/\",\"name\":\"Bill Belichick ne veut pas revenir en NFL - The Playoffs FR\",\"isPartOf\":{\"@id\":\"https:\/\/theplayoffs.news\/fr\/#website\"},\"primaryImageOfPage\":{\"@id\":\"https:\/\/theplayoffs.news\/fr\/actualite-nfl\/bill-belichick-ne-veut-pas-revenir-en-nfl\/#primaryimage\"},\"image\":{\"@id\":\"https:\/\/theplayoffs.news\/fr\/actualite-nfl\/bill-belichick-ne-veut-pas-revenir-en-nfl\/#primaryimage\"},\"thumbnailUrl\":\"https:\/\/theplayoffs.news\/fr\/wp-content\/uploads\/2025\/11\/USATSI_27468919.jpg\",\"datePublished\":\"2025-11-15T07:25:07+00:00\",\"dateModified\":\"2025-11-15T07:25:15+00:00\",\"author\":{\"@id\":\"https:\/\/theplayoffs.news\/fr\/#\/schema\/person\/def63bc6746dc5957469b75feb99e66d\"},\"description\":\"L\\\\'entra\u00eeneur de l\\\\'universit\u00e9 de North Carolina, Bill Belichick, a ferm\u00e9 la porte pour un retour en NFL dans un avenir proche\",\"breadcrumb\":{\"@id\":\"https:\/\/theplayoffs.news\/fr\/actualite-nfl\/bill-belichick-ne-veut-pas-revenir-en-nfl\/#breadcrumb\"},\"inLanguage\":\"fr-FR\",\"potentialAction\":[{\"@type\":\"ReadAction\",\"target\":[\"https:\/\/theplayoffs.news\/fr\/actualite-nfl\/bill-belichick-ne-veut-pas-revenir-en-nfl\/\"]}]},{\"@type\":\"ImageObject\",\"inLanguage\":\"fr-FR\",\"@id\":\"https:\/\/theplayoffs.news\/fr\/actualite-nfl\/bill-belichick-ne-veut-pas-revenir-en-nfl\/#primaryimage\",\"url\":\"https:\/\/theplayoffs.news\/fr\/wp-content\/uploads\/2025\/11\/USATSI_27468919.jpg\",\"contentUrl\":\"https:\/\/theplayoffs.news\/fr\/wp-content\/uploads\/2025\/11\/USATSI_27468919.jpg\",\"width\":1920,\"height\":1431,\"caption\":\"Oct 31, 2025; Syracuse, New York, USA; North Carolina Tar Heels head coach Bill Belichick looks to the clock in the fourth quarter game against the Syracuse Orange at the JMA Wireless Dome. Mandatory Credit: Mark Konezny-Imagn Images\"},{\"@type\":\"BreadcrumbList\",\"@id\":\"https:\/\/theplayoffs.news\/fr\/actualite-nfl\/bill-belichick-ne-veut-pas-revenir-en-nfl\/#breadcrumb\",\"itemListElement\":[{\"@type\":\"ListItem\",\"position\":1,\"name\":\"Accueil\",\"item\":\"https:\/\/theplayoffs.news\/fr\/\"},{\"@type\":\"ListItem\",\"position\":2,\"name\":\"Bill Belichick ne veut pas revenir en NFL\"}]},{\"@type\":\"WebSite\",\"@id\":\"https:\/\/theplayoffs.news\/fr\/#website\",\"url\":\"https:\/\/theplayoffs.news\/fr\/\",\"name\":\"The Playoffs FR\",\"description\":\"NBA-NFL-NHL-MLB\",\"potentialAction\":[{\"@type\":\"SearchAction\",\"target\":{\"@type\":\"EntryPoint\",\"urlTemplate\":\"https:\/\/theplayoffs.news\/fr\/?s={search_term_string}\"},\"query-input\":{\"@type\":\"PropertyValueSpecification\",\"valueRequired\":true,\"valueName\":\"search_term_string\"}}],\"inLanguage\":\"fr-FR\"},{\"@type\":\"Person\",\"@id\":\"https:\/\/theplayoffs.news\/fr\/#\/schema\/person\/def63bc6746dc5957469b75feb99e66d\",\"name\":\"Flavien Jumeau\",\"image\":{\"@type\":\"ImageObject\",\"inLanguage\":\"fr-FR\",\"@id\":\"https:\/\/theplayoffs.news\/fr\/#\/schema\/person\/image\/\",\"url\":\"https:\/\/secure.gravatar.com\/avatar\/e7fa8ba5a4b7e4ce35fe152f083f352db28ad0acce692004ed88a7a7d78893f7?s=96&d=mm&r=g\",\"contentUrl\":\"https:\/\/secure.gravatar.com\/avatar\/e7fa8ba5a4b7e4ce35fe152f083f352db28ad0acce692004ed88a7a7d78893f7?s=96&d=mm&r=g\",\"caption\":\"Flavien Jumeau\"},\"description\":\"Amoureux du sport (et de vraiment tous les sports) depuis mon plus jeune \u00e2ge, j\u2019ai longtemps h\u00e9site entre le snooker et le curling. Finalement c\u2019est le foot US que j\u2019ai d\u00e9cid\u00e9 de choisir! Responsable foot US sur TPO et animateur du podcast Tailgate j\u2019ai pour mission de vous faire d\u00e9couvrir ce sport passionnant si ce n\u2019est pas encore fait et de vous donner les derni\u00e8res actus. Le tout dans la bonne humeur et avec toujours un jeu de mots ou deux savamment distill\u00e9s! Fan des Saints, pour moi Drew Brees est le vrai GOAT!\",\"url\":\"https:\/\/theplayoffs.news\/fr\/author\/flavien-jumeaugmail-com\/\"}]}<\/script>\n<!-- \/ Yoast SEO plugin. -->","yoast_head_json":{"title":"Bill Belichick ne veut pas revenir en NFL - The Playoffs FR","description":"L&#039;entra&icirc;neur de l&#039;universit&eacute; de North Carolina, Bill Belichick, a ferm&eacute; la porte pour un retour en NFL dans un avenir proche","robots":{"index":"index","follow":"follow","max-snippet":"max-snippet:-1","max-image-preview":"max-image-preview:large","max-video-preview":"max-video-preview:-1"},"canonical":"https:\/\/theplayoffs.news\/fr\/actualite-nfl\/bill-belichick-ne-veut-pas-revenir-en-nfl\/","og_locale":"fr_FR","og_type":"article","og_title":"Bill Belichick ne veut pas revenir en NFL - The Playoffs FR","og_description":"L&#039;entra&icirc;neur de l&#039;universit&eacute; de North Carolina, Bill Belichick, a ferm&eacute; la porte pour un retour en NFL dans un avenir proche","og_url":"https:\/\/theplayoffs.news\/fr\/actualite-nfl\/bill-belichick-ne-veut-pas-revenir-en-nfl\/","og_site_name":"The Playoffs FR","article_publisher":"https:\/\/www.facebook.com\/TheFreeAgentFR\/","article_modified_time":"2025-11-15T07:25:15+00:00","og_image":[{"width":1920,"height":1431,"url":"https:\/\/theplayoffs.news\/fr\/wp-content\/uploads\/2025\/11\/USATSI_27468919.jpg","type":"image\/jpeg"}],"author":"Flavien Jumeau","twitter_card":"summary_large_image","twitter_creator":"@TheFreeAgentFR","twitter_site":"@TheFreeAgentFR","twitter_misc":{"\u00c9crit par":"Flavien Jumeau","Dur\u00e9e de lecture estim\u00e9e":"2 minutes"},"schema":{"@context":"https:\/\/schema.org","@graph":[{"@type":"WebPage","@id":"https:\/\/theplayoffs.news\/fr\/actualite-nfl\/bill-belichick-ne-veut-pas-revenir-en-nfl\/","url":"https:\/\/theplayoffs.news\/fr\/actualite-nfl\/bill-belichick-ne-veut-pas-revenir-en-nfl\/","name":"Bill Belichick ne veut pas revenir en NFL - The Playoffs FR","isPartOf":{"@id":"https:\/\/theplayoffs.news\/fr\/#website"},"primaryImageOfPage":{"@id":"https:\/\/theplayoffs.news\/fr\/actualite-nfl\/bill-belichick-ne-veut-pas-revenir-en-nfl\/#primaryimage"},"image":{"@id":"https:\/\/theplayoffs.news\/fr\/actualite-nfl\/bill-belichick-ne-veut-pas-revenir-en-nfl\/#primaryimage"},"thumbnailUrl":"https:\/\/theplayoffs.news\/fr\/wp-content\/uploads\/2025\/11\/USATSI_27468919.jpg","datePublished":"2025-11-15T07:25:07+00:00","dateModified":"2025-11-15T07:25:15+00:00","author":{"@id":"https:\/\/theplayoffs.news\/fr\/#\/schema\/person\/def63bc6746dc5957469b75feb99e66d"},"description":"L\\'entra\u00eeneur de l\\'universit\u00e9 de North Carolina, Bill Belichick, a ferm\u00e9 la porte pour un retour en NFL dans un avenir proche","breadcrumb":{"@id":"https:\/\/theplayoffs.news\/fr\/actualite-nfl\/bill-belichick-ne-veut-pas-revenir-en-nfl\/#breadcrumb"},"inLanguage":"fr-FR","potentialAction":[{"@type":"ReadAction","target":["https:\/\/theplayoffs.news\/fr\/actualite-nfl\/bill-belichick-ne-veut-pas-revenir-en-nfl\/"]}]},{"@type":"ImageObject","inLanguage":"fr-FR","@id":"https:\/\/theplayoffs.news\/fr\/actualite-nfl\/bill-belichick-ne-veut-pas-revenir-en-nfl\/#primaryimage","url":"https:\/\/theplayoffs.news\/fr\/wp-content\/uploads\/2025\/11\/USATSI_27468919.jpg","contentUrl":"https:\/\/theplayoffs.news\/fr\/wp-content\/uploads\/2025\/11\/USATSI_27468919.jpg","width":1920,"height":1431,"caption":"Oct 31, 2025; Syracuse, New York, USA; North Carolina Tar Heels head coach Bill Belichick looks to the clock in the fourth quarter game against the Syracuse Orange at the JMA Wireless Dome. Mandatory Credit: Mark Konezny-Imagn Images"},{"@type":"BreadcrumbList","@id":"https:\/\/theplayoffs.news\/fr\/actualite-nfl\/bill-belichick-ne-veut-pas-revenir-en-nfl\/#breadcrumb","itemListElement":[{"@type":"ListItem","position":1,"name":"Accueil","item":"https:\/\/theplayoffs.news\/fr\/"},{"@type":"ListItem","position":2,"name":"Bill Belichick ne veut pas revenir en NFL"}]},{"@type":"WebSite","@id":"https:\/\/theplayoffs.news\/fr\/#website","url":"https:\/\/theplayoffs.news\/fr\/","name":"The Playoffs FR","description":"NBA-NFL-NHL-MLB","potentialAction":[{"@type":"SearchAction","target":{"@type":"EntryPoint","urlTemplate":"https:\/\/theplayoffs.news\/fr\/?s={search_term_string}"},"query-input":{"@type":"PropertyValueSpecification","valueRequired":true,"valueName":"search_term_string"}}],"inLanguage":"fr-FR"},{"@type":"Person","@id":"https:\/\/theplayoffs.news\/fr\/#\/schema\/person\/def63bc6746dc5957469b75feb99e66d","name":"Flavien Jumeau","image":{"@type":"ImageObject","inLanguage":"fr-FR","@id":"https:\/\/theplayoffs.news\/fr\/#\/schema\/person\/image\/","url":"https:\/\/secure.gravatar.com\/avatar\/e7fa8ba5a4b7e4ce35fe152f083f352db28ad0acce692004ed88a7a7d78893f7?s=96&d=mm&r=g","contentUrl":"https:\/\/secure.gravatar.com\/avatar\/e7fa8ba5a4b7e4ce35fe152f083f352db28ad0acce692004ed88a7a7d78893f7?s=96&d=mm&r=g","caption":"Flavien Jumeau"},"description":"Amoureux du sport (et de vraiment tous les sports) depuis mon plus jeune \u00e2ge, j\u2019ai longtemps h\u00e9site entre le snooker et le curling. Finalement c\u2019est le foot US que j\u2019ai d\u00e9cid\u00e9 de choisir! Responsable foot US sur TPO et animateur du podcast Tailgate j\u2019ai pour mission de vous faire d\u00e9couvrir ce sport passionnant si ce n\u2019est pas encore fait et de vous donner les derni\u00e8res actus. Le tout dans la bonne humeur et avec toujours un jeu de mots ou deux savamment distill\u00e9s! Fan des Saints, pour moi Drew Brees est le vrai GOAT!","url":"https:\/\/theplayoffs.news\/fr\/author\/flavien-jumeaugmail-com\/"}]}},"_links":{"self":[{"href":"https:\/\/theplayoffs.news\/fr\/wp-json\/wp\/v2\/posts\/1507596","targetHints":{"allow":["GET"]}}],"collection":[{"href":"https:\/\/theplayoffs.news\/fr\/wp-json\/wp\/v2\/posts"}],"about":[{"href":"https:\/\/theplayoffs.news\/fr\/wp-json\/wp\/v2\/types\/post"}],"author":[{"embeddable":true,"href":"https:\/\/theplayoffs.news\/fr\/wp-json\/wp\/v2\/users\/180309964"}],"replies":[{"embeddable":true,"href":"https:\/\/theplayoffs.news\/fr\/wp-json\/wp\/v2\/comments?post=1507596"}],"version-history":[{"count":1,"href":"https:\/\/theplayoffs.news\/fr\/wp-json\/wp\/v2\/posts\/1507596\/revisions"}],"predecessor-version":[{"id":1507598,"href":"https:\/\/theplayoffs.news\/fr\/wp-json\/wp\/v2\/posts\/1507596\/revisions\/1507598"}],"wp:featuredmedia":[{"embeddable":true,"href":"https:\/\/theplayoffs.news\/fr\/wp-json\/wp\/v2\/media\/1507597"}],"wp:attachment":[{"href":"https:\/\/theplayoffs.news\/fr\/wp-json\/wp\/v2\/media?parent=1507596"}],"wp:term":[{"taxonomy":"category","embeddable":true,"href":"https:\/\/theplayoffs.news\/fr\/wp-json\/wp\/v2\/categories?post=1507596"},{"taxonomy":"post_tag","embeddable":true,"href":"https:\/\/theplayoffs.news\/fr\/wp-json\/wp\/v2\/tags?post=1507596"},{"taxonomy":"sport","embeddable":true,"href":"https:\/\/theplayoffs.news\/fr\/wp-json\/wp\/v2\/sport?post=1507596"},{"taxonomy":"saison","embeddable":true,"href":"https:\/\/theplayoffs.news\/fr\/wp-json\/wp\/v2\/saison?post=1507596"}],"curies":[{"name":"wp","href":"https:\/\/api.w.org\/{rel}","templated":true}]}}