{"id":1507555,"date":"2025-11-15T12:40:00","date_gmt":"2025-11-15T11:40:00","guid":{"rendered":"https:\/\/theplayoffs.news\/fr\/uncategorized\/\/"},"modified":"2025-11-15T12:40:45","modified_gmt":"2025-11-15T11:40:45","slug":"cooper-kupp-seahawks-evoque-son-retour-a-los-angeles-cest-juste-un-autre-match-de-foot","status":"publish","type":"post","link":"https:\/\/theplayoffs.news\/fr\/actualite-nfl\/cooper-kupp-seahawks-evoque-son-retour-a-los-angeles-cest-juste-un-autre-match-de-foot\/","title":{"rendered":"Cooper Kupp (Seahawks) \u00e9voque son retour \u00e0 Los Angeles: \u00ab\u00a0C&rsquo;est juste un autre match de foot\u00a0\u00bb"},"content":{"rendered":"<p>Dimanche, Cooper Kupp s&rsquo;appr&ecirc;te &agrave; fouler de nouveau la pelouse du SoFi Stadium, un lieu qu&rsquo;il conna&icirc;t mieux que quiconque. Pendant huit saisons, le receveur a incarn&eacute; le c&oelig;ur de l&rsquo;attaque a&eacute;rienne des Rams avant d&rsquo;&ecirc;tre lib&eacute;r&eacute; en mars dernier, un tournant plus ou moins inattendu pour l&rsquo;un des visages de la franchise. Rapidement r&eacute;cup&eacute;r&eacute; par Seattle, il savait que ce transfert l&rsquo;am&egrave;nerait in&eacute;vitablement &agrave; croiser la route de son ancienne &eacute;quipe puisque les deux franchises partagent la m&ecirc;me <a href=\"https:\/\/theplayoffs.news\/fr\/actualite-nfl\/podcast-nfl-le-power-ranking-des-divisions-2025\/\" class=\"trk-cta-link\" data-cta-trk='{\"ctaType\":\"Link\",\"ctaSubType\":\"main\"}'>division NFC Ouest<\/a>.<\/p><h2 class=\"wp-block-heading\">Pas un &eacute;v&eacute;nement particulier pour Kupp<\/h2><p>&Agrave; l&rsquo;approche de ce premier retour, l&rsquo;attente autour de ses retrouvailles avec Los Angeles &eacute;tait palpable. Pourtant, Kupp refuse d&rsquo;en faire un &eacute;v&eacute;nement personnel. Fid&egrave;le &agrave; son temp&eacute;rament discret, il assure ne pas vouloir se laisser emporter par le contexte. <\/p><blockquote class=\"wp-block-quote is-layout-flow wp-block-quote-is-layout-flow\">\n<p>&laquo; C&rsquo;est juste un autre match de football comme un autre &raquo; <a href=\"https:\/\/www.nbcsports.com\/nfl\/profootballtalk\/rumor-mill\/news\/cooper-kupp-return-to-los-angeles-is-another-football-game\" class=\"trk-cta-link\" data-cta-trk='{\"ctaType\":\"Link\",\"ctaSubType\":\"main\"}'>a-t-il affirm&eacute;<\/a>. &laquo; J&rsquo;ai beaucoup d&rsquo;affection pour les gars l&agrave;-bas, mais une fois sur le terrain, il faut jouer. Aborder chaque action avec la m&ecirc;me concentration, comme d&rsquo;habitude. &raquo;<\/p>\n<\/blockquote><h2 class=\"wp-block-heading\">Cooper Kupp dans l&rsquo;ombre de Smith-Njigba<\/h2><p>Un discours simple, presque d&eacute;sarmant, mais qui refl&egrave;te bien l&rsquo;&eacute;tat d&rsquo;esprit du joueur: se fondre dans le collectif avant tout. Car Kupp, autrefois centre n&eacute;vralgique de l&rsquo;attaque des Rams, &eacute;volue d&eacute;sormais dans un r&ocirc;le plus secondaire &agrave; Seattle. Avec la mont&eacute;e en puissance de Jaxon Smith-Njigba, devenu la cible principale de l&rsquo;escouade offensive, Kupp s&rsquo;est adapt&eacute;. En huit matchs, il affiche 26 r&eacute;ceptions pour 367 yards et un touchdown, des statistiques modestes d&ucirc; aussi &agrave; un corps devenu plus fragile au fil du temps et d&eacute;j&agrave; endolori lors de ses derni&egrave;res saisons en Californie.<\/p><p>Son retour &agrave; L.A. pourrait n&eacute;anmoins r&eacute;veiller quelques &eacute;motions, m&ecirc;me s&rsquo;il refuse de le reconna&icirc;tre. Mais pour Kupp, l&rsquo;essentiel reste de contribuer au succ&egrave;s des Seahawks, sans s&rsquo;attarder sur le pass&eacute;. Une fa&ccedil;on de rappeler que, dans une ligue o&ugrave; tout va tr&egrave;s vite, seule compte la prochaine action.<\/p><p>Cr&eacute;dit photo: &copy; Steven Bisig-Imagn Images<\/p>\n","protected":false},"excerpt":{"rendered":"<p>NFL &#8211; Cooper Kupp ne fait pas dans les \u00e9motions au moment de rejouer au SoFi Stadium<\/p>\n","protected":false},"author":180309964,"featured_media":1507556,"comment_status":"closed","ping_status":"closed","sticky":false,"template":"","format":"standard","meta":{"inline_featured_image":false,"kia_subtitle":"NFL - Cooper Kupp ne fait pas dans les \u00e9motions au moment de rejouer au SoFi Stadium","_mux_skip_reasons":[],"proofreadBy":0,"footnotes":""},"categories":[118,8410,40,8408],"tags":[934,733],"sport":[2785],"saison":[7475],"class_list":["post-1507555","post","type-post","status-publish","format-standard","has-post-thumbnail","hentry","category-actualite-nfl","category-football-americain","category-nfl","category-sports","tag-cooper-kupp","tag-seattle-seahawks","sport-nfl","saison-7475"],"acf":[],"yoast_head":"<!-- This site is optimized with the Yoast SEO plugin v24.2 - https:\/\/yoast.com\/wordpress\/plugins\/seo\/ -->\n<title>Cooper Kupp (Seahawks) &eacute;voque son retour &agrave; Los Angeles: &quot;C&#039;est juste un autre match de foot&quot; - The Playoffs FR<\/title>\n<meta name=\"description\" content=\"Le receveur exp&eacute;riment&eacute; des Seattle Seahawks, Cooper Kupp, va faire son retour ce dimanche sur la pelouse des Los Angeles Rams.\" \/>\n<meta name=\"robots\" content=\"index, follow, max-snippet:-1, max-image-preview:large, max-video-preview:-1\" \/>\n<link rel=\"canonical\" href=\"https:\/\/theplayoffs.news\/fr\/actualite-nfl\/cooper-kupp-seahawks-evoque-son-retour-a-los-angeles-cest-juste-un-autre-match-de-foot\/\" \/>\n<meta property=\"og:locale\" content=\"fr_FR\" \/>\n<meta property=\"og:type\" content=\"article\" \/>\n<meta property=\"og:title\" content=\"Cooper Kupp (Seahawks) &eacute;voque son retour &agrave; Los Angeles: &quot;C&#039;est juste un autre match de foot&quot; - The Playoffs FR\" \/>\n<meta property=\"og:description\" content=\"Le receveur exp&eacute;riment&eacute; des Seattle Seahawks, Cooper Kupp, va faire son retour ce dimanche sur la pelouse des Los Angeles Rams.\" \/>\n<meta property=\"og:url\" content=\"https:\/\/theplayoffs.news\/fr\/actualite-nfl\/cooper-kupp-seahawks-evoque-son-retour-a-los-angeles-cest-juste-un-autre-match-de-foot\/\" \/>\n<meta property=\"og:site_name\" content=\"The Playoffs FR\" \/>\n<meta property=\"article:publisher\" content=\"https:\/\/www.facebook.com\/TheFreeAgentFR\/\" \/>\n<meta property=\"article:modified_time\" content=\"2025-11-15T12:40:45+01:00\" \/>\n<meta property=\"og:image\" content=\"https:\/\/theplayoffs.news\/fr\/wp-content\/uploads\/2025\/11\/USATSI_27546380.jpg\" \/>\n\t<meta property=\"og:image:width\" content=\"1920\" \/>\n\t<meta property=\"og:image:height\" content=\"1280\" \/>\n\t<meta property=\"og:image:type\" content=\"image\/jpeg\" \/>\n<meta name=\"author\" content=\"Flavien Jumeau\" \/>\n<meta name=\"twitter:card\" content=\"summary_large_image\" \/>\n<meta name=\"twitter:creator\" content=\"@TheFreeAgentFR\" \/>\n<meta name=\"twitter:site\" content=\"@TheFreeAgentFR\" \/>\n<meta name=\"twitter:label1\" content=\"\u00c9crit par\" \/>\n\t<meta name=\"twitter:data1\" content=\"Flavien Jumeau\" \/>\n\t<meta name=\"twitter:label2\" content=\"Dur\u00e9e de lecture estim\u00e9e\" \/>\n\t<meta name=\"twitter:data2\" content=\"2 minutes\" \/>\n<script type=\"application\/ld+json\" class=\"yoast-schema-graph\">{\"@context\":\"https:\/\/schema.org\",\"@graph\":[{\"@type\":\"WebPage\",\"@id\":\"https:\/\/theplayoffs.news\/fr\/actualite-nfl\/cooper-kupp-seahawks-evoque-son-retour-a-los-angeles-cest-juste-un-autre-match-de-foot\/\",\"url\":\"https:\/\/theplayoffs.news\/fr\/actualite-nfl\/cooper-kupp-seahawks-evoque-son-retour-a-los-angeles-cest-juste-un-autre-match-de-foot\/\",\"name\":\"Cooper Kupp (Seahawks) \u00e9voque son retour \u00e0 Los Angeles: \\\\\\\"C\\\\'est juste un autre match de foot\\\\\\\" - The Playoffs FR\",\"isPartOf\":{\"@id\":\"https:\/\/theplayoffs.news\/fr\/#website\"},\"primaryImageOfPage\":{\"@id\":\"https:\/\/theplayoffs.news\/fr\/actualite-nfl\/cooper-kupp-seahawks-evoque-son-retour-a-los-angeles-cest-juste-un-autre-match-de-foot\/#primaryimage\"},\"image\":{\"@id\":\"https:\/\/theplayoffs.news\/fr\/actualite-nfl\/cooper-kupp-seahawks-evoque-son-retour-a-los-angeles-cest-juste-un-autre-match-de-foot\/#primaryimage\"},\"thumbnailUrl\":\"https:\/\/theplayoffs.news\/fr\/wp-content\/uploads\/2025\/11\/USATSI_27546380.jpg\",\"datePublished\":\"2025-11-15T11:40:00+00:00\",\"dateModified\":\"2025-11-15T11:40:45+00:00\",\"author\":{\"@id\":\"https:\/\/theplayoffs.news\/fr\/#\/schema\/person\/def63bc6746dc5957469b75feb99e66d\"},\"description\":\"Le receveur exp\u00e9riment\u00e9 des Seattle Seahawks, Cooper Kupp, va faire son retour ce dimanche sur la pelouse des Los Angeles Rams.\",\"breadcrumb\":{\"@id\":\"https:\/\/theplayoffs.news\/fr\/actualite-nfl\/cooper-kupp-seahawks-evoque-son-retour-a-los-angeles-cest-juste-un-autre-match-de-foot\/#breadcrumb\"},\"inLanguage\":\"fr-FR\",\"potentialAction\":[{\"@type\":\"ReadAction\",\"target\":[\"https:\/\/theplayoffs.news\/fr\/actualite-nfl\/cooper-kupp-seahawks-evoque-son-retour-a-los-angeles-cest-juste-un-autre-match-de-foot\/\"]}]},{\"@type\":\"ImageObject\",\"inLanguage\":\"fr-FR\",\"@id\":\"https:\/\/theplayoffs.news\/fr\/actualite-nfl\/cooper-kupp-seahawks-evoque-son-retour-a-los-angeles-cest-juste-un-autre-match-de-foot\/#primaryimage\",\"url\":\"https:\/\/theplayoffs.news\/fr\/wp-content\/uploads\/2025\/11\/USATSI_27546380.jpg\",\"contentUrl\":\"https:\/\/theplayoffs.news\/fr\/wp-content\/uploads\/2025\/11\/USATSI_27546380.jpg\",\"width\":1920,\"height\":1280,\"caption\":\"Nov 9, 2025; Seattle, Washington, USA; Seattle Seahawks wide receiver Cooper Kupp (10) warms up before the game against the Arizona Cardinals at Lumen Field. Mandatory Credit: Steven Bisig-Imagn Images\"},{\"@type\":\"BreadcrumbList\",\"@id\":\"https:\/\/theplayoffs.news\/fr\/actualite-nfl\/cooper-kupp-seahawks-evoque-son-retour-a-los-angeles-cest-juste-un-autre-match-de-foot\/#breadcrumb\",\"itemListElement\":[{\"@type\":\"ListItem\",\"position\":1,\"name\":\"Accueil\",\"item\":\"https:\/\/theplayoffs.news\/fr\/\"},{\"@type\":\"ListItem\",\"position\":2,\"name\":\"Cooper Kupp (Seahawks) \u00e9voque son retour \u00e0 Los Angeles: &#8220;C&#8217;est juste un autre match de foot&#8221;\"}]},{\"@type\":\"WebSite\",\"@id\":\"https:\/\/theplayoffs.news\/fr\/#website\",\"url\":\"https:\/\/theplayoffs.news\/fr\/\",\"name\":\"The Playoffs FR\",\"description\":\"NBA-NFL-NHL-MLB\",\"potentialAction\":[{\"@type\":\"SearchAction\",\"target\":{\"@type\":\"EntryPoint\",\"urlTemplate\":\"https:\/\/theplayoffs.news\/fr\/?s={search_term_string}\"},\"query-input\":{\"@type\":\"PropertyValueSpecification\",\"valueRequired\":true,\"valueName\":\"search_term_string\"}}],\"inLanguage\":\"fr-FR\"},{\"@type\":\"Person\",\"@id\":\"https:\/\/theplayoffs.news\/fr\/#\/schema\/person\/def63bc6746dc5957469b75feb99e66d\",\"name\":\"Flavien Jumeau\",\"image\":{\"@type\":\"ImageObject\",\"inLanguage\":\"fr-FR\",\"@id\":\"https:\/\/theplayoffs.news\/fr\/#\/schema\/person\/image\/\",\"url\":\"https:\/\/secure.gravatar.com\/avatar\/e7fa8ba5a4b7e4ce35fe152f083f352db28ad0acce692004ed88a7a7d78893f7?s=96&d=mm&r=g\",\"contentUrl\":\"https:\/\/secure.gravatar.com\/avatar\/e7fa8ba5a4b7e4ce35fe152f083f352db28ad0acce692004ed88a7a7d78893f7?s=96&d=mm&r=g\",\"caption\":\"Flavien Jumeau\"},\"description\":\"Amoureux du sport (et de vraiment tous les sports) depuis mon plus jeune \u00e2ge, j\u2019ai longtemps h\u00e9site entre le snooker et le curling. Finalement c\u2019est le foot US que j\u2019ai d\u00e9cid\u00e9 de choisir! Responsable foot US sur TPO et animateur du podcast Tailgate j\u2019ai pour mission de vous faire d\u00e9couvrir ce sport passionnant si ce n\u2019est pas encore fait et de vous donner les derni\u00e8res actus. Le tout dans la bonne humeur et avec toujours un jeu de mots ou deux savamment distill\u00e9s! Fan des Saints, pour moi Drew Brees est le vrai GOAT!\",\"url\":\"https:\/\/theplayoffs.news\/fr\/author\/flavien-jumeaugmail-com\/\"}]}<\/script>\n<!-- \/ Yoast SEO plugin. -->","yoast_head_json":{"title":"Cooper Kupp (Seahawks) &eacute;voque son retour &agrave; Los Angeles: &quot;C&#039;est juste un autre match de foot&quot; - The Playoffs FR","description":"Le receveur exp&eacute;riment&eacute; des Seattle Seahawks, Cooper Kupp, va faire son retour ce dimanche sur la pelouse des Los Angeles Rams.","robots":{"index":"index","follow":"follow","max-snippet":"max-snippet:-1","max-image-preview":"max-image-preview:large","max-video-preview":"max-video-preview:-1"},"canonical":"https:\/\/theplayoffs.news\/fr\/actualite-nfl\/cooper-kupp-seahawks-evoque-son-retour-a-los-angeles-cest-juste-un-autre-match-de-foot\/","og_locale":"fr_FR","og_type":"article","og_title":"Cooper Kupp (Seahawks) &eacute;voque son retour &agrave; Los Angeles: &quot;C&#039;est juste un autre match de foot&quot; - The Playoffs FR","og_description":"Le receveur exp&eacute;riment&eacute; des Seattle Seahawks, Cooper Kupp, va faire son retour ce dimanche sur la pelouse des Los Angeles Rams.","og_url":"https:\/\/theplayoffs.news\/fr\/actualite-nfl\/cooper-kupp-seahawks-evoque-son-retour-a-los-angeles-cest-juste-un-autre-match-de-foot\/","og_site_name":"The Playoffs FR","article_publisher":"https:\/\/www.facebook.com\/TheFreeAgentFR\/","article_modified_time":"2025-11-15T11:40:45+00:00","og_image":[{"width":1920,"height":1280,"url":"https:\/\/theplayoffs.news\/fr\/wp-content\/uploads\/2025\/11\/USATSI_27546380.jpg","type":"image\/jpeg"}],"author":"Flavien Jumeau","twitter_card":"summary_large_image","twitter_creator":"@TheFreeAgentFR","twitter_site":"@TheFreeAgentFR","twitter_misc":{"\u00c9crit par":"Flavien Jumeau","Dur\u00e9e de lecture estim\u00e9e":"2 minutes"},"schema":{"@context":"https:\/\/schema.org","@graph":[{"@type":"WebPage","@id":"https:\/\/theplayoffs.news\/fr\/actualite-nfl\/cooper-kupp-seahawks-evoque-son-retour-a-los-angeles-cest-juste-un-autre-match-de-foot\/","url":"https:\/\/theplayoffs.news\/fr\/actualite-nfl\/cooper-kupp-seahawks-evoque-son-retour-a-los-angeles-cest-juste-un-autre-match-de-foot\/","name":"Cooper Kupp (Seahawks) \u00e9voque son retour \u00e0 Los Angeles: \\\"C\\'est juste un autre match de foot\\\" - The Playoffs FR","isPartOf":{"@id":"https:\/\/theplayoffs.news\/fr\/#website"},"primaryImageOfPage":{"@id":"https:\/\/theplayoffs.news\/fr\/actualite-nfl\/cooper-kupp-seahawks-evoque-son-retour-a-los-angeles-cest-juste-un-autre-match-de-foot\/#primaryimage"},"image":{"@id":"https:\/\/theplayoffs.news\/fr\/actualite-nfl\/cooper-kupp-seahawks-evoque-son-retour-a-los-angeles-cest-juste-un-autre-match-de-foot\/#primaryimage"},"thumbnailUrl":"https:\/\/theplayoffs.news\/fr\/wp-content\/uploads\/2025\/11\/USATSI_27546380.jpg","datePublished":"2025-11-15T11:40:00+00:00","dateModified":"2025-11-15T11:40:45+00:00","author":{"@id":"https:\/\/theplayoffs.news\/fr\/#\/schema\/person\/def63bc6746dc5957469b75feb99e66d"},"description":"Le receveur exp\u00e9riment\u00e9 des Seattle Seahawks, Cooper Kupp, va faire son retour ce dimanche sur la pelouse des Los Angeles Rams.","breadcrumb":{"@id":"https:\/\/theplayoffs.news\/fr\/actualite-nfl\/cooper-kupp-seahawks-evoque-son-retour-a-los-angeles-cest-juste-un-autre-match-de-foot\/#breadcrumb"},"inLanguage":"fr-FR","potentialAction":[{"@type":"ReadAction","target":["https:\/\/theplayoffs.news\/fr\/actualite-nfl\/cooper-kupp-seahawks-evoque-son-retour-a-los-angeles-cest-juste-un-autre-match-de-foot\/"]}]},{"@type":"ImageObject","inLanguage":"fr-FR","@id":"https:\/\/theplayoffs.news\/fr\/actualite-nfl\/cooper-kupp-seahawks-evoque-son-retour-a-los-angeles-cest-juste-un-autre-match-de-foot\/#primaryimage","url":"https:\/\/theplayoffs.news\/fr\/wp-content\/uploads\/2025\/11\/USATSI_27546380.jpg","contentUrl":"https:\/\/theplayoffs.news\/fr\/wp-content\/uploads\/2025\/11\/USATSI_27546380.jpg","width":1920,"height":1280,"caption":"Nov 9, 2025; Seattle, Washington, USA; Seattle Seahawks wide receiver Cooper Kupp (10) warms up before the game against the Arizona Cardinals at Lumen Field. Mandatory Credit: Steven Bisig-Imagn Images"},{"@type":"BreadcrumbList","@id":"https:\/\/theplayoffs.news\/fr\/actualite-nfl\/cooper-kupp-seahawks-evoque-son-retour-a-los-angeles-cest-juste-un-autre-match-de-foot\/#breadcrumb","itemListElement":[{"@type":"ListItem","position":1,"name":"Accueil","item":"https:\/\/theplayoffs.news\/fr\/"},{"@type":"ListItem","position":2,"name":"Cooper Kupp (Seahawks) \u00e9voque son retour \u00e0 Los Angeles: &#8220;C&#8217;est juste un autre match de foot&#8221;"}]},{"@type":"WebSite","@id":"https:\/\/theplayoffs.news\/fr\/#website","url":"https:\/\/theplayoffs.news\/fr\/","name":"The Playoffs FR","description":"NBA-NFL-NHL-MLB","potentialAction":[{"@type":"SearchAction","target":{"@type":"EntryPoint","urlTemplate":"https:\/\/theplayoffs.news\/fr\/?s={search_term_string}"},"query-input":{"@type":"PropertyValueSpecification","valueRequired":true,"valueName":"search_term_string"}}],"inLanguage":"fr-FR"},{"@type":"Person","@id":"https:\/\/theplayoffs.news\/fr\/#\/schema\/person\/def63bc6746dc5957469b75feb99e66d","name":"Flavien Jumeau","image":{"@type":"ImageObject","inLanguage":"fr-FR","@id":"https:\/\/theplayoffs.news\/fr\/#\/schema\/person\/image\/","url":"https:\/\/secure.gravatar.com\/avatar\/e7fa8ba5a4b7e4ce35fe152f083f352db28ad0acce692004ed88a7a7d78893f7?s=96&d=mm&r=g","contentUrl":"https:\/\/secure.gravatar.com\/avatar\/e7fa8ba5a4b7e4ce35fe152f083f352db28ad0acce692004ed88a7a7d78893f7?s=96&d=mm&r=g","caption":"Flavien Jumeau"},"description":"Amoureux du sport (et de vraiment tous les sports) depuis mon plus jeune \u00e2ge, j\u2019ai longtemps h\u00e9site entre le snooker et le curling. Finalement c\u2019est le foot US que j\u2019ai d\u00e9cid\u00e9 de choisir! Responsable foot US sur TPO et animateur du podcast Tailgate j\u2019ai pour mission de vous faire d\u00e9couvrir ce sport passionnant si ce n\u2019est pas encore fait et de vous donner les derni\u00e8res actus. Le tout dans la bonne humeur et avec toujours un jeu de mots ou deux savamment distill\u00e9s! Fan des Saints, pour moi Drew Brees est le vrai GOAT!","url":"https:\/\/theplayoffs.news\/fr\/author\/flavien-jumeaugmail-com\/"}]}},"_links":{"self":[{"href":"https:\/\/theplayoffs.news\/fr\/wp-json\/wp\/v2\/posts\/1507555","targetHints":{"allow":["GET"]}}],"collection":[{"href":"https:\/\/theplayoffs.news\/fr\/wp-json\/wp\/v2\/posts"}],"about":[{"href":"https:\/\/theplayoffs.news\/fr\/wp-json\/wp\/v2\/types\/post"}],"author":[{"embeddable":true,"href":"https:\/\/theplayoffs.news\/fr\/wp-json\/wp\/v2\/users\/180309964"}],"replies":[{"embeddable":true,"href":"https:\/\/theplayoffs.news\/fr\/wp-json\/wp\/v2\/comments?post=1507555"}],"version-history":[{"count":1,"href":"https:\/\/theplayoffs.news\/fr\/wp-json\/wp\/v2\/posts\/1507555\/revisions"}],"predecessor-version":[{"id":1507557,"href":"https:\/\/theplayoffs.news\/fr\/wp-json\/wp\/v2\/posts\/1507555\/revisions\/1507557"}],"wp:featuredmedia":[{"embeddable":true,"href":"https:\/\/theplayoffs.news\/fr\/wp-json\/wp\/v2\/media\/1507556"}],"wp:attachment":[{"href":"https:\/\/theplayoffs.news\/fr\/wp-json\/wp\/v2\/media?parent=1507555"}],"wp:term":[{"taxonomy":"category","embeddable":true,"href":"https:\/\/theplayoffs.news\/fr\/wp-json\/wp\/v2\/categories?post=1507555"},{"taxonomy":"post_tag","embeddable":true,"href":"https:\/\/theplayoffs.news\/fr\/wp-json\/wp\/v2\/tags?post=1507555"},{"taxonomy":"sport","embeddable":true,"href":"https:\/\/theplayoffs.news\/fr\/wp-json\/wp\/v2\/sport?post=1507555"},{"taxonomy":"saison","embeddable":true,"href":"https:\/\/theplayoffs.news\/fr\/wp-json\/wp\/v2\/saison?post=1507555"}],"curies":[{"name":"wp","href":"https:\/\/api.w.org\/{rel}","templated":true}]}}