{"id":1506635,"date":"2025-11-03T15:17:56","date_gmt":"2025-11-03T14:17:56","guid":{"rendered":"https:\/\/theplayoffs.news\/fr\/uncategorized\/\/"},"modified":"2025-11-03T15:18:02","modified_gmt":"2025-11-03T14:18:02","slug":"blessure-de-jayden-daniels-une-responsabilite-de-dan-quinn","status":"publish","type":"post","link":"https:\/\/theplayoffs.news\/fr\/actualite-nfl\/blessure-de-jayden-daniels-une-responsabilite-de-dan-quinn\/","title":{"rendered":"Blessure de Jayden Daniels &#8211; Une responsabilit\u00e9 de Dan Quinn?"},"content":{"rendered":"<p>La grave blessure de Jayden Daniels lors du <a href=\"https:\/\/theplayoffs.news\/fr\/actualite-nfl\/semaine-9-nfl-la-faillite-des-indianapolis-colts-et-tous-les-autres-resultats\/\" class=\"trk-cta-link\" data-cta-trk='{\"ctaType\":\"Link\",\"ctaSubType\":\"main\"}'>naufrage des Washington Commanders face &agrave; Seattle (38-14)<\/a> continue de faire couler beaucoup d&rsquo;encre. Et au centre de la pol&eacute;mique, un nom revient avec insistance: Dan Quinn. L&rsquo;entra&icirc;neur principal de Washington est accus&eacute; d&rsquo;avoir pris un risque inutile en laissant son quarterback titulaire sur le terrain alors que le match &eacute;tait d&eacute;j&agrave; perdu.<\/p><h2 class=\"wp-block-heading\">Jayden Daniels, une blessure &laquo;&nbsp;&eacute;vitable&nbsp;&raquo;?<\/h2><p>Touch&eacute; au coude gauche dans le dernier quart-temps, Daniels souffre d&rsquo;une luxation qui pourrait bien mettre un terme &agrave; sa saison. Une issue dramatique pour le jeune quarterback, mais aussi un coup dur pour une &eacute;quipe d&eacute;j&agrave; en difficult&eacute; (3-6). Beaucoup se demandent pourquoi Quinn n&rsquo;a pas choisi de le pr&eacute;server, alors que le score, 38-7 &agrave; sept minutes du terme de la partie, &eacute;tait sans appel.<\/p><p>Cette gestion interroge d&rsquo;autant plus que Daniels est le c&oelig;ur de l&rsquo;attaque des Commanders. Sans lui, les espoirs de redressement paraissent bien minces. D&rsquo;apr&egrave;s Mike Florio de <em>Pro Football Talk<\/em>, <a href=\"https:\/\/www.nbcsports.com\/nfl\/profootballtalk\/rumor-mill\/news\/nfl-coaches-like-dan-quinn-need-to-better-protect-their-quarterbacks\" class=\"trk-cta-link\" data-cta-trk='{\"ctaType\":\"Link\",\"ctaSubType\":\"main\"}'>&laquo; les entra&icirc;neurs doivent savoir quand retirer leurs quarterbacks &raquo;<\/a> soulignant que la protection des joueurs cl&eacute;s devrait toujours primer sur toute autre consid&eacute;ration.<\/p><h2 class=\"wp-block-heading\">Dan Quinn botte en touche<\/h2><p>Interrog&eacute; apr&egrave;s la rencontre, Dan Quinn a esquiv&eacute; la question, admettant implicitement la gravit&eacute; de la situation sans s&rsquo;expliquer sur sa d&eacute;cision. Une attitude qui n&rsquo;a pas manqu&eacute; d&rsquo;irriter les fans de la franchise de la capitale f&eacute;d&eacute;rale. Pour certains observateurs, cet &eacute;pisode pourrait ternir durablement son image &agrave; Washington. Mike Florio allant m&ecirc;me jusqu&rsquo;&agrave; comparer cette mauvaise d&eacute;cision de l&rsquo;entra&icirc;neur de Washington avec l&rsquo;&eacute;pisode du 28-3 des Falcons lorsque Quinn &eacute;tait alors entra&icirc;neur principal &agrave; Atlanta. <\/p><p>Si la <a href=\"https:\/\/theplayoffs.news\/fr\/actualite-nfl\/jayden-daniels-commanders-gravement-blesse-au-coude\/\" class=\"trk-cta-link\" data-cta-trk='{\"ctaType\":\"Link\",\"ctaSubType\":\"main\"}'>blessure de Jayden Daniels<\/a> s&rsquo;av&egrave;re bien de longue dur&eacute;e, elle marquera peut-&ecirc;tre un tournant dans le mandat de Quinn. En voulant jouer jusqu&rsquo;au bout un match d&eacute;j&agrave; perdu, le coach a peut-&ecirc;tre perdu bien plus qu&rsquo;une rencontre: il a perdu le joueur qui incarnait l&rsquo;avenir des Commanders pour de tr&egrave;s longues semaines.<\/p><p>Cr&eacute;dit photo: &copy; Amber Searls-Imagn Images<\/p>\n","protected":false},"excerpt":{"rendered":"<p>NFL &#8211; Dan Quinn a-t-il une responsabilit\u00e9 dans la blessure de son quarterback Jayden Daniels?<\/p>\n","protected":false},"author":180309964,"featured_media":1506636,"comment_status":"closed","ping_status":"closed","sticky":false,"template":"","format":"standard","meta":{"inline_featured_image":false,"kia_subtitle":"NFL - Dan Quinn a-t-il une responsabilit\u00e9 dans la blessure de son quarterback Jayden Daniels?","_mux_skip_reasons":[],"proofreadBy":0,"footnotes":""},"categories":[118,8410,40,8408],"tags":[1156,6732,3285],"sport":[2785],"saison":[7475],"class_list":["post-1506635","post","type-post","status-publish","format-standard","has-post-thumbnail","hentry","category-actualite-nfl","category-football-americain","category-nfl","category-sports","tag-dan-quinn","tag-jayden-daniels","tag-washington-commanders","sport-nfl","saison-7475"],"acf":[],"yoast_head":"<!-- This site is optimized with the Yoast SEO plugin v24.2 - https:\/\/yoast.com\/wordpress\/plugins\/seo\/ -->\n<title>Blessure de Jayden Daniels - Une responsabilit&eacute; de Dan Quinn? - The Playoffs FR<\/title>\n<meta name=\"description\" content=\"L&#039;entra&icirc;neur principal des Washington Commanders, Dan Quinn, est au centre des critiques suite &agrave; la blessure de Jayden Daniels\" \/>\n<meta name=\"robots\" content=\"index, follow, max-snippet:-1, max-image-preview:large, max-video-preview:-1\" \/>\n<link rel=\"canonical\" href=\"https:\/\/theplayoffs.news\/fr\/actualite-nfl\/blessure-de-jayden-daniels-une-responsabilite-de-dan-quinn\/\" \/>\n<meta property=\"og:locale\" content=\"fr_FR\" \/>\n<meta property=\"og:type\" content=\"article\" \/>\n<meta property=\"og:title\" content=\"Blessure de Jayden Daniels - Une responsabilit&eacute; de Dan Quinn? - The Playoffs FR\" \/>\n<meta property=\"og:description\" content=\"L&#039;entra&icirc;neur principal des Washington Commanders, Dan Quinn, est au centre des critiques suite &agrave; la blessure de Jayden Daniels\" \/>\n<meta property=\"og:url\" content=\"https:\/\/theplayoffs.news\/fr\/actualite-nfl\/blessure-de-jayden-daniels-une-responsabilite-de-dan-quinn\/\" \/>\n<meta property=\"og:site_name\" content=\"The Playoffs FR\" \/>\n<meta property=\"article:publisher\" content=\"https:\/\/www.facebook.com\/TheFreeAgentFR\/\" \/>\n<meta property=\"article:modified_time\" content=\"2025-11-03T15:18:02+01:00\" \/>\n<meta property=\"og:image\" content=\"https:\/\/theplayoffs.news\/fr\/wp-content\/uploads\/2025\/11\/USATSI_27490843.jpg\" \/>\n\t<meta property=\"og:image:width\" content=\"1920\" \/>\n\t<meta property=\"og:image:height\" content=\"1281\" \/>\n\t<meta property=\"og:image:type\" content=\"image\/jpeg\" \/>\n<meta name=\"author\" content=\"Flavien Jumeau\" \/>\n<meta name=\"twitter:card\" content=\"summary_large_image\" \/>\n<meta name=\"twitter:creator\" content=\"@TheFreeAgentFR\" \/>\n<meta name=\"twitter:site\" content=\"@TheFreeAgentFR\" \/>\n<meta name=\"twitter:label1\" content=\"\u00c9crit par\" \/>\n\t<meta name=\"twitter:data1\" content=\"Flavien Jumeau\" \/>\n\t<meta name=\"twitter:label2\" content=\"Dur\u00e9e de lecture estim\u00e9e\" \/>\n\t<meta name=\"twitter:data2\" content=\"2 minutes\" \/>\n<script type=\"application\/ld+json\" class=\"yoast-schema-graph\">{\"@context\":\"https:\/\/schema.org\",\"@graph\":[{\"@type\":\"WebPage\",\"@id\":\"https:\/\/theplayoffs.news\/fr\/actualite-nfl\/blessure-de-jayden-daniels-une-responsabilite-de-dan-quinn\/\",\"url\":\"https:\/\/theplayoffs.news\/fr\/actualite-nfl\/blessure-de-jayden-daniels-une-responsabilite-de-dan-quinn\/\",\"name\":\"Blessure de Jayden Daniels - Une responsabilit\u00e9 de Dan Quinn? - The Playoffs FR\",\"isPartOf\":{\"@id\":\"https:\/\/theplayoffs.news\/fr\/#website\"},\"primaryImageOfPage\":{\"@id\":\"https:\/\/theplayoffs.news\/fr\/actualite-nfl\/blessure-de-jayden-daniels-une-responsabilite-de-dan-quinn\/#primaryimage\"},\"image\":{\"@id\":\"https:\/\/theplayoffs.news\/fr\/actualite-nfl\/blessure-de-jayden-daniels-une-responsabilite-de-dan-quinn\/#primaryimage\"},\"thumbnailUrl\":\"https:\/\/theplayoffs.news\/fr\/wp-content\/uploads\/2025\/11\/USATSI_27490843.jpg\",\"datePublished\":\"2025-11-03T14:17:56+00:00\",\"dateModified\":\"2025-11-03T14:18:02+00:00\",\"author\":{\"@id\":\"https:\/\/theplayoffs.news\/fr\/#\/schema\/person\/def63bc6746dc5957469b75feb99e66d\"},\"description\":\"L\\\\'entra\u00eeneur principal des Washington Commanders, Dan Quinn, est au centre des critiques suite \u00e0 la blessure de Jayden Daniels\",\"breadcrumb\":{\"@id\":\"https:\/\/theplayoffs.news\/fr\/actualite-nfl\/blessure-de-jayden-daniels-une-responsabilite-de-dan-quinn\/#breadcrumb\"},\"inLanguage\":\"fr-FR\",\"potentialAction\":[{\"@type\":\"ReadAction\",\"target\":[\"https:\/\/theplayoffs.news\/fr\/actualite-nfl\/blessure-de-jayden-daniels-une-responsabilite-de-dan-quinn\/\"]}]},{\"@type\":\"ImageObject\",\"inLanguage\":\"fr-FR\",\"@id\":\"https:\/\/theplayoffs.news\/fr\/actualite-nfl\/blessure-de-jayden-daniels-une-responsabilite-de-dan-quinn\/#primaryimage\",\"url\":\"https:\/\/theplayoffs.news\/fr\/wp-content\/uploads\/2025\/11\/USATSI_27490843.jpg\",\"contentUrl\":\"https:\/\/theplayoffs.news\/fr\/wp-content\/uploads\/2025\/11\/USATSI_27490843.jpg\",\"width\":1920,\"height\":1281,\"caption\":\"Nov 2, 2025; Landover, Maryland, USA; Washington Commanders head coach Dan Quinn walks off the field after the loss to Seattle Seahawks at Northwest Stadium. Mandatory Credit: Amber Searls-Imagn Images\"},{\"@type\":\"BreadcrumbList\",\"@id\":\"https:\/\/theplayoffs.news\/fr\/actualite-nfl\/blessure-de-jayden-daniels-une-responsabilite-de-dan-quinn\/#breadcrumb\",\"itemListElement\":[{\"@type\":\"ListItem\",\"position\":1,\"name\":\"Accueil\",\"item\":\"https:\/\/theplayoffs.news\/fr\/\"},{\"@type\":\"ListItem\",\"position\":2,\"name\":\"Blessure de Jayden Daniels &#8211; Une responsabilit\u00e9 de Dan Quinn?\"}]},{\"@type\":\"WebSite\",\"@id\":\"https:\/\/theplayoffs.news\/fr\/#website\",\"url\":\"https:\/\/theplayoffs.news\/fr\/\",\"name\":\"The Playoffs FR\",\"description\":\"NBA-NFL-NHL-MLB\",\"potentialAction\":[{\"@type\":\"SearchAction\",\"target\":{\"@type\":\"EntryPoint\",\"urlTemplate\":\"https:\/\/theplayoffs.news\/fr\/?s={search_term_string}\"},\"query-input\":{\"@type\":\"PropertyValueSpecification\",\"valueRequired\":true,\"valueName\":\"search_term_string\"}}],\"inLanguage\":\"fr-FR\"},{\"@type\":\"Person\",\"@id\":\"https:\/\/theplayoffs.news\/fr\/#\/schema\/person\/def63bc6746dc5957469b75feb99e66d\",\"name\":\"Flavien Jumeau\",\"image\":{\"@type\":\"ImageObject\",\"inLanguage\":\"fr-FR\",\"@id\":\"https:\/\/theplayoffs.news\/fr\/#\/schema\/person\/image\/\",\"url\":\"https:\/\/secure.gravatar.com\/avatar\/e7fa8ba5a4b7e4ce35fe152f083f352db28ad0acce692004ed88a7a7d78893f7?s=96&d=mm&r=g\",\"contentUrl\":\"https:\/\/secure.gravatar.com\/avatar\/e7fa8ba5a4b7e4ce35fe152f083f352db28ad0acce692004ed88a7a7d78893f7?s=96&d=mm&r=g\",\"caption\":\"Flavien Jumeau\"},\"description\":\"Amoureux du sport (et de vraiment tous les sports) depuis mon plus jeune \u00e2ge, j\u2019ai longtemps h\u00e9site entre le snooker et le curling. Finalement c\u2019est le foot US que j\u2019ai d\u00e9cid\u00e9 de choisir! Responsable foot US sur TPO et animateur du podcast Tailgate j\u2019ai pour mission de vous faire d\u00e9couvrir ce sport passionnant si ce n\u2019est pas encore fait et de vous donner les derni\u00e8res actus. Le tout dans la bonne humeur et avec toujours un jeu de mots ou deux savamment distill\u00e9s! Fan des Saints, pour moi Drew Brees est le vrai GOAT!\",\"url\":\"https:\/\/theplayoffs.news\/fr\/author\/flavien-jumeaugmail-com\/\"}]}<\/script>\n<!-- \/ Yoast SEO plugin. -->","yoast_head_json":{"title":"Blessure de Jayden Daniels - Une responsabilit&eacute; de Dan Quinn? - The Playoffs FR","description":"L&#039;entra&icirc;neur principal des Washington Commanders, Dan Quinn, est au centre des critiques suite &agrave; la blessure de Jayden Daniels","robots":{"index":"index","follow":"follow","max-snippet":"max-snippet:-1","max-image-preview":"max-image-preview:large","max-video-preview":"max-video-preview:-1"},"canonical":"https:\/\/theplayoffs.news\/fr\/actualite-nfl\/blessure-de-jayden-daniels-une-responsabilite-de-dan-quinn\/","og_locale":"fr_FR","og_type":"article","og_title":"Blessure de Jayden Daniels - Une responsabilit&eacute; de Dan Quinn? - The Playoffs FR","og_description":"L&#039;entra&icirc;neur principal des Washington Commanders, Dan Quinn, est au centre des critiques suite &agrave; la blessure de Jayden Daniels","og_url":"https:\/\/theplayoffs.news\/fr\/actualite-nfl\/blessure-de-jayden-daniels-une-responsabilite-de-dan-quinn\/","og_site_name":"The Playoffs FR","article_publisher":"https:\/\/www.facebook.com\/TheFreeAgentFR\/","article_modified_time":"2025-11-03T14:18:02+00:00","og_image":[{"width":1920,"height":1281,"url":"https:\/\/theplayoffs.news\/fr\/wp-content\/uploads\/2025\/11\/USATSI_27490843.jpg","type":"image\/jpeg"}],"author":"Flavien Jumeau","twitter_card":"summary_large_image","twitter_creator":"@TheFreeAgentFR","twitter_site":"@TheFreeAgentFR","twitter_misc":{"\u00c9crit par":"Flavien Jumeau","Dur\u00e9e de lecture estim\u00e9e":"2 minutes"},"schema":{"@context":"https:\/\/schema.org","@graph":[{"@type":"WebPage","@id":"https:\/\/theplayoffs.news\/fr\/actualite-nfl\/blessure-de-jayden-daniels-une-responsabilite-de-dan-quinn\/","url":"https:\/\/theplayoffs.news\/fr\/actualite-nfl\/blessure-de-jayden-daniels-une-responsabilite-de-dan-quinn\/","name":"Blessure de Jayden Daniels - Une responsabilit\u00e9 de Dan Quinn? - The Playoffs FR","isPartOf":{"@id":"https:\/\/theplayoffs.news\/fr\/#website"},"primaryImageOfPage":{"@id":"https:\/\/theplayoffs.news\/fr\/actualite-nfl\/blessure-de-jayden-daniels-une-responsabilite-de-dan-quinn\/#primaryimage"},"image":{"@id":"https:\/\/theplayoffs.news\/fr\/actualite-nfl\/blessure-de-jayden-daniels-une-responsabilite-de-dan-quinn\/#primaryimage"},"thumbnailUrl":"https:\/\/theplayoffs.news\/fr\/wp-content\/uploads\/2025\/11\/USATSI_27490843.jpg","datePublished":"2025-11-03T14:17:56+00:00","dateModified":"2025-11-03T14:18:02+00:00","author":{"@id":"https:\/\/theplayoffs.news\/fr\/#\/schema\/person\/def63bc6746dc5957469b75feb99e66d"},"description":"L\\'entra\u00eeneur principal des Washington Commanders, Dan Quinn, est au centre des critiques suite \u00e0 la blessure de Jayden Daniels","breadcrumb":{"@id":"https:\/\/theplayoffs.news\/fr\/actualite-nfl\/blessure-de-jayden-daniels-une-responsabilite-de-dan-quinn\/#breadcrumb"},"inLanguage":"fr-FR","potentialAction":[{"@type":"ReadAction","target":["https:\/\/theplayoffs.news\/fr\/actualite-nfl\/blessure-de-jayden-daniels-une-responsabilite-de-dan-quinn\/"]}]},{"@type":"ImageObject","inLanguage":"fr-FR","@id":"https:\/\/theplayoffs.news\/fr\/actualite-nfl\/blessure-de-jayden-daniels-une-responsabilite-de-dan-quinn\/#primaryimage","url":"https:\/\/theplayoffs.news\/fr\/wp-content\/uploads\/2025\/11\/USATSI_27490843.jpg","contentUrl":"https:\/\/theplayoffs.news\/fr\/wp-content\/uploads\/2025\/11\/USATSI_27490843.jpg","width":1920,"height":1281,"caption":"Nov 2, 2025; Landover, Maryland, USA; Washington Commanders head coach Dan Quinn walks off the field after the loss to Seattle Seahawks at Northwest Stadium. Mandatory Credit: Amber Searls-Imagn Images"},{"@type":"BreadcrumbList","@id":"https:\/\/theplayoffs.news\/fr\/actualite-nfl\/blessure-de-jayden-daniels-une-responsabilite-de-dan-quinn\/#breadcrumb","itemListElement":[{"@type":"ListItem","position":1,"name":"Accueil","item":"https:\/\/theplayoffs.news\/fr\/"},{"@type":"ListItem","position":2,"name":"Blessure de Jayden Daniels &#8211; Une responsabilit\u00e9 de Dan Quinn?"}]},{"@type":"WebSite","@id":"https:\/\/theplayoffs.news\/fr\/#website","url":"https:\/\/theplayoffs.news\/fr\/","name":"The Playoffs FR","description":"NBA-NFL-NHL-MLB","potentialAction":[{"@type":"SearchAction","target":{"@type":"EntryPoint","urlTemplate":"https:\/\/theplayoffs.news\/fr\/?s={search_term_string}"},"query-input":{"@type":"PropertyValueSpecification","valueRequired":true,"valueName":"search_term_string"}}],"inLanguage":"fr-FR"},{"@type":"Person","@id":"https:\/\/theplayoffs.news\/fr\/#\/schema\/person\/def63bc6746dc5957469b75feb99e66d","name":"Flavien Jumeau","image":{"@type":"ImageObject","inLanguage":"fr-FR","@id":"https:\/\/theplayoffs.news\/fr\/#\/schema\/person\/image\/","url":"https:\/\/secure.gravatar.com\/avatar\/e7fa8ba5a4b7e4ce35fe152f083f352db28ad0acce692004ed88a7a7d78893f7?s=96&d=mm&r=g","contentUrl":"https:\/\/secure.gravatar.com\/avatar\/e7fa8ba5a4b7e4ce35fe152f083f352db28ad0acce692004ed88a7a7d78893f7?s=96&d=mm&r=g","caption":"Flavien Jumeau"},"description":"Amoureux du sport (et de vraiment tous les sports) depuis mon plus jeune \u00e2ge, j\u2019ai longtemps h\u00e9site entre le snooker et le curling. Finalement c\u2019est le foot US que j\u2019ai d\u00e9cid\u00e9 de choisir! Responsable foot US sur TPO et animateur du podcast Tailgate j\u2019ai pour mission de vous faire d\u00e9couvrir ce sport passionnant si ce n\u2019est pas encore fait et de vous donner les derni\u00e8res actus. Le tout dans la bonne humeur et avec toujours un jeu de mots ou deux savamment distill\u00e9s! Fan des Saints, pour moi Drew Brees est le vrai GOAT!","url":"https:\/\/theplayoffs.news\/fr\/author\/flavien-jumeaugmail-com\/"}]}},"_links":{"self":[{"href":"https:\/\/theplayoffs.news\/fr\/wp-json\/wp\/v2\/posts\/1506635","targetHints":{"allow":["GET"]}}],"collection":[{"href":"https:\/\/theplayoffs.news\/fr\/wp-json\/wp\/v2\/posts"}],"about":[{"href":"https:\/\/theplayoffs.news\/fr\/wp-json\/wp\/v2\/types\/post"}],"author":[{"embeddable":true,"href":"https:\/\/theplayoffs.news\/fr\/wp-json\/wp\/v2\/users\/180309964"}],"replies":[{"embeddable":true,"href":"https:\/\/theplayoffs.news\/fr\/wp-json\/wp\/v2\/comments?post=1506635"}],"version-history":[{"count":1,"href":"https:\/\/theplayoffs.news\/fr\/wp-json\/wp\/v2\/posts\/1506635\/revisions"}],"predecessor-version":[{"id":1506637,"href":"https:\/\/theplayoffs.news\/fr\/wp-json\/wp\/v2\/posts\/1506635\/revisions\/1506637"}],"wp:featuredmedia":[{"embeddable":true,"href":"https:\/\/theplayoffs.news\/fr\/wp-json\/wp\/v2\/media\/1506636"}],"wp:attachment":[{"href":"https:\/\/theplayoffs.news\/fr\/wp-json\/wp\/v2\/media?parent=1506635"}],"wp:term":[{"taxonomy":"category","embeddable":true,"href":"https:\/\/theplayoffs.news\/fr\/wp-json\/wp\/v2\/categories?post=1506635"},{"taxonomy":"post_tag","embeddable":true,"href":"https:\/\/theplayoffs.news\/fr\/wp-json\/wp\/v2\/tags?post=1506635"},{"taxonomy":"sport","embeddable":true,"href":"https:\/\/theplayoffs.news\/fr\/wp-json\/wp\/v2\/sport?post=1506635"},{"taxonomy":"saison","embeddable":true,"href":"https:\/\/theplayoffs.news\/fr\/wp-json\/wp\/v2\/saison?post=1506635"}],"curies":[{"name":"wp","href":"https:\/\/api.w.org\/{rel}","templated":true}]}}