{"id":1506257,"date":"2025-10-29T18:11:48","date_gmt":"2025-10-29T17:11:48","guid":{"rendered":"https:\/\/theplayoffs.news\/fr\/uncategorized\/\/"},"modified":"2025-10-29T18:12:30","modified_gmt":"2025-10-29T17:12:30","slug":"les-broncos-signent-le-veteran-marcedes-lewis-age-de-41-ans","status":"publish","type":"post","link":"https:\/\/theplayoffs.news\/fr\/actualite-nfl\/les-broncos-signent-le-veteran-marcedes-lewis-age-de-41-ans\/","title":{"rendered":"Les Broncos signent le v\u00e9t\u00e9ran Marcedes Lewis, \u00e2g\u00e9 de 41 ans"},"content":{"rendered":"<p>Les <a href=\"https:\/\/theplayoffs.news\/fr\/actualite-nfl\/broncos-pat-surtain-ii-absent-pour-4-a-6-semaines\/\" class=\"trk-cta-link\" data-cta-trk='{\"ctaType\":\"Link\",\"ctaSubType\":\"main\"}'>Denvers Broncos<\/a> renforcent leur attaque en <a href=\"https:\/\/www.nbcsports.com\/nfl\/profootballtalk\/rumor-mill\/news\/at-age-41-te-marcedes-lewis-agrees-to-sign-with-broncos\" class=\"trk-cta-link\" data-cta-trk='{\"ctaType\":\"Link\",\"ctaSubType\":\"main\"}'>signant <\/a>le tight end Marcedes Lewis. &Acirc;g&eacute; de 41 ans, Marcedes Lewis n&rsquo;est toujours pas pr&ecirc;t &agrave; raccrocher ses crampons. Si celui-ci joue dans un match avec les Broncos, il deviendra alors le plus vieux tight end &agrave; jouer un match de NFL.<\/p><p>Cette signature s&rsquo;explique par une faiblesse de profondeur des tight ends au sein de l&rsquo;effectif des Broncos. Il y a deux jours, Lucas Krull a &eacute;t&eacute; plac&eacute; dans la liste des bless&eacute;s, et manquera les prochaines semaines de comp&eacute;tition, au minimum. En signant Lewis, Denver s&rsquo;assure un tight end qui sait bloquer afin de renforcer la protection.<\/p><p>Marcedes Lewis a &eacute;t&eacute; draft&eacute; lors du premier tour de la draft 2006 par les Jacksonville Jaguars. Il y a pass&eacute; la majorit&eacute; de sa carri&egrave;re avant de passer par les Packers puis les Bears, jusqu&rsquo;en 2024. Durant cette intersaison, ce dernier n&rsquo;a malheureusement pas trouv&eacute; d&rsquo;&eacute;quipe. <\/p><p>D&rsquo;ailleurs, le v&eacute;t&eacute;ran a bel et bien jou&eacute; tous ses matchs au cours des quatre derni&egrave;res saisons. Il est &eacute;vident que son r&ocirc;le au sein de l&rsquo;effectif n&rsquo;&eacute;tait pas aussi important qu&rsquo;un tight end starter. Cela s&rsquo;explique notamment par son taux de snaps jou&eacute;s, s&rsquo;&eacute;levant &agrave; 19% la saison derni&egrave;re du c&ocirc;t&eacute; de l&rsquo;attaque de Chicago, ainsi que 12% avec les &eacute;quipes sp&eacute;ciales.<\/p><p>Credit: Matt Marton-Imagn Images<\/p>\n","protected":false},"excerpt":{"rendered":"<p>NFL &#8211; Les Broncos signent le tight end v\u00e9t\u00e9ran, \u00e2g\u00e9 de 41 ans, Marcedes Lewis<\/p>\n","protected":false},"author":180310178,"featured_media":1506258,"comment_status":"closed","ping_status":"closed","sticky":false,"template":"","format":"standard","meta":{"inline_featured_image":false,"kia_subtitle":"NFL - Les Broncos signent le tight end v\u00e9t\u00e9ran, \u00e2g\u00e9 de 41 ans, Marcedes Lewis","_mux_skip_reasons":[],"proofreadBy":0,"footnotes":""},"categories":[118,8410,40,8408],"tags":[926,4440,79],"sport":[],"saison":[],"class_list":["post-1506257","post","type-post","status-publish","format-standard","has-post-thumbnail","hentry","category-actualite-nfl","category-football-americain","category-nfl","category-sports","tag-denver-broncos","tag-marcedes-lewis","tag-nfl"],"acf":[],"yoast_head":"<!-- This site is optimized with the Yoast SEO plugin v24.2 - https:\/\/yoast.com\/wordpress\/plugins\/seo\/ -->\n<title>Les Broncos signent le v&eacute;t&eacute;ran Marcedes Lewis, &acirc;g&eacute; de 41 ans - The Playoffs FR<\/title>\n<meta name=\"description\" content=\"NFL - Les Broncos signent le tight end v&eacute;t&eacute;ran, &acirc;g&eacute; de 41 ans, Marcedes Lewis\" \/>\n<meta name=\"robots\" content=\"index, follow, max-snippet:-1, max-image-preview:large, max-video-preview:-1\" \/>\n<link rel=\"canonical\" href=\"https:\/\/theplayoffs.news\/fr\/actualite-nfl\/les-broncos-signent-le-veteran-marcedes-lewis-age-de-41-ans\/\" \/>\n<meta property=\"og:locale\" content=\"fr_FR\" \/>\n<meta property=\"og:type\" content=\"article\" \/>\n<meta property=\"og:title\" content=\"Les Broncos signent le v&eacute;t&eacute;ran Marcedes Lewis, &acirc;g&eacute; de 41 ans - The Playoffs FR\" \/>\n<meta property=\"og:description\" content=\"NFL - Les Broncos signent le tight end v&eacute;t&eacute;ran, &acirc;g&eacute; de 41 ans, Marcedes Lewis\" \/>\n<meta property=\"og:url\" content=\"https:\/\/theplayoffs.news\/fr\/actualite-nfl\/les-broncos-signent-le-veteran-marcedes-lewis-age-de-41-ans\/\" \/>\n<meta property=\"og:site_name\" content=\"The Playoffs FR\" \/>\n<meta property=\"article:publisher\" content=\"https:\/\/www.facebook.com\/TheFreeAgentFR\/\" \/>\n<meta property=\"article:modified_time\" content=\"2025-10-29T18:12:30+01:00\" \/>\n<meta property=\"og:image\" content=\"https:\/\/theplayoffs.news\/fr\/wp-content\/uploads\/2025\/10\/USATSI_24357639.jpg\" \/>\n\t<meta property=\"og:image:width\" content=\"1920\" \/>\n\t<meta property=\"og:image:height\" content=\"1280\" \/>\n\t<meta property=\"og:image:type\" content=\"image\/jpeg\" \/>\n<meta name=\"author\" content=\"Arthur Berlemont\" \/>\n<meta name=\"twitter:card\" content=\"summary_large_image\" \/>\n<meta name=\"twitter:creator\" content=\"@TheFreeAgentFR\" \/>\n<meta name=\"twitter:site\" content=\"@TheFreeAgentFR\" \/>\n<meta name=\"twitter:label1\" content=\"\u00c9crit par\" \/>\n\t<meta name=\"twitter:data1\" content=\"Arthur Berlemont\" \/>\n\t<meta name=\"twitter:label2\" content=\"Dur\u00e9e de lecture estim\u00e9e\" \/>\n\t<meta name=\"twitter:data2\" content=\"2 minutes\" \/>\n<script type=\"application\/ld+json\" class=\"yoast-schema-graph\">{\"@context\":\"https:\/\/schema.org\",\"@graph\":[{\"@type\":\"WebPage\",\"@id\":\"https:\/\/theplayoffs.news\/fr\/actualite-nfl\/les-broncos-signent-le-veteran-marcedes-lewis-age-de-41-ans\/\",\"url\":\"https:\/\/theplayoffs.news\/fr\/actualite-nfl\/les-broncos-signent-le-veteran-marcedes-lewis-age-de-41-ans\/\",\"name\":\"Les Broncos signent le v\u00e9t\u00e9ran Marcedes Lewis, \u00e2g\u00e9 de 41 ans - The Playoffs FR\",\"isPartOf\":{\"@id\":\"https:\/\/theplayoffs.news\/fr\/#website\"},\"primaryImageOfPage\":{\"@id\":\"https:\/\/theplayoffs.news\/fr\/actualite-nfl\/les-broncos-signent-le-veteran-marcedes-lewis-age-de-41-ans\/#primaryimage\"},\"image\":{\"@id\":\"https:\/\/theplayoffs.news\/fr\/actualite-nfl\/les-broncos-signent-le-veteran-marcedes-lewis-age-de-41-ans\/#primaryimage\"},\"thumbnailUrl\":\"https:\/\/theplayoffs.news\/fr\/wp-content\/uploads\/2025\/10\/USATSI_24357639.jpg\",\"datePublished\":\"2025-10-29T17:11:48+00:00\",\"dateModified\":\"2025-10-29T17:12:30+00:00\",\"author\":{\"@id\":\"https:\/\/theplayoffs.news\/fr\/#\/schema\/person\/b6b04a451dab03a5ab75cec8912e8942\"},\"description\":\"NFL - Les Broncos signent le tight end v\u00e9t\u00e9ran, \u00e2g\u00e9 de 41 ans, Marcedes Lewis\",\"breadcrumb\":{\"@id\":\"https:\/\/theplayoffs.news\/fr\/actualite-nfl\/les-broncos-signent-le-veteran-marcedes-lewis-age-de-41-ans\/#breadcrumb\"},\"inLanguage\":\"fr-FR\",\"potentialAction\":[{\"@type\":\"ReadAction\",\"target\":[\"https:\/\/theplayoffs.news\/fr\/actualite-nfl\/les-broncos-signent-le-veteran-marcedes-lewis-age-de-41-ans\/\"]}]},{\"@type\":\"ImageObject\",\"inLanguage\":\"fr-FR\",\"@id\":\"https:\/\/theplayoffs.news\/fr\/actualite-nfl\/les-broncos-signent-le-veteran-marcedes-lewis-age-de-41-ans\/#primaryimage\",\"url\":\"https:\/\/theplayoffs.news\/fr\/wp-content\/uploads\/2025\/10\/USATSI_24357639.jpg\",\"contentUrl\":\"https:\/\/theplayoffs.news\/fr\/wp-content\/uploads\/2025\/10\/USATSI_24357639.jpg\",\"width\":1920,\"height\":1280,\"caption\":\"Sep 29, 2024; Chicago, Illinois, USA; Chicago Bears head coach Matt Eberflus and Chicago Bears tight end Marcedes Lewis (84) before the game against the Los Angeles Rams at Soldier Field. Mandatory Credit: Matt Marton-Imagn Images\"},{\"@type\":\"BreadcrumbList\",\"@id\":\"https:\/\/theplayoffs.news\/fr\/actualite-nfl\/les-broncos-signent-le-veteran-marcedes-lewis-age-de-41-ans\/#breadcrumb\",\"itemListElement\":[{\"@type\":\"ListItem\",\"position\":1,\"name\":\"Accueil\",\"item\":\"https:\/\/theplayoffs.news\/fr\/\"},{\"@type\":\"ListItem\",\"position\":2,\"name\":\"Les Broncos signent le v\u00e9t\u00e9ran Marcedes Lewis, \u00e2g\u00e9 de 41 ans\"}]},{\"@type\":\"WebSite\",\"@id\":\"https:\/\/theplayoffs.news\/fr\/#website\",\"url\":\"https:\/\/theplayoffs.news\/fr\/\",\"name\":\"The Playoffs FR\",\"description\":\"NBA-NFL-NHL-MLB\",\"potentialAction\":[{\"@type\":\"SearchAction\",\"target\":{\"@type\":\"EntryPoint\",\"urlTemplate\":\"https:\/\/theplayoffs.news\/fr\/?s={search_term_string}\"},\"query-input\":{\"@type\":\"PropertyValueSpecification\",\"valueRequired\":true,\"valueName\":\"search_term_string\"}}],\"inLanguage\":\"fr-FR\"},{\"@type\":\"Person\",\"@id\":\"https:\/\/theplayoffs.news\/fr\/#\/schema\/person\/b6b04a451dab03a5ab75cec8912e8942\",\"name\":\"Arthur Berlemont\",\"image\":{\"@type\":\"ImageObject\",\"inLanguage\":\"fr-FR\",\"@id\":\"https:\/\/theplayoffs.news\/fr\/#\/schema\/person\/image\/\",\"url\":\"https:\/\/secure.gravatar.com\/avatar\/19ddab1d62ab0a19b186b86cee130432b120dd6f085625a6a6757dd1aa90a5f3?s=96&d=mm&r=g\",\"contentUrl\":\"https:\/\/secure.gravatar.com\/avatar\/19ddab1d62ab0a19b186b86cee130432b120dd6f085625a6a6757dd1aa90a5f3?s=96&d=mm&r=g\",\"caption\":\"Arthur Berlemont\"},\"description\":\"Etudiant passionn\u00e9 de sport, avant tout m\u00e9caniques, j\\\\'ai d\u00e9couvert les sports US il y a quelques ann\u00e9es. J\\\\'ai tout de suite accroch\u00e9 pour la ville de Cincinnati et ses franchises de NFL et MLB. Aujourd\\\\'hui, je suis l\u00e0 par passion dans la r\u00e9daction d\\\\'articles sur divers sports que j\\\\'affectionne.\",\"url\":\"https:\/\/theplayoffs.news\/fr\/author\/arthur-berlemontgmail-com\/\"}]}<\/script>\n<!-- \/ Yoast SEO plugin. -->","yoast_head_json":{"title":"Les Broncos signent le v&eacute;t&eacute;ran Marcedes Lewis, &acirc;g&eacute; de 41 ans - The Playoffs FR","description":"NFL - Les Broncos signent le tight end v&eacute;t&eacute;ran, &acirc;g&eacute; de 41 ans, Marcedes Lewis","robots":{"index":"index","follow":"follow","max-snippet":"max-snippet:-1","max-image-preview":"max-image-preview:large","max-video-preview":"max-video-preview:-1"},"canonical":"https:\/\/theplayoffs.news\/fr\/actualite-nfl\/les-broncos-signent-le-veteran-marcedes-lewis-age-de-41-ans\/","og_locale":"fr_FR","og_type":"article","og_title":"Les Broncos signent le v&eacute;t&eacute;ran Marcedes Lewis, &acirc;g&eacute; de 41 ans - The Playoffs FR","og_description":"NFL - Les Broncos signent le tight end v&eacute;t&eacute;ran, &acirc;g&eacute; de 41 ans, Marcedes Lewis","og_url":"https:\/\/theplayoffs.news\/fr\/actualite-nfl\/les-broncos-signent-le-veteran-marcedes-lewis-age-de-41-ans\/","og_site_name":"The Playoffs FR","article_publisher":"https:\/\/www.facebook.com\/TheFreeAgentFR\/","article_modified_time":"2025-10-29T17:12:30+00:00","og_image":[{"width":1920,"height":1280,"url":"https:\/\/theplayoffs.news\/fr\/wp-content\/uploads\/2025\/10\/USATSI_24357639.jpg","type":"image\/jpeg"}],"author":"Arthur Berlemont","twitter_card":"summary_large_image","twitter_creator":"@TheFreeAgentFR","twitter_site":"@TheFreeAgentFR","twitter_misc":{"\u00c9crit par":"Arthur Berlemont","Dur\u00e9e de lecture estim\u00e9e":"2 minutes"},"schema":{"@context":"https:\/\/schema.org","@graph":[{"@type":"WebPage","@id":"https:\/\/theplayoffs.news\/fr\/actualite-nfl\/les-broncos-signent-le-veteran-marcedes-lewis-age-de-41-ans\/","url":"https:\/\/theplayoffs.news\/fr\/actualite-nfl\/les-broncos-signent-le-veteran-marcedes-lewis-age-de-41-ans\/","name":"Les Broncos signent le v\u00e9t\u00e9ran Marcedes Lewis, \u00e2g\u00e9 de 41 ans - The Playoffs FR","isPartOf":{"@id":"https:\/\/theplayoffs.news\/fr\/#website"},"primaryImageOfPage":{"@id":"https:\/\/theplayoffs.news\/fr\/actualite-nfl\/les-broncos-signent-le-veteran-marcedes-lewis-age-de-41-ans\/#primaryimage"},"image":{"@id":"https:\/\/theplayoffs.news\/fr\/actualite-nfl\/les-broncos-signent-le-veteran-marcedes-lewis-age-de-41-ans\/#primaryimage"},"thumbnailUrl":"https:\/\/theplayoffs.news\/fr\/wp-content\/uploads\/2025\/10\/USATSI_24357639.jpg","datePublished":"2025-10-29T17:11:48+00:00","dateModified":"2025-10-29T17:12:30+00:00","author":{"@id":"https:\/\/theplayoffs.news\/fr\/#\/schema\/person\/b6b04a451dab03a5ab75cec8912e8942"},"description":"NFL - Les Broncos signent le tight end v\u00e9t\u00e9ran, \u00e2g\u00e9 de 41 ans, Marcedes Lewis","breadcrumb":{"@id":"https:\/\/theplayoffs.news\/fr\/actualite-nfl\/les-broncos-signent-le-veteran-marcedes-lewis-age-de-41-ans\/#breadcrumb"},"inLanguage":"fr-FR","potentialAction":[{"@type":"ReadAction","target":["https:\/\/theplayoffs.news\/fr\/actualite-nfl\/les-broncos-signent-le-veteran-marcedes-lewis-age-de-41-ans\/"]}]},{"@type":"ImageObject","inLanguage":"fr-FR","@id":"https:\/\/theplayoffs.news\/fr\/actualite-nfl\/les-broncos-signent-le-veteran-marcedes-lewis-age-de-41-ans\/#primaryimage","url":"https:\/\/theplayoffs.news\/fr\/wp-content\/uploads\/2025\/10\/USATSI_24357639.jpg","contentUrl":"https:\/\/theplayoffs.news\/fr\/wp-content\/uploads\/2025\/10\/USATSI_24357639.jpg","width":1920,"height":1280,"caption":"Sep 29, 2024; Chicago, Illinois, USA; Chicago Bears head coach Matt Eberflus and Chicago Bears tight end Marcedes Lewis (84) before the game against the Los Angeles Rams at Soldier Field. Mandatory Credit: Matt Marton-Imagn Images"},{"@type":"BreadcrumbList","@id":"https:\/\/theplayoffs.news\/fr\/actualite-nfl\/les-broncos-signent-le-veteran-marcedes-lewis-age-de-41-ans\/#breadcrumb","itemListElement":[{"@type":"ListItem","position":1,"name":"Accueil","item":"https:\/\/theplayoffs.news\/fr\/"},{"@type":"ListItem","position":2,"name":"Les Broncos signent le v\u00e9t\u00e9ran Marcedes Lewis, \u00e2g\u00e9 de 41 ans"}]},{"@type":"WebSite","@id":"https:\/\/theplayoffs.news\/fr\/#website","url":"https:\/\/theplayoffs.news\/fr\/","name":"The Playoffs FR","description":"NBA-NFL-NHL-MLB","potentialAction":[{"@type":"SearchAction","target":{"@type":"EntryPoint","urlTemplate":"https:\/\/theplayoffs.news\/fr\/?s={search_term_string}"},"query-input":{"@type":"PropertyValueSpecification","valueRequired":true,"valueName":"search_term_string"}}],"inLanguage":"fr-FR"},{"@type":"Person","@id":"https:\/\/theplayoffs.news\/fr\/#\/schema\/person\/b6b04a451dab03a5ab75cec8912e8942","name":"Arthur Berlemont","image":{"@type":"ImageObject","inLanguage":"fr-FR","@id":"https:\/\/theplayoffs.news\/fr\/#\/schema\/person\/image\/","url":"https:\/\/secure.gravatar.com\/avatar\/19ddab1d62ab0a19b186b86cee130432b120dd6f085625a6a6757dd1aa90a5f3?s=96&d=mm&r=g","contentUrl":"https:\/\/secure.gravatar.com\/avatar\/19ddab1d62ab0a19b186b86cee130432b120dd6f085625a6a6757dd1aa90a5f3?s=96&d=mm&r=g","caption":"Arthur Berlemont"},"description":"Etudiant passionn\u00e9 de sport, avant tout m\u00e9caniques, j\\'ai d\u00e9couvert les sports US il y a quelques ann\u00e9es. J\\'ai tout de suite accroch\u00e9 pour la ville de Cincinnati et ses franchises de NFL et MLB. Aujourd\\'hui, je suis l\u00e0 par passion dans la r\u00e9daction d\\'articles sur divers sports que j\\'affectionne.","url":"https:\/\/theplayoffs.news\/fr\/author\/arthur-berlemontgmail-com\/"}]}},"_links":{"self":[{"href":"https:\/\/theplayoffs.news\/fr\/wp-json\/wp\/v2\/posts\/1506257","targetHints":{"allow":["GET"]}}],"collection":[{"href":"https:\/\/theplayoffs.news\/fr\/wp-json\/wp\/v2\/posts"}],"about":[{"href":"https:\/\/theplayoffs.news\/fr\/wp-json\/wp\/v2\/types\/post"}],"author":[{"embeddable":true,"href":"https:\/\/theplayoffs.news\/fr\/wp-json\/wp\/v2\/users\/180310178"}],"replies":[{"embeddable":true,"href":"https:\/\/theplayoffs.news\/fr\/wp-json\/wp\/v2\/comments?post=1506257"}],"version-history":[{"count":2,"href":"https:\/\/theplayoffs.news\/fr\/wp-json\/wp\/v2\/posts\/1506257\/revisions"}],"predecessor-version":[{"id":1506260,"href":"https:\/\/theplayoffs.news\/fr\/wp-json\/wp\/v2\/posts\/1506257\/revisions\/1506260"}],"wp:featuredmedia":[{"embeddable":true,"href":"https:\/\/theplayoffs.news\/fr\/wp-json\/wp\/v2\/media\/1506258"}],"wp:attachment":[{"href":"https:\/\/theplayoffs.news\/fr\/wp-json\/wp\/v2\/media?parent=1506257"}],"wp:term":[{"taxonomy":"category","embeddable":true,"href":"https:\/\/theplayoffs.news\/fr\/wp-json\/wp\/v2\/categories?post=1506257"},{"taxonomy":"post_tag","embeddable":true,"href":"https:\/\/theplayoffs.news\/fr\/wp-json\/wp\/v2\/tags?post=1506257"},{"taxonomy":"sport","embeddable":true,"href":"https:\/\/theplayoffs.news\/fr\/wp-json\/wp\/v2\/sport?post=1506257"},{"taxonomy":"saison","embeddable":true,"href":"https:\/\/theplayoffs.news\/fr\/wp-json\/wp\/v2\/saison?post=1506257"}],"curies":[{"name":"wp","href":"https:\/\/api.w.org\/{rel}","templated":true}]}}