{"id":1506023,"date":"2025-10-27T22:23:54","date_gmt":"2025-10-27T21:23:54","guid":{"rendered":"https:\/\/theplayoffs.news\/fr\/uncategorized\/\/"},"modified":"2025-10-27T22:24:00","modified_gmt":"2025-10-27T21:24:00","slug":"carson-wentz-place-sur-la-liste-des-blesses-et-est-forfait-pour-le-reste-de-la-saison","status":"publish","type":"post","link":"https:\/\/theplayoffs.news\/fr\/actualite-nfl\/carson-wentz-place-sur-la-liste-des-blesses-et-est-forfait-pour-le-reste-de-la-saison\/","title":{"rendered":"Carson Wentz plac\u00e9 sur la liste des bless\u00e9s et est forfait pour le reste de la saison"},"content":{"rendered":"<h2 class=\"wp-block-heading\">Le coup dur pour Carson Wentz<\/h2><p>Apr&egrave;s avoir d&eacute;but&eacute; les cinq derniers matchs des Vikings, Carson Wentz a &eacute;t&eacute; plac&eacute; sur la liste des bless&eacute;s, et devrait manquer le reste de la saison 2025 de NFL, a <a href=\"https:\/\/www.vikings.com\/news\/carson-wentz-injured-reserve-roster-moves-2025\" class=\"trk-cta-link\" data-cta-trk='{\"ctaType\":\"Link\",\"ctaSubType\":\"main\"}'>annonc&eacute; son &eacute;quipe<\/a>. Le v&eacute;t&eacute;ran avait pris le lead &agrave; Minnesota en week 3, apr&egrave;s que J.J. McCarthy, quarterback sophomore des Vikings, souffre d&rsquo;une blessure &agrave; la cheville.<\/p><p>D&rsquo;ailleurs, le retour de McCarthy est plus proche que jamais. Apr&egrave;s plus d&rsquo;un mois de comp&eacute;tition manqu&eacute;, le quarterback de 22 ans a &eacute;t&eacute; aper&ccedil;u &agrave; l&rsquo;entra&icirc;nement aujourd&rsquo;hui. Apr&egrave;s le forfait pendant un mois de Carson Wentz, les Vikings ont absolument <a href=\"https:\/\/theplayoffs.news\/fr\/actualite-nfl\/vikings-j-j-mccarthy-de-retour-en-semaine-9\/\" class=\"trk-cta-link\" data-cta-trk='{\"ctaType\":\"Link\",\"ctaSubType\":\"main\"}'>besoin de McCarthy ce week-end<\/a>, pour esp&eacute;rer vaincre les Lions dans un duel de la NFC North.<\/p><p>Carson Wentz se bat contre une blessure &agrave; l&rsquo;&eacute;paule gauche, bras oppos&eacute; de lancer, depuis le 5 octobre, lors du match face aux Browns &agrave; Londres. Lors de la fin de la rencontre face aux Chargers, durant le Thursday Night Football, le joueur de 32 ans &eacute;tait en souffrance, notamment apr&egrave;s avoir subi pas moins de cinq sacks. Il subira alors une op&eacute;ration qui mettra fin pr&eacute;matur&eacute;e &agrave; sa saison.<\/p><h2 class=\"wp-block-heading\">L&rsquo;heure du retour pour J.J. McCarthy<\/h2><p>Minnesota devra alors se reconcentrer sur McCarthy, le quarterback de deuxi&egrave;me ann&eacute;e. Avec son manque d&rsquo;exp&eacute;rience cruel, apr&egrave;s notamment une premi&egrave;re saison enti&egrave;rement manqu&eacute; &agrave; cause d&rsquo;une blessure &agrave; la cheville, ainsi que sa blessure durant la saison en cours, le 10e pick de la derni&egrave;re draft ne jouera que son troisi&egrave;me match dans la grande ligue.<\/p><p>Jusqu&rsquo;ici, au bout de deux matchs, J.J. McCarthy a compl&eacute;t&eacute; 24 de ses 41 passes tent&eacute;es, pour un gain total de 301 yards ainsi que 2 touchdowns et 3 interceptions. Ce dernier a &eacute;galement couru pour 50 yards et un touchdown.<\/p><p>Pour ce qui est de Wentz, celui-ci a r&eacute;colt&eacute; deux victoires et trois d&eacute;faites lors de ses cinq matchs jou&eacute;s cette saison. Il a notamment compl&eacute;t&eacute; 65.1% de ses passes, pour 1 216 yards, 6 touchdowns et 5 interceptions. Il a &eacute;galement effectu&eacute; 3 fumbles.<\/p><p>Pour le moment, Max Brosmer est le seul quarterback actif au sein du roster des Vikings, en omettant &eacute;videmment McCarthy.<\/p><p>Credit: Gary A. Vasquez-Imagn Images<\/p>\n","protected":false},"excerpt":{"rendered":"<p>Le quarterback v\u00e9t\u00e9ran des Vikings, Carson Wentz, doit d\u00e9clarer forfait pour le reste de la saison apr\u00e8s une blessure \u00e0 l&rsquo;\u00e9paule gauche<\/p>\n","protected":false},"author":180310178,"featured_media":1506024,"comment_status":"closed","ping_status":"closed","sticky":false,"template":"","format":"standard","meta":{"inline_featured_image":false,"kia_subtitle":"Le quarterback v\u00e9t\u00e9ran des Vikings, Carson Wentz, doit d\u00e9clarer forfait pour le reste de la saison apr\u00e8s une blessure \u00e0 l'\u00e9paule gauche","_mux_skip_reasons":[],"proofreadBy":0,"footnotes":""},"categories":[118,8410,40,8408],"tags":[772,744,79],"sport":[2785],"saison":[7475],"class_list":["post-1506023","post","type-post","status-publish","format-standard","has-post-thumbnail","hentry","category-actualite-nfl","category-football-americain","category-nfl","category-sports","tag-carson-wentz","tag-minnesota-vikings","tag-nfl","sport-nfl","saison-7475"],"acf":[],"yoast_head":"<!-- This site is optimized with the Yoast SEO plugin v24.2 - https:\/\/yoast.com\/wordpress\/plugins\/seo\/ -->\n<title>Carson Wentz plac&eacute; sur la liste des bless&eacute;s et est forfait pour le reste de la saison - The Playoffs FR<\/title>\n<meta name=\"description\" content=\"Le quarterback v&eacute;t&eacute;ran des Vikings, Carson Wentz, doit d&eacute;clarer forfait pour le reste de la saison apr&egrave;s une blessure &agrave; l&#039;&eacute;paule gauche\" \/>\n<meta name=\"robots\" content=\"index, follow, max-snippet:-1, max-image-preview:large, max-video-preview:-1\" \/>\n<link rel=\"canonical\" href=\"https:\/\/theplayoffs.news\/fr\/actualite-nfl\/carson-wentz-place-sur-la-liste-des-blesses-et-est-forfait-pour-le-reste-de-la-saison\/\" \/>\n<meta property=\"og:locale\" content=\"fr_FR\" \/>\n<meta property=\"og:type\" content=\"article\" \/>\n<meta property=\"og:title\" content=\"Carson Wentz plac&eacute; sur la liste des bless&eacute;s et est forfait pour le reste de la saison - The Playoffs FR\" \/>\n<meta property=\"og:description\" content=\"Le quarterback v&eacute;t&eacute;ran des Vikings, Carson Wentz, doit d&eacute;clarer forfait pour le reste de la saison apr&egrave;s une blessure &agrave; l&#039;&eacute;paule gauche\" \/>\n<meta property=\"og:url\" content=\"https:\/\/theplayoffs.news\/fr\/actualite-nfl\/carson-wentz-place-sur-la-liste-des-blesses-et-est-forfait-pour-le-reste-de-la-saison\/\" \/>\n<meta property=\"og:site_name\" content=\"The Playoffs FR\" \/>\n<meta property=\"article:publisher\" content=\"https:\/\/www.facebook.com\/TheFreeAgentFR\/\" \/>\n<meta property=\"article:modified_time\" content=\"2025-10-27T22:24:00+01:00\" \/>\n<meta property=\"og:image\" content=\"https:\/\/theplayoffs.news\/fr\/wp-content\/uploads\/2025\/10\/USATSI_27401723.jpg\" \/>\n\t<meta property=\"og:image:width\" content=\"1920\" \/>\n\t<meta property=\"og:image:height\" content=\"1280\" \/>\n\t<meta property=\"og:image:type\" content=\"image\/jpeg\" \/>\n<meta name=\"author\" content=\"Arthur Berlemont\" \/>\n<meta name=\"twitter:card\" content=\"summary_large_image\" \/>\n<meta name=\"twitter:creator\" content=\"@TheFreeAgentFR\" \/>\n<meta name=\"twitter:site\" content=\"@TheFreeAgentFR\" \/>\n<meta name=\"twitter:label1\" content=\"\u00c9crit par\" \/>\n\t<meta name=\"twitter:data1\" content=\"Arthur Berlemont\" \/>\n\t<meta name=\"twitter:label2\" content=\"Dur\u00e9e de lecture estim\u00e9e\" \/>\n\t<meta name=\"twitter:data2\" content=\"3 minutes\" \/>\n<script type=\"application\/ld+json\" class=\"yoast-schema-graph\">{\"@context\":\"https:\/\/schema.org\",\"@graph\":[{\"@type\":\"WebPage\",\"@id\":\"https:\/\/theplayoffs.news\/fr\/actualite-nfl\/carson-wentz-place-sur-la-liste-des-blesses-et-est-forfait-pour-le-reste-de-la-saison\/\",\"url\":\"https:\/\/theplayoffs.news\/fr\/actualite-nfl\/carson-wentz-place-sur-la-liste-des-blesses-et-est-forfait-pour-le-reste-de-la-saison\/\",\"name\":\"Carson Wentz plac\u00e9 sur la liste des bless\u00e9s et est forfait pour le reste de la saison - The Playoffs FR\",\"isPartOf\":{\"@id\":\"https:\/\/theplayoffs.news\/fr\/#website\"},\"primaryImageOfPage\":{\"@id\":\"https:\/\/theplayoffs.news\/fr\/actualite-nfl\/carson-wentz-place-sur-la-liste-des-blesses-et-est-forfait-pour-le-reste-de-la-saison\/#primaryimage\"},\"image\":{\"@id\":\"https:\/\/theplayoffs.news\/fr\/actualite-nfl\/carson-wentz-place-sur-la-liste-des-blesses-et-est-forfait-pour-le-reste-de-la-saison\/#primaryimage\"},\"thumbnailUrl\":\"https:\/\/theplayoffs.news\/fr\/wp-content\/uploads\/2025\/10\/USATSI_27401723.jpg\",\"datePublished\":\"2025-10-27T21:23:54+00:00\",\"dateModified\":\"2025-10-27T21:24:00+00:00\",\"author\":{\"@id\":\"https:\/\/theplayoffs.news\/fr\/#\/schema\/person\/b6b04a451dab03a5ab75cec8912e8942\"},\"description\":\"Le quarterback v\u00e9t\u00e9ran des Vikings, Carson Wentz, doit d\u00e9clarer forfait pour le reste de la saison apr\u00e8s une blessure \u00e0 l\\\\'\u00e9paule gauche\",\"breadcrumb\":{\"@id\":\"https:\/\/theplayoffs.news\/fr\/actualite-nfl\/carson-wentz-place-sur-la-liste-des-blesses-et-est-forfait-pour-le-reste-de-la-saison\/#breadcrumb\"},\"inLanguage\":\"fr-FR\",\"potentialAction\":[{\"@type\":\"ReadAction\",\"target\":[\"https:\/\/theplayoffs.news\/fr\/actualite-nfl\/carson-wentz-place-sur-la-liste-des-blesses-et-est-forfait-pour-le-reste-de-la-saison\/\"]}]},{\"@type\":\"ImageObject\",\"inLanguage\":\"fr-FR\",\"@id\":\"https:\/\/theplayoffs.news\/fr\/actualite-nfl\/carson-wentz-place-sur-la-liste-des-blesses-et-est-forfait-pour-le-reste-de-la-saison\/#primaryimage\",\"url\":\"https:\/\/theplayoffs.news\/fr\/wp-content\/uploads\/2025\/10\/USATSI_27401723.jpg\",\"contentUrl\":\"https:\/\/theplayoffs.news\/fr\/wp-content\/uploads\/2025\/10\/USATSI_27401723.jpg\",\"width\":1920,\"height\":1280,\"caption\":\"Oct 23, 2025; Inglewood, California, USA; Minnesota Vikings quarterback Carson Wentz (11) drops back to pass against the Los Angeles Chargers during the second half at SoFi Stadium. Mandatory Credit: Gary A. Vasquez-Imagn Images\"},{\"@type\":\"BreadcrumbList\",\"@id\":\"https:\/\/theplayoffs.news\/fr\/actualite-nfl\/carson-wentz-place-sur-la-liste-des-blesses-et-est-forfait-pour-le-reste-de-la-saison\/#breadcrumb\",\"itemListElement\":[{\"@type\":\"ListItem\",\"position\":1,\"name\":\"Accueil\",\"item\":\"https:\/\/theplayoffs.news\/fr\/\"},{\"@type\":\"ListItem\",\"position\":2,\"name\":\"Carson Wentz plac\u00e9 sur la liste des bless\u00e9s et est forfait pour le reste de la saison\"}]},{\"@type\":\"WebSite\",\"@id\":\"https:\/\/theplayoffs.news\/fr\/#website\",\"url\":\"https:\/\/theplayoffs.news\/fr\/\",\"name\":\"The Playoffs FR\",\"description\":\"NBA-NFL-NHL-MLB\",\"potentialAction\":[{\"@type\":\"SearchAction\",\"target\":{\"@type\":\"EntryPoint\",\"urlTemplate\":\"https:\/\/theplayoffs.news\/fr\/?s={search_term_string}\"},\"query-input\":{\"@type\":\"PropertyValueSpecification\",\"valueRequired\":true,\"valueName\":\"search_term_string\"}}],\"inLanguage\":\"fr-FR\"},{\"@type\":\"Person\",\"@id\":\"https:\/\/theplayoffs.news\/fr\/#\/schema\/person\/b6b04a451dab03a5ab75cec8912e8942\",\"name\":\"Arthur Berlemont\",\"image\":{\"@type\":\"ImageObject\",\"inLanguage\":\"fr-FR\",\"@id\":\"https:\/\/theplayoffs.news\/fr\/#\/schema\/person\/image\/\",\"url\":\"https:\/\/secure.gravatar.com\/avatar\/19ddab1d62ab0a19b186b86cee130432b120dd6f085625a6a6757dd1aa90a5f3?s=96&d=mm&r=g\",\"contentUrl\":\"https:\/\/secure.gravatar.com\/avatar\/19ddab1d62ab0a19b186b86cee130432b120dd6f085625a6a6757dd1aa90a5f3?s=96&d=mm&r=g\",\"caption\":\"Arthur Berlemont\"},\"description\":\"Etudiant passionn\u00e9 de sport, avant tout m\u00e9caniques, j\\\\'ai d\u00e9couvert les sports US il y a quelques ann\u00e9es. J\\\\'ai tout de suite accroch\u00e9 pour la ville de Cincinnati et ses franchises de NFL et MLB. Aujourd\\\\'hui, je suis l\u00e0 par passion dans la r\u00e9daction d\\\\'articles sur divers sports que j\\\\'affectionne.\",\"url\":\"https:\/\/theplayoffs.news\/fr\/author\/arthur-berlemontgmail-com\/\"}]}<\/script>\n<!-- \/ Yoast SEO plugin. -->","yoast_head_json":{"title":"Carson Wentz plac&eacute; sur la liste des bless&eacute;s et est forfait pour le reste de la saison - The Playoffs FR","description":"Le quarterback v&eacute;t&eacute;ran des Vikings, Carson Wentz, doit d&eacute;clarer forfait pour le reste de la saison apr&egrave;s une blessure &agrave; l&#039;&eacute;paule gauche","robots":{"index":"index","follow":"follow","max-snippet":"max-snippet:-1","max-image-preview":"max-image-preview:large","max-video-preview":"max-video-preview:-1"},"canonical":"https:\/\/theplayoffs.news\/fr\/actualite-nfl\/carson-wentz-place-sur-la-liste-des-blesses-et-est-forfait-pour-le-reste-de-la-saison\/","og_locale":"fr_FR","og_type":"article","og_title":"Carson Wentz plac&eacute; sur la liste des bless&eacute;s et est forfait pour le reste de la saison - The Playoffs FR","og_description":"Le quarterback v&eacute;t&eacute;ran des Vikings, Carson Wentz, doit d&eacute;clarer forfait pour le reste de la saison apr&egrave;s une blessure &agrave; l&#039;&eacute;paule gauche","og_url":"https:\/\/theplayoffs.news\/fr\/actualite-nfl\/carson-wentz-place-sur-la-liste-des-blesses-et-est-forfait-pour-le-reste-de-la-saison\/","og_site_name":"The Playoffs FR","article_publisher":"https:\/\/www.facebook.com\/TheFreeAgentFR\/","article_modified_time":"2025-10-27T21:24:00+00:00","og_image":[{"width":1920,"height":1280,"url":"https:\/\/theplayoffs.news\/fr\/wp-content\/uploads\/2025\/10\/USATSI_27401723.jpg","type":"image\/jpeg"}],"author":"Arthur Berlemont","twitter_card":"summary_large_image","twitter_creator":"@TheFreeAgentFR","twitter_site":"@TheFreeAgentFR","twitter_misc":{"\u00c9crit par":"Arthur Berlemont","Dur\u00e9e de lecture estim\u00e9e":"3 minutes"},"schema":{"@context":"https:\/\/schema.org","@graph":[{"@type":"WebPage","@id":"https:\/\/theplayoffs.news\/fr\/actualite-nfl\/carson-wentz-place-sur-la-liste-des-blesses-et-est-forfait-pour-le-reste-de-la-saison\/","url":"https:\/\/theplayoffs.news\/fr\/actualite-nfl\/carson-wentz-place-sur-la-liste-des-blesses-et-est-forfait-pour-le-reste-de-la-saison\/","name":"Carson Wentz plac\u00e9 sur la liste des bless\u00e9s et est forfait pour le reste de la saison - The Playoffs FR","isPartOf":{"@id":"https:\/\/theplayoffs.news\/fr\/#website"},"primaryImageOfPage":{"@id":"https:\/\/theplayoffs.news\/fr\/actualite-nfl\/carson-wentz-place-sur-la-liste-des-blesses-et-est-forfait-pour-le-reste-de-la-saison\/#primaryimage"},"image":{"@id":"https:\/\/theplayoffs.news\/fr\/actualite-nfl\/carson-wentz-place-sur-la-liste-des-blesses-et-est-forfait-pour-le-reste-de-la-saison\/#primaryimage"},"thumbnailUrl":"https:\/\/theplayoffs.news\/fr\/wp-content\/uploads\/2025\/10\/USATSI_27401723.jpg","datePublished":"2025-10-27T21:23:54+00:00","dateModified":"2025-10-27T21:24:00+00:00","author":{"@id":"https:\/\/theplayoffs.news\/fr\/#\/schema\/person\/b6b04a451dab03a5ab75cec8912e8942"},"description":"Le quarterback v\u00e9t\u00e9ran des Vikings, Carson Wentz, doit d\u00e9clarer forfait pour le reste de la saison apr\u00e8s une blessure \u00e0 l\\'\u00e9paule gauche","breadcrumb":{"@id":"https:\/\/theplayoffs.news\/fr\/actualite-nfl\/carson-wentz-place-sur-la-liste-des-blesses-et-est-forfait-pour-le-reste-de-la-saison\/#breadcrumb"},"inLanguage":"fr-FR","potentialAction":[{"@type":"ReadAction","target":["https:\/\/theplayoffs.news\/fr\/actualite-nfl\/carson-wentz-place-sur-la-liste-des-blesses-et-est-forfait-pour-le-reste-de-la-saison\/"]}]},{"@type":"ImageObject","inLanguage":"fr-FR","@id":"https:\/\/theplayoffs.news\/fr\/actualite-nfl\/carson-wentz-place-sur-la-liste-des-blesses-et-est-forfait-pour-le-reste-de-la-saison\/#primaryimage","url":"https:\/\/theplayoffs.news\/fr\/wp-content\/uploads\/2025\/10\/USATSI_27401723.jpg","contentUrl":"https:\/\/theplayoffs.news\/fr\/wp-content\/uploads\/2025\/10\/USATSI_27401723.jpg","width":1920,"height":1280,"caption":"Oct 23, 2025; Inglewood, California, USA; Minnesota Vikings quarterback Carson Wentz (11) drops back to pass against the Los Angeles Chargers during the second half at SoFi Stadium. Mandatory Credit: Gary A. Vasquez-Imagn Images"},{"@type":"BreadcrumbList","@id":"https:\/\/theplayoffs.news\/fr\/actualite-nfl\/carson-wentz-place-sur-la-liste-des-blesses-et-est-forfait-pour-le-reste-de-la-saison\/#breadcrumb","itemListElement":[{"@type":"ListItem","position":1,"name":"Accueil","item":"https:\/\/theplayoffs.news\/fr\/"},{"@type":"ListItem","position":2,"name":"Carson Wentz plac\u00e9 sur la liste des bless\u00e9s et est forfait pour le reste de la saison"}]},{"@type":"WebSite","@id":"https:\/\/theplayoffs.news\/fr\/#website","url":"https:\/\/theplayoffs.news\/fr\/","name":"The Playoffs FR","description":"NBA-NFL-NHL-MLB","potentialAction":[{"@type":"SearchAction","target":{"@type":"EntryPoint","urlTemplate":"https:\/\/theplayoffs.news\/fr\/?s={search_term_string}"},"query-input":{"@type":"PropertyValueSpecification","valueRequired":true,"valueName":"search_term_string"}}],"inLanguage":"fr-FR"},{"@type":"Person","@id":"https:\/\/theplayoffs.news\/fr\/#\/schema\/person\/b6b04a451dab03a5ab75cec8912e8942","name":"Arthur Berlemont","image":{"@type":"ImageObject","inLanguage":"fr-FR","@id":"https:\/\/theplayoffs.news\/fr\/#\/schema\/person\/image\/","url":"https:\/\/secure.gravatar.com\/avatar\/19ddab1d62ab0a19b186b86cee130432b120dd6f085625a6a6757dd1aa90a5f3?s=96&d=mm&r=g","contentUrl":"https:\/\/secure.gravatar.com\/avatar\/19ddab1d62ab0a19b186b86cee130432b120dd6f085625a6a6757dd1aa90a5f3?s=96&d=mm&r=g","caption":"Arthur Berlemont"},"description":"Etudiant passionn\u00e9 de sport, avant tout m\u00e9caniques, j\\'ai d\u00e9couvert les sports US il y a quelques ann\u00e9es. J\\'ai tout de suite accroch\u00e9 pour la ville de Cincinnati et ses franchises de NFL et MLB. Aujourd\\'hui, je suis l\u00e0 par passion dans la r\u00e9daction d\\'articles sur divers sports que j\\'affectionne.","url":"https:\/\/theplayoffs.news\/fr\/author\/arthur-berlemontgmail-com\/"}]}},"_links":{"self":[{"href":"https:\/\/theplayoffs.news\/fr\/wp-json\/wp\/v2\/posts\/1506023","targetHints":{"allow":["GET"]}}],"collection":[{"href":"https:\/\/theplayoffs.news\/fr\/wp-json\/wp\/v2\/posts"}],"about":[{"href":"https:\/\/theplayoffs.news\/fr\/wp-json\/wp\/v2\/types\/post"}],"author":[{"embeddable":true,"href":"https:\/\/theplayoffs.news\/fr\/wp-json\/wp\/v2\/users\/180310178"}],"replies":[{"embeddable":true,"href":"https:\/\/theplayoffs.news\/fr\/wp-json\/wp\/v2\/comments?post=1506023"}],"version-history":[{"count":1,"href":"https:\/\/theplayoffs.news\/fr\/wp-json\/wp\/v2\/posts\/1506023\/revisions"}],"predecessor-version":[{"id":1506025,"href":"https:\/\/theplayoffs.news\/fr\/wp-json\/wp\/v2\/posts\/1506023\/revisions\/1506025"}],"wp:featuredmedia":[{"embeddable":true,"href":"https:\/\/theplayoffs.news\/fr\/wp-json\/wp\/v2\/media\/1506024"}],"wp:attachment":[{"href":"https:\/\/theplayoffs.news\/fr\/wp-json\/wp\/v2\/media?parent=1506023"}],"wp:term":[{"taxonomy":"category","embeddable":true,"href":"https:\/\/theplayoffs.news\/fr\/wp-json\/wp\/v2\/categories?post=1506023"},{"taxonomy":"post_tag","embeddable":true,"href":"https:\/\/theplayoffs.news\/fr\/wp-json\/wp\/v2\/tags?post=1506023"},{"taxonomy":"sport","embeddable":true,"href":"https:\/\/theplayoffs.news\/fr\/wp-json\/wp\/v2\/sport?post=1506023"},{"taxonomy":"saison","embeddable":true,"href":"https:\/\/theplayoffs.news\/fr\/wp-json\/wp\/v2\/saison?post=1506023"}],"curies":[{"name":"wp","href":"https:\/\/api.w.org\/{rel}","templated":true}]}}